{"id":111119,"date":"2025-10-05T15:14:47","date_gmt":"2025-10-05T19:14:47","guid":{"rendered":"https:\/\/lasprimeras.com.do\/?p=111119"},"modified":"2025-10-05T15:14:49","modified_gmt":"2025-10-05T19:14:49","slug":"eted-concluye-trabajos-en-la-subestacion-km-15-de-azua","status":"publish","type":"post","link":"https:\/\/lasprimeras.com.do\/index.php\/2025\/10\/05\/eted-concluye-trabajos-en-la-subestacion-km-15-de-azua\/","title":{"rendered":"ETED concluye trabajos en la subestaci\u00f3n KM 15 de Azua"},"content":{"rendered":"\n<p>La Empresa de Transmisi\u00f3n El\u00e9ctrica Dominicana (ETED) finaliz\u00f3 trabajos de mantenimiento en la subestaci\u00f3n 138 kV \u2013 KM 15, de aqu\u00ed, con los cuales fue interconectado al sistema el\u00e9ctrico nacional el parque generaci\u00f3n Electro-Solar, de 40 MW, de la empresa Levitals Grupo.<\/p>\n\n\n\n<p>Este mantenimiento fue realizando tomando como base una planificaci\u00f3n estrat\u00e9gica coordinada por el Ing. Mart\u00edn Robles Morillo, administrador general de ETED y la Direcci\u00f3n de Operaciones del Sistema.<\/p>\n\n\n<div class=\"wp-block-image\">\n<figure class=\"alignleft size-full is-resized\"><img decoding=\"async\" width=\"768\" height=\"404\" src=\"https:\/\/lasprimeras.com.do\/wp-content\/uploads\/2025\/10\/Personal-de-la-ETED-768x404-1.jpg\" alt=\"\" class=\"wp-image-111121\" style=\"width:409px;height:auto\" srcset=\"https:\/\/lasprimeras.com.do\/wp-content\/uploads\/2025\/10\/Personal-de-la-ETED-768x404-1.jpg 768w, https:\/\/lasprimeras.com.do\/wp-content\/uploads\/2025\/10\/Personal-de-la-ETED-768x404-1-300x158.jpg 300w\" sizes=\"(max-width: 768px) 100vw, 768px\" \/><\/figure>\n<\/div>\n\n\n<p>El director de Mantenimiento de Infraestructuras de la empresa, Ing. Ram\u00f3n Bautista, destac\u00f3 que la jornada se desarroll\u00f3 de manera continua, efectiva y eficiente con el acompa\u00f1amiento del personal t\u00e9cnico de redes, subestaciones, control y protecci\u00f3n as\u00ed como del \u00e1rea de seguridad y salud, garantizando el cumplimiento de todos los protocolos y normas de seguridad.<\/p>\n\n\n\n<p>Explic\u00f3 que la subestaci\u00f3n KM 15 de Azua es de gran relevancia para el Sistema El\u00e9ctrico Nacional Interconectado (SENI), ya que pr\u00f3ximamente se integrar\u00e1 al mismo un nuevo generador de 230 MW, el cual fortalecer\u00e1 su estabilidad, confiabilidad y redundancia.<\/p>\n\n\n\n<p>\u00abCon estas acciones, la ETED reafirma su compromiso con la modernizaci\u00f3n y fortalecimiento de la infraestructura el\u00e9ctrica, contribuyendo al desarrollo sostenible y a la mejora continua de la calidad del servicio en la regi\u00f3n sur del pa\u00eds\u00bb, dice una nota de prensa.<\/p>\n","protected":false},"excerpt":{"rendered":"<p>La Empresa de Transmisi\u00f3n El\u00e9ctrica Dominicana (ETED) finaliz\u00f3 trabajos de mantenimiento en la subestaci\u00f3n 138 kV \u2013 KM 15, de aqu\u00ed, con los cuales fue interconectado al sistema el\u00e9ctrico nacional&hellip;<\/p>\n","protected":false},"author":10,"featured_media":111120,"comment_status":"open","ping_status":"open","sticky":false,"template":"","format":"standard","meta":{"content-type":"","jetpack_post_was_ever_published":false,"_jetpack_newsletter_access":"","_jetpack_dont_email_post_to_subs":false,"_jetpack_newsletter_tier_id":0,"_jetpack_memberships_contains_paywalled_content":false,"_jetpack_memberships_contains_paid_content":false,"footnotes":""},"categories":[39],"tags":[5134,25607,452],"class_list":["post-111119","post","type-post","status-publish","format-standard","has-post-thumbnail","hentry","category-economia","tag-eted","tag-subestacion-km-15-de-azua","tag-trabajos"],"jetpack_featured_media_url":"https:\/\/lasprimeras.com.do\/wp-content\/uploads\/2025\/10\/Eted-trabajos-en-Azua.jpg","jetpack-related-posts":[{"id":64806,"url":"https:\/\/lasprimeras.com.do\/index.php\/2023\/10\/23\/eted-trabajara-en-linea-km-15-de-azua-sabana-yegua-y-subestacion-canabacoa-diesel-la-vega-este-martes\/","url_meta":{"origin":111119,"position":0},"title":"ETED trabajar\u00e1 en l\u00ednea Km. 15 de Azua &#8211; Sabana Yegua y subestaci\u00f3n Canabacoa &#8211; Diesel La Vega, este martes","author":"Nelson Feliz","date":"23 de octubre de 2023","format":false,"excerpt":"Por Martin Restituyo La Empresa de Transmisi\u00f3n El\u00e9ctrica Dominicana (ETED) informa que, este martes 24 de octubre dar\u00e1 mantenimiento en la l\u00ednea 69 kV Km. 15 de Azua - Sabana Yegua y en la subestaci\u00f3n 69 kV Canabacoa - Diesel La Vega, como parte de los trabajos programados esta semana\u2026","rel":"","context":"En \u00abNACIONALES\u00bb","block_context":{"text":"NACIONALES","link":"https:\/\/lasprimeras.com.do\/index.php\/category\/nacionales\/"},"img":{"alt_text":"ETED","src":"https:\/\/i0.wp.com\/lasprimeras.com.do\/wp-content\/uploads\/2023\/10\/ETED-4.jpg?resize=350%2C200&ssl=1","width":350,"height":200,"srcset":"https:\/\/i0.wp.com\/lasprimeras.com.do\/wp-content\/uploads\/2023\/10\/ETED-4.jpg?resize=350%2C200&ssl=1 1x, https:\/\/i0.wp.com\/lasprimeras.com.do\/wp-content\/uploads\/2023\/10\/ETED-4.jpg?resize=525%2C300&ssl=1 1.5x, https:\/\/i0.wp.com\/lasprimeras.com.do\/wp-content\/uploads\/2023\/10\/ETED-4.jpg?resize=700%2C400&ssl=1 2x"},"classes":[]},{"id":104113,"url":"https:\/\/lasprimeras.com.do\/index.php\/2025\/07\/21\/eted-dara-mantenimiento-este-martes-en-linea-de-transmision-y-subestacion-electrica\/","url_meta":{"origin":111119,"position":1},"title":"ETED dar\u00e1 mantenimiento este martes en l\u00ednea de transmisi\u00f3n y subestaci\u00f3n el\u00e9ctrica","author":"Nelson Feliz","date":"21 de julio de 2025","format":false,"excerpt":"La Empresa de Transmisi\u00f3n El\u00e9ctrica Dominicana (ETED) inform\u00f3 que este martes realizar\u00e1 trabajos programados de mantenimiento en la l\u00ednea de transmisi\u00f3n 69 kV Pimentel \u2013 San Francisco de Macor\u00eds y en la subestaci\u00f3n 69 kV Boca Chica \u2013 SPM, como parte de su compromiso con el fortalecimiento del servicio de\u2026","rel":"","context":"En \u00abNACIONALES\u00bb","block_context":{"text":"NACIONALES","link":"https:\/\/lasprimeras.com.do\/index.php\/category\/nacionales\/"},"img":{"alt_text":"ETED","src":"https:\/\/i0.wp.com\/lasprimeras.com.do\/wp-content\/uploads\/2023\/10\/ETED-4.jpg?resize=350%2C200&ssl=1","width":350,"height":200,"srcset":"https:\/\/i0.wp.com\/lasprimeras.com.do\/wp-content\/uploads\/2023\/10\/ETED-4.jpg?resize=350%2C200&ssl=1 1x, https:\/\/i0.wp.com\/lasprimeras.com.do\/wp-content\/uploads\/2023\/10\/ETED-4.jpg?resize=525%2C300&ssl=1 1.5x, https:\/\/i0.wp.com\/lasprimeras.com.do\/wp-content\/uploads\/2023\/10\/ETED-4.jpg?resize=700%2C400&ssl=1 2x"},"classes":[]},{"id":105539,"url":"https:\/\/lasprimeras.com.do\/index.php\/2025\/08\/04\/eted-realizara-mantenimiento-en-subestacion-hato-mayor-y-sabana-de-la-mar-este-martes\/","url_meta":{"origin":111119,"position":2},"title":"ETED realizar\u00e1 mantenimiento en subestaci\u00f3n Hato Mayor y Sabana de la Mar este martes","author":"Nelson Feliz","date":"4 de agosto de 2025","format":false,"excerpt":"Intervendr\u00e1 la subestaci\u00f3n 69 kV Hato Mayor II - Sabana de la Mar y la l\u00ednea 69 kV Corporaci\u00f3n Zona Franca Santiago \u2013 Sajoma La Empresa de Transmisi\u00f3n El\u00e9ctrica Dominicana (ETED) inform\u00f3 que este martes realizar\u00e1 trabajos de mantenimiento en la subestaci\u00f3n 69 kV Hato Mayor ll \u2013 Sabana de\u2026","rel":"","context":"En \u00abNACIONALES\u00bb","block_context":{"text":"NACIONALES","link":"https:\/\/lasprimeras.com.do\/index.php\/category\/nacionales\/"},"img":{"alt_text":"ETED","src":"https:\/\/i0.wp.com\/lasprimeras.com.do\/wp-content\/uploads\/2023\/10\/ETED-1.jpg?resize=350%2C200&ssl=1","width":350,"height":200,"srcset":"https:\/\/i0.wp.com\/lasprimeras.com.do\/wp-content\/uploads\/2023\/10\/ETED-1.jpg?resize=350%2C200&ssl=1 1x, https:\/\/i0.wp.com\/lasprimeras.com.do\/wp-content\/uploads\/2023\/10\/ETED-1.jpg?resize=525%2C300&ssl=1 1.5x"},"classes":[]},{"id":60980,"url":"https:\/\/lasprimeras.com.do\/index.php\/2023\/09\/20\/eted-trabajara-este-jueves-en-subestacion-69-kv-hainamosa-tamarindo\/","url_meta":{"origin":111119,"position":3},"title":"ETED trabajar\u00e1 este jueves en subestaci\u00f3n 69 kV Hainamosa- Tamarindo","author":"Nelson Feliz","date":"20 de septiembre de 2023","format":false,"excerpt":"Por Martin Restituyo La Empresa de Transmisi\u00f3n El\u00e9ctrica Dominicana (ETED) informa que, este jueves 21, de septiembre, dar\u00e1 mantenimiento a los controles y protecciones de la subestaci\u00f3n 69 kV Hainamosa- Tamarindo, como parte de los trabajos programados para optimizar la calidad de las infraestructuras el\u00e9ctricas en el pa\u00eds. Las brigadas\u2026","rel":"","context":"En \u00abNACIONALES\u00bb","block_context":{"text":"NACIONALES","link":"https:\/\/lasprimeras.com.do\/index.php\/category\/nacionales\/"},"img":{"alt_text":"ETED","src":"https:\/\/i0.wp.com\/lasprimeras.com.do\/wp-content\/uploads\/2023\/09\/ETED-1.jpg?resize=350%2C200&ssl=1","width":350,"height":200,"srcset":"https:\/\/i0.wp.com\/lasprimeras.com.do\/wp-content\/uploads\/2023\/09\/ETED-1.jpg?resize=350%2C200&ssl=1 1x, https:\/\/i0.wp.com\/lasprimeras.com.do\/wp-content\/uploads\/2023\/09\/ETED-1.jpg?resize=525%2C300&ssl=1 1.5x, https:\/\/i0.wp.com\/lasprimeras.com.do\/wp-content\/uploads\/2023\/09\/ETED-1.jpg?resize=700%2C400&ssl=1 2x"},"classes":[]},{"id":60563,"url":"https:\/\/lasprimeras.com.do\/index.php\/2023\/09\/15\/eted-trabajara-en-subestacion-69-kv-boca-chica-megapuerto-este-sabado\/","url_meta":{"origin":111119,"position":4},"title":"ETED trabajar\u00e1 en subestaci\u00f3n 69 kV Boca Chica- Megapuerto este s\u00e1bado","author":"Nelson Feliz","date":"15 de septiembre de 2023","format":false,"excerpt":"Por Martin Restituyo La Empresa de Transmisi\u00f3n El\u00e9ctrica Dominicana (ETED) informa que, este s\u00e1bado 16 de septiembre, estar\u00e1 dando mantenimiento preventivo al campo de l\u00ednea de la subestaci\u00f3n 69 kV Boca Chica- Megapuerto, como parte de los mantenimientos programados para esta semana.\u00a0 Los trabajos se efectuar\u00e1n de 9:00 a.m. a\u2026","rel":"","context":"En \u00abNACIONALES\u00bb","block_context":{"text":"NACIONALES","link":"https:\/\/lasprimeras.com.do\/index.php\/category\/nacionales\/"},"img":{"alt_text":"LT Boca Chica- Megapuerto","src":"https:\/\/i0.wp.com\/lasprimeras.com.do\/wp-content\/uploads\/2023\/09\/LT-Boca-Chica-Megapuerto.jpg?resize=350%2C200&ssl=1","width":350,"height":200,"srcset":"https:\/\/i0.wp.com\/lasprimeras.com.do\/wp-content\/uploads\/2023\/09\/LT-Boca-Chica-Megapuerto.jpg?resize=350%2C200&ssl=1 1x, https:\/\/i0.wp.com\/lasprimeras.com.do\/wp-content\/uploads\/2023\/09\/LT-Boca-Chica-Megapuerto.jpg?resize=525%2C300&ssl=1 1.5x, https:\/\/i0.wp.com\/lasprimeras.com.do\/wp-content\/uploads\/2023\/09\/LT-Boca-Chica-Megapuerto.jpg?resize=700%2C400&ssl=1 2x"},"classes":[]},{"id":64058,"url":"https:\/\/lasprimeras.com.do\/index.php\/2023\/10\/17\/eted-dara-mantenimiento-a-subestacion-138-kv-samana\/","url_meta":{"origin":111119,"position":5},"title":"ETED dar\u00e1 mantenimiento a subestaci\u00f3n 138 kV Saman\u00e1","author":"Nelson Feliz","date":"17 de octubre de 2023","format":false,"excerpt":"Por Martin Restituyo La Empresa de Transmisi\u00f3n El\u00e9ctrica Dominicana (ETED) informa que, este mi\u00e9rcoles, 18 de octubre, dar\u00e1 mantenimiento preventivo a la barra de la subestaci\u00f3n 138 kV Saman\u00e1, en horario de 12:00 p.m. a 4:00 p.m., como parte de los mantenimientos programados para fortalecer las infraestructuras el\u00e9ctricas en el\u2026","rel":"","context":"En \u00abNACIONALES\u00bb","block_context":{"text":"NACIONALES","link":"https:\/\/lasprimeras.com.do\/index.php\/category\/nacionales\/"},"img":{"alt_text":"ETED","src":"https:\/\/i0.wp.com\/lasprimeras.com.do\/wp-content\/uploads\/2023\/10\/ETED-2.jpg?resize=350%2C200&ssl=1","width":350,"height":200,"srcset":"https:\/\/i0.wp.com\/lasprimeras.com.do\/wp-content\/uploads\/2023\/10\/ETED-2.jpg?resize=350%2C200&ssl=1 1x, https:\/\/i0.wp.com\/lasprimeras.com.do\/wp-content\/uploads\/2023\/10\/ETED-2.jpg?resize=525%2C300&ssl=1 1.5x, https:\/\/i0.wp.com\/lasprimeras.com.do\/wp-content\/uploads\/2023\/10\/ETED-2.jpg?resize=700%2C400&ssl=1 2x"},"classes":[]}],"jetpack_sharing_enabled":true,"_links":{"self":[{"href":"https:\/\/lasprimeras.com.do\/index.php\/wp-json\/wp\/v2\/posts\/111119","targetHints":{"allow":["GET"]}}],"collection":[{"href":"https:\/\/lasprimeras.com.do\/index.php\/wp-json\/wp\/v2\/posts"}],"about":[{"href":"https:\/\/lasprimeras.com.do\/index.php\/wp-json\/wp\/v2\/types\/post"}],"author":[{"embeddable":true,"href":"https:\/\/lasprimeras.com.do\/index.php\/wp-json\/wp\/v2\/users\/10"}],"replies":[{"embeddable":true,"href":"https:\/\/lasprimeras.com.do\/index.php\/wp-json\/wp\/v2\/comments?post=111119"}],"version-history":[{"count":1,"href":"https:\/\/lasprimeras.com.do\/index.php\/wp-json\/wp\/v2\/posts\/111119\/revisions"}],"predecessor-version":[{"id":111122,"href":"https:\/\/lasprimeras.com.do\/index.php\/wp-json\/wp\/v2\/posts\/111119\/revisions\/111122"}],"wp:featuredmedia":[{"embeddable":true,"href":"https:\/\/lasprimeras.com.do\/index.php\/wp-json\/wp\/v2\/media\/111120"}],"wp:attachment":[{"href":"https:\/\/lasprimeras.com.do\/index.php\/wp-json\/wp\/v2\/media?parent=111119"}],"wp:term":[{"taxonomy":"category","embeddable":true,"href":"https:\/\/lasprimeras.com.do\/index.php\/wp-json\/wp\/v2\/categories?post=111119"},{"taxonomy":"post_tag","embeddable":true,"href":"https:\/\/lasprimeras.com.do\/index.php\/wp-json\/wp\/v2\/tags?post=111119"}],"curies":[{"name":"wp","href":"https:\/\/api.w.org\/{rel}","templated":true}]}}