{"id":111192,"date":"2025-10-06T09:26:29","date_gmt":"2025-10-06T13:26:29","guid":{"rendered":"https:\/\/lasprimeras.com.do\/?p=111192"},"modified":"2025-10-06T09:26:31","modified_gmt":"2025-10-06T13:26:31","slug":"raquel-pena-apoya-emprendedores-locales-y-marcas-nacionales-en-la-feria-expo-cibao-2025","status":"publish","type":"post","link":"https:\/\/lasprimeras.com.do\/index.php\/2025\/10\/06\/raquel-pena-apoya-emprendedores-locales-y-marcas-nacionales-en-la-feria-expo-cibao-2025\/","title":{"rendered":"Raquel Pe\u00f1a apoya emprendedores locales y marcas nacionales en la feria Expo Cibao 2025"},"content":{"rendered":"\n<p><strong>La vicepresidenta reafirm\u00f3 el respaldo del Gobierno al dinamismo econ\u00f3mico del Cibao y destac\u00f3 la fuerza productiva de la regi\u00f3n como orgullo nacional.<\/strong><\/p>\n\n\n\n<p>La vicepresidenta de la Rep\u00fablica, Raquel Pe\u00f1a, recorri\u00f3 la Expo Cibao 2025 en apoyo a los peque\u00f1os, medianos y grandes empresarios que exhiben sus productos, innovaciones y ofertas en el Parque Central de Santiago.<\/p>\n\n\n\n<p>Pe\u00f1a, quien cada a\u00f1o reafirma su compromiso con el ecosistema comercial de la regi\u00f3n Norte, afirm\u00f3 que el evento es una apuesta al desarrollo econ\u00f3mico y productivo del pa\u00eds, al acercar las marcas y sus productos a la poblaci\u00f3n y generar nuevas oportunidades de inversi\u00f3n y empleo.<\/p>\n\n\n\n<p>\u201cEste es un espacio para mostrar lo que somos en toda esta regi\u00f3n, no solo en Santiago. Mostrar todo lo que podemos brindar: nuestras marcas, el comercio y nuestra industria\u201d, expres\u00f3 Pe\u00f1a.<\/p>\n\n\n\n<p>Destac\u00f3 que el Gobierno, encabezado por el presidente Luis Abinader, continuar\u00e1 respaldando al Cibao para que siga creciendo y siendo orgullo para el pa\u00eds y el mundo.<\/p>\n\n\n\n<p>La vicepresidenta record\u00f3 que no se ha perdido ninguna edici\u00f3n de la feria y que, aunque no pudo participar en la apertura por compromisos institucionales previos, \u201cno hay mejor forma de disfrutar la Expo Cibao que rodeada del entusiasmo de los feriantes y la alegr\u00eda de los visitantes\u201d.<\/p>\n\n\n\n<p>Durante su recorrido por las distintas casetas, Pe\u00f1a valor\u00f3 la organizaci\u00f3n y log\u00edstica del evento realizado por la C\u00e1mara de Comercio y Producci\u00f3n de Santiago, destacando la calidad de los productos y la innovaci\u00f3n de las empresas participantes.<\/p>\n\n\n\n<p>Para el recorrido, la vicemandataria estuvo acompa\u00f1ada por la gobernadora provincial, Rosa Santos; el senador de Santiago, Daniel Rivera; Luis Campos Jorge, presidente de la C\u00e1mara de Comercio y Producci\u00f3n de Santiago, entre otras autoridades locales y empresariales.<\/p>\n\n\n\n<p>Previo a su visita al recinto ferial, Pe\u00f1a sostuvo un encuentro con el comit\u00e9 organizador y personalidades del sector empresarial, donde se abordaron temas estrat\u00e9gicos para el desarrollo de la provincia.<\/p>\n\n\n\n<p>Entre ellos, la mejora de la oferta acad\u00e9mica p\u00fablica para fortalecer la formaci\u00f3n t\u00e9cnica y acelerar la capacitaci\u00f3n de j\u00f3venes para el mercado laboral.<\/p>\n\n\n\n<p>Durante el di\u00e1logo tambi\u00e9n se trataron proyectos de alto impacto, como la construcci\u00f3n de la Carretera del \u00c1mbar, la actualizaci\u00f3n del Plan Estrat\u00e9gico de Santiago y la implementaci\u00f3n del Sistema Integrado de Transporte, considerado a este \u00faltimo como un pilar clave para mejorar la movilidad y reducir la congesti\u00f3n vial en la ciudad.<\/p>\n\n\n\n<p>La reuni\u00f3n cont\u00f3 con la participaci\u00f3n de Francisco Gonz\u00e1lez, Luis Campos, Fernando Puig, Nieves Sosa, Joel Tav\u00e1rez, Massiel Hahn, Jos\u00e9 Luis Ventura, Rafael Emilio Yun\u00e9n, Jorge Jana, Ram\u00f3n Marcelino, Franklin Ram\u00edrez, Alejandro Fondeur, Jos\u00e9 Armando Berm\u00fadez y las autoridades provinciales.<\/p>\n\n\n\n<p>Expo Cibao 2025<\/p>\n\n\n\n<p>La versi\u00f3n 38 de Expo Cibao se celebr\u00f3 en el Parque Central de Santiago del 1 al 5 de octubre, con la participaci\u00f3n de m\u00e1s de 160 empresas distribuidas en m\u00e1s de 300 m\u00f3dulos. Esta edici\u00f3n reafirma a Santiago como capital econ\u00f3mica del pa\u00eds y plataforma clave para la innovaci\u00f3n, el emprendimiento y el crecimiento sostenible de la regi\u00f3n.<\/p>\n","protected":false},"excerpt":{"rendered":"<p>La vicepresidenta reafirm\u00f3 el respaldo del Gobierno al dinamismo econ\u00f3mico del Cibao y destac\u00f3 la fuerza productiva de la regi\u00f3n como orgullo nacional. La vicepresidenta de la Rep\u00fablica, Raquel Pe\u00f1a,&hellip;<\/p>\n","protected":false},"author":10,"featured_media":111193,"comment_status":"open","ping_status":"open","sticky":false,"template":"","format":"standard","meta":{"content-type":"","jetpack_post_was_ever_published":false,"_jetpack_newsletter_access":"","_jetpack_dont_email_post_to_subs":false,"_jetpack_newsletter_tier_id":0,"_jetpack_memberships_contains_paywalled_content":false,"_jetpack_memberships_contains_paid_content":false,"footnotes":""},"categories":[39],"tags":[25642,25644,1146,25643,2873],"class_list":["post-111192","post","type-post","status-publish","format-standard","has-post-thumbnail","hentry","category-economia","tag-emprendedores-locales","tag-expo-cibao-2025","tag-feria","tag-marcas-nacionales","tag-raquel-pena"],"jetpack_featured_media_url":"https:\/\/lasprimeras.com.do\/wp-content\/uploads\/2025\/10\/Raquel-Pena-2.jpg","jetpack-related-posts":[{"id":120890,"url":"https:\/\/lasprimeras.com.do\/index.php\/2026\/01\/29\/vicepresidenta-raquel-pena-y-embajadora-leah-campos-coinciden-en-la-vision-de-santiago-como-motor-del-desarrollo-nacional\/","url_meta":{"origin":111192,"position":0},"title":"Vicepresidenta Raquel Pe\u00f1a y embajadora Leah Campos coinciden en la visi\u00f3n de Santiago como motor del desarrollo nacional","author":"Nelson Feliz","date":"29 de enero de 2026","format":false,"excerpt":"_La diplom\u00e1tica estadounidense destac\u00f3 el potencial productivo del Cibao durante una conferencia a la que asisti\u00f3 la vicepresidenta como invitada especial._ La vicepresidenta de la Rep\u00fablica, Raquel Pe\u00f1a, asisti\u00f3 como invitada especial a la conferencia \u201cSantiago como coraz\u00f3n productivo\u201d, ofrecida por la embajadora de los Estados Unidos en la Rep\u00fablica\u2026","rel":"","context":"En \u00abSin categor\u00eda\u00bb","block_context":{"text":"Sin categor\u00eda","link":"https:\/\/lasprimeras.com.do\/index.php\/category\/sin-categoria\/"},"img":{"alt_text":"","src":"https:\/\/i0.wp.com\/lasprimeras.com.do\/wp-content\/uploads\/2026\/01\/IMG-20260128-WA1010-scaled.jpg?resize=350%2C200&ssl=1","width":350,"height":200,"srcset":"https:\/\/i0.wp.com\/lasprimeras.com.do\/wp-content\/uploads\/2026\/01\/IMG-20260128-WA1010-scaled.jpg?resize=350%2C200&ssl=1 1x, https:\/\/i0.wp.com\/lasprimeras.com.do\/wp-content\/uploads\/2026\/01\/IMG-20260128-WA1010-scaled.jpg?resize=525%2C300&ssl=1 1.5x, https:\/\/i0.wp.com\/lasprimeras.com.do\/wp-content\/uploads\/2026\/01\/IMG-20260128-WA1010-scaled.jpg?resize=700%2C400&ssl=1 2x, https:\/\/i0.wp.com\/lasprimeras.com.do\/wp-content\/uploads\/2026\/01\/IMG-20260128-WA1010-scaled.jpg?resize=1050%2C600&ssl=1 3x, https:\/\/i0.wp.com\/lasprimeras.com.do\/wp-content\/uploads\/2026\/01\/IMG-20260128-WA1010-scaled.jpg?resize=1400%2C800&ssl=1 4x"},"classes":[]},{"id":105317,"url":"https:\/\/lasprimeras.com.do\/index.php\/2025\/08\/01\/onda-impulsa-creatividad-con-registros-gratis-de-obras-en-expo-vega-2025\/","url_meta":{"origin":111192,"position":1},"title":"ONDA impulsa creatividad con registros gratis de obras en Expo Vega 2025","author":"Nelson Feliz","date":"1 de agosto de 2025","format":false,"excerpt":"Autores del Cibao y el norte acuden a registrar sus creaciones en el recinto ferial del Country Club de La Vega Desde el jueves, autores del Cibao y la regi\u00f3n Norte acuden al Country Club de La Vega, donde se celebra la edici\u00f3n n\u00famero 29 de Expo Vega 2025, organizada\u2026","rel":"","context":"En \u00abECONOM\u00cdA\u00bb","block_context":{"text":"ECONOM\u00cdA","link":"https:\/\/lasprimeras.com.do\/index.php\/category\/economia\/"},"img":{"alt_text":"","src":"https:\/\/i0.wp.com\/lasprimeras.com.do\/wp-content\/uploads\/2025\/08\/ONDA-1.jpg?resize=350%2C200&ssl=1","width":350,"height":200,"srcset":"https:\/\/i0.wp.com\/lasprimeras.com.do\/wp-content\/uploads\/2025\/08\/ONDA-1.jpg?resize=350%2C200&ssl=1 1x, https:\/\/i0.wp.com\/lasprimeras.com.do\/wp-content\/uploads\/2025\/08\/ONDA-1.jpg?resize=525%2C300&ssl=1 1.5x, https:\/\/i0.wp.com\/lasprimeras.com.do\/wp-content\/uploads\/2025\/08\/ONDA-1.jpg?resize=700%2C400&ssl=1 2x"},"classes":[]},{"id":101727,"url":"https:\/\/lasprimeras.com.do\/index.php\/2025\/06\/25\/camara-de-comercio-la-vega-realizara-vigesimo-novena-version-expo-vega-2025\/","url_meta":{"origin":111192,"position":2},"title":"C\u00e1mara de Comercio La Vega realizar\u00e1 vig\u00e9simo novena versi\u00f3n Expo Vega 2025","author":"Nelson Feliz","date":"25 de junio de 2025","format":false,"excerpt":"Expo Vega 2025 estar\u00e1 dedicada al ministerio de Agricultura y su titular Limber Cruz. La C\u00e1mara de Comercio y Producci\u00f3n de La Vega anunci\u00f3 la vig\u00e9simo novena feria Expo Vega 2025, con una dedicatoria especial al ministerio de Agricultura y su titular, el economista y productor agr\u00edcola, Limber Cruz. Expo\u2026","rel":"","context":"En \u00abECONOM\u00cdA\u00bb","block_context":{"text":"ECONOM\u00cdA","link":"https:\/\/lasprimeras.com.do\/index.php\/category\/economia\/"},"img":{"alt_text":"","src":"https:\/\/i0.wp.com\/lasprimeras.com.do\/wp-content\/uploads\/2025\/06\/expo-vega.jpg?resize=350%2C200&ssl=1","width":350,"height":200,"srcset":"https:\/\/i0.wp.com\/lasprimeras.com.do\/wp-content\/uploads\/2025\/06\/expo-vega.jpg?resize=350%2C200&ssl=1 1x, https:\/\/i0.wp.com\/lasprimeras.com.do\/wp-content\/uploads\/2025\/06\/expo-vega.jpg?resize=525%2C300&ssl=1 1.5x, https:\/\/i0.wp.com\/lasprimeras.com.do\/wp-content\/uploads\/2025\/06\/expo-vega.jpg?resize=700%2C400&ssl=1 2x"},"classes":[]},{"id":116663,"url":"https:\/\/lasprimeras.com.do\/index.php\/2025\/12\/03\/vicepresidenta-raquel-pena-y-leonardo-aguilera-inauguran-villa-navidad-en-santiago\/","url_meta":{"origin":111192,"position":3},"title":"Vicepresidenta Raquel Pe\u00f1a y Leonardo Aguilera inauguran Villa Navidad en Santiago","author":"Nelson Feliz","date":"3 de diciembre de 2025","format":false,"excerpt":"Banreservas respalda iniciativa del presidente Luis Abinader para contribuir a integraci\u00f3n familiar. La celebraci\u00f3n del esp\u00edritu navide\u00f1o lleg\u00f3 a esta ciudad con la inauguraci\u00f3n de la tradicional Villa Navidad 2025, en un acto encabezado por la vicepresidenta Raquel Pe\u00f1a, junto al presidente ejecutivo de Banreservas, doctor Leonardo Aguilera; y el\u2026","rel":"","context":"En \u00abECONOM\u00cdA\u00bb","block_context":{"text":"ECONOM\u00cdA","link":"https:\/\/lasprimeras.com.do\/index.php\/category\/economia\/"},"img":{"alt_text":"","src":"https:\/\/i0.wp.com\/lasprimeras.com.do\/wp-content\/uploads\/2025\/12\/princ.jpg?resize=350%2C200&ssl=1","width":350,"height":200,"srcset":"https:\/\/i0.wp.com\/lasprimeras.com.do\/wp-content\/uploads\/2025\/12\/princ.jpg?resize=350%2C200&ssl=1 1x, https:\/\/i0.wp.com\/lasprimeras.com.do\/wp-content\/uploads\/2025\/12\/princ.jpg?resize=525%2C300&ssl=1 1.5x, https:\/\/i0.wp.com\/lasprimeras.com.do\/wp-content\/uploads\/2025\/12\/princ.jpg?resize=700%2C400&ssl=1 2x"},"classes":[]},{"id":51694,"url":"https:\/\/lasprimeras.com.do\/index.php\/2023\/06\/02\/vicepresidenta-de-la-republica-encabeza-inicio-cuarta-version-de-la-feria-expo-provisiones-2023\/","url_meta":{"origin":111192,"position":4},"title":"Vicepresidenta de la Rep\u00fablica encabeza inicio cuarta versi\u00f3n de la feria Expo Provisiones 2023","author":"prenxa100","date":"2 de junio de 2023","format":false,"excerpt":"Santo Domingo-. El Consejo Nacional del Comercio en Provisiones (CNCP), junto a la vicepresidenta de la Rep\u00fablica, Raquel Pe\u00f1a, dejaron iniciada la cuarta edici\u00f3n de la Feria Expo Provisiones 2023, que este a\u00f1o lleva el lema \u201cAportando valor junto a las Industrias y MIPYMES\u201d, y que est\u00e1 dedicada al Grupo\u2026","rel":"","context":"En \u00abECONOM\u00cdA\u00bb","block_context":{"text":"ECONOM\u00cdA","link":"https:\/\/lasprimeras.com.do\/index.php\/category\/economia\/"},"img":{"alt_text":"","src":"","width":0,"height":0},"classes":[]},{"id":52524,"url":"https:\/\/lasprimeras.com.do\/index.php\/2023\/06\/11\/vicepresidenta-raquel-pena-visita-feria-expo-mango-2023\/","url_meta":{"origin":111192,"position":5},"title":"Vicepresidenta Raquel Pe\u00f1a visita Feria Expo Mango 2023","author":"prenxa100","date":"11 de junio de 2023","format":false,"excerpt":"El evento concluye este domingo 11 de junio, es realizado por\u00a0 el Ministerio de Agricultura, donde se exponen distintas variedades de mango de la zona. Por Wilson P\u00e9rez La vicepresidenta de la Rep\u00fablica Raquel Pe\u00f1a visit\u00f3 la decimos\u00e9ptima edici\u00f3n de la Feria Expo Mango Ban\u00ed 2023 dedicada este a\u00f1o al\u2026","rel":"","context":"En \u00abECONOM\u00cdA\u00bb","block_context":{"text":"ECONOM\u00cdA","link":"https:\/\/lasprimeras.com.do\/index.php\/category\/economia\/"},"img":{"alt_text":"","src":"","width":0,"height":0},"classes":[]}],"jetpack_sharing_enabled":true,"_links":{"self":[{"href":"https:\/\/lasprimeras.com.do\/index.php\/wp-json\/wp\/v2\/posts\/111192","targetHints":{"allow":["GET"]}}],"collection":[{"href":"https:\/\/lasprimeras.com.do\/index.php\/wp-json\/wp\/v2\/posts"}],"about":[{"href":"https:\/\/lasprimeras.com.do\/index.php\/wp-json\/wp\/v2\/types\/post"}],"author":[{"embeddable":true,"href":"https:\/\/lasprimeras.com.do\/index.php\/wp-json\/wp\/v2\/users\/10"}],"replies":[{"embeddable":true,"href":"https:\/\/lasprimeras.com.do\/index.php\/wp-json\/wp\/v2\/comments?post=111192"}],"version-history":[{"count":1,"href":"https:\/\/lasprimeras.com.do\/index.php\/wp-json\/wp\/v2\/posts\/111192\/revisions"}],"predecessor-version":[{"id":111194,"href":"https:\/\/lasprimeras.com.do\/index.php\/wp-json\/wp\/v2\/posts\/111192\/revisions\/111194"}],"wp:featuredmedia":[{"embeddable":true,"href":"https:\/\/lasprimeras.com.do\/index.php\/wp-json\/wp\/v2\/media\/111193"}],"wp:attachment":[{"href":"https:\/\/lasprimeras.com.do\/index.php\/wp-json\/wp\/v2\/media?parent=111192"}],"wp:term":[{"taxonomy":"category","embeddable":true,"href":"https:\/\/lasprimeras.com.do\/index.php\/wp-json\/wp\/v2\/categories?post=111192"},{"taxonomy":"post_tag","embeddable":true,"href":"https:\/\/lasprimeras.com.do\/index.php\/wp-json\/wp\/v2\/tags?post=111192"}],"curies":[{"name":"wp","href":"https:\/\/api.w.org\/{rel}","templated":true}]}}