{"id":111199,"date":"2025-10-06T09:55:57","date_gmt":"2025-10-06T13:55:57","guid":{"rendered":"https:\/\/lasprimeras.com.do\/?p=111199"},"modified":"2025-10-06T09:55:59","modified_gmt":"2025-10-06T13:55:59","slug":"rd-entrega-a-la-oit-instrumento-de-ratificacion-del-convenio-156-sobre-los-trabajadores-con-responsabilidades-familiares","status":"publish","type":"post","link":"https:\/\/lasprimeras.com.do\/index.php\/2025\/10\/06\/rd-entrega-a-la-oit-instrumento-de-ratificacion-del-convenio-156-sobre-los-trabajadores-con-responsabilidades-familiares\/","title":{"rendered":"RD entrega a la OIT instrumento de ratificaci\u00f3n del Convenio 156 sobre los trabajadores con responsabilidades familiares"},"content":{"rendered":"\n<p><strong>Establece que los trabajadores y trabajadoras con responsabilidades familiares deben poder ejercer su derecho al empleo sin ser objeto de discriminaci\u00f3n.<\/strong><\/p>\n\n\n\n<p>En el marco de la 20.\u00aa Reuni\u00f3n Regional Americana de la Organizaci\u00f3n Internacional del Trabajo (OIT) celebrada en Punta Cana, el ministro de Trabajo de la Rep\u00fablica Dominicana, Eddy Olivares, entreg\u00f3 en nombre del Gobierno dominicano, al director general del organismo, Gilbert Houngbo, el instrumento de ratificaci\u00f3n del Convenio 156 de la OIT, sobre los trabajadores con responsabilidades familiares.<\/p>\n\n\n\n<p>De esta manera, la Rep\u00fablica Dominicana reafirma su compromiso con la igualdad de oportunidades y de trato entre mujeres y hombres, as\u00ed como con la conciliaci\u00f3n de la vida laboral y familiar, principios fundamentales para la promoci\u00f3n del trabajo decente y la inclusi\u00f3n social.<\/p>\n\n\n\n<p>Durante la entrega, el ministro Olivares destac\u00f3 que la ratificaci\u00f3n del Convenio 156 \u201crepresenta un avance significativo en la construcci\u00f3n de una sociedad m\u00e1s equitativa y justa, donde las responsabilidades familiares no sean un obst\u00e1culo para el acceso, permanencia o desarrollo en el empleo\u201d.<\/p>\n\n\n\n<p>En ese sentido, Olivares subray\u00f3 que esta acci\u00f3n se enmarca en los esfuerzos del gobierno del presidente Luis Abinader por fortalecer las pol\u00edticas de igualdad de g\u00e9nero y corresponsabilidad familiar en el trabajo.<\/p>\n\n\n\n<p>El Convenio 156, adoptado por la OIT en 1981, establece que los trabajadores y trabajadoras con responsabilidades familiares deben poder ejercer su derecho al empleo sin ser objeto de discriminaci\u00f3n y que deben adoptarse pol\u00edticas nacionales que les permitan equilibrar sus obligaciones familiares con sus responsabilidades laborales.<\/p>\n","protected":false},"excerpt":{"rendered":"<p>Establece que los trabajadores y trabajadoras con responsabilidades familiares deben poder ejercer su derecho al empleo sin ser objeto de discriminaci\u00f3n. En el marco de la 20.\u00aa Reuni\u00f3n Regional Americana&hellip;<\/p>\n","protected":false},"author":10,"featured_media":111200,"comment_status":"open","ping_status":"open","sticky":false,"template":"","format":"standard","meta":{"content-type":"","jetpack_post_was_ever_published":false,"_jetpack_newsletter_access":"","_jetpack_dont_email_post_to_subs":false,"_jetpack_newsletter_tier_id":0,"_jetpack_memberships_contains_paywalled_content":false,"_jetpack_memberships_contains_paid_content":false,"footnotes":""},"categories":[39],"tags":[25647,25646,8220,15016,1226,156],"class_list":["post-111199","post","type-post","status-publish","format-standard","has-post-thumbnail","hentry","category-economia","tag-convenio-156","tag-instrumento","tag-oit","tag-ratificacion","tag-republica-dominicana","tag-trabajadores"],"jetpack_featured_media_url":"https:\/\/lasprimeras.com.do\/wp-content\/uploads\/2025\/10\/Eddy-Olivares.jpg","jetpack-related-posts":[{"id":111484,"url":"https:\/\/lasprimeras.com.do\/index.php\/2025\/10\/09\/valoran-ratificacion-del-convenio-de-la-oit-sobe-trabajadores-remunerados-en-rd\/","url_meta":{"origin":111199,"position":0},"title":"Valoran ratificaci\u00f3n del convenio de la OIT sobe trabajadores remunerados en RD","author":"Nelson Feliz","date":"9 de octubre de 2025","format":false,"excerpt":"El Comit\u00e9 Intersindical de la Mujer Trabajadora, valor\u00f3 como una medida de mucho impacto positivo en las condiciones de laborales de las trabajadoras y la integraci\u00f3n de la familia, la ratificaci\u00f3n del convenio 156 de la OIT sobre trabajadores remunerados con responsabilidades familiares, realizado por el Ministerio de Trabajo recientemente.\u2026","rel":"","context":"En \u00abNACIONALES\u00bb","block_context":{"text":"NACIONALES","link":"https:\/\/lasprimeras.com.do\/index.php\/category\/nacionales\/"},"img":{"alt_text":"","src":"https:\/\/i0.wp.com\/lasprimeras.com.do\/wp-content\/uploads\/2025\/10\/yina.jpg?resize=350%2C200&ssl=1","width":350,"height":200,"srcset":"https:\/\/i0.wp.com\/lasprimeras.com.do\/wp-content\/uploads\/2025\/10\/yina.jpg?resize=350%2C200&ssl=1 1x, https:\/\/i0.wp.com\/lasprimeras.com.do\/wp-content\/uploads\/2025\/10\/yina.jpg?resize=525%2C300&ssl=1 1.5x, https:\/\/i0.wp.com\/lasprimeras.com.do\/wp-content\/uploads\/2025\/10\/yina.jpg?resize=700%2C400&ssl=1 2x"},"classes":[]},{"id":100686,"url":"https:\/\/lasprimeras.com.do\/index.php\/2025\/06\/10\/eulogia-familia-recomienda-al-gobierno-someter-el-convenio-190-de-la-oit-ante-el-cn\/","url_meta":{"origin":111199,"position":1},"title":"Eulogia Familia recomienda al gobierno someter el convenio 190 de la OIT ante el CN","author":"Nelson Feliz","date":"10 de junio de 2025","format":false,"excerpt":"Ginebra-Ante la embestida de acoso y violencia que varios funcionarios del gobierno han padecido en los \u00faltimos tiempos en el ejercicio de su trabajo, es oportuno que el gobierno dominicano someta el convenio 190 de la OIT, para estudio y validaci\u00f3n constitucional, a fin de que el Congreso Nacional cuente\u2026","rel":"","context":"En \u00abECONOM\u00cdA\u00bb","block_context":{"text":"ECONOM\u00cdA","link":"https:\/\/lasprimeras.com.do\/index.php\/category\/economia\/"},"img":{"alt_text":"Eulogia Familia","src":"https:\/\/i0.wp.com\/lasprimeras.com.do\/wp-content\/uploads\/2025\/06\/Eulogia-Familia.jpg?resize=350%2C200&ssl=1","width":350,"height":200,"srcset":"https:\/\/i0.wp.com\/lasprimeras.com.do\/wp-content\/uploads\/2025\/06\/Eulogia-Familia.jpg?resize=350%2C200&ssl=1 1x, https:\/\/i0.wp.com\/lasprimeras.com.do\/wp-content\/uploads\/2025\/06\/Eulogia-Familia.jpg?resize=525%2C300&ssl=1 1.5x, https:\/\/i0.wp.com\/lasprimeras.com.do\/wp-content\/uploads\/2025\/06\/Eulogia-Familia.jpg?resize=700%2C400&ssl=1 2x"},"classes":[]},{"id":100731,"url":"https:\/\/lasprimeras.com.do\/index.php\/2025\/06\/11\/centrales-sindicales-rd-reconocen-al-presidente-abinader-en-la-oit\/","url_meta":{"origin":111199,"position":2},"title":"Centrales Sindicales RD reconocen al presidente Abinader en la OIT","author":"Nelson Feliz","date":"11 de junio de 2025","format":false,"excerpt":"\u00b7-CNTD, CASC y CNUS destacan respaldo del mandatario al di\u00e1logo social, salarios dignos y seguridad social en Rep\u00fablica Dominicana Ginebra, Suiza. \u2013 En el marco de su participaci\u00f3n en el Foro Anual de la Coalici\u00f3n Mundial para la Justicia Social y la 113\u00aa Conferencia Internacional del Trabajo, organizada por la\u2026","rel":"","context":"En \u00abINTERNACIONALES\u00bb","block_context":{"text":"INTERNACIONALES","link":"https:\/\/lasprimeras.com.do\/index.php\/category\/sin-categoria\/internacionales\/"},"img":{"alt_text":"","src":"https:\/\/i0.wp.com\/lasprimeras.com.do\/wp-content\/uploads\/2025\/06\/Luis-Abinader-4.jpg?resize=350%2C200&ssl=1","width":350,"height":200,"srcset":"https:\/\/i0.wp.com\/lasprimeras.com.do\/wp-content\/uploads\/2025\/06\/Luis-Abinader-4.jpg?resize=350%2C200&ssl=1 1x, https:\/\/i0.wp.com\/lasprimeras.com.do\/wp-content\/uploads\/2025\/06\/Luis-Abinader-4.jpg?resize=525%2C300&ssl=1 1.5x, https:\/\/i0.wp.com\/lasprimeras.com.do\/wp-content\/uploads\/2025\/06\/Luis-Abinader-4.jpg?resize=700%2C400&ssl=1 2x"},"classes":[]},{"id":94977,"url":"https:\/\/lasprimeras.com.do\/index.php\/2025\/03\/07\/eddy-olivares-recibe-visita-del-director-subregional-de-oit\/","url_meta":{"origin":111199,"position":3},"title":"Eddy Olivares recibe visita del director subregional de OIT","author":"Nelson Feliz","date":"7 de marzo de 2025","format":false,"excerpt":"El ministro de Trabajo, Eddy Olivares, ratific\u00f3 la realizaci\u00f3n en el pa\u00eds el pr\u00f3ximo mes de octubre de la 20a. Reuni\u00f3n Regional Americana de la Organizaci\u00f3n Internacional del Trabajo (OIT). \u201cDesde el Gobierno dominicano estamos trabajando para que este encuentro regional pueda llevarse a cabo y que sea un espacio\u2026","rel":"","context":"En \u00abNACIONALES\u00bb","block_context":{"text":"NACIONALES","link":"https:\/\/lasprimeras.com.do\/index.php\/category\/nacionales\/"},"img":{"alt_text":"Eddy Olivares","src":"https:\/\/i0.wp.com\/lasprimeras.com.do\/wp-content\/uploads\/2025\/03\/Eddy-Olivares-1.jpg?resize=350%2C200&ssl=1","width":350,"height":200,"srcset":"https:\/\/i0.wp.com\/lasprimeras.com.do\/wp-content\/uploads\/2025\/03\/Eddy-Olivares-1.jpg?resize=350%2C200&ssl=1 1x, https:\/\/i0.wp.com\/lasprimeras.com.do\/wp-content\/uploads\/2025\/03\/Eddy-Olivares-1.jpg?resize=525%2C300&ssl=1 1.5x, https:\/\/i0.wp.com\/lasprimeras.com.do\/wp-content\/uploads\/2025\/03\/Eddy-Olivares-1.jpg?resize=700%2C400&ssl=1 2x"},"classes":[]},{"id":95270,"url":"https:\/\/lasprimeras.com.do\/index.php\/2025\/03\/11\/ante-la-oit-ministro-de-trabajo-se-compromete-a-impulsar-la-transformacion-del-trabajo-en-la-region\/","url_meta":{"origin":111199,"position":4},"title":"Ante la OIT ministro de Trabajo se compromete a impulsar la transformaci\u00f3n del trabajo en la regi\u00f3n","author":"Nelson Feliz","date":"11 de marzo de 2025","format":false,"excerpt":"Ginebra, Suiza. El ministro de Trabajo de la Rep\u00fablica Dominicana, Eddy Olivares, en su condici\u00f3n de miembro titular del Consejo de Administraci\u00f3n de la Organizaci\u00f3n Internacional del Trabajo (OIT) y representante de Centroam\u00e9rica, se comprometi\u00f3 a ser un actor proactivo en la transformaci\u00f3n del trabajo en la regi\u00f3n. En su\u2026","rel":"","context":"En \u00abECONOM\u00cdA\u00bb","block_context":{"text":"ECONOM\u00cdA","link":"https:\/\/lasprimeras.com.do\/index.php\/category\/economia\/"},"img":{"alt_text":"","src":"https:\/\/i0.wp.com\/lasprimeras.com.do\/wp-content\/uploads\/2025\/03\/oLIVARES.jpg?resize=350%2C200&ssl=1","width":350,"height":200,"srcset":"https:\/\/i0.wp.com\/lasprimeras.com.do\/wp-content\/uploads\/2025\/03\/oLIVARES.jpg?resize=350%2C200&ssl=1 1x, https:\/\/i0.wp.com\/lasprimeras.com.do\/wp-content\/uploads\/2025\/03\/oLIVARES.jpg?resize=525%2C300&ssl=1 1.5x, https:\/\/i0.wp.com\/lasprimeras.com.do\/wp-content\/uploads\/2025\/03\/oLIVARES.jpg?resize=700%2C400&ssl=1 2x"},"classes":[]},{"id":95446,"url":"https:\/\/lasprimeras.com.do\/index.php\/2025\/03\/13\/ministro-de-trabajo-y-director-de-la-oit-preparan-encuentro-laboral-de-la-region-en-rd\/","url_meta":{"origin":111199,"position":5},"title":"Ministro de Trabajo y director de la OIT preparan encuentro laboral de la regi\u00f3n en RD","author":"Nelson Feliz","date":"13 de marzo de 2025","format":false,"excerpt":"Ginebra, Suiza.- El ministro de Trabajo de la Rep\u00fablica Dominicana, Eddy Olivares Ortega, se reuni\u00f3 con el director general de la Organizaci\u00f3n Internacional del Trabajo (OIT), Gilbert F. Houngbo, para discutir los preparativos de la 20\u00aa Reuni\u00f3n Regional Americana, que se llevar\u00e1 a cabo en Rep\u00fablica Dominicana, en octubre de\u2026","rel":"","context":"En \u00abECONOM\u00cdA\u00bb","block_context":{"text":"ECONOM\u00cdA","link":"https:\/\/lasprimeras.com.do\/index.php\/category\/economia\/"},"img":{"alt_text":"Eddy Olivares y Gilbert F. Houngbo","src":"https:\/\/i0.wp.com\/lasprimeras.com.do\/wp-content\/uploads\/2025\/03\/Eddy-Olivares-y-Gilbert-F.-Houngbo-1.jpg?resize=350%2C200&ssl=1","width":350,"height":200,"srcset":"https:\/\/i0.wp.com\/lasprimeras.com.do\/wp-content\/uploads\/2025\/03\/Eddy-Olivares-y-Gilbert-F.-Houngbo-1.jpg?resize=350%2C200&ssl=1 1x, https:\/\/i0.wp.com\/lasprimeras.com.do\/wp-content\/uploads\/2025\/03\/Eddy-Olivares-y-Gilbert-F.-Houngbo-1.jpg?resize=525%2C300&ssl=1 1.5x"},"classes":[]}],"jetpack_sharing_enabled":true,"_links":{"self":[{"href":"https:\/\/lasprimeras.com.do\/index.php\/wp-json\/wp\/v2\/posts\/111199","targetHints":{"allow":["GET"]}}],"collection":[{"href":"https:\/\/lasprimeras.com.do\/index.php\/wp-json\/wp\/v2\/posts"}],"about":[{"href":"https:\/\/lasprimeras.com.do\/index.php\/wp-json\/wp\/v2\/types\/post"}],"author":[{"embeddable":true,"href":"https:\/\/lasprimeras.com.do\/index.php\/wp-json\/wp\/v2\/users\/10"}],"replies":[{"embeddable":true,"href":"https:\/\/lasprimeras.com.do\/index.php\/wp-json\/wp\/v2\/comments?post=111199"}],"version-history":[{"count":1,"href":"https:\/\/lasprimeras.com.do\/index.php\/wp-json\/wp\/v2\/posts\/111199\/revisions"}],"predecessor-version":[{"id":111201,"href":"https:\/\/lasprimeras.com.do\/index.php\/wp-json\/wp\/v2\/posts\/111199\/revisions\/111201"}],"wp:featuredmedia":[{"embeddable":true,"href":"https:\/\/lasprimeras.com.do\/index.php\/wp-json\/wp\/v2\/media\/111200"}],"wp:attachment":[{"href":"https:\/\/lasprimeras.com.do\/index.php\/wp-json\/wp\/v2\/media?parent=111199"}],"wp:term":[{"taxonomy":"category","embeddable":true,"href":"https:\/\/lasprimeras.com.do\/index.php\/wp-json\/wp\/v2\/categories?post=111199"},{"taxonomy":"post_tag","embeddable":true,"href":"https:\/\/lasprimeras.com.do\/index.php\/wp-json\/wp\/v2\/tags?post=111199"}],"curies":[{"name":"wp","href":"https:\/\/api.w.org\/{rel}","templated":true}]}}