{"id":111237,"date":"2025-10-06T22:41:33","date_gmt":"2025-10-07T02:41:33","guid":{"rendered":"https:\/\/lasprimeras.com.do\/?p=111237"},"modified":"2025-10-06T22:41:35","modified_gmt":"2025-10-07T02:41:35","slug":"bis-reafirma-su-respaldo-a-la-candidatura-presidencial-de-leonel-fernandez","status":"publish","type":"post","link":"https:\/\/lasprimeras.com.do\/index.php\/2025\/10\/06\/bis-reafirma-su-respaldo-a-la-candidatura-presidencial-de-leonel-fernandez\/","title":{"rendered":"BIS reafirma su respaldo a la candidatura presidencial de Leonel Fern\u00e1ndez"},"content":{"rendered":"\n<p>El presidente del Bloque Institucional Socialdem\u00f3crata (BIS), Jos\u00e9 Francisco Pe\u00f1a Guaba, pidi\u00f3 hoy al Comit\u00e9 Ejecutivo de su partido aprobar trabajar para que el doctor Leonel Fern\u00e1ndez sea su candidato presidencial para las elecciones del 2028.<\/p>\n\n\n\n<p>La propuesta fue realizada durante el acto de juramentaci\u00f3n de los nuevos miembros del Comit\u00e9 Ejecutivo Nacional (CEN) del BIS, celebrado en el local principal de la organizaci\u00f3n, ubicado en la avenida Bol\u00edvar.<\/p>\n\n\n\n<p>\u201cNuestra voluntad pol\u00edtica de trabajo est\u00e1 alrededor de la candidatura presidencial de Leonel Fern\u00e1ndez\u201d, expres\u00f3 Pe\u00f1a Guaba, aunque reconoci\u00f3 que hay que esperar los tiempos que demanda la Ley Electoral.<\/p>\n\n\n\n<p>Asimismo, destac\u00f3 la importancia de actuar conforme a la Ley Electoral y la Ley de Partidos Pol\u00edticos, subrayando que todas las acciones del BIS se desarrolla<\/p>\n","protected":false},"excerpt":{"rendered":"<p>El presidente del Bloque Institucional Socialdem\u00f3crata (BIS), Jos\u00e9 Francisco Pe\u00f1a Guaba, pidi\u00f3 hoy al Comit\u00e9 Ejecutivo de su partido aprobar trabajar para que el doctor Leonel Fern\u00e1ndez sea su candidato&hellip;<\/p>\n","protected":false},"author":10,"featured_media":58148,"comment_status":"open","ping_status":"open","sticky":false,"template":"","format":"standard","meta":{"content-type":"","jetpack_post_was_ever_published":false,"_jetpack_newsletter_access":"","_jetpack_dont_email_post_to_subs":false,"_jetpack_newsletter_tier_id":0,"_jetpack_memberships_contains_paywalled_content":false,"_jetpack_memberships_contains_paid_content":false,"footnotes":""},"categories":[16559,25],"tags":[7565,870,51,2588,4536],"class_list":["post-111237","post","type-post","status-publish","format-standard","has-post-thumbnail","hentry","category-politica","category-portada","tag-bis","tag-candidatura","tag-leonel-fernandez","tag-presidencial","tag-respaldo"],"jetpack_featured_media_url":"https:\/\/lasprimeras.com.do\/wp-content\/uploads\/2023\/08\/Jose-Francisco-Pena-Guaba.jpg","jetpack-related-posts":[{"id":64651,"url":"https:\/\/lasprimeras.com.do\/index.php\/2023\/10\/22\/bis-aprueba-de-manera-oficial-llevar-a-leonel-fernandez-como-candidato-presidencial\/","url_meta":{"origin":111237,"position":0},"title":"BIS aprueba de manera oficial llevar a Leonel Fern\u00e1ndez como candidato presidencial","author":"Nelson Feliz","date":"22 de octubre de 2023","format":false,"excerpt":"Por tercera ocasi\u00f3n Leonel ser\u00e1 candidato del BIS. El Bloque Institucional Socialdem\u00f3crata (BIS) aprob\u00f3 este domingo de manera oficial llevar a Leonel Fern\u00e1ndez como candidato presidencial, en alianza para las elecciones de mayo del a\u00f1o 2024. La decisi\u00f3n se tom\u00f3 en la XVI Convenci\u00f3n Nacional Extraordinaria del BIS, celebrada en\u2026","rel":"","context":"En \u00abPORTADA\u00bb","block_context":{"text":"PORTADA","link":"https:\/\/lasprimeras.com.do\/index.php\/category\/portada\/"},"img":{"alt_text":"Jose Fco. Pe\u00f1a Guaba y Leonel Fernandez","src":"https:\/\/i0.wp.com\/lasprimeras.com.do\/wp-content\/uploads\/2023\/10\/Jose-Fco.-Pena-Guaba-y-Leonel-Fernandez.jpg?resize=350%2C200&ssl=1","width":350,"height":200,"srcset":"https:\/\/i0.wp.com\/lasprimeras.com.do\/wp-content\/uploads\/2023\/10\/Jose-Fco.-Pena-Guaba-y-Leonel-Fernandez.jpg?resize=350%2C200&ssl=1 1x, https:\/\/i0.wp.com\/lasprimeras.com.do\/wp-content\/uploads\/2023\/10\/Jose-Fco.-Pena-Guaba-y-Leonel-Fernandez.jpg?resize=525%2C300&ssl=1 1.5x, https:\/\/i0.wp.com\/lasprimeras.com.do\/wp-content\/uploads\/2023\/10\/Jose-Fco.-Pena-Guaba-y-Leonel-Fernandez.jpg?resize=700%2C400&ssl=1 2x"},"classes":[]},{"id":64526,"url":"https:\/\/lasprimeras.com.do\/index.php\/2023\/10\/20\/leonel-participara-este-domingo-en-la-convencion-nacional-del-bis\/","url_meta":{"origin":111237,"position":1},"title":"Leonel participar\u00e1 este domingo en la Convenci\u00f3n Nacional del BIS","author":"Nelson Feliz","date":"20 de octubre de 2023","format":false,"excerpt":"El presidente del partido Fuerza del Pueblo, y l\u00edder de la oposici\u00f3n pol\u00edtica dominicana, Leonel Fern\u00e1ndez, participar\u00e1 este domingo en la Convenci\u00f3n Nacional del Bloque Institucional Socialdem\u00f3crata (BIS). La celebraci\u00f3n de la XIII Convenci\u00f3n Nacional Ordinaria y XVI Convenci\u00f3n Nacional Extraordinaria del Bloque Institucional Socialdem\u00f3crata se realizar\u00e1 en la ma\u00f1ana\u2026","rel":"","context":"En \u00abPORTADA\u00bb","block_context":{"text":"PORTADA","link":"https:\/\/lasprimeras.com.do\/index.php\/category\/portada\/"},"img":{"alt_text":"Leonel Fern\u00e1ndez","src":"https:\/\/i0.wp.com\/lasprimeras.com.do\/wp-content\/uploads\/2023\/10\/Leonel-Fernandez-3.jpg?resize=350%2C200&ssl=1","width":350,"height":200,"srcset":"https:\/\/i0.wp.com\/lasprimeras.com.do\/wp-content\/uploads\/2023\/10\/Leonel-Fernandez-3.jpg?resize=350%2C200&ssl=1 1x, https:\/\/i0.wp.com\/lasprimeras.com.do\/wp-content\/uploads\/2023\/10\/Leonel-Fernandez-3.jpg?resize=525%2C300&ssl=1 1.5x, https:\/\/i0.wp.com\/lasprimeras.com.do\/wp-content\/uploads\/2023\/10\/Leonel-Fernandez-3.jpg?resize=700%2C400&ssl=1 2x"},"classes":[]},{"id":83994,"url":"https:\/\/lasprimeras.com.do\/index.php\/2024\/05\/28\/leonel-se-reune-con-partidos-y-movimientos-aliados-agradece-apoyo-electoral\/","url_meta":{"origin":111237,"position":2},"title":"Leonel se re\u00fane con partidos y movimientos aliados, agradece apoyo electoral","author":"Nelson Feliz","date":"28 de mayo de 2024","format":false,"excerpt":"LF dice partidos de oposici\u00f3n de alianza GANAREMOS lograron avance importante. El presidente del partido Fuerza del Pueblo, Leonel Fern\u00e1ndez, asegur\u00f3 que los partidos y movimientos de oposici\u00f3n lograron un avance importante. \u201cNo nos sentimos derrotados y, es que aunque no logramos la meta que es el triunfo electoral presidencial,\u2026","rel":"","context":"En \u00abPORTADA\u00bb","block_context":{"text":"PORTADA","link":"https:\/\/lasprimeras.com.do\/index.php\/category\/portada\/"},"img":{"alt_text":"Leonel Fern\u00e1ndez","src":"https:\/\/i0.wp.com\/lasprimeras.com.do\/wp-content\/uploads\/2024\/05\/Leonel-Fernandez-13.jpg?resize=350%2C200&ssl=1","width":350,"height":200,"srcset":"https:\/\/i0.wp.com\/lasprimeras.com.do\/wp-content\/uploads\/2024\/05\/Leonel-Fernandez-13.jpg?resize=350%2C200&ssl=1 1x, https:\/\/i0.wp.com\/lasprimeras.com.do\/wp-content\/uploads\/2024\/05\/Leonel-Fernandez-13.jpg?resize=525%2C300&ssl=1 1.5x, https:\/\/i0.wp.com\/lasprimeras.com.do\/wp-content\/uploads\/2024\/05\/Leonel-Fernandez-13.jpg?resize=700%2C400&ssl=1 2x"},"classes":[]},{"id":64577,"url":"https:\/\/lasprimeras.com.do\/index.php\/2023\/10\/21\/luis-leonel-y-abel-seran-proclamados-el-fin-de-semana\/","url_meta":{"origin":111237,"position":3},"title":"Luis, Leonel y Abel ser\u00e1n proclamados el fin de semana","author":"BIMARY DE JES\u00daS Matos","date":"21 de octubre de 2023","format":false,"excerpt":"Santo Domingo.-Los partidos emergentes proclamar\u00e1n las candidaturas de sus aliados y realizar\u00e1n asambleas de delegados para aprobar las candidaturas de cara al 2024. Los candidatos presidenciales Luis Abinader, Leonel Fern\u00e1ndez y Abel Mart\u00ednez ser\u00e1n proclamados candidatos presidenciales por distintos partidos este fin de semana. En el caso de Mart\u00ednez, el\u2026","rel":"","context":"En \u00abSin categor\u00eda\u00bb","block_context":{"text":"Sin categor\u00eda","link":"https:\/\/lasprimeras.com.do\/index.php\/category\/sin-categoria\/"},"img":{"alt_text":"","src":"https:\/\/i0.wp.com\/lasprimeras.com.do\/wp-content\/uploads\/2023\/10\/WhatsApp-Image-2023-10-20-at-7.27.30-PM-5.jpeg?resize=350%2C200&ssl=1","width":350,"height":200,"srcset":"https:\/\/i0.wp.com\/lasprimeras.com.do\/wp-content\/uploads\/2023\/10\/WhatsApp-Image-2023-10-20-at-7.27.30-PM-5.jpeg?resize=350%2C200&ssl=1 1x, https:\/\/i0.wp.com\/lasprimeras.com.do\/wp-content\/uploads\/2023\/10\/WhatsApp-Image-2023-10-20-at-7.27.30-PM-5.jpeg?resize=525%2C300&ssl=1 1.5x"},"classes":[]},{"id":107450,"url":"https:\/\/lasprimeras.com.do\/index.php\/2025\/08\/27\/jose-frank-pena-guaba-el-gobierno-atraviesa-su-peor-crisis\/","url_meta":{"origin":111237,"position":4},"title":"Jos\u00e9 Frank Pe\u00f1a Guaba: \u201cEl Gobierno atraviesa su peor crisis\u201d","author":"Nelson Feliz","date":"27 de agosto de 2025","format":false,"excerpt":"El presidente del Bloque Institucional Socialdem\u00f3crata (BIS), Jos\u00e9 Francisco Pe\u00f1a Guaba, asegur\u00f3 que el Gobierno de Luis Abinader, atraviesa su peor etapa, al considerar que existe un \u201cdivorcio real y definitivo entre el gobierno y el pueblo\u201d. \u201cEl Gobierno est\u00e1 entrando en su peor crisis\u201d, afirm\u00f3 el dirigente pol\u00edtico, tras\u2026","rel":"","context":"En \u00abPOLITICA\u00bb","block_context":{"text":"POLITICA","link":"https:\/\/lasprimeras.com.do\/index.php\/category\/politica\/"},"img":{"alt_text":"","src":"https:\/\/i0.wp.com\/lasprimeras.com.do\/wp-content\/uploads\/2025\/08\/WhatsApp-Image-2025-08-25-at-1.48.26-PM.jpeg?resize=350%2C200&ssl=1","width":350,"height":200,"srcset":"https:\/\/i0.wp.com\/lasprimeras.com.do\/wp-content\/uploads\/2025\/08\/WhatsApp-Image-2025-08-25-at-1.48.26-PM.jpeg?resize=350%2C200&ssl=1 1x, https:\/\/i0.wp.com\/lasprimeras.com.do\/wp-content\/uploads\/2025\/08\/WhatsApp-Image-2025-08-25-at-1.48.26-PM.jpeg?resize=525%2C300&ssl=1 1.5x, https:\/\/i0.wp.com\/lasprimeras.com.do\/wp-content\/uploads\/2025\/08\/WhatsApp-Image-2025-08-25-at-1.48.26-PM.jpeg?resize=700%2C400&ssl=1 2x, https:\/\/i0.wp.com\/lasprimeras.com.do\/wp-content\/uploads\/2025\/08\/WhatsApp-Image-2025-08-25-at-1.48.26-PM.jpeg?resize=1050%2C600&ssl=1 3x, https:\/\/i0.wp.com\/lasprimeras.com.do\/wp-content\/uploads\/2025\/08\/WhatsApp-Image-2025-08-25-at-1.48.26-PM.jpeg?resize=1400%2C800&ssl=1 4x"},"classes":[]},{"id":118117,"url":"https:\/\/lasprimeras.com.do\/index.php\/2025\/12\/22\/leonel-la-gran-estafa-a-los-pobres-con-senasa-marca-un-ano-horrible-para-la-republica-dominicana\/","url_meta":{"origin":111237,"position":5},"title":"Leonel: \u201cLa gran estafa a los pobres con SeNaSa marca un a\u00f1o horrible para la Rep\u00fablica Dominicana\u201d","author":"Nelson Feliz","date":"22 de diciembre de 2025","format":false,"excerpt":"LF afirma que el gobierno del PRM \u201cno tiene forma de recuperar la confianza de la gente\u201d. El presidente del partido Fuerza del Pueblo (FP) y expresidente de la Rep\u00fablica, Leonel Fern\u00e1ndez, calific\u00f3 el a\u00f1o 2025 como \u201cun a\u00f1o horrible para la Rep\u00fablica Dominicana\u201d, al presentar un balance cr\u00edtico de\u2026","rel":"","context":"En \u00abPOLITICA\u00bb","block_context":{"text":"POLITICA","link":"https:\/\/lasprimeras.com.do\/index.php\/category\/politica\/"},"img":{"alt_text":"Leonel Fern\u00e1ndez","src":"https:\/\/i0.wp.com\/lasprimeras.com.do\/wp-content\/uploads\/2025\/12\/Leonel-Fernandez-2.jpg?resize=350%2C200&ssl=1","width":350,"height":200,"srcset":"https:\/\/i0.wp.com\/lasprimeras.com.do\/wp-content\/uploads\/2025\/12\/Leonel-Fernandez-2.jpg?resize=350%2C200&ssl=1 1x, https:\/\/i0.wp.com\/lasprimeras.com.do\/wp-content\/uploads\/2025\/12\/Leonel-Fernandez-2.jpg?resize=525%2C300&ssl=1 1.5x, https:\/\/i0.wp.com\/lasprimeras.com.do\/wp-content\/uploads\/2025\/12\/Leonel-Fernandez-2.jpg?resize=700%2C400&ssl=1 2x"},"classes":[]}],"jetpack_sharing_enabled":true,"_links":{"self":[{"href":"https:\/\/lasprimeras.com.do\/index.php\/wp-json\/wp\/v2\/posts\/111237","targetHints":{"allow":["GET"]}}],"collection":[{"href":"https:\/\/lasprimeras.com.do\/index.php\/wp-json\/wp\/v2\/posts"}],"about":[{"href":"https:\/\/lasprimeras.com.do\/index.php\/wp-json\/wp\/v2\/types\/post"}],"author":[{"embeddable":true,"href":"https:\/\/lasprimeras.com.do\/index.php\/wp-json\/wp\/v2\/users\/10"}],"replies":[{"embeddable":true,"href":"https:\/\/lasprimeras.com.do\/index.php\/wp-json\/wp\/v2\/comments?post=111237"}],"version-history":[{"count":1,"href":"https:\/\/lasprimeras.com.do\/index.php\/wp-json\/wp\/v2\/posts\/111237\/revisions"}],"predecessor-version":[{"id":111238,"href":"https:\/\/lasprimeras.com.do\/index.php\/wp-json\/wp\/v2\/posts\/111237\/revisions\/111238"}],"wp:featuredmedia":[{"embeddable":true,"href":"https:\/\/lasprimeras.com.do\/index.php\/wp-json\/wp\/v2\/media\/58148"}],"wp:attachment":[{"href":"https:\/\/lasprimeras.com.do\/index.php\/wp-json\/wp\/v2\/media?parent=111237"}],"wp:term":[{"taxonomy":"category","embeddable":true,"href":"https:\/\/lasprimeras.com.do\/index.php\/wp-json\/wp\/v2\/categories?post=111237"},{"taxonomy":"post_tag","embeddable":true,"href":"https:\/\/lasprimeras.com.do\/index.php\/wp-json\/wp\/v2\/tags?post=111237"}],"curies":[{"name":"wp","href":"https:\/\/api.w.org\/{rel}","templated":true}]}}