{"id":111241,"date":"2025-10-06T22:53:10","date_gmt":"2025-10-07T02:53:10","guid":{"rendered":"https:\/\/lasprimeras.com.do\/?p=111241"},"modified":"2025-10-06T22:54:53","modified_gmt":"2025-10-07T02:54:53","slug":"el-pld-en-pennsylvania-denuncia-el-abandono-del-gobierno-a-la-diaspora","status":"publish","type":"post","link":"https:\/\/lasprimeras.com.do\/index.php\/2025\/10\/06\/el-pld-en-pennsylvania-denuncia-el-abandono-del-gobierno-a-la-diaspora\/","title":{"rendered":"El PLD en Pennsylvania, denuncia el abandono del Gobierno a la di\u00e1spora"},"content":{"rendered":"\n<p>El Partido de la Liberaci\u00f3n Dominicano en la seccional Pennsylvania, Delaware y el Sur de New Jersey de los Estados Unidos, denunci\u00f3 que el Gobierno del PRM tambi\u00e9n tiene abandonada a su suerte a los residentes en el exterior.<\/p>\n\n\n\n<p>\u201cLa falta de representaci\u00f3n y facilidades en los servicios a los dominicanos en el exterior por parte del gobierno de Luis Abinader y su cuerpo consular, tienen a las comunidades abandonadas, en la orfandad, raz\u00f3n por la cual, los dominicanos en el exterior a\u00f1oran el regreso del PLD al poder\u201d, dijo Jos\u00e9 Joaqu\u00edn Mota, presidente de la seccional del PLD al juramentar el equipo de coordinaci\u00f3n de los trabajos en la ciudad de Reading, Pennsylvania.<\/p>\n\n\n\n<p>El equipo qued\u00f3 presidido por el miembro fundador del PLD en esa localidad, Rafael Maduro y junto a \u00e9l Elvis Mej\u00eda, Juan de Jes\u00fas, Marisol Cruz, Anthony Rosa Garc\u00eda y Esteban Yerfin.<\/p>\n\n\n\n<p>El juramento fue tomado por Jos\u00e9 Joaqu\u00edn Mota, presidente de la seccional, quien se hizo acompa\u00f1ar de los miembros del Comit\u00e9 Central Wilson D\u00edaz, Trinidad D\u00edaz, Rafael Enrique D\u00edaz y Miguel Ortega, presidente de comit\u00e9 intermedio y miembro de la direcci\u00f3n.<\/p>\n\n\n<div class=\"wp-block-image\">\n<figure class=\"alignright\"><a href=\"https:\/\/vanguardiadelpueblo.do\/wp-content\/uploads\/2025\/10\/f0c8be3c-0148-4368-a80c-513242bcc4ab.jpeg\"><img decoding=\"async\" src=\"https:\/\/vanguardiadelpueblo.do\/wp-content\/uploads\/2025\/10\/f0c8be3c-0148-4368-a80c-513242bcc4ab.jpeg\" alt=\"\" class=\"wp-image-229130\"\/><\/a><\/figure>\n<\/div>\n\n\n<p>Dentro de los planes de la seccional de Pennsylvania est\u00e1 la realizaci\u00f3n de visitas peri\u00f3dicas a las direcciones y compa\u00f1eros pelede\u00edstas, m\u00e1s la realizaci\u00f3n de actividades con la comunidad dominicana de las distintas \u00e1reas que les corresponde a esta seccional.<\/p>\n\n\n\n<p>En las seccionales del Partido de la Liberaci\u00f3n Dominicana en el exterior se implementa tambi\u00e9n la L\u00ednea Organizativa y Electoral, que agota la fase de validaci\u00f3n de membres\u00eda y juramentaci\u00f3n de nuevos miembros.<\/p>\n","protected":false},"excerpt":{"rendered":"<p>El Partido de la Liberaci\u00f3n Dominicano en la seccional Pennsylvania, Delaware y el Sur de New Jersey de los Estados Unidos, denunci\u00f3 que el Gobierno del PRM tambi\u00e9n tiene abandonada&hellip;<\/p>\n","protected":false},"author":10,"featured_media":111242,"comment_status":"open","ping_status":"open","sticky":false,"template":"","format":"standard","meta":{"content-type":"","jetpack_post_was_ever_published":false,"_jetpack_newsletter_access":"","_jetpack_dont_email_post_to_subs":false,"_jetpack_newsletter_tier_id":0,"_jetpack_memberships_contains_paywalled_content":false,"_jetpack_memberships_contains_paid_content":false,"footnotes":""},"categories":[16559,25],"tags":[3709,2329,25661,171,23645,269],"class_list":["post-111241","post","type-post","status-publish","format-standard","has-post-thumbnail","hentry","category-politica","category-portada","tag-abandono","tag-diaspora","tag-dominicanos-en-el-exterior","tag-gobierno","tag-pennsylvania","tag-pld"],"jetpack_featured_media_url":"https:\/\/lasprimeras.com.do\/wp-content\/uploads\/2025\/10\/DIRI.jpg","jetpack-related-posts":[{"id":99074,"url":"https:\/\/lasprimeras.com.do\/index.php\/2025\/05\/17\/johnny-pujols-en-nueva-york-el-pld-se-reorganiza-para-acompanar-al-pueblo-en-sus-luchas\/","url_meta":{"origin":111241,"position":0},"title":"Johnny Pujols en Nueva York: \u201cEl PLD se reorganiza para acompa\u00f1ar al pueblo en sus luchas\u201d","author":"Nelson Feliz","date":"17 de mayo de 2025","format":false,"excerpt":"El Secretario General del Partido de la Liberaci\u00f3n Dominicana (PLD), Johnny Pujols, explic\u00f3, que la organizaci\u00f3n pol\u00edtica impulsa su nueva l\u00ednea organizativa y electoral para seguir acompa\u00f1ando al pueblo dominicano en la denuncia del deterioro y retroceso de pol\u00edticas p\u00fablicas fundamentales. Pujols explic\u00f3 a los periodistas dominicanos y de otros\u2026","rel":"","context":"En \u00abPOLITICA\u00bb","block_context":{"text":"POLITICA","link":"https:\/\/lasprimeras.com.do\/index.php\/category\/politica\/"},"img":{"alt_text":"","src":"https:\/\/i0.wp.com\/lasprimeras.com.do\/wp-content\/uploads\/2025\/05\/RdP-NY.jpg?resize=350%2C200&ssl=1","width":350,"height":200,"srcset":"https:\/\/i0.wp.com\/lasprimeras.com.do\/wp-content\/uploads\/2025\/05\/RdP-NY.jpg?resize=350%2C200&ssl=1 1x, https:\/\/i0.wp.com\/lasprimeras.com.do\/wp-content\/uploads\/2025\/05\/RdP-NY.jpg?resize=525%2C300&ssl=1 1.5x, https:\/\/i0.wp.com\/lasprimeras.com.do\/wp-content\/uploads\/2025\/05\/RdP-NY.jpg?resize=700%2C400&ssl=1 2x"},"classes":[]},{"id":101141,"url":"https:\/\/lasprimeras.com.do\/index.php\/2025\/06\/16\/pld-exhorta-al-gobierno-a-defender-los-derechos-de-dominicanos-en-puerto-rico-video\/","url_meta":{"origin":111241,"position":1},"title":"PLD exhorta al gobierno a defender los derechos de dominicanos en Puerto Rico | Video","author":"Nelson Feliz","date":"16 de junio de 2025","format":false,"excerpt":"\u00abNo est\u00e1n solos; defendemos su dignidad y exigimos acciones concretas del gobierno dominicano\u201d, Alexis Lantigua. El Partido de la Liberaci\u00f3n Dominicana (PLD), por intermedio de la Secretaria de Dominicanos en el exterior manifest\u00f3 su preocupaci\u00f3n por la falta de acciones del gobierno dominicano para atender la cr\u00edtica situaci\u00f3n migratoria que\u2026","rel":"","context":"En \u00abPOLITICA\u00bb","block_context":{"text":"POLITICA","link":"https:\/\/lasprimeras.com.do\/index.php\/category\/politica\/"},"img":{"alt_text":"","src":"https:\/\/i0.wp.com\/lasprimeras.com.do\/wp-content\/uploads\/2025\/06\/Alexis-Lantigua.jpg?resize=350%2C200&ssl=1","width":350,"height":200,"srcset":"https:\/\/i0.wp.com\/lasprimeras.com.do\/wp-content\/uploads\/2025\/06\/Alexis-Lantigua.jpg?resize=350%2C200&ssl=1 1x, https:\/\/i0.wp.com\/lasprimeras.com.do\/wp-content\/uploads\/2025\/06\/Alexis-Lantigua.jpg?resize=525%2C300&ssl=1 1.5x, https:\/\/i0.wp.com\/lasprimeras.com.do\/wp-content\/uploads\/2025\/06\/Alexis-Lantigua.jpg?resize=700%2C400&ssl=1 2x"},"classes":[]},{"id":64972,"url":"https:\/\/lasprimeras.com.do\/index.php\/2023\/10\/24\/seccionales-del-pld-en-el-exterior-escogeran-el-sabado-candidatos-a-diputadosas\/","url_meta":{"origin":111241,"position":2},"title":"Seccionales del PLD en el exterior escoger\u00e1n el s\u00e1bado candidatos a Diputados(as)","author":"Nelson Feliz","date":"24 de octubre de 2023","format":false,"excerpt":"PLD anuncia la celebraci\u00f3n el pr\u00f3ximo s\u00e1bado de las Asambleas de Delegados para escoger los candidatos y candidatas a diputados del exterior. El Partido de la Liberaci\u00f3n Dominicana (PLD) celebrar\u00e1 el pr\u00f3ximo s\u00e1bado, 28 de octubre las asambleas de Delegados de las Seccionales de esa organizaci\u00f3n para escoger los candidatos\u2026","rel":"","context":"En \u00abPORTADA\u00bb","block_context":{"text":"PORTADA","link":"https:\/\/lasprimeras.com.do\/index.php\/category\/portada\/"},"img":{"alt_text":"CASA PLD","src":"https:\/\/i0.wp.com\/lasprimeras.com.do\/wp-content\/uploads\/2023\/07\/CASA-PLD.jpg?resize=350%2C200&ssl=1","width":350,"height":200,"srcset":"https:\/\/i0.wp.com\/lasprimeras.com.do\/wp-content\/uploads\/2023\/07\/CASA-PLD.jpg?resize=350%2C200&ssl=1 1x, https:\/\/i0.wp.com\/lasprimeras.com.do\/wp-content\/uploads\/2023\/07\/CASA-PLD.jpg?resize=525%2C300&ssl=1 1.5x, https:\/\/i0.wp.com\/lasprimeras.com.do\/wp-content\/uploads\/2023\/07\/CASA-PLD.jpg?resize=700%2C400&ssl=1 2x"},"classes":[]},{"id":100441,"url":"https:\/\/lasprimeras.com.do\/index.php\/2025\/06\/06\/pld-denuncia-abandono-ambiental-propone-medidas-para-frenar-ecocidio\/","url_meta":{"origin":111241,"position":3},"title":"PLD denuncia abandono ambiental; propone medidas para frenar ecocidio|","author":"Nelson Feliz","date":"6 de junio de 2025","format":false,"excerpt":"En el D\u00eda Mundial del Medio Ambiente, el Partido de la Liberaci\u00f3n Dominicana (PLD) denunci\u00f3 el grave deterioro ambiental y un abandono institucional por parte del actual Gobierno del PRM. El partido l\u00edder de la oposici\u00f3n dominicana realiz\u00f3 esta denuncia desde el r\u00edo Nizao, donde el titular de la Secretar\u00eda\u2026","rel":"","context":"En \u00abPOLITICA\u00bb","block_context":{"text":"POLITICA","link":"https:\/\/lasprimeras.com.do\/index.php\/category\/politica\/"},"img":{"alt_text":"","src":"https:\/\/i0.wp.com\/lasprimeras.com.do\/wp-content\/uploads\/2025\/06\/Dia-Mundial-del-Medio-Ambiente-1.jpg?resize=350%2C200&ssl=1","width":350,"height":200,"srcset":"https:\/\/i0.wp.com\/lasprimeras.com.do\/wp-content\/uploads\/2025\/06\/Dia-Mundial-del-Medio-Ambiente-1.jpg?resize=350%2C200&ssl=1 1x, https:\/\/i0.wp.com\/lasprimeras.com.do\/wp-content\/uploads\/2025\/06\/Dia-Mundial-del-Medio-Ambiente-1.jpg?resize=525%2C300&ssl=1 1.5x, https:\/\/i0.wp.com\/lasprimeras.com.do\/wp-content\/uploads\/2025\/06\/Dia-Mundial-del-Medio-Ambiente-1.jpg?resize=700%2C400&ssl=1 2x"},"classes":[]},{"id":103427,"url":"https:\/\/lasprimeras.com.do\/index.php\/2025\/07\/15\/pld-denuncia-abandono-del-gobierno-en-la-provincia-independencia\/","url_meta":{"origin":111241,"position":4},"title":"PLD denuncia abandono del Gobierno en la provincia Independencia","author":"Nelson Feliz","date":"15 de julio de 2025","format":false,"excerpt":"El Partido de la Liberaci\u00f3n Dominicana (PLD) en la provincia Independencia denunci\u00f3 el abandono del gobierno a esa fronteriza demarcaci\u00f3n que se manifiesta en la falta de energ\u00eda el\u00e9ctrica y la indiferencia en la soluci\u00f3n de los graves problemas que afectan a sus comunidades. El ex diputado Remigio Santana, presidente\u2026","rel":"","context":"En \u00abPOLITICA\u00bb","block_context":{"text":"POLITICA","link":"https:\/\/lasprimeras.com.do\/index.php\/category\/politica\/"},"img":{"alt_text":"","src":"https:\/\/i0.wp.com\/lasprimeras.com.do\/wp-content\/uploads\/2025\/07\/PLD-2.jpg?resize=350%2C200&ssl=1","width":350,"height":200,"srcset":"https:\/\/i0.wp.com\/lasprimeras.com.do\/wp-content\/uploads\/2025\/07\/PLD-2.jpg?resize=350%2C200&ssl=1 1x, https:\/\/i0.wp.com\/lasprimeras.com.do\/wp-content\/uploads\/2025\/07\/PLD-2.jpg?resize=525%2C300&ssl=1 1.5x, https:\/\/i0.wp.com\/lasprimeras.com.do\/wp-content\/uploads\/2025\/07\/PLD-2.jpg?resize=700%2C400&ssl=1 2x"},"classes":[]},{"id":104884,"url":"https:\/\/lasprimeras.com.do\/index.php\/2025\/07\/28\/francisco-javier-garcia-este-gobierno-no-cumple-y-el-campo-dominicano-lo-esta-pagando\/","url_meta":{"origin":111241,"position":5},"title":"Francisco Javier Garc\u00eda: \u201cEste gobierno no cumple, y el campo dominicano lo est\u00e1 pagando\u201d","author":"Nelson Feliz","date":"28 de julio de 2025","format":false,"excerpt":"\u201cEn nuestro gobierno vamos a blindar el sector agropecuario\u00a8. El aspirante presidencial del Partido de la Liberaci\u00f3n Dominicana (PLD), Francisco Javier Garc\u00eda, arremeti\u00f3 contra la gesti\u00f3n del Partido Revolucionario Moderno (PRM), acusando al gobierno de abandonar al sector agropecuario y de gobernar con promesas vac\u00edas mientras los productores enfrentan una\u2026","rel":"","context":"En \u00abPOLITICA\u00bb","block_context":{"text":"POLITICA","link":"https:\/\/lasprimeras.com.do\/index.php\/category\/politica\/"},"img":{"alt_text":"","src":"https:\/\/i0.wp.com\/lasprimeras.com.do\/wp-content\/uploads\/2025\/07\/Francisco-Javier-Garcia.jpg?resize=350%2C200&ssl=1","width":350,"height":200,"srcset":"https:\/\/i0.wp.com\/lasprimeras.com.do\/wp-content\/uploads\/2025\/07\/Francisco-Javier-Garcia.jpg?resize=350%2C200&ssl=1 1x, https:\/\/i0.wp.com\/lasprimeras.com.do\/wp-content\/uploads\/2025\/07\/Francisco-Javier-Garcia.jpg?resize=525%2C300&ssl=1 1.5x, https:\/\/i0.wp.com\/lasprimeras.com.do\/wp-content\/uploads\/2025\/07\/Francisco-Javier-Garcia.jpg?resize=700%2C400&ssl=1 2x"},"classes":[]}],"jetpack_sharing_enabled":true,"_links":{"self":[{"href":"https:\/\/lasprimeras.com.do\/index.php\/wp-json\/wp\/v2\/posts\/111241","targetHints":{"allow":["GET"]}}],"collection":[{"href":"https:\/\/lasprimeras.com.do\/index.php\/wp-json\/wp\/v2\/posts"}],"about":[{"href":"https:\/\/lasprimeras.com.do\/index.php\/wp-json\/wp\/v2\/types\/post"}],"author":[{"embeddable":true,"href":"https:\/\/lasprimeras.com.do\/index.php\/wp-json\/wp\/v2\/users\/10"}],"replies":[{"embeddable":true,"href":"https:\/\/lasprimeras.com.do\/index.php\/wp-json\/wp\/v2\/comments?post=111241"}],"version-history":[{"count":1,"href":"https:\/\/lasprimeras.com.do\/index.php\/wp-json\/wp\/v2\/posts\/111241\/revisions"}],"predecessor-version":[{"id":111243,"href":"https:\/\/lasprimeras.com.do\/index.php\/wp-json\/wp\/v2\/posts\/111241\/revisions\/111243"}],"wp:featuredmedia":[{"embeddable":true,"href":"https:\/\/lasprimeras.com.do\/index.php\/wp-json\/wp\/v2\/media\/111242"}],"wp:attachment":[{"href":"https:\/\/lasprimeras.com.do\/index.php\/wp-json\/wp\/v2\/media?parent=111241"}],"wp:term":[{"taxonomy":"category","embeddable":true,"href":"https:\/\/lasprimeras.com.do\/index.php\/wp-json\/wp\/v2\/categories?post=111241"},{"taxonomy":"post_tag","embeddable":true,"href":"https:\/\/lasprimeras.com.do\/index.php\/wp-json\/wp\/v2\/tags?post=111241"}],"curies":[{"name":"wp","href":"https:\/\/api.w.org\/{rel}","templated":true}]}}