{"id":111244,"date":"2025-10-06T23:14:53","date_gmt":"2025-10-07T03:14:53","guid":{"rendered":"https:\/\/lasprimeras.com.do\/?p=111244"},"modified":"2025-10-06T23:14:54","modified_gmt":"2025-10-07T03:14:54","slug":"johnny-pujols-revela-mediciones-colocan-al-pld-liderando-la-oposicion","status":"publish","type":"post","link":"https:\/\/lasprimeras.com.do\/index.php\/2025\/10\/06\/johnny-pujols-revela-mediciones-colocan-al-pld-liderando-la-oposicion\/","title":{"rendered":"Johnny Pujols revela mediciones colocan al PLD liderando la oposici\u00f3n"},"content":{"rendered":"\n<p>El secretario general del Partido de la Liberaci\u00f3n Dominicana (PLD), Johnny Pujols, revel\u00f3 que las mediciones realizadas desde el mes de diciembre de 2024 reflejan un crecimiento sostenido de esa organizaci\u00f3n pol\u00edtica, la cual contin\u00faa ganando terreno en la preferencia del electorado.<\/p>\n\n\n\n<p>Pujols se\u00f1al\u00f3 que el Gobierno PRM atraviesa una situaci\u00f3n dif\u00edcil, lo que explica la p\u00e9rdida significativa de simpat\u00eda partidaria, como lo indican mediciones recientes<\/p>\n\n\n\n<p>Durante su participaci\u00f3n en el programa radial \u201cDespierta con la X\u201d, el dirigente pelede\u00edsta record\u00f3 que el PLD ha asumido una oposici\u00f3n basada en propuestas, lo que le ha permitido fortalecerse y consolidarse como la segunda fuerza pol\u00edtica del pa\u00eds.<\/p>\n\n\n\n<p>\u201cPara nosotros ha sido muy r\u00e1pido, porque faltan tres a\u00f1os para las elecciones. Hoy, el PRM ronda entre un 30% y 32%, seg\u00fan la encuesta, mientras que nosotros estamos entre un 25% y 27% como partido\u201d, manifest\u00f3.<\/p>\n\n\n\n<p>El tambi\u00e9n miembro del Comit\u00e9 Pol\u00edtico recalc\u00f3 que, cuando se pregunta a la poblaci\u00f3n por el partido de su preferencia, el PLD se mantiene s\u00f3lido en el segundo lugar y acerc\u00e1ndose al primero.<\/p>\n\n\n\n<p>El secretario general del PLD prev\u00e9 que para finales de este a\u00f1o y principios del pr\u00f3ximo el partido morado alcance la primera posici\u00f3n en la preferencia del pueblo dominicano.<\/p>\n","protected":false},"excerpt":{"rendered":"<p>El secretario general del Partido de la Liberaci\u00f3n Dominicana (PLD), Johnny Pujols, revel\u00f3 que las mediciones realizadas desde el mes de diciembre de 2024 reflejan un crecimiento sostenido de esa&hellip;<\/p>\n","protected":false},"author":10,"featured_media":111245,"comment_status":"open","ping_status":"open","sticky":false,"template":"","format":"standard","meta":{"content-type":"","jetpack_post_was_ever_published":false,"_jetpack_newsletter_access":"","_jetpack_dont_email_post_to_subs":false,"_jetpack_newsletter_tier_id":0,"_jetpack_memberships_contains_paywalled_content":false,"_jetpack_memberships_contains_paid_content":false,"footnotes":""},"categories":[16559],"tags":[4341,14514,25662,341,269],"class_list":["post-111244","post","type-post","status-publish","format-standard","has-post-thumbnail","hentry","category-politica","tag-johnny-pujols","tag-liderando","tag-mediciones","tag-oposicion","tag-pld"],"jetpack_featured_media_url":"https:\/\/lasprimeras.com.do\/wp-content\/uploads\/2025\/10\/PLD.jpg","jetpack-related-posts":[{"id":111948,"url":"https:\/\/lasprimeras.com.do\/index.php\/2025\/10\/15\/centenares-de-jovenes-seran-juramentados-en-el-pld-en-el-santo-domingo-oriental\/","url_meta":{"origin":111244,"position":0},"title":"Centenares de j\u00f3venes ser\u00e1n juramentados en el PLD en el Santo Domingo Oriental","author":"Nelson Feliz","date":"15 de octubre de 2025","format":false,"excerpt":"El Partido de la Liberaci\u00f3n Dominicana (PLD) ocupa el segundo lugar en la aceptaci\u00f3n de los electores nacionales, explica Johnny Pujols. El Secretario General del Partido de la Liberaci\u00f3n Dominicana (PLD), Johnny Pujols, al valorar el entusiasmo y el dinamismo que se manifiesta en el municipio Santo Domingo Oriental con\u2026","rel":"","context":"En \u00abPOLITICA\u00bb","block_context":{"text":"POLITICA","link":"https:\/\/lasprimeras.com.do\/index.php\/category\/politica\/"},"img":{"alt_text":"","src":"https:\/\/i0.wp.com\/lasprimeras.com.do\/wp-content\/uploads\/2025\/10\/PLD-2.jpg?resize=350%2C200&ssl=1","width":350,"height":200,"srcset":"https:\/\/i0.wp.com\/lasprimeras.com.do\/wp-content\/uploads\/2025\/10\/PLD-2.jpg?resize=350%2C200&ssl=1 1x, https:\/\/i0.wp.com\/lasprimeras.com.do\/wp-content\/uploads\/2025\/10\/PLD-2.jpg?resize=525%2C300&ssl=1 1.5x, https:\/\/i0.wp.com\/lasprimeras.com.do\/wp-content\/uploads\/2025\/10\/PLD-2.jpg?resize=700%2C400&ssl=1 2x"},"classes":[]},{"id":102810,"url":"https:\/\/lasprimeras.com.do\/index.php\/2025\/07\/08\/johnny-pujols-comite-politico-del-pld-conocera-sentencia-del-tse\/","url_meta":{"origin":111244,"position":1},"title":"Johnny Pujols: Comit\u00e9 Pol\u00edtico del PLD conocer\u00e1 sentencia del TSE","author":"Nelson Feliz","date":"8 de julio de 2025","format":false,"excerpt":"Secretario General del PLD ratifica convocatoria del Comit\u00e9 Pol\u00edtico para el pr\u00f3ximo jueves en horas de la ma\u00f1ana. El Comit\u00e9 Pol\u00edtico del Partido de la Liberaci\u00f3n dominicana se reunir\u00e1 el pr\u00f3ximo jueves para analizar la sentencia del Tribunal Superior Electoral (TSE-01-0010-2025) sobre las aspiraciones a precandidaturas presidencial. La informaci\u00f3n fue\u2026","rel":"","context":"En \u00abPOLITICA\u00bb","block_context":{"text":"POLITICA","link":"https:\/\/lasprimeras.com.do\/index.php\/category\/politica\/"},"img":{"alt_text":"","src":"https:\/\/i0.wp.com\/lasprimeras.com.do\/wp-content\/uploads\/2025\/05\/Johnny-Pujols-2.jpg?resize=350%2C200&ssl=1","width":350,"height":200,"srcset":"https:\/\/i0.wp.com\/lasprimeras.com.do\/wp-content\/uploads\/2025\/05\/Johnny-Pujols-2.jpg?resize=350%2C200&ssl=1 1x, https:\/\/i0.wp.com\/lasprimeras.com.do\/wp-content\/uploads\/2025\/05\/Johnny-Pujols-2.jpg?resize=525%2C300&ssl=1 1.5x, https:\/\/i0.wp.com\/lasprimeras.com.do\/wp-content\/uploads\/2025\/05\/Johnny-Pujols-2.jpg?resize=700%2C400&ssl=1 2x"},"classes":[]},{"id":105638,"url":"https:\/\/lasprimeras.com.do\/index.php\/2025\/08\/05\/johnny-pujols-destaca-rol-opositor-del-pld\/","url_meta":{"origin":111244,"position":2},"title":"Johnny Pujols destaca rol opositor del PLD","author":"Nelson Feliz","date":"5 de agosto de 2025","format":false,"excerpt":"El secretario general del Partido de la Liberaci\u00f3n Dominicana (PLD), Johnny Pujols, considera que esa organizaci\u00f3n pol\u00edtica es la \u00fanica del sistema de partidos del pa\u00eds que est\u00e1 haciendo oposici\u00f3n y que adem\u00e1s ha reportado importantes avances en la implementaci\u00f3n de una nueva l\u00ednea organizativa, vinculada a lo electoral. En\u2026","rel":"","context":"En \u00abPOLITICA\u00bb","block_context":{"text":"POLITICA","link":"https:\/\/lasprimeras.com.do\/index.php\/category\/politica\/"},"img":{"alt_text":"","src":"https:\/\/i0.wp.com\/lasprimeras.com.do\/wp-content\/uploads\/2025\/08\/Jhonny-Pujols.jpg?resize=350%2C200&ssl=1","width":350,"height":200,"srcset":"https:\/\/i0.wp.com\/lasprimeras.com.do\/wp-content\/uploads\/2025\/08\/Jhonny-Pujols.jpg?resize=350%2C200&ssl=1 1x, https:\/\/i0.wp.com\/lasprimeras.com.do\/wp-content\/uploads\/2025\/08\/Jhonny-Pujols.jpg?resize=525%2C300&ssl=1 1.5x, https:\/\/i0.wp.com\/lasprimeras.com.do\/wp-content\/uploads\/2025\/08\/Jhonny-Pujols.jpg?resize=700%2C400&ssl=1 2x"},"classes":[]},{"id":105102,"url":"https:\/\/lasprimeras.com.do\/index.php\/2025\/07\/30\/johnny-pujols-advierte-sobre-riesgos-para-la-democracia-y-senala-errores-del-prm\/","url_meta":{"origin":111244,"position":3},"title":"Johnny Pujols advierte sobre riesgos para la democracia y se\u00f1ala errores del PRM","author":"Nelson Feliz","date":"30 de julio de 2025","format":false,"excerpt":"\u201cLa Rep\u00fablica Dominicana tiene un sistema de partidos fuerte que debemos cuidar como un tesoro, pues de ello depende la estabilidad pol\u00edtica y social del pa\u00eds\u201d, sostuvo Johnny Pujols, Sec Gral. del PLD. El Secretario General del Partido de la Liberaci\u00f3n Dominicana (PLD), Johnny Pujols, afirm\u00f3 que es vital preservar\u2026","rel":"","context":"En \u00abPOLITICA\u00bb","block_context":{"text":"POLITICA","link":"https:\/\/lasprimeras.com.do\/index.php\/category\/politica\/"},"img":{"alt_text":"Johnny Pujols","src":"https:\/\/i0.wp.com\/lasprimeras.com.do\/wp-content\/uploads\/2025\/07\/Johnny-Pujols-2.jpg?resize=350%2C200&ssl=1","width":350,"height":200,"srcset":"https:\/\/i0.wp.com\/lasprimeras.com.do\/wp-content\/uploads\/2025\/07\/Johnny-Pujols-2.jpg?resize=350%2C200&ssl=1 1x, https:\/\/i0.wp.com\/lasprimeras.com.do\/wp-content\/uploads\/2025\/07\/Johnny-Pujols-2.jpg?resize=525%2C300&ssl=1 1.5x, https:\/\/i0.wp.com\/lasprimeras.com.do\/wp-content\/uploads\/2025\/07\/Johnny-Pujols-2.jpg?resize=700%2C400&ssl=1 2x"},"classes":[]},{"id":113045,"url":"https:\/\/lasprimeras.com.do\/index.php\/2025\/10\/29\/pld-cuestiona-uso-reiterado-del-estado-de-emergencia\/","url_meta":{"origin":111244,"position":4},"title":"PLD cuestiona uso reiterado del Estado de Emergencia","author":"Nelson Feliz","date":"29 de octubre de 2025","format":false,"excerpt":"Johnny Pujols: \u201cNo podemos abusar del Estado de Emergencia, no hay necesidad de utilizarlo en extremo para darle asistencia a la poblaci\u00f3n.\u201d El Secretario General del Partido de la Liberaci\u00f3n Dominicana (PLD), Johnny Pujols, expres\u00f3 preocupaci\u00f3n ante la frecuencia con que el gobierno recurre al mecanismo de Situaci\u00f3n de Emergencia,\u2026","rel":"","context":"En \u00abPOLITICA\u00bb","block_context":{"text":"POLITICA","link":"https:\/\/lasprimeras.com.do\/index.php\/category\/politica\/"},"img":{"alt_text":"Johnny Pujols","src":"https:\/\/i0.wp.com\/lasprimeras.com.do\/wp-content\/uploads\/2025\/10\/Johnny-Pujols-3.jpg?resize=350%2C200&ssl=1","width":350,"height":200,"srcset":"https:\/\/i0.wp.com\/lasprimeras.com.do\/wp-content\/uploads\/2025\/10\/Johnny-Pujols-3.jpg?resize=350%2C200&ssl=1 1x, https:\/\/i0.wp.com\/lasprimeras.com.do\/wp-content\/uploads\/2025\/10\/Johnny-Pujols-3.jpg?resize=525%2C300&ssl=1 1.5x, https:\/\/i0.wp.com\/lasprimeras.com.do\/wp-content\/uploads\/2025\/10\/Johnny-Pujols-3.jpg?resize=700%2C400&ssl=1 2x"},"classes":[]},{"id":122619,"url":"https:\/\/lasprimeras.com.do\/index.php\/2026\/02\/18\/johnny-pujols-advierte-sobre-el-retroceso-ha-predominado-en-el-gobierno-del-prm\/","url_meta":{"origin":111244,"position":5},"title":"Johnny Pujols advierte sobre el retroceso ha predominado en el Gobierno del PRM","author":"Nelson Feliz","date":"18 de febrero de 2026","format":false,"excerpt":"Johnny Pujols, Secretario General del PLD, advierte sobre los notorios retrocesos en la implementaci\u00f3n de pol\u00edticas p\u00fablicas del Gobierno del PRM. El secretario general del Partido de la Liberaci\u00f3n Dominicana (PLD), Johnny Pujols, advirti\u00f3 sobre los notorios retrocesos en la implementaci\u00f3n de pol\u00edticas p\u00fablicas en la gesti\u00f3n de gobierno del\u2026","rel":"","context":"En \u00abPOLITICA\u00bb","block_context":{"text":"POLITICA","link":"https:\/\/lasprimeras.com.do\/index.php\/category\/politica\/"},"img":{"alt_text":"Johnny Pujols","src":"https:\/\/i0.wp.com\/lasprimeras.com.do\/wp-content\/uploads\/2026\/02\/Johnny-Pujols-1.jpg?resize=350%2C200&ssl=1","width":350,"height":200,"srcset":"https:\/\/i0.wp.com\/lasprimeras.com.do\/wp-content\/uploads\/2026\/02\/Johnny-Pujols-1.jpg?resize=350%2C200&ssl=1 1x, https:\/\/i0.wp.com\/lasprimeras.com.do\/wp-content\/uploads\/2026\/02\/Johnny-Pujols-1.jpg?resize=525%2C300&ssl=1 1.5x, https:\/\/i0.wp.com\/lasprimeras.com.do\/wp-content\/uploads\/2026\/02\/Johnny-Pujols-1.jpg?resize=700%2C400&ssl=1 2x"},"classes":[]}],"jetpack_sharing_enabled":true,"_links":{"self":[{"href":"https:\/\/lasprimeras.com.do\/index.php\/wp-json\/wp\/v2\/posts\/111244","targetHints":{"allow":["GET"]}}],"collection":[{"href":"https:\/\/lasprimeras.com.do\/index.php\/wp-json\/wp\/v2\/posts"}],"about":[{"href":"https:\/\/lasprimeras.com.do\/index.php\/wp-json\/wp\/v2\/types\/post"}],"author":[{"embeddable":true,"href":"https:\/\/lasprimeras.com.do\/index.php\/wp-json\/wp\/v2\/users\/10"}],"replies":[{"embeddable":true,"href":"https:\/\/lasprimeras.com.do\/index.php\/wp-json\/wp\/v2\/comments?post=111244"}],"version-history":[{"count":1,"href":"https:\/\/lasprimeras.com.do\/index.php\/wp-json\/wp\/v2\/posts\/111244\/revisions"}],"predecessor-version":[{"id":111246,"href":"https:\/\/lasprimeras.com.do\/index.php\/wp-json\/wp\/v2\/posts\/111244\/revisions\/111246"}],"wp:featuredmedia":[{"embeddable":true,"href":"https:\/\/lasprimeras.com.do\/index.php\/wp-json\/wp\/v2\/media\/111245"}],"wp:attachment":[{"href":"https:\/\/lasprimeras.com.do\/index.php\/wp-json\/wp\/v2\/media?parent=111244"}],"wp:term":[{"taxonomy":"category","embeddable":true,"href":"https:\/\/lasprimeras.com.do\/index.php\/wp-json\/wp\/v2\/categories?post=111244"},{"taxonomy":"post_tag","embeddable":true,"href":"https:\/\/lasprimeras.com.do\/index.php\/wp-json\/wp\/v2\/tags?post=111244"}],"curies":[{"name":"wp","href":"https:\/\/api.w.org\/{rel}","templated":true}]}}