{"id":111247,"date":"2025-10-06T23:23:10","date_gmt":"2025-10-07T03:23:10","guid":{"rendered":"https:\/\/lasprimeras.com.do\/?p=111247"},"modified":"2025-10-06T23:23:11","modified_gmt":"2025-10-07T03:23:11","slug":"presidente-del-senado-valora-el-trabajo-de-la-comision-que-estudia-el-codigo-procesal-penal","status":"publish","type":"post","link":"https:\/\/lasprimeras.com.do\/index.php\/2025\/10\/06\/presidente-del-senado-valora-el-trabajo-de-la-comision-que-estudia-el-codigo-procesal-penal\/","title":{"rendered":"Presidente del Senado valora el trabajo de la comisi\u00f3n que estudia el C\u00f3digo Procesal Penal"},"content":{"rendered":"\n<p><strong>Dice proyecto podr\u00eda ser sancionado en los pr\u00f3ximos d\u00edas.<\/strong><\/p>\n\n\n\n<p>El presidente del Senado, Ricardo de los Santos, particip\u00f3 de los debates de la Comisi\u00f3n de Justicia y Derechos Humanos que conoce las modificaciones al C\u00f3digo Procesal Penal, destacando el trabajo que realiza el equipo que estudia la pieza.<\/p>\n\n\n\n<p>De los Santos valor\u00f3 la dedicaci\u00f3n y la entrega de los senadores que integran dicha comisi\u00f3n, encabezada por Antonio Taveras, representante de la provincia Santo Domingo.<\/p>\n\n\n\n<p>Dijo estar satisfecho con el trabajo de la comisi\u00f3n, la subcomisi\u00f3n y los t\u00e9cnicos que tienen a cargo revisar las modificaciones sugeridas.<\/p>\n\n\n\n<p>La comisi\u00f3n de Justicia y Derechos Humanos del Senado conoce las modificaciones de varios art\u00edculos del C\u00f3digo Procesal Penal, y deroga la Ley 5869, una propuesta de los senadores Crist\u00f3bal Castillo, Omar Fern\u00e1ndez, F\u00e9lix Bautista y Antonio Taveras Guzm\u00e1n.<\/p>\n\n\n\n<p>Durante su visita a la comisi\u00f3n, el presidente del Senado consider\u00f3 valiosas las recomendaciones realizadas por los actores del Poder Judicial, Poder Ejecutivo, la Suprema Corte de Justicia, Defensor\u00eda P\u00fablica y los propios legisladores.<\/p>\n\n\n\n<p>\u201cCon la ayuda de Dios pronto vamos a tener ya el C\u00f3digo Procesal Penal, pero reitero, la Comisi\u00f3n ha hecho un trabajo excepcional junto a todos los actores del sistema, quienes hicieron observaciones y se est\u00e1n valorando,\u201d expres\u00f3 Ricardo de los Santos.<\/p>\n\n\n\n<p>De su lado, el presidente de la Comisi\u00f3n de Justicia, Antonio Taveras Guzm\u00e1n, dijo que convoc\u00f3 a los miembros de la comisi\u00f3n en pleno, \u201cpara reunirnos a primera hora de la ma\u00f1ana y darle el toque final a la propuesta de modificaci\u00f3n\u201d.<\/p>\n\n\n\n<p>Taveras record\u00f3 que \u201cLa subcomisi\u00f3n de la Comisi\u00f3n de Justicia estuvo revisando todas las propuestas que se hicieron, y los t\u00e9cnicos tambi\u00e9n est\u00e1n trabajando en la redacci\u00f3n y eso va a esta listo lo antes posible\u201d, a\u00f1adi\u00f3.<\/p>\n\n\n\n<p>La Comisi\u00f3n de Justicia del Senado tiene a su cargo la revisi\u00f3n de 254 modificaciones; as\u00ed como 18 sugerencias que deben ser revisadas por el pleno de la misma.<\/p>\n\n\n\n<p>Este proyecto busca que los tribunales, al aplicar esta ley, garanticen la vigencia efectiva de la Constituci\u00f3n de la Rep\u00fablica y de los tratados internacionales y sus interpretaciones por los \u00f3rganos jurisdiccionales creados por \u00e9stos.<\/p>\n\n\n\n<p>Adem\u00e1s, fortalecer el sistema de justicia penal adapt\u00e1ndose a los desaf\u00edos actuales, como la criminalidad organizada y los delitos complejos.<\/p>\n\n\n\n<p>El encuentro que se llev\u00f3 a cabo en el Sal\u00f3n de Comisiones Eugenio Mar\u00eda de Hostos, cont\u00f3, adem\u00e1s con la presencia de los senadores Aracelis Villanueva, L\u00eda Ynocencia D\u00edaz de D\u00edaz, Pedro Catrain, Omar Fern\u00e1ndez, Rafael Bar\u00f3n Duluc y Mois\u00e9s Ayala.<\/p>\n","protected":false},"excerpt":{"rendered":"<p>Dice proyecto podr\u00eda ser sancionado en los pr\u00f3ximos d\u00edas. El presidente del Senado, Ricardo de los Santos, particip\u00f3 de los debates de la Comisi\u00f3n de Justicia y Derechos Humanos que&hellip;<\/p>\n","protected":false},"author":10,"featured_media":111248,"comment_status":"open","ping_status":"open","sticky":false,"template":"","format":"standard","meta":{"content-type":"","jetpack_post_was_ever_published":false,"_jetpack_newsletter_access":"","_jetpack_dont_email_post_to_subs":false,"_jetpack_newsletter_tier_id":0,"_jetpack_memberships_contains_paywalled_content":false,"_jetpack_memberships_contains_paid_content":false,"footnotes":""},"categories":[35,25],"tags":[25663,950,10060,413,967],"class_list":["post-111247","post","type-post","status-publish","format-standard","has-post-thumbnail","hentry","category-nacionales","category-portada","tag-codigo-procesal-penal","tag-comision","tag-estudia","tag-senado","tag-trabajo"],"jetpack_featured_media_url":"https:\/\/lasprimeras.com.do\/wp-content\/uploads\/2025\/10\/SENADO.jpg","jetpack-related-posts":[{"id":112974,"url":"https:\/\/lasprimeras.com.do\/index.php\/2025\/10\/29\/senado-aprobo-en-segunda-lectura-las-modificaciones-al-codigo-procesal-penal\/","url_meta":{"origin":111247,"position":0},"title":"Senado aprob\u00f3 en segunda lectura las modificaciones al C\u00f3digo Procesal Penal","author":"Nelson Feliz","date":"29 de octubre de 2025","format":false,"excerpt":"Las reformas de esta normativa responden a la necesidad de modernizaci\u00f3n de la justicia, en procura de mayor celeridad, transparencia y eficiencia de los procesos, con el fin de garantizar derechos fundamentales del proceso judicial. Por: Adalgisa S\u00e1nchez El Senado de la Rep\u00fablica aprob\u00f3 a unanimidad en segunda lectura con\u2026","rel":"","context":"En \u00abNACIONALES\u00bb","block_context":{"text":"NACIONALES","link":"https:\/\/lasprimeras.com.do\/index.php\/category\/nacionales\/"},"img":{"alt_text":"","src":"https:\/\/i0.wp.com\/lasprimeras.com.do\/wp-content\/uploads\/2025\/10\/Ricardo-de-los-Santos-4.jpg?resize=350%2C200&ssl=1","width":350,"height":200,"srcset":"https:\/\/i0.wp.com\/lasprimeras.com.do\/wp-content\/uploads\/2025\/10\/Ricardo-de-los-Santos-4.jpg?resize=350%2C200&ssl=1 1x, https:\/\/i0.wp.com\/lasprimeras.com.do\/wp-content\/uploads\/2025\/10\/Ricardo-de-los-Santos-4.jpg?resize=525%2C300&ssl=1 1.5x, https:\/\/i0.wp.com\/lasprimeras.com.do\/wp-content\/uploads\/2025\/10\/Ricardo-de-los-Santos-4.jpg?resize=700%2C400&ssl=1 2x"},"classes":[]},{"id":116974,"url":"https:\/\/lasprimeras.com.do\/index.php\/2025\/12\/05\/senado-aprueba-a-unanimidad-modificacion-a-ley-organica-del-codigo-procesal-penal\/","url_meta":{"origin":111247,"position":1},"title":"Senado aprueba a unanimidad modificaci\u00f3n a Ley Org\u00e1nica del C\u00f3digo Procesal Penal","author":"Nelson Feliz","date":"5 de diciembre de 2025","format":false,"excerpt":"La pieza fue conocida en sesi\u00f3n extraordinaria y aprobada a unanimidad por la totalidad de 28 asamble\u00edstas presentes. El Senado de la Rep\u00fablica aprob\u00f3 en \u00fanica lectura las modificaciones realizadas al Proyecto de Ley Org\u00e1nica del C\u00f3digo Procesal Penal, remitido por la C\u00e1mara de Diputados. La normativa legislativa fue sometida\u2026","rel":"","context":"En \u00abNACIONALES\u00bb","block_context":{"text":"NACIONALES","link":"https:\/\/lasprimeras.com.do\/index.php\/category\/nacionales\/"},"img":{"alt_text":"","src":"https:\/\/i0.wp.com\/lasprimeras.com.do\/wp-content\/uploads\/2025\/12\/senado-1.jpg?resize=350%2C200&ssl=1","width":350,"height":200,"srcset":"https:\/\/i0.wp.com\/lasprimeras.com.do\/wp-content\/uploads\/2025\/12\/senado-1.jpg?resize=350%2C200&ssl=1 1x, https:\/\/i0.wp.com\/lasprimeras.com.do\/wp-content\/uploads\/2025\/12\/senado-1.jpg?resize=525%2C300&ssl=1 1.5x, https:\/\/i0.wp.com\/lasprimeras.com.do\/wp-content\/uploads\/2025\/12\/senado-1.jpg?resize=700%2C400&ssl=1 2x"},"classes":[]},{"id":112481,"url":"https:\/\/lasprimeras.com.do\/index.php\/2025\/10\/22\/ricardo-de-los-santos-coordinada-con-actores-del-sistema-judicial-para-aprobar-reforma-al-codigo-procesal-penal\/","url_meta":{"origin":111247,"position":2},"title":"Ricardo de los Santos coordinada con actores del Sistema Judicial para aprobar reforma al C\u00f3digo Procesal Penal","author":"Nelson Feliz","date":"22 de octubre de 2025","format":false,"excerpt":"Trabajando de manera abierta y coordinada con instituciones del sistema judicial dominicano y organizaciones de la sociedad, permanece la Comisi\u00f3n de Justicia y Derechos Humanos, para actualizar y ajustar a los nuevos tiempos el Proyecto de Ley de modificaci\u00f3n al C\u00f3digo Procesal Penal de la Rep\u00fablica Dominicana, destac\u00f3 este mi\u00e9rcoles\u2026","rel":"","context":"En \u00abNACIONALES\u00bb","block_context":{"text":"NACIONALES","link":"https:\/\/lasprimeras.com.do\/index.php\/category\/nacionales\/"},"img":{"alt_text":"","src":"https:\/\/i0.wp.com\/lasprimeras.com.do\/wp-content\/uploads\/2025\/10\/Ricardo-de-los-Santos-1-1.jpg?resize=350%2C200&ssl=1","width":350,"height":200,"srcset":"https:\/\/i0.wp.com\/lasprimeras.com.do\/wp-content\/uploads\/2025\/10\/Ricardo-de-los-Santos-1-1.jpg?resize=350%2C200&ssl=1 1x, https:\/\/i0.wp.com\/lasprimeras.com.do\/wp-content\/uploads\/2025\/10\/Ricardo-de-los-Santos-1-1.jpg?resize=525%2C300&ssl=1 1.5x, https:\/\/i0.wp.com\/lasprimeras.com.do\/wp-content\/uploads\/2025\/10\/Ricardo-de-los-Santos-1-1.jpg?resize=700%2C400&ssl=1 2x"},"classes":[]},{"id":111565,"url":"https:\/\/lasprimeras.com.do\/index.php\/2025\/10\/10\/senado-aprueba-a-unanimidad-y-en-primera-lectura-codigo-procesal-penal-de-la-republica-dominicana\/","url_meta":{"origin":111247,"position":3},"title":"Senado aprueba a unanimidad y en primera lectura C\u00f3digo Procesal Penal de la Rep\u00fablica Dominicana","author":"Nelson Feliz","date":"10 de octubre de 2025","format":false,"excerpt":"Por Adalgisa S\u00e1nchez En la marat\u00f3nica sesi\u00f3n ordinaria de este jueves que se extendi\u00f3 por ocho horas, los senadores dieron lectura integra a los 473 art\u00edculos que contempla la reformada ley. El Senado de la Rep\u00fablica aprob\u00f3 en primera lectura el Proyecto de Ley de modificaci\u00f3n al C\u00f3digo Procesal Penal\u2026","rel":"","context":"En \u00abNACIONALES\u00bb","block_context":{"text":"NACIONALES","link":"https:\/\/lasprimeras.com.do\/index.php\/category\/nacionales\/"},"img":{"alt_text":"","src":"https:\/\/i0.wp.com\/lasprimeras.com.do\/wp-content\/uploads\/2025\/10\/Ricardo-de-los-Santos-1.jpg?resize=350%2C200&ssl=1","width":350,"height":200,"srcset":"https:\/\/i0.wp.com\/lasprimeras.com.do\/wp-content\/uploads\/2025\/10\/Ricardo-de-los-Santos-1.jpg?resize=350%2C200&ssl=1 1x, https:\/\/i0.wp.com\/lasprimeras.com.do\/wp-content\/uploads\/2025\/10\/Ricardo-de-los-Santos-1.jpg?resize=525%2C300&ssl=1 1.5x, https:\/\/i0.wp.com\/lasprimeras.com.do\/wp-content\/uploads\/2025\/10\/Ricardo-de-los-Santos-1.jpg?resize=700%2C400&ssl=1 2x"},"classes":[]},{"id":78197,"url":"https:\/\/lasprimeras.com.do\/index.php\/2024\/02\/28\/senado-envia-a-comision-leyes-modifican-dni-los-codigos-de-trabajo-civil-y-seguridad-social-2\/","url_meta":{"origin":111247,"position":4},"title":"Senado env\u00eda a comisi\u00f3n leyes modifican DNI, los C\u00f3digos de Trabajo, Civil y Seguridad Social","author":"BIMARY DE JES\u00daS Matos","date":"28 de febrero de 2024","format":false,"excerpt":"Martin Restituyo Santo Domingo.- Durante el inicio de los trabajos de la primera legislatura, el presidente del Senado, Ricardo de los Santos, remiti\u00f3 importantes proyectos de leyes a diferentes comisiones para su an\u00e1lisis y ponderaci\u00f3n. Dentro de los proyectos para fines de modificaci\u00f3n est\u00e1n el C\u00f3digo Civil de la Rep\u00fablica\u2026","rel":"","context":"En \u00abSin categor\u00eda\u00bb","block_context":{"text":"Sin categor\u00eda","link":"https:\/\/lasprimeras.com.do\/index.php\/category\/sin-categoria\/"},"img":{"alt_text":"","src":"https:\/\/i0.wp.com\/lasprimeras.com.do\/wp-content\/uploads\/2024\/02\/IMG-20240228-WA0061-scaled.jpg?resize=350%2C200&ssl=1","width":350,"height":200,"srcset":"https:\/\/i0.wp.com\/lasprimeras.com.do\/wp-content\/uploads\/2024\/02\/IMG-20240228-WA0061-scaled.jpg?resize=350%2C200&ssl=1 1x, https:\/\/i0.wp.com\/lasprimeras.com.do\/wp-content\/uploads\/2024\/02\/IMG-20240228-WA0061-scaled.jpg?resize=525%2C300&ssl=1 1.5x, https:\/\/i0.wp.com\/lasprimeras.com.do\/wp-content\/uploads\/2024\/02\/IMG-20240228-WA0061-scaled.jpg?resize=700%2C400&ssl=1 2x, https:\/\/i0.wp.com\/lasprimeras.com.do\/wp-content\/uploads\/2024\/02\/IMG-20240228-WA0061-scaled.jpg?resize=1050%2C600&ssl=1 3x, https:\/\/i0.wp.com\/lasprimeras.com.do\/wp-content\/uploads\/2024\/02\/IMG-20240228-WA0061-scaled.jpg?resize=1400%2C800&ssl=1 4x"},"classes":[]},{"id":78148,"url":"https:\/\/lasprimeras.com.do\/index.php\/2024\/02\/28\/senado-envia-a-comision-leyes-modifican-dni-los-codigos-de-trabajo-civil-y-seguridad-social\/","url_meta":{"origin":111247,"position":5},"title":"Senado env\u00eda a comisi\u00f3n leyes modifican DNI, C\u00f3digos de Trabajo, Civil y Seguridad Social","author":"BIMARY DE JES\u00daS Matos","date":"28 de febrero de 2024","format":false,"excerpt":"Durante el inicio de los trabajos de la primera legislatura, el presidente del Senado, Ricardo de los Santos, remiti\u00f3 importantes proyectos de leyes a diferentes comisiones para su an\u00e1lisis y ponderaci\u00f3n. Dentro de los proyectos para fines de modificaci\u00f3n est\u00e1n el C\u00f3digo Civil de la Rep\u00fablica Dominicana, que se remiti\u00f3\u2026","rel":"","context":"En \u00abNACIONALES\u00bb","block_context":{"text":"NACIONALES","link":"https:\/\/lasprimeras.com.do\/index.php\/category\/nacionales\/"},"img":{"alt_text":"","src":"https:\/\/i0.wp.com\/lasprimeras.com.do\/wp-content\/uploads\/2024\/01\/Senado.jpg?resize=350%2C200&ssl=1","width":350,"height":200,"srcset":"https:\/\/i0.wp.com\/lasprimeras.com.do\/wp-content\/uploads\/2024\/01\/Senado.jpg?resize=350%2C200&ssl=1 1x, https:\/\/i0.wp.com\/lasprimeras.com.do\/wp-content\/uploads\/2024\/01\/Senado.jpg?resize=525%2C300&ssl=1 1.5x"},"classes":[]}],"jetpack_sharing_enabled":true,"_links":{"self":[{"href":"https:\/\/lasprimeras.com.do\/index.php\/wp-json\/wp\/v2\/posts\/111247","targetHints":{"allow":["GET"]}}],"collection":[{"href":"https:\/\/lasprimeras.com.do\/index.php\/wp-json\/wp\/v2\/posts"}],"about":[{"href":"https:\/\/lasprimeras.com.do\/index.php\/wp-json\/wp\/v2\/types\/post"}],"author":[{"embeddable":true,"href":"https:\/\/lasprimeras.com.do\/index.php\/wp-json\/wp\/v2\/users\/10"}],"replies":[{"embeddable":true,"href":"https:\/\/lasprimeras.com.do\/index.php\/wp-json\/wp\/v2\/comments?post=111247"}],"version-history":[{"count":1,"href":"https:\/\/lasprimeras.com.do\/index.php\/wp-json\/wp\/v2\/posts\/111247\/revisions"}],"predecessor-version":[{"id":111249,"href":"https:\/\/lasprimeras.com.do\/index.php\/wp-json\/wp\/v2\/posts\/111247\/revisions\/111249"}],"wp:featuredmedia":[{"embeddable":true,"href":"https:\/\/lasprimeras.com.do\/index.php\/wp-json\/wp\/v2\/media\/111248"}],"wp:attachment":[{"href":"https:\/\/lasprimeras.com.do\/index.php\/wp-json\/wp\/v2\/media?parent=111247"}],"wp:term":[{"taxonomy":"category","embeddable":true,"href":"https:\/\/lasprimeras.com.do\/index.php\/wp-json\/wp\/v2\/categories?post=111247"},{"taxonomy":"post_tag","embeddable":true,"href":"https:\/\/lasprimeras.com.do\/index.php\/wp-json\/wp\/v2\/tags?post=111247"}],"curies":[{"name":"wp","href":"https:\/\/api.w.org\/{rel}","templated":true}]}}