{"id":111362,"date":"2025-10-07T09:10:54","date_gmt":"2025-10-07T13:10:54","guid":{"rendered":"https:\/\/lasprimeras.com.do\/?p=111362"},"modified":"2025-10-08T09:19:37","modified_gmt":"2025-10-08T13:19:37","slug":"genao-propone-creacion-de-cuarta-sala-especializada-en-la-suprema-corte-de-justicia","status":"publish","type":"post","link":"https:\/\/lasprimeras.com.do\/index.php\/2025\/10\/07\/genao-propone-creacion-de-cuarta-sala-especializada-en-la-suprema-corte-de-justicia\/","title":{"rendered":"Genao propone creaci\u00f3n de Cuarta Sala Especializada en la Suprema Corte de Justicia"},"content":{"rendered":"\n<p>El senador por la provincia La Vega, Ram\u00f3n Rogelio Genao Dur\u00e1n, inform\u00f3 este martes que deposit\u00f3 el proyecto de ley que modifica la Ley Org\u00e1nica 25-91 de la Suprema Corte de Justicia (SCJ), con el fin de crear la Cuarta Sala de este alto tribunal.<\/p>\n\n\n\n<p>El legislador explic\u00f3 que la iniciativa busca elevar la calidad t\u00e9cnica de las decisiones judiciales, asegurar un desarrollo jurisprudencial profundo y, crucialmente, garantizar una respuesta sin demora a los ciudadanos en asuntos de alta complejidad.<\/p>\n\n\n\n<p>Dijo que el proyecto de ley se fundamenta en el art\u00edculo 152 de la Constituci\u00f3n, que faculta a la SCJ para dividirse en salas, y propone un aumento de la matr\u00edcula de jueces a veintid\u00f3s (22) para integrar la nueva estructura.<\/p>\n\n\n\n<p>Genao Dur\u00e1n sostuvo que el objetivo principal es desvincular las materias contencioso-administrativas y contencioso-tributarias de la Tercera Sala, que actualmente lidia con una dispersi\u00f3n de asuntos (laboral, inmobiliario y contencioso) que menoscaba su capacidad para generar un desarrollo jurisprudencial avanzado.<\/p>\n\n\n\n<p>El senador del Partido Reformista Social Cristiano (PRSC) manifest\u00f3 que el proyecto de ley radica en la necesidad de garantizar una justicia administrativa m\u00e1s efectiva, \u201ctal como lo exige un Estado social y democr\u00e1tico de derecho\u201d.<\/p>\n\n\n\n<p>Entiende que la jurisdicci\u00f3n administrativa es vital para mantener un control de legalidad sobre los \u00f3rganos del Estado, \u201ctraduci\u00e9ndose directamente en el respeto al derecho a la buena administraci\u00f3n que debe asistir a todos los ciudadanos, conforme al asiento constitucional del art\u00edculo 139\u201d.<\/p>\n\n\n\n<p>\u201cLa problem\u00e1tica actual reside en que la Tercera Sala se enfrenta a la dif\u00edcil tarea de conocer recursos de casaci\u00f3n en materias cuya dogm\u00e1tica doctrinal es muy propia y diversa\u201d, agreg\u00f3.<\/p>\n\n\n\n<p>En ese sentido, se\u00f1al\u00f3 que esta pluralidad de requerimientos jurisdiccionales, especialmente en el \u00e1mbito contencioso-administrativo y tributario, mitiga la posibilidad de otorgar respuestas prontas, comprometiendo el derecho fundamental de los justiciables a una tutela judicial sin dilaciones.<\/p>\n\n\n\n<p>Con la creaci\u00f3n del nuevo \u00f3rgano -prosigui\u00f3 diciendo-, la Cuarta Sala ser\u00eda competente para conocer exclusivamente los recursos de casaci\u00f3n en materia contencioso-administrativa y contencioso-tributaria.<\/p>\n\n\n\n<p>Manifest\u00f3, asimismo, que la Tercera Sala se reconfigurar\u00eda para centrarse \u00fanicamente en la casaci\u00f3n de los temas laborales e inmobiliarios, permitiendo a ambas salas especializar y profundizar sus criterios de fallo.<\/p>\n","protected":false},"excerpt":{"rendered":"<p>El senador por la provincia La Vega, Ram\u00f3n Rogelio Genao Dur\u00e1n, inform\u00f3 este martes que deposit\u00f3 el proyecto de ley que modifica la Ley Org\u00e1nica 25-91 de la Suprema Corte&hellip;<\/p>\n","protected":false},"author":10,"featured_media":111363,"comment_status":"open","ping_status":"open","sticky":false,"template":"","format":"standard","meta":{"content-type":"","jetpack_post_was_ever_published":false,"_jetpack_newsletter_access":"","_jetpack_dont_email_post_to_subs":false,"_jetpack_newsletter_tier_id":0,"_jetpack_memberships_contains_paywalled_content":false,"_jetpack_memberships_contains_paid_content":false,"footnotes":""},"categories":[16559,25],"tags":[1268,25719,25720,1101,10670],"class_list":["post-111362","post","type-post","status-publish","format-standard","has-post-thumbnail","hentry","category-politica","category-portada","tag-creacion","tag-cuarta-sala-especializada","tag-ramon-rogelio-genao","tag-senador","tag-suprema-corte-de-justicia"],"jetpack_featured_media_url":"https:\/\/lasprimeras.com.do\/wp-content\/uploads\/2025\/10\/Ramon-Rogelio-Genao-1.jpg","jetpack-related-posts":[{"id":113295,"url":"https:\/\/lasprimeras.com.do\/index.php\/2025\/10\/31\/proponen-ampliar-a-22-los-jueces-de-scj-pese-a-alta-corte-no-tener-atrasos\/","url_meta":{"origin":111362,"position":0},"title":"Proponen ampliar a 22 los jueces de SCJ pese a alta corte no tener atrasos","author":"Nelson Feliz","date":"31 de octubre de 2025","format":false,"excerpt":"Afirman que el proyecto de ley no tiene fundamento si es sobre la base de que los actuales jueces no dan abasto. La Suprema Corte de Justicia (SCJ), que cuenta actualmente con tres salas y un Pleno de 17 jueces, presume desde hace meses haber dejado atr\u00e1s \"43 a\u00f1os de\u2026","rel":"","context":"En \u00abJUSTICIA\u00bb","block_context":{"text":"JUSTICIA","link":"https:\/\/lasprimeras.com.do\/index.php\/category\/justicia\/"},"img":{"alt_text":"","src":"https:\/\/i0.wp.com\/lasprimeras.com.do\/wp-content\/uploads\/2025\/10\/proponen-ampliar-a-22-los-jueces-de-scj-pese-a-alta-corte-no-tener-atrasos.jpg?resize=350%2C200&ssl=1","width":350,"height":200},"classes":[]},{"id":125584,"url":"https:\/\/lasprimeras.com.do\/index.php\/2026\/03\/24\/senador-rogelio-genao-presenta-plan-estrategico-de-contingencia-ante-crisis-global\/","url_meta":{"origin":111362,"position":1},"title":"Senador Rogelio Genao presenta plan estrat\u00e9gico de contingencia ante crisis global","author":"Nelson Feliz","date":"24 de marzo de 2026","format":false,"excerpt":"El senador de la provincia de La Vega por el Partido Reformista Social Cristiano (PRSC), Ram\u00f3n Rogelio Genao, hizo un en\u00e9rgico llamado a la clase pol\u00edtica dominicana para abandonar el \"populismo electoralista\" y unirse en torno a un plan de naci\u00f3n que blinde la estabilidad econ\u00f3mica y social del pa\u00eds\u2026","rel":"","context":"En \u00abPOLITICA\u00bb","block_context":{"text":"POLITICA","link":"https:\/\/lasprimeras.com.do\/index.php\/category\/politica\/"},"img":{"alt_text":"Ram\u00f3n Rogelio Genao","src":"https:\/\/i0.wp.com\/lasprimeras.com.do\/wp-content\/uploads\/2026\/03\/Ramon-Rogelio-Genao.jpg?resize=350%2C200&ssl=1","width":350,"height":200,"srcset":"https:\/\/i0.wp.com\/lasprimeras.com.do\/wp-content\/uploads\/2026\/03\/Ramon-Rogelio-Genao.jpg?resize=350%2C200&ssl=1 1x, https:\/\/i0.wp.com\/lasprimeras.com.do\/wp-content\/uploads\/2026\/03\/Ramon-Rogelio-Genao.jpg?resize=525%2C300&ssl=1 1.5x, https:\/\/i0.wp.com\/lasprimeras.com.do\/wp-content\/uploads\/2026\/03\/Ramon-Rogelio-Genao.jpg?resize=700%2C400&ssl=1 2x"},"classes":[]},{"id":71978,"url":"https:\/\/lasprimeras.com.do\/index.php\/2023\/12\/25\/sentencia-de-la-scj-ratifica-ilegalidad-del-aeropuerto-de-bavaro\/","url_meta":{"origin":111362,"position":2},"title":"Sentencia de la SCJ ratifica ilegalidad del Aeropuerto de B\u00e1varo","author":"Nelson Feliz","date":"25 de diciembre de 2023","format":false,"excerpt":"Las decisiones de la Suprema son inapelables, por lo que se mantiene la prohibici\u00f3n para construir el aeropuerto. La Suprema Corte de Justicia (SCJ), \u00f3rgano de mayor jerarqu\u00eda jurisdiccional en el sistema judicial dominicano, rechaz\u00f3 el recurso del Aeropuerto Internacional de B\u00e1varo (AIB) que buscaba invalidar la declaraci\u00f3n que lo\u2026","rel":"","context":"En \u00abJUSTICIA\u00bb","block_context":{"text":"JUSTICIA","link":"https:\/\/lasprimeras.com.do\/index.php\/category\/justicia\/"},"img":{"alt_text":"Aereopuerto Bavaro","src":"https:\/\/i0.wp.com\/lasprimeras.com.do\/wp-content\/uploads\/2023\/12\/Aereopuerto-Bavaro.jpg?resize=350%2C200&ssl=1","width":350,"height":200,"srcset":"https:\/\/i0.wp.com\/lasprimeras.com.do\/wp-content\/uploads\/2023\/12\/Aereopuerto-Bavaro.jpg?resize=350%2C200&ssl=1 1x, https:\/\/i0.wp.com\/lasprimeras.com.do\/wp-content\/uploads\/2023\/12\/Aereopuerto-Bavaro.jpg?resize=525%2C300&ssl=1 1.5x, https:\/\/i0.wp.com\/lasprimeras.com.do\/wp-content\/uploads\/2023\/12\/Aereopuerto-Bavaro.jpg?resize=700%2C400&ssl=1 2x"},"classes":[]},{"id":126530,"url":"https:\/\/lasprimeras.com.do\/index.php\/2026\/04\/02\/senador-rogelio-genao-urge-a-la-prudencia-ciudadana-en-semana-mayor\/","url_meta":{"origin":111362,"position":3},"title":"Senador Rogelio Genao urge a la prudencia ciudadana en Semana Mayor","author":"Nelson Feliz","date":"2 de abril de 2026","format":false,"excerpt":"El senador Ram\u00f3n Rogelio Genao exhort\u00f3 a la ciudadan\u00eda a abrazar la prudencia y la moderaci\u00f3n durante este per\u00edodo de asueto, recordando tambi\u00e9n respetar la veda de crust\u00e1ceos establecida por el Consejo Dominicano de Pesca y Acuicultura (CODOPESCA). El legislador enfatiz\u00f3 que el disfrute de la Semana Mayor debe transcurrir\u2026","rel":"","context":"En \u00abPOLITICA\u00bb","block_context":{"text":"POLITICA","link":"https:\/\/lasprimeras.com.do\/index.php\/category\/politica\/"},"img":{"alt_text":"Ram\u00f3n Rogelio Genao","src":"https:\/\/i0.wp.com\/lasprimeras.com.do\/wp-content\/uploads\/2026\/03\/Ramon-Rogelio-Genao.jpg?resize=350%2C200&ssl=1","width":350,"height":200,"srcset":"https:\/\/i0.wp.com\/lasprimeras.com.do\/wp-content\/uploads\/2026\/03\/Ramon-Rogelio-Genao.jpg?resize=350%2C200&ssl=1 1x, https:\/\/i0.wp.com\/lasprimeras.com.do\/wp-content\/uploads\/2026\/03\/Ramon-Rogelio-Genao.jpg?resize=525%2C300&ssl=1 1.5x, https:\/\/i0.wp.com\/lasprimeras.com.do\/wp-content\/uploads\/2026\/03\/Ramon-Rogelio-Genao.jpg?resize=700%2C400&ssl=1 2x"},"classes":[]},{"id":50534,"url":"https:\/\/lasprimeras.com.do\/index.php\/2023\/05\/22\/suprema-falla-contra-el-aeropuerto-en-bavaro\/","url_meta":{"origin":111362,"position":4},"title":"Suprema falla contra el aeropuerto en B\u00e1varo","author":"prenxa100","date":"22 de mayo de 2023","format":false,"excerpt":"SANTO DOMINGO.-.La Suprema Corte de Justicia rechaz\u00f3 un recurso de casaci\u00f3n interpuesto por el Grupo Abrisa y el Aeropuerto Internacional B\u00e1varo, contra una resoluci\u00f3n del Tribunal Superior Administrativo que establece posici\u00f3n contra la construcci\u00f3n de una terminal aeroportuaria en B\u00e1varo. La decisi\u00f3n fue tomada por la Tercera Sala de la\u2026","rel":"","context":"En \u00abJUSTICIA\u00bb","block_context":{"text":"JUSTICIA","link":"https:\/\/lasprimeras.com.do\/index.php\/category\/justicia\/"},"img":{"alt_text":"","src":"","width":0,"height":0},"classes":[]},{"id":58942,"url":"https:\/\/lasprimeras.com.do\/index.php\/2023\/08\/29\/senado-aprueba-en-dos-lecturas-modificacion-ley-del-presupuesto-general-del-estado-2023\/","url_meta":{"origin":111362,"position":5},"title":"Senado aprueba en dos lecturas modificaci\u00f3n Ley del Presupuesto General del Estado 2023","author":"Nelson Feliz","date":"29 de agosto de 2023","format":false,"excerpt":"La iniciativa, sometida por el Poder Ejecutivo, reduce el tope de endeudamiento y compromiso asumido por el Gobierno, garantizando una gesti\u00f3n prudente de la deuda p\u00fablica. El Senado de la Rep\u00fablica aprob\u00f3 en dos lecturas consecutivas el Proyecto de Ley que modifica el Presupuesto General del Estado para el a\u00f1o\u2026","rel":"","context":"En \u00abECONOM\u00cdA\u00bb","block_context":{"text":"ECONOM\u00cdA","link":"https:\/\/lasprimeras.com.do\/index.php\/category\/economia\/"},"img":{"alt_text":"Presupuesto General del Estado","src":"https:\/\/i0.wp.com\/lasprimeras.com.do\/wp-content\/uploads\/2023\/08\/Presupuesto-General-del-Estado.jpg?resize=350%2C200&ssl=1","width":350,"height":200,"srcset":"https:\/\/i0.wp.com\/lasprimeras.com.do\/wp-content\/uploads\/2023\/08\/Presupuesto-General-del-Estado.jpg?resize=350%2C200&ssl=1 1x, https:\/\/i0.wp.com\/lasprimeras.com.do\/wp-content\/uploads\/2023\/08\/Presupuesto-General-del-Estado.jpg?resize=525%2C300&ssl=1 1.5x, https:\/\/i0.wp.com\/lasprimeras.com.do\/wp-content\/uploads\/2023\/08\/Presupuesto-General-del-Estado.jpg?resize=700%2C400&ssl=1 2x"},"classes":[]}],"jetpack_sharing_enabled":true,"_links":{"self":[{"href":"https:\/\/lasprimeras.com.do\/index.php\/wp-json\/wp\/v2\/posts\/111362","targetHints":{"allow":["GET"]}}],"collection":[{"href":"https:\/\/lasprimeras.com.do\/index.php\/wp-json\/wp\/v2\/posts"}],"about":[{"href":"https:\/\/lasprimeras.com.do\/index.php\/wp-json\/wp\/v2\/types\/post"}],"author":[{"embeddable":true,"href":"https:\/\/lasprimeras.com.do\/index.php\/wp-json\/wp\/v2\/users\/10"}],"replies":[{"embeddable":true,"href":"https:\/\/lasprimeras.com.do\/index.php\/wp-json\/wp\/v2\/comments?post=111362"}],"version-history":[{"count":1,"href":"https:\/\/lasprimeras.com.do\/index.php\/wp-json\/wp\/v2\/posts\/111362\/revisions"}],"predecessor-version":[{"id":111364,"href":"https:\/\/lasprimeras.com.do\/index.php\/wp-json\/wp\/v2\/posts\/111362\/revisions\/111364"}],"wp:featuredmedia":[{"embeddable":true,"href":"https:\/\/lasprimeras.com.do\/index.php\/wp-json\/wp\/v2\/media\/111363"}],"wp:attachment":[{"href":"https:\/\/lasprimeras.com.do\/index.php\/wp-json\/wp\/v2\/media?parent=111362"}],"wp:term":[{"taxonomy":"category","embeddable":true,"href":"https:\/\/lasprimeras.com.do\/index.php\/wp-json\/wp\/v2\/categories?post=111362"},{"taxonomy":"post_tag","embeddable":true,"href":"https:\/\/lasprimeras.com.do\/index.php\/wp-json\/wp\/v2\/tags?post=111362"}],"curies":[{"name":"wp","href":"https:\/\/api.w.org\/{rel}","templated":true}]}}