{"id":111365,"date":"2025-10-07T09:25:19","date_gmt":"2025-10-07T13:25:19","guid":{"rendered":"https:\/\/lasprimeras.com.do\/?p=111365"},"modified":"2025-10-08T09:28:15","modified_gmt":"2025-10-08T13:28:15","slug":"bray-vargas-denuncia-manipulacion-digital-y-reitera-su-dedicacion-al-servicio-legislativo","status":"publish","type":"post","link":"https:\/\/lasprimeras.com.do\/index.php\/2025\/10\/07\/bray-vargas-denuncia-manipulacion-digital-y-reitera-su-dedicacion-al-servicio-legislativo\/","title":{"rendered":"Bray Vargas denuncia manipulaci\u00f3n digital y reitera su dedicaci\u00f3n al servicio legislativo"},"content":{"rendered":"\n<p>El diputado por la provincia de Santiago, Bray Vargas, reafirm\u00f3 su compromiso con el pueblo dominicano y denunci\u00f3 haber sido v\u00edctima de un intento de extorsi\u00f3n mediante la grabaci\u00f3n y difusi\u00f3n de un contenido manipulado sin su consentimiento, con el prop\u00f3sito de afectar su honor y trayectoria p\u00fablica.<\/p>\n\n\n\n<p>\u201cEn los \u00faltimos d\u00edas se ha colocado en la opini\u00f3n p\u00fablica un tema que pertenece exclusivamente al \u00e1mbito de mi vida privada. Aun as\u00ed, mi enfoque sigue estando donde debe: en cumplir con mi trabajo, representar con dignidad a la gente de Santiago y defender las causas del pueblo dominicano\u201d, expres\u00f3 el legislador.<\/p>\n\n\n\n<p>Vargas explic\u00f3 que fue v\u00edctima de un acto premeditado y planificado, asegurando que \u201cnunca ocurri\u00f3 absolutamente nada\u201d y que la persona actu\u00f3 de manera sorpresiva grabando sin su consentimiento.<\/p>\n\n\n\n<p>\u201cMi \u00fanica reacci\u00f3n fue responder con serenidad para evitar una confrontaci\u00f3n y que se marchara\u201d, agreg\u00f3.<\/p>\n\n\n\n<p>El diputado lament\u00f3 el acoso y la humillaci\u00f3n p\u00fablica que se generan en redes sociales y envi\u00f3 un mensaje de aliento a quienes atraviesan situaciones similares:<\/p>\n\n\n\n<p>\u201cNadie merece pasar por el juicio sin compasi\u00f3n de las redes. A quienes enfrentan extorsi\u00f3n o acoso, les digo: no se rindan. De las peores batallas nacen los m\u00e1s grandes testimonios.\u201d<\/p>\n\n\n\n<p>Vargas record\u00f3 que su trabajo legislativo ha sido constante y transparente. Ha sido secretario de las comisiones de Agricultura, Relaciones Exteriores y Obras P\u00fablicas, adem\u00e1s de presidir la Comisi\u00f3n de Movilidad y Transporte.<\/p>\n\n\n\n<p>Durante su gesti\u00f3n ha impulsado m\u00e1s de 31 iniciativas legislativas, realizado 19 traslados, tenido una sola ausencia y fue el primer diputado en entregar su informe de gesti\u00f3n.<\/p>\n\n\n\n<p>\u201cEsto no es una ca\u00edda, es una lecci\u00f3n. No ser\u00e9 prisionero de la extorsi\u00f3n ni del miedo. Seguir\u00e9 trabajando con responsabilidad, coherencia y entrega por la Rep\u00fablica Dominicana\u201d, concluy\u00f3 Vargas.<\/p>\n","protected":false},"excerpt":{"rendered":"<p>El diputado por la provincia de Santiago, Bray Vargas, reafirm\u00f3 su compromiso con el pueblo dominicano y denunci\u00f3 haber sido v\u00edctima de un intento de extorsi\u00f3n mediante la grabaci\u00f3n y&hellip;<\/p>\n","protected":false},"author":10,"featured_media":111366,"comment_status":"open","ping_status":"open","sticky":false,"template":"","format":"standard","meta":{"content-type":"","jetpack_post_was_ever_published":false,"_jetpack_newsletter_access":"","_jetpack_dont_email_post_to_subs":false,"_jetpack_newsletter_tier_id":0,"_jetpack_memberships_contains_paywalled_content":false,"_jetpack_memberships_contains_paid_content":false,"footnotes":""},"categories":[35,25],"tags":[18564,14880,25721,25722],"class_list":["post-111365","post","type-post","status-publish","format-standard","has-post-thumbnail","hentry","category-nacionales","category-portada","tag-bray-vargas","tag-dedicacion","tag-manipulacion-digital","tag-servicio-legislativo"],"jetpack_featured_media_url":"https:\/\/lasprimeras.com.do\/wp-content\/uploads\/2025\/10\/Bray-Vargas.jpg","jetpack-related-posts":[{"id":96504,"url":"https:\/\/lasprimeras.com.do\/index.php\/2025\/04\/02\/bray-vargas-aboga-por-una-camara-diputados-que-trabaje-para-el-pueblo-video\/","url_meta":{"origin":111365,"position":0},"title":"Bray Vargas aboga por una C\u00e1mara Diputados que trabaje para el pueblo| Video","author":"Nelson Feliz","date":"2 de abril de 2025","format":false,"excerpt":"Diputado Bray Vargas dice lamentar inacci\u00f3n del Congreso frente a la presencia de haitianos ilegales. Llama a sus colegas congresistas a adoptar acciones concretas e inmediatas El diputado por la provincia Santiago, Bray Vargas, alz\u00f3 su voz ante la C\u00e1mara de Diputados para expresar su preocupaci\u00f3n ante el aumento de\u2026","rel":"","context":"En \u00abPOLITICA\u00bb","block_context":{"text":"POLITICA","link":"https:\/\/lasprimeras.com.do\/index.php\/category\/politica\/"},"img":{"alt_text":"","src":"https:\/\/i0.wp.com\/lasprimeras.com.do\/wp-content\/uploads\/2025\/04\/Bray-Vargas.jpg?resize=350%2C200&ssl=1","width":350,"height":200,"srcset":"https:\/\/i0.wp.com\/lasprimeras.com.do\/wp-content\/uploads\/2025\/04\/Bray-Vargas.jpg?resize=350%2C200&ssl=1 1x, https:\/\/i0.wp.com\/lasprimeras.com.do\/wp-content\/uploads\/2025\/04\/Bray-Vargas.jpg?resize=525%2C300&ssl=1 1.5x, https:\/\/i0.wp.com\/lasprimeras.com.do\/wp-content\/uploads\/2025\/04\/Bray-Vargas.jpg?resize=700%2C400&ssl=1 2x"},"classes":[]},{"id":110670,"url":"https:\/\/lasprimeras.com.do\/index.php\/2025\/09\/30\/miguel-vargas-llama-al-gobierno-a-tomar-acciones-concretas-para-detener-descalabro-de-servicios\/","url_meta":{"origin":111365,"position":1},"title":"Miguel Vargas llama al gobierno a tomar acciones concretas para detener \u201cdescalabro\u201d de servicios","author":"Nelson Feliz","date":"30 de septiembre de 2025","format":false,"excerpt":"El presidente del Partido Revolucionario Dominicano (PRD), Miguel Vargas Maldonado, responsabiliz\u00f3 al Gobierno del presidente Luis Abinader del colapso de los servicios b\u00e1sicos y de haber convertido la corrupci\u00f3n en un signo distintivo de su gesti\u00f3n. \u201cEl gobierno est\u00e1 obligado a tomar acciones y pol\u00edticas concretas para detener el descalabro\u2026","rel":"","context":"En \u00abPOLITICA\u00bb","block_context":{"text":"POLITICA","link":"https:\/\/lasprimeras.com.do\/index.php\/category\/politica\/"},"img":{"alt_text":"Miguel Vargas","src":"https:\/\/i0.wp.com\/lasprimeras.com.do\/wp-content\/uploads\/2023\/12\/Miguel-Vargas-1.jpg?resize=350%2C200&ssl=1","width":350,"height":200,"srcset":"https:\/\/i0.wp.com\/lasprimeras.com.do\/wp-content\/uploads\/2023\/12\/Miguel-Vargas-1.jpg?resize=350%2C200&ssl=1 1x, https:\/\/i0.wp.com\/lasprimeras.com.do\/wp-content\/uploads\/2023\/12\/Miguel-Vargas-1.jpg?resize=525%2C300&ssl=1 1.5x, https:\/\/i0.wp.com\/lasprimeras.com.do\/wp-content\/uploads\/2023\/12\/Miguel-Vargas-1.jpg?resize=700%2C400&ssl=1 2x"},"classes":[]},{"id":63128,"url":"https:\/\/lasprimeras.com.do\/index.php\/2023\/10\/10\/anuncian-bazar-construyamos-suenos-en-santiago\/","url_meta":{"origin":111365,"position":2},"title":"Anuncian \u201cBazar Construyamos Sue\u00f1os\u201d en Santiago","author":"Nelson Feliz","date":"10 de octubre de 2023","format":false,"excerpt":"Con la reuni\u00f3n de m\u00e1s de cien emprendedores de toda la provincia de Santiago y abriendo la oportunidad de nuevas microempresas para exponer sus productos y servicios, fue anunciado el gran bazar \u201cConstruyamos Sue\u00f1os 2023\u201d. La jornada se realizar\u00e1 el s\u00e1bado 18 y domingo 19 de noviembre a partir de\u2026","rel":"","context":"En \u00abECONOM\u00cdA\u00bb","block_context":{"text":"ECONOM\u00cdA","link":"https:\/\/lasprimeras.com.do\/index.php\/category\/economia\/"},"img":{"alt_text":"Bazar","src":"https:\/\/i0.wp.com\/lasprimeras.com.do\/wp-content\/uploads\/2023\/10\/Bazar.jpg?resize=350%2C200&ssl=1","width":350,"height":200,"srcset":"https:\/\/i0.wp.com\/lasprimeras.com.do\/wp-content\/uploads\/2023\/10\/Bazar.jpg?resize=350%2C200&ssl=1 1x, https:\/\/i0.wp.com\/lasprimeras.com.do\/wp-content\/uploads\/2023\/10\/Bazar.jpg?resize=525%2C300&ssl=1 1.5x, https:\/\/i0.wp.com\/lasprimeras.com.do\/wp-content\/uploads\/2023\/10\/Bazar.jpg?resize=700%2C400&ssl=1 2x"},"classes":[]},{"id":115941,"url":"https:\/\/lasprimeras.com.do\/index.php\/2025\/11\/26\/danylsa-vargas-recibe-reconocimiento-a-la-trayectoria-en-premios-la-flor\/","url_meta":{"origin":111365,"position":3},"title":"Danylsa Vargas recibe reconocimiento a la trayectoria en Premios La Flor","author":"Nelson Feliz","date":"26 de noviembre de 2025","format":false,"excerpt":"Danylsa Vargas recibe reconocimiento a la trayectoria en Premios La Flor","rel":"","context":"En \u00abENTRETENIMIENTO\u00bb","block_context":{"text":"ENTRETENIMIENTO","link":"https:\/\/lasprimeras.com.do\/index.php\/category\/entretenimiento\/"},"img":{"alt_text":"","src":"https:\/\/i0.wp.com\/lasprimeras.com.do\/wp-content\/uploads\/2025\/11\/Danylsa-Vargas.jpg?resize=350%2C200&ssl=1","width":350,"height":200,"srcset":"https:\/\/i0.wp.com\/lasprimeras.com.do\/wp-content\/uploads\/2025\/11\/Danylsa-Vargas.jpg?resize=350%2C200&ssl=1 1x, https:\/\/i0.wp.com\/lasprimeras.com.do\/wp-content\/uploads\/2025\/11\/Danylsa-Vargas.jpg?resize=525%2C300&ssl=1 1.5x, https:\/\/i0.wp.com\/lasprimeras.com.do\/wp-content\/uploads\/2025\/11\/Danylsa-Vargas.jpg?resize=700%2C400&ssl=1 2x"},"classes":[]},{"id":103093,"url":"https:\/\/lasprimeras.com.do\/index.php\/2025\/07\/11\/cdp-santiago-lamenta-el-fallecimiento-del-destacado-periodista-arcadio-vargas\/","url_meta":{"origin":111365,"position":4},"title":"CDP-Santiago lamenta el fallecimiento del destacado periodista Arcadio Vargas","author":"Nelson Feliz","date":"11 de julio de 2025","format":false,"excerpt":"El Colegio Dominicano de Periodistas (CDP), seccional Santiago, informa con profundo pesar el fallecimiento del reconocido periodista y gremialista Arcadio Vargas Evertz, ocurrido la noche del jueves 10 de julio, a las 10:58 p.m. Arcadio Vargas, quien dedic\u00f3 su vida al ejercicio del periodismo con \u00e9tica, compromiso social y amor\u2026","rel":"","context":"En \u00abNACIONALES\u00bb","block_context":{"text":"NACIONALES","link":"https:\/\/lasprimeras.com.do\/index.php\/category\/nacionales\/"},"img":{"alt_text":"","src":"https:\/\/i0.wp.com\/lasprimeras.com.do\/wp-content\/uploads\/2025\/07\/Arcadio-Vargas-Evertz.jpeg?resize=350%2C200&ssl=1","width":350,"height":200,"srcset":"https:\/\/i0.wp.com\/lasprimeras.com.do\/wp-content\/uploads\/2025\/07\/Arcadio-Vargas-Evertz.jpeg?resize=350%2C200&ssl=1 1x, https:\/\/i0.wp.com\/lasprimeras.com.do\/wp-content\/uploads\/2025\/07\/Arcadio-Vargas-Evertz.jpeg?resize=525%2C300&ssl=1 1.5x, https:\/\/i0.wp.com\/lasprimeras.com.do\/wp-content\/uploads\/2025\/07\/Arcadio-Vargas-Evertz.jpeg?resize=700%2C400&ssl=1 2x"},"classes":[]},{"id":102909,"url":"https:\/\/lasprimeras.com.do\/index.php\/2025\/07\/10\/los-presidentes-del-senado-y-de-la-camara-de-diputados-coordinan-trabajos-parlamericas\/","url_meta":{"origin":111365,"position":5},"title":"Los presidentes del Senado y de la C\u00e1mara de Diputados coordinan trabajos ParlAmericas","author":"Nelson Feliz","date":"10 de julio de 2025","format":false,"excerpt":"Por Graciela Acevedo Ricardo de los Santos y Alfredo Pacheco iniciaron las conversaciones para organizar un encuentro en Rep\u00fablica Dominicana, con diputados de unos 70 pa\u00edses miembros de ParlAmericas, previo a la X Cumbre de las Am\u00e9ricas a celebrase en el pa\u00eds. Previo a la celebraci\u00f3n de la X Cumbre\u2026","rel":"","context":"En \u00abNACIONALES\u00bb","block_context":{"text":"NACIONALES","link":"https:\/\/lasprimeras.com.do\/index.php\/category\/nacionales\/"},"img":{"alt_text":"Ricardo de los Santos y Alfredo Pacheco","src":"https:\/\/i0.wp.com\/lasprimeras.com.do\/wp-content\/uploads\/2025\/07\/Ricardo-de-los-Santos-y-Alfredo-Pacheco-1.jpg?resize=350%2C200&ssl=1","width":350,"height":200,"srcset":"https:\/\/i0.wp.com\/lasprimeras.com.do\/wp-content\/uploads\/2025\/07\/Ricardo-de-los-Santos-y-Alfredo-Pacheco-1.jpg?resize=350%2C200&ssl=1 1x, https:\/\/i0.wp.com\/lasprimeras.com.do\/wp-content\/uploads\/2025\/07\/Ricardo-de-los-Santos-y-Alfredo-Pacheco-1.jpg?resize=525%2C300&ssl=1 1.5x, https:\/\/i0.wp.com\/lasprimeras.com.do\/wp-content\/uploads\/2025\/07\/Ricardo-de-los-Santos-y-Alfredo-Pacheco-1.jpg?resize=700%2C400&ssl=1 2x"},"classes":[]}],"jetpack_sharing_enabled":true,"_links":{"self":[{"href":"https:\/\/lasprimeras.com.do\/index.php\/wp-json\/wp\/v2\/posts\/111365","targetHints":{"allow":["GET"]}}],"collection":[{"href":"https:\/\/lasprimeras.com.do\/index.php\/wp-json\/wp\/v2\/posts"}],"about":[{"href":"https:\/\/lasprimeras.com.do\/index.php\/wp-json\/wp\/v2\/types\/post"}],"author":[{"embeddable":true,"href":"https:\/\/lasprimeras.com.do\/index.php\/wp-json\/wp\/v2\/users\/10"}],"replies":[{"embeddable":true,"href":"https:\/\/lasprimeras.com.do\/index.php\/wp-json\/wp\/v2\/comments?post=111365"}],"version-history":[{"count":1,"href":"https:\/\/lasprimeras.com.do\/index.php\/wp-json\/wp\/v2\/posts\/111365\/revisions"}],"predecessor-version":[{"id":111367,"href":"https:\/\/lasprimeras.com.do\/index.php\/wp-json\/wp\/v2\/posts\/111365\/revisions\/111367"}],"wp:featuredmedia":[{"embeddable":true,"href":"https:\/\/lasprimeras.com.do\/index.php\/wp-json\/wp\/v2\/media\/111366"}],"wp:attachment":[{"href":"https:\/\/lasprimeras.com.do\/index.php\/wp-json\/wp\/v2\/media?parent=111365"}],"wp:term":[{"taxonomy":"category","embeddable":true,"href":"https:\/\/lasprimeras.com.do\/index.php\/wp-json\/wp\/v2\/categories?post=111365"},{"taxonomy":"post_tag","embeddable":true,"href":"https:\/\/lasprimeras.com.do\/index.php\/wp-json\/wp\/v2\/tags?post=111365"}],"curies":[{"name":"wp","href":"https:\/\/api.w.org\/{rel}","templated":true}]}}