{"id":111417,"date":"2025-10-08T22:30:11","date_gmt":"2025-10-09T02:30:11","guid":{"rendered":"https:\/\/lasprimeras.com.do\/?p=111417"},"modified":"2025-10-08T22:30:13","modified_gmt":"2025-10-09T02:30:13","slug":"como-elegir-la-mejor-impresora-laser-color-para-oficina-o-uso-personal","status":"publish","type":"post","link":"https:\/\/lasprimeras.com.do\/index.php\/2025\/10\/08\/como-elegir-la-mejor-impresora-laser-color-para-oficina-o-uso-personal\/","title":{"rendered":"C\u00f3mo elegir la mejor impresora l\u00e1ser color para oficina o uso personal"},"content":{"rendered":"\n<p>La elecci\u00f3n de una impresora no es un detalle menor. Tanto en una oficina como en el hogar, contar con un equipo confiable marca la diferencia en productividad, costos y calidad de los documentos.<\/p>\n\n\n\n<p>Entre las opciones disponibles, las <a href=\"https:\/\/tienda.ricoh-americalatina.com\/do\/impresoras-laser\/color.html\">impresoras l\u00e1ser color<\/a> son una de las alternativas m\u00e1s recomendadas por su rapidez, nitidez y eficiencia a largo plazo.<\/p>\n\n\n\n<p>Pero con tantas marcas y modelos en el mercado, surge la gran pregunta: \u00bfc\u00f3mo elegir la mejor impresora l\u00e1ser color para cada necesidad?<\/p>\n\n\n\n<p><a>\u00bfPor qu\u00e9 elegir una impresora l\u00e1ser color?<\/a><\/p>\n\n\n\n<p>Las impresoras l\u00e1ser nacieron como la respuesta al uso intensivo de documentos. A diferencia de las de inyecci\u00f3n de tinta, que suelen ser m\u00e1s lentas y requieren cartuchos frecuentes, las impresoras l\u00e1ser color trabajan con t\u00f3ner, lo que garantiza mayor rendimiento y costos m\u00e1s predecibles por p\u00e1gina.<\/p>\n\n\n\n<p>Ventajas principales:<\/p>\n\n\n\n<p>Velocidad: ideales para oficinas que imprimen grandes vol\u00famenes.<\/p>\n\n\n\n<p>Durabilidad: los equipos est\u00e1n dise\u00f1ados para ciclos de trabajo m\u00e1s exigentes.<\/p>\n\n\n\n<p>Calidad de texto: la precisi\u00f3n en letras y gr\u00e1ficos es superior.<\/p>\n\n\n\n<p>Costo por p\u00e1gina: aunque la inversi\u00f3n inicial sea m\u00e1s alta, el gasto operativo resulta m\u00e1s bajo a largo plazo.<\/p>\n\n\n\n<p>Eso s\u00ed, no todos los modelos ofrecen las mismas prestaciones, y ah\u00ed entra la importancia de analizar criterios antes de la compra.<\/p>\n\n\n\n<p><a>Factores clave para elegir una impresora l\u00e1ser color<\/a><\/p>\n\n\n\n<p>Volumen de impresi\u00f3n mensual: Antes de decidir, conviene calcular cu\u00e1ntas p\u00e1ginas se imprimen en promedio. Una oficina peque\u00f1a puede necesitar entre 1.000 y 2.500 p\u00e1ginas al mes, mientras que un despacho contable o jur\u00eddico puede superar las 10.000. Comprar un modelo con capacidad inferior a tus necesidades terminar\u00e1 generando fallos prematuros.<\/p>\n\n\n\n<p>Conectividad: Hoy casi todas las impresoras incluyen conexi\u00f3n USB, pero las verdaderamente \u00fatiles ofrecen Wi-Fi, Ethernet y compatibilidad con sistemas de impresi\u00f3n m\u00f3vil como AirPrint o Google Cloud Print. En oficinas donde varios empleados comparten el equipo, la red es fundamental.<\/p>\n\n\n\n<p>Funciones adicionales: No se trata solo de imprimir. Muchas impresoras l\u00e1ser color incorporan esc\u00e1ner, copiadora y fax. Estos equipos \u201cmultifunci\u00f3n\u201d son m\u00e1s pr\u00e1cticos y ahorran espacio, aunque suelen costar un poco m\u00e1s.<\/p>\n\n\n\n<p>Velocidad de impresi\u00f3n: La medida est\u00e1ndar es p\u00e1ginas por minuto (ppm). Para uso dom\u00e9stico, 15\u201320 ppm pueden ser suficientes. Para oficinas, conviene buscar 25\u201335 ppm o m\u00e1s.<\/p>\n\n\n\n<p>Resoluci\u00f3n y calidad: Si bien todas las l\u00e1ser destacan en textos, no todas tienen el mismo acabado en im\u00e1genes. Si necesitas imprimir presentaciones o gr\u00e1ficos de alta calidad, revisa la resoluci\u00f3n m\u00e1xima (600 x 600 dpi puede ser suficiente, pero 1200 x 1200 dpi da mejores resultados).<\/p>\n\n\n\n<p>Costo de t\u00f3ner y mantenimiento: M\u00e1s all\u00e1 del precio del equipo, lo que realmente importa es cu\u00e1nto costar\u00e1 mantenerlo en el tiempo. Comparar el rendimiento del t\u00f3ner (n\u00famero de p\u00e1ginas por cartucho) es clave.<\/p>\n\n\n\n<p>Tama\u00f1o y dise\u00f1o: En oficinas peque\u00f1as o en el hogar, el espacio es oro. Una impresora compacta puede ser la mejor opci\u00f3n aunque sacrifique un poco de velocidad.<\/p>\n\n\n\n<p><a>Empresas destacadas en impresoras l\u00e1ser color<\/a><\/p>\n\n\n\n<p><a>1. Ricoh<\/a><\/p>\n\n\n\n<p><a href=\"https:\/\/tienda.ricoh-americalatina.com\/do\/\">Ricoh<\/a> es un referente mundial en soluciones de impresi\u00f3n profesional y de oficina. Sus impresoras l\u00e1ser color se caracterizan por su fiabilidad, opciones avanzadas de seguridad y bajos costos por p\u00e1gina. Adem\u00e1s, muchos de sus equipos incluyen pantallas t\u00e1ctiles intuitivas y capacidad de integraci\u00f3n con software empresarial, lo que las convierte en una excelente opci\u00f3n para oficinas que buscan productividad y control.<\/p>\n\n\n\n<p><a>2. HP<\/a><\/p>\n\n\n\n<p>Hewlett-Packard (HP) es probablemente una de las marcas m\u00e1s reconocidas en el mundo de la impresi\u00f3n. Sus impresoras l\u00e1ser color destacan por su facilidad de uso, opciones de impresi\u00f3n m\u00f3vil y un amplio cat\u00e1logo de modelos, desde compactos para el hogar hasta robustos para empresas grandes. Sus t\u00f3ner originales suelen ser m\u00e1s costosos, pero ofrecen excelente calidad.<\/p>\n\n\n\n<p><a>3. Canon<\/a><\/p>\n\n\n\n<p>Canon combina su experiencia en imagen con impresoras confiables y de gran rendimiento. Muchos de sus equipos multifunci\u00f3n ofrecen buena velocidad, alta resoluci\u00f3n para gr\u00e1ficos y la ventaja de dise\u00f1os compactos. Es una opci\u00f3n muy popular en oficinas creativas que requieren calidad visual.<\/p>\n\n\n\n<p><a>4. Brother<\/a><\/p>\n\n\n\n<p>Brother es sin\u00f3nimo de practicidad y econom\u00eda. Sus impresoras l\u00e1ser color suelen ser m\u00e1s asequibles y con t\u00f3ner de larga duraci\u00f3n. Tambi\u00e9n ofrecen gran compatibilidad con diferentes sistemas operativos y una curva de aprendizaje sencilla. Son ideales para peque\u00f1as y medianas empresas que necesitan eficiencia sin complicaciones.<\/p>\n\n\n\n<p><a>5. Epson<\/a><\/p>\n\n\n\n<p>Aunque Epson es m\u00e1s famosa por sus impresoras de inyecci\u00f3n, tambi\u00e9n ofrece modelos l\u00e1ser color competitivos. En algunos casos destacan por su conectividad y por opciones de impresi\u00f3n a doble cara autom\u00e1tica, lo que ayuda a reducir costos de papel.<\/p>\n\n\n\n<p><a>Consejos pr\u00e1cticos antes de comprar<\/a><\/p>\n\n\n\n<p>Eval\u00faa el costo total de propiedad (TCO): no te quedes solo con el precio inicial. Incluye t\u00f3ner, tambores, fusores y consumo energ\u00e9tico en el c\u00e1lculo.<\/p>\n\n\n\n<p>Verifica la garant\u00eda y soporte t\u00e9cnico: una buena cobertura puede ahorrarte dolores de cabeza.<\/p>\n\n\n\n<p>Lee opiniones de otros usuarios: nada mejor que la experiencia real para confirmar si un modelo cumple lo que promete.<\/p>\n\n\n\n<p>Haz una lista de prioridades: si tu uso principal ser\u00e1 imprimir textos, no necesitas el modelo con mayor resoluci\u00f3n gr\u00e1fica. Si trabajas con im\u00e1genes, entonces s\u00ed importa.<\/p>\n\n\n\n<p>Elegir la mejor impresora l\u00e1ser color no es cuesti\u00f3n de comprar la m\u00e1s cara ni la m\u00e1s r\u00e1pida, sino la que realmente se ajuste a tus necesidades.<\/p>\n\n\n\n<p>En el hogar, un modelo compacto y econ\u00f3mico puede ser suficiente, mientras que en una oficina con alta demanda se necesita un equipo robusto, con buena conectividad y bajo costo por p\u00e1gina.<\/p>\n\n\n\n<p>Al final, una impresora es una inversi\u00f3n en productividad. Elegir bien significa ahorrar tiempo, dinero y evitar frustraciones.<\/p>\n","protected":false},"excerpt":{"rendered":"<p>La elecci\u00f3n de una impresora no es un detalle menor. Tanto en una oficina como en el hogar, contar con un equipo confiable marca la diferencia en productividad, costos y&hellip;<\/p>\n","protected":false},"author":10,"featured_media":111418,"comment_status":"open","ping_status":"open","sticky":false,"template":"","format":"standard","meta":{"content-type":"","jetpack_post_was_ever_published":false,"_jetpack_newsletter_access":"","_jetpack_dont_email_post_to_subs":false,"_jetpack_newsletter_tier_id":0,"_jetpack_memberships_contains_paywalled_content":false,"_jetpack_memberships_contains_paid_content":false,"footnotes":""},"categories":[23746],"tags":[25744,25745,25746,1785,25747],"class_list":["post-111417","post","type-post","status-publish","format-standard","has-post-thumbnail","hentry","category-tecnologia","tag-color","tag-impresora","tag-laser","tag-oficina","tag-uso-personal"],"jetpack_featured_media_url":"https:\/\/lasprimeras.com.do\/wp-content\/uploads\/2025\/10\/jakub.jpg","jetpack-related-posts":[{"id":93032,"url":"https:\/\/lasprimeras.com.do\/index.php\/2025\/01\/21\/jce-lleva-a-la-dirigencia-del-prm-la-nueva-cedula-de-identidad-y-electoral\/","url_meta":{"origin":111417,"position":0},"title":"JCE lleva a la dirigencia del PRM la nueva c\u00e9dula de identidad y electoral","author":"Nelson Feliz","date":"21 de enero de 2025","format":false,"excerpt":"El Pleno de la Junta Central Electoral llev\u00f3 a la alta dirigencia del Partido Revolucionario Moderno sobre la renovaci\u00f3n de la c\u00e9dula de identidad y c\u00e9dula de identidad y electoral. El documento describe la renovaci\u00f3n de las c\u00e9dulas de identidad dominicanas, detallando las mejoras en seguridad y tecnolog\u00eda, como el\u2026","rel":"","context":"En \u00abNACIONALES\u00bb","block_context":{"text":"NACIONALES","link":"https:\/\/lasprimeras.com.do\/index.php\/category\/nacionales\/"},"img":{"alt_text":"JCE","src":"https:\/\/i0.wp.com\/lasprimeras.com.do\/wp-content\/uploads\/2024\/04\/img-Fachada-Normal-JCE-1.jpg?resize=350%2C200&ssl=1","width":350,"height":200,"srcset":"https:\/\/i0.wp.com\/lasprimeras.com.do\/wp-content\/uploads\/2024\/04\/img-Fachada-Normal-JCE-1.jpg?resize=350%2C200&ssl=1 1x, https:\/\/i0.wp.com\/lasprimeras.com.do\/wp-content\/uploads\/2024\/04\/img-Fachada-Normal-JCE-1.jpg?resize=525%2C300&ssl=1 1.5x, https:\/\/i0.wp.com\/lasprimeras.com.do\/wp-content\/uploads\/2024\/04\/img-Fachada-Normal-JCE-1.jpg?resize=700%2C400&ssl=1 2x"},"classes":[]},{"id":75139,"url":"https:\/\/lasprimeras.com.do\/index.php\/2024\/01\/29\/jce-aclara-pld-no-hackeo-equipos-y-que-solo-se-conecto-a-una-de-las-impresoras-por-wifi\/","url_meta":{"origin":111417,"position":1},"title":"JCE aclara PLD no hacke\u00f3 equipos y que solo se &#8220;conect\u00f3&#8221; a una de las impresoras por wifi","author":"Nelson Feliz","date":"29 de enero de 2024","format":false,"excerpt":"El \u00f3rgano comicial inici\u00f3 este lunes el clonado de los equipos de digitalizaci\u00f3n. El director de Inform\u00e1tica de la Junta Central Electoral (JCE) aclar\u00f3 este lunes que el Partido de la Liberaci\u00f3n Dominicana (PLD) no hacke\u00f3 los equipos que se utilizar\u00e1n en las elecciones municipales del pr\u00f3ximo mes, sino que\u2026","rel":"","context":"En \u00abNACIONALES\u00bb","block_context":{"text":"NACIONALES","link":"https:\/\/lasprimeras.com.do\/index.php\/category\/nacionales\/"},"img":{"alt_text":"JCE","src":"https:\/\/i0.wp.com\/lasprimeras.com.do\/wp-content\/uploads\/2024\/01\/JCE.jpg?resize=350%2C200&ssl=1","width":350,"height":200,"srcset":"https:\/\/i0.wp.com\/lasprimeras.com.do\/wp-content\/uploads\/2024\/01\/JCE.jpg?resize=350%2C200&ssl=1 1x, https:\/\/i0.wp.com\/lasprimeras.com.do\/wp-content\/uploads\/2024\/01\/JCE.jpg?resize=525%2C300&ssl=1 1.5x, https:\/\/i0.wp.com\/lasprimeras.com.do\/wp-content\/uploads\/2024\/01\/JCE.jpg?resize=700%2C400&ssl=1 2x"},"classes":[]},{"id":74578,"url":"https:\/\/lasprimeras.com.do\/index.php\/2024\/01\/24\/pld-asegura-sus-tecnicos-pudieron-hackear-equipos-jce-durante-prueba-computo\/","url_meta":{"origin":111417,"position":2},"title":"PLD asegura sus t\u00e9cnicos pudieron hackear equipos JCE durante prueba c\u00f3mputo","author":"BIMARY DE JES\u00daS Matos","date":"24 de enero de 2024","format":false,"excerpt":"Santo Domingo, RD.- El Partido de la Liberaci\u00f3n Dominicana (PLD) present\u00f3 un informe sobre sus hallazgos durante las pruebas regionales de c\u00f3mputo que realiz\u00f3 la Junta Central Electoral, mediante el que denunciaron una serie de fallas en los equipos que se utilizar\u00e1n para la trasmisi\u00f3n de los resultados de las\u2026","rel":"","context":"En \u00abSin categor\u00eda\u00bb","block_context":{"text":"Sin categor\u00eda","link":"https:\/\/lasprimeras.com.do\/index.php\/category\/sin-categoria\/"},"img":{"alt_text":"","src":"https:\/\/i0.wp.com\/lasprimeras.com.do\/wp-content\/uploads\/2024\/01\/WhatsApp-Image-2024-01-22-at-11.36.03-AM-7.jpeg?resize=350%2C200&ssl=1","width":350,"height":200,"srcset":"https:\/\/i0.wp.com\/lasprimeras.com.do\/wp-content\/uploads\/2024\/01\/WhatsApp-Image-2024-01-22-at-11.36.03-AM-7.jpeg?resize=350%2C200&ssl=1 1x, https:\/\/i0.wp.com\/lasprimeras.com.do\/wp-content\/uploads\/2024\/01\/WhatsApp-Image-2024-01-22-at-11.36.03-AM-7.jpeg?resize=525%2C300&ssl=1 1.5x"},"classes":[]},{"id":111431,"url":"https:\/\/lasprimeras.com.do\/index.php\/2025\/10\/08\/adocco-denuncia-irregularidades-en-el-proceso-de-licitacion-licencias-del-intrant\/","url_meta":{"origin":111417,"position":3},"title":"ADOCCO denuncia irregularidades en el proceso de licitaci\u00f3n licencias del INTRANT","author":"Nelson Feliz","date":"8 de octubre de 2025","format":false,"excerpt":"Imputa al ingeniero MILTON TE\u00d3FILO MORRISON MARTINEZ de confabulaci\u00f3n con el CONSORCIO MOBILITY ID para defraudar al Estado La Alianza Dominicana Contra la Corrupci\u00f3n (ADOCCO) denuncia por ante la PEPCA los peligros que acechan a la Rep\u00fablica Dominicana al estar toda la data de los dominicanos y dominicanas de las\u2026","rel":"","context":"En \u00abECONOM\u00cdA\u00bb","block_context":{"text":"ECONOM\u00cdA","link":"https:\/\/lasprimeras.com.do\/index.php\/category\/economia\/"},"img":{"alt_text":"Julio C\u00e9sar de la Rosa Tiburcio","src":"https:\/\/i0.wp.com\/lasprimeras.com.do\/wp-content\/uploads\/2025\/03\/Julio-Cesar-de-la-Rosa-Tiburcio.jpg?resize=350%2C200&ssl=1","width":350,"height":200,"srcset":"https:\/\/i0.wp.com\/lasprimeras.com.do\/wp-content\/uploads\/2025\/03\/Julio-Cesar-de-la-Rosa-Tiburcio.jpg?resize=350%2C200&ssl=1 1x, https:\/\/i0.wp.com\/lasprimeras.com.do\/wp-content\/uploads\/2025\/03\/Julio-Cesar-de-la-Rosa-Tiburcio.jpg?resize=525%2C300&ssl=1 1.5x, https:\/\/i0.wp.com\/lasprimeras.com.do\/wp-content\/uploads\/2025\/03\/Julio-Cesar-de-la-Rosa-Tiburcio.jpg?resize=700%2C400&ssl=1 2x"},"classes":[]},{"id":78977,"url":"https:\/\/lasprimeras.com.do\/index.php\/2024\/03\/22\/babado-torres-denuncia-robo-equipo-para-imprimir-carnet\/","url_meta":{"origin":111417,"position":4},"title":"Babado Torres denuncia robo equipo para imprimir carnet","author":"Nelson Feliz","date":"22 de marzo de 2024","format":false,"excerpt":"El ex presidente del CARD acusa a Vinicio Montero y Miguel Surun de sustraer una m\u00e1quina impresora de carnets del gremio. El ex presidente del Colegio de Abogados de la Rep\u00fablica Dominicana doctor Diego Babado Torres acus\u00f3 a un empleado del Sistema Nacional de Atenci\u00f3n a Emergencias y Seguridad 911\u2026","rel":"","context":"En \u00abNACIONALES\u00bb","block_context":{"text":"NACIONALES","link":"https:\/\/lasprimeras.com.do\/index.php\/category\/nacionales\/"},"img":{"alt_text":"Diego Babado Torres","src":"https:\/\/i0.wp.com\/lasprimeras.com.do\/wp-content\/uploads\/2024\/03\/Diego-Babado-Torres-1.jpg?resize=350%2C200&ssl=1","width":350,"height":200},"classes":[]},{"id":95509,"url":"https:\/\/lasprimeras.com.do\/index.php\/2025\/03\/14\/industria-grafica-lidera-uso-de-tecnologia-en-la-region-del-caribe\/","url_meta":{"origin":111417,"position":5},"title":"Industria Gr\u00e1fica l\u00eddera uso de tecnolog\u00eda en la regi\u00f3n del Caribe","author":"Nelson Feliz","date":"14 de marzo de 2025","format":false,"excerpt":"El presidente de la Asociaci\u00f3n Dominicana de Industrias Gr\u00e1ficas y Afines (ADIGA), William Calder\u00f3n, sostuvo que la celebraci\u00f3n este 15 de marzo del D\u00eda del Impresor, encuentra a la industria gr\u00e1fica dominicana siendo un sector l\u00edder en el uso de tecnolog\u00eda en la regi\u00f3n del Caribe, debido a que entre\u2026","rel":"","context":"En \u00abECONOM\u00cdA\u00bb","block_context":{"text":"ECONOM\u00cdA","link":"https:\/\/lasprimeras.com.do\/index.php\/category\/economia\/"},"img":{"alt_text":"industria gr\u00e1fica","src":"https:\/\/i0.wp.com\/lasprimeras.com.do\/wp-content\/uploads\/2025\/03\/industria-grafica-1.jpg?resize=350%2C200&ssl=1","width":350,"height":200,"srcset":"https:\/\/i0.wp.com\/lasprimeras.com.do\/wp-content\/uploads\/2025\/03\/industria-grafica-1.jpg?resize=350%2C200&ssl=1 1x, https:\/\/i0.wp.com\/lasprimeras.com.do\/wp-content\/uploads\/2025\/03\/industria-grafica-1.jpg?resize=525%2C300&ssl=1 1.5x, https:\/\/i0.wp.com\/lasprimeras.com.do\/wp-content\/uploads\/2025\/03\/industria-grafica-1.jpg?resize=700%2C400&ssl=1 2x"},"classes":[]}],"jetpack_sharing_enabled":true,"_links":{"self":[{"href":"https:\/\/lasprimeras.com.do\/index.php\/wp-json\/wp\/v2\/posts\/111417","targetHints":{"allow":["GET"]}}],"collection":[{"href":"https:\/\/lasprimeras.com.do\/index.php\/wp-json\/wp\/v2\/posts"}],"about":[{"href":"https:\/\/lasprimeras.com.do\/index.php\/wp-json\/wp\/v2\/types\/post"}],"author":[{"embeddable":true,"href":"https:\/\/lasprimeras.com.do\/index.php\/wp-json\/wp\/v2\/users\/10"}],"replies":[{"embeddable":true,"href":"https:\/\/lasprimeras.com.do\/index.php\/wp-json\/wp\/v2\/comments?post=111417"}],"version-history":[{"count":1,"href":"https:\/\/lasprimeras.com.do\/index.php\/wp-json\/wp\/v2\/posts\/111417\/revisions"}],"predecessor-version":[{"id":111419,"href":"https:\/\/lasprimeras.com.do\/index.php\/wp-json\/wp\/v2\/posts\/111417\/revisions\/111419"}],"wp:featuredmedia":[{"embeddable":true,"href":"https:\/\/lasprimeras.com.do\/index.php\/wp-json\/wp\/v2\/media\/111418"}],"wp:attachment":[{"href":"https:\/\/lasprimeras.com.do\/index.php\/wp-json\/wp\/v2\/media?parent=111417"}],"wp:term":[{"taxonomy":"category","embeddable":true,"href":"https:\/\/lasprimeras.com.do\/index.php\/wp-json\/wp\/v2\/categories?post=111417"},{"taxonomy":"post_tag","embeddable":true,"href":"https:\/\/lasprimeras.com.do\/index.php\/wp-json\/wp\/v2\/tags?post=111417"}],"curies":[{"name":"wp","href":"https:\/\/api.w.org\/{rel}","templated":true}]}}