{"id":111433,"date":"2025-10-09T07:18:11","date_gmt":"2025-10-09T11:18:11","guid":{"rendered":"https:\/\/lasprimeras.com.do\/?p=111433"},"modified":"2025-10-09T07:18:13","modified_gmt":"2025-10-09T11:18:13","slug":"premio-nacional-de-turismo-2025-reconoce-la-innovacion-y-sostenibilidad-en-la-industria-turistica","status":"publish","type":"post","link":"https:\/\/lasprimeras.com.do\/index.php\/2025\/10\/09\/premio-nacional-de-turismo-2025-reconoce-la-innovacion-y-sostenibilidad-en-la-industria-turistica\/","title":{"rendered":"Premio Nacional de Turismo 2025 reconoce la innovaci\u00f3n y sostenibilidad en la industria tur\u00edstica"},"content":{"rendered":"\n<p>Con la participaci\u00f3n de los principales actores del sector tur\u00edstico, la cuarta edici\u00f3n del Premio Nacional de Turismo 2025 reconoci\u00f3 a las iniciativas m\u00e1s sobresalientes que han contribuido significativamente al fortalecimiento y proyecci\u00f3n del turismo nacional durante el \u00faltimo a\u00f1o.<\/p>\n\n\n\n<p>Uno de los momentos m\u00e1s emotivos del evento fue la nominaci\u00f3n por trayectoria a tres destacadas figuras del turismo: Frank Rainieri, pionero del desarrollo tur\u00edstico en la regi\u00f3n y fundador de Punta Cana; Edmundo Aja Flaiter, presidente del consejo del Hoteles Hodelpa y referente del hoteler\u00eda nacional; y Leonardo Wehe, reconocido por su visi\u00f3n empresarial e impulso a nuevos modelos de negocio tur\u00edstico.<\/p>\n\n\n\n<p>Los tres fueron homenajeados por su legado, compromiso y contribuci\u00f3n al crecimiento sostenible de la industria.<\/p>\n\n\n\n<p>El presidente del Premio Nacional de Turismo, Luis Santiago Severino manifest\u00f3 que el turismo no es solo una actividad econ\u00f3mica, sino tambi\u00e9n un puente que une culturas y \u201cuna ventana para mostrar al mundo nuestra historia, la calidez de nuestra gente y la belleza de nuestros paisajes\u201d.<\/p>\n\n\n\n<p>Esta premiaci\u00f3n reconoce a quienes, con esfuerzo, creatividad y compromiso, han elevado la calidad y sostenibilidad en el pa\u00eds. A lo largo de sus ediciones, se ha convertido en un s\u00edmbolo de excelencia y una invitaci\u00f3n a seguir apostando por un turismo responsable, inclusivo y transformador.<\/p>\n\n\n\n<p>La actividad cont\u00f3 con la presencia de autoridades del sector pol\u00edtico, empresarios, emprendedores, y representantes de organizaciones, quienes destacaron el impacto positivo del premio en la profesionalizaci\u00f3n y competitividad del sector.<\/p>\n\n\n\n<p>Con esta cuarta edici\u00f3n, el Premio Nacional de Turismo no solo se consolida como una plataforma de reconocimiento, sino tambi\u00e9n como un espacio de encuentro e inspiraci\u00f3n para quienes trabajan por un turismo m\u00e1s responsable, competitivo y resiliente.<\/p>\n\n\n\n<p>Un premio hecho con sargazo<\/p>\n\n\n\n<p>Uno de los hitos m\u00e1s destacados de esta edici\u00f3n fue la entrega del primer reconocimiento fabricado con material de sargazo, una iniciativa que marca un precedente en la industria tur\u00edstica.<\/p>\n\n\n\n<p>La fabricaci\u00f3n y dise\u00f1o del trofeo estuvo a cargo de la empresa Eco Trofeos, apostando por la sostenibilidad y la reutilizaci\u00f3n de recursos naturales.<\/p>\n\n\n\n<p>La cuarta edici\u00f3n del Premio Nacional de Turismo cont\u00f3 con el respaldo del Grupo de Medios Panorama, encabezado por Miguel Medina y Luis Acosta.<\/p>\n\n\n\n<p>Tambi\u00e9n, del Ministerio de Turismo, Hotel Catalonia Santo Domingo, IDAC, INFOTEP, RD Vial, Cap Cana Ciudad Destino, Banreservas, Amhsa Marina, Progresa Corporate Group, Taymi, Homewood Santo Domingo, By Viva Wyndham, MA Creaciones Acr\u00edlicas, Lopesan Costa B\u00e1varo, PEMAT, Ocean by H10 Hotels, Hotel Gran Ventana, Senator All Inclusive Resorts, Sol Bus, JP Chanet, Cerveza Canita, Aquimista y BTC, entre otros.<\/p>\n","protected":false},"excerpt":{"rendered":"<p>Con la participaci\u00f3n de los principales actores del sector tur\u00edstico, la cuarta edici\u00f3n del Premio Nacional de Turismo 2025 reconoci\u00f3 a las iniciativas m\u00e1s sobresalientes que han contribuido significativamente al&hellip;<\/p>\n","protected":false},"author":10,"featured_media":111434,"comment_status":"open","ping_status":"open","sticky":false,"template":"","format":"standard","meta":{"content-type":"","jetpack_post_was_ever_published":false,"_jetpack_newsletter_access":"","_jetpack_dont_email_post_to_subs":false,"_jetpack_newsletter_tier_id":0,"_jetpack_memberships_contains_paywalled_content":false,"_jetpack_memberships_contains_paid_content":false,"footnotes":""},"categories":[376],"tags":[25754,645,25753,6082],"class_list":["post-111433","post","type-post","status-publish","format-standard","has-post-thumbnail","hentry","category-turismo","tag-industria-turistica","tag-innovacion","tag-premio-nacional-de-turismo-2025","tag-sostenibilidad"],"jetpack_featured_media_url":"https:\/\/lasprimeras.com.do\/wp-content\/uploads\/2025\/10\/premio.jpg","jetpack-related-posts":[{"id":54062,"url":"https:\/\/lasprimeras.com.do\/index.php\/2023\/07\/06\/anuncian-segunda-edicion-del-premio-nacional-de-turismo-2023\/","url_meta":{"origin":111433,"position":0},"title":"Anuncian segunda edici\u00f3n del Premio Nacional de Turismo 2023","author":"Nelson Feliz","date":"6 de julio de 2023","format":false,"excerpt":"El galard\u00f3n se entregar\u00e1 por segundo a\u00f1o el 06 de septiembre en las instalaciones del hotel Senator Puerto Plata. El sector del turismo de la Rep\u00fablica Dominicana contar\u00e1 con la segunda edici\u00f3n del Premio Nacional de Turismo 2023, con el objetivo de seguir incentivando al crecimiento de la industria tur\u00edstica\u2026","rel":"","context":"En \u00abTURISMO\u00bb","block_context":{"text":"TURISMO","link":"https:\/\/lasprimeras.com.do\/index.php\/category\/turismo\/"},"img":{"alt_text":"Premio Nacional de Turismo","src":"https:\/\/i0.wp.com\/lasprimeras.com.do\/wp-content\/uploads\/2023\/07\/Premio-Nacional-de-Turismo-1.jpg?resize=350%2C200&ssl=1","width":350,"height":200,"srcset":"https:\/\/i0.wp.com\/lasprimeras.com.do\/wp-content\/uploads\/2023\/07\/Premio-Nacional-de-Turismo-1.jpg?resize=350%2C200&ssl=1 1x, https:\/\/i0.wp.com\/lasprimeras.com.do\/wp-content\/uploads\/2023\/07\/Premio-Nacional-de-Turismo-1.jpg?resize=525%2C300&ssl=1 1.5x, https:\/\/i0.wp.com\/lasprimeras.com.do\/wp-content\/uploads\/2023\/07\/Premio-Nacional-de-Turismo-1.jpg?resize=700%2C400&ssl=1 2x"},"classes":[]},{"id":112668,"url":"https:\/\/lasprimeras.com.do\/index.php\/2025\/10\/25\/adompretur-reafirma-su-compromiso-con-el-turismo-sostenible-en-la-btc-2025\/","url_meta":{"origin":111433,"position":1},"title":"Adompretur reafirma su compromiso con el turismo sostenible en la BTC 2025","author":"Nelson Feliz","date":"25 de octubre de 2025","format":false,"excerpt":"La prensa tur\u00edstica dominicana participa en la feria caribe\u00f1a destacando la unidad y la proyecci\u00f3n internacional del sector La Asociaci\u00f3n Dominicana de la Prensa Tur\u00edstica (Adompretur) dej\u00f3 formalmente instalado este viernes su stand en la vig\u00e9sima novena edici\u00f3n de la Bolsa Tur\u00edstica del Caribe (BTC 2025), durante una sencilla ceremonia\u2026","rel":"","context":"En \u00abTURISMO\u00bb","block_context":{"text":"TURISMO","link":"https:\/\/lasprimeras.com.do\/index.php\/category\/turismo\/"},"img":{"alt_text":"","src":"https:\/\/i0.wp.com\/lasprimeras.com.do\/wp-content\/uploads\/2025\/10\/Adompretur-5.jpg?resize=350%2C200&ssl=1","width":350,"height":200,"srcset":"https:\/\/i0.wp.com\/lasprimeras.com.do\/wp-content\/uploads\/2025\/10\/Adompretur-5.jpg?resize=350%2C200&ssl=1 1x, https:\/\/i0.wp.com\/lasprimeras.com.do\/wp-content\/uploads\/2025\/10\/Adompretur-5.jpg?resize=525%2C300&ssl=1 1.5x, https:\/\/i0.wp.com\/lasprimeras.com.do\/wp-content\/uploads\/2025\/10\/Adompretur-5.jpg?resize=700%2C400&ssl=1 2x"},"classes":[]},{"id":121533,"url":"https:\/\/lasprimeras.com.do\/index.php\/2026\/02\/06\/academia-europea-exalta-labor-del-mescyt-en-la-formacion-estrategica-del-talento-turistico-dominicano\/","url_meta":{"origin":111433,"position":2},"title":"Academia europea exalta labor del MESCyT en la formaci\u00f3n estrat\u00e9gica del talento tur\u00edstico dominicano*","author":"Nelson Feliz","date":"6 de febrero de 2026","format":false,"excerpt":"Reconocimiento resalta liderazgo del Estado en la transformaci\u00f3n y profesionalizaci\u00f3n del turismo El Centro Universitario Internacional de Turismo, Hoteler\u00eda y Gastronom\u00eda (CETT), adscrito a la Universidad de Barcelona, otorgar\u00e1 al ministro de Educaci\u00f3n Superior, Ciencia y Tecnolog\u00eda (MESCyT), Franklin Garc\u00eda Ferm\u00edn, el Premio CETT Alimara Especial 2026, en reconocimiento a\u2026","rel":"","context":"En \u00abSin categor\u00eda\u00bb","block_context":{"text":"Sin categor\u00eda","link":"https:\/\/lasprimeras.com.do\/index.php\/category\/sin-categoria\/"},"img":{"alt_text":"","src":"https:\/\/i0.wp.com\/lasprimeras.com.do\/wp-content\/uploads\/2026\/02\/IMG-20260204-WA0649.jpg?resize=350%2C200&ssl=1","width":350,"height":200,"srcset":"https:\/\/i0.wp.com\/lasprimeras.com.do\/wp-content\/uploads\/2026\/02\/IMG-20260204-WA0649.jpg?resize=350%2C200&ssl=1 1x, https:\/\/i0.wp.com\/lasprimeras.com.do\/wp-content\/uploads\/2026\/02\/IMG-20260204-WA0649.jpg?resize=525%2C300&ssl=1 1.5x, https:\/\/i0.wp.com\/lasprimeras.com.do\/wp-content\/uploads\/2026\/02\/IMG-20260204-WA0649.jpg?resize=700%2C400&ssl=1 2x, https:\/\/i0.wp.com\/lasprimeras.com.do\/wp-content\/uploads\/2026\/02\/IMG-20260204-WA0649.jpg?resize=1050%2C600&ssl=1 3x, https:\/\/i0.wp.com\/lasprimeras.com.do\/wp-content\/uploads\/2026\/02\/IMG-20260204-WA0649.jpg?resize=1400%2C800&ssl=1 4x"},"classes":[]},{"id":112734,"url":"https:\/\/lasprimeras.com.do\/index.php\/2025\/10\/27\/premio-pel-2025-celebrara-el-martes-el-periodismo-turistico-dominicano\/","url_meta":{"origin":111433,"position":3},"title":"Premio PEL 2025 celebrar\u00e1 el martes el periodismo tur\u00edstico dominicano","author":"Nelson Feliz","date":"27 de octubre de 2025","format":false,"excerpt":"M\u00e1s de 50 periodistas y comunicadores compiten en las diferentes categor\u00edas de este galard\u00f3n de Adompretur, que ser\u00e1 entregado el martes 28 de octubre. Todo est\u00e1 preparado para la entrega del Premio Nacional de Periodismo Tur\u00edstico Epifanio Lantigua (PEL) 2025, el reconocimiento m\u00e1s importante del periodismo tur\u00edstico dominicano. La gala\u2026","rel":"","context":"En \u00abTURISMO\u00bb","block_context":{"text":"TURISMO","link":"https:\/\/lasprimeras.com.do\/index.php\/category\/turismo\/"},"img":{"alt_text":"","src":"https:\/\/i0.wp.com\/lasprimeras.com.do\/wp-content\/uploads\/2025\/08\/Sarah-Hernandez.jpg?resize=350%2C200&ssl=1","width":350,"height":200,"srcset":"https:\/\/i0.wp.com\/lasprimeras.com.do\/wp-content\/uploads\/2025\/08\/Sarah-Hernandez.jpg?resize=350%2C200&ssl=1 1x, https:\/\/i0.wp.com\/lasprimeras.com.do\/wp-content\/uploads\/2025\/08\/Sarah-Hernandez.jpg?resize=525%2C300&ssl=1 1.5x, https:\/\/i0.wp.com\/lasprimeras.com.do\/wp-content\/uploads\/2025\/08\/Sarah-Hernandez.jpg?resize=700%2C400&ssl=1 2x"},"classes":[]},{"id":113237,"url":"https:\/\/lasprimeras.com.do\/index.php\/2025\/10\/30\/karina-jimenez-gana-premio-periodismo-turistico-epifanio-lantigua\/","url_meta":{"origin":111433,"position":4},"title":"Karina Jim\u00e9nez gana premio Periodismo Tur\u00edstico Epifanio Lantigua","author":"Nelson Feliz","date":"30 de octubre de 2025","format":false,"excerpt":"Gan\u00f3 en la categor\u00eda Periodismo Impreso La periodista Karina Jim\u00e9nez fue reconocida la noche de este martes en la XXI edici\u00f3n del Premio Nacional de Periodismo Tur\u00edstico Epifanio Lantigua (PEL 2025), que organiza anualmente la Asociaci\u00f3n Dominicana de Prensa Tur\u00edstica (Adompretur), por su trabajo titulado \u201cUn baile con sabor a\u2026","rel":"","context":"En \u00abTURISMO\u00bb","block_context":{"text":"TURISMO","link":"https:\/\/lasprimeras.com.do\/index.php\/category\/turismo\/"},"img":{"alt_text":"","src":"https:\/\/i0.wp.com\/lasprimeras.com.do\/wp-content\/uploads\/2025\/10\/Karina-Jimenez.jpg?resize=350%2C200&ssl=1","width":350,"height":200,"srcset":"https:\/\/i0.wp.com\/lasprimeras.com.do\/wp-content\/uploads\/2025\/10\/Karina-Jimenez.jpg?resize=350%2C200&ssl=1 1x, https:\/\/i0.wp.com\/lasprimeras.com.do\/wp-content\/uploads\/2025\/10\/Karina-Jimenez.jpg?resize=525%2C300&ssl=1 1.5x, https:\/\/i0.wp.com\/lasprimeras.com.do\/wp-content\/uploads\/2025\/10\/Karina-Jimenez.jpg?resize=700%2C400&ssl=1 2x"},"classes":[]},{"id":116155,"url":"https:\/\/lasprimeras.com.do\/index.php\/2025\/11\/27\/el-senado-reconoce-a-ernesto-veloz-por-sus-30-anos-de-aportes-al-turismo\/","url_meta":{"origin":111433,"position":5},"title":"El Senado reconoce a Ernesto Veloz por sus 30 a\u00f1os de aportes al turismo","author":"Nelson Feliz","date":"27 de noviembre de 2025","format":false,"excerpt":"Ernesto Veloz agradeci\u00f3 a los Rainieri por abrirle las puertas para cumplir su sue\u00f1o. El Senado de la Rep\u00fablica hizo este jueves un reconocimiento a Manuel Ernesto Veloz Valdez, por su destacada trayectoria y sus aportes al desarrollo y fortalecimiento del turismo en la Rep\u00fablica Dominicana en sus m\u00e1s de\u2026","rel":"","context":"En \u00abNACIONALES\u00bb","block_context":{"text":"NACIONALES","link":"https:\/\/lasprimeras.com.do\/index.php\/category\/nacionales\/"},"img":{"alt_text":"","src":"https:\/\/i0.wp.com\/lasprimeras.com.do\/wp-content\/uploads\/2025\/11\/Ernesto-Veloz.jpg?resize=350%2C200&ssl=1","width":350,"height":200,"srcset":"https:\/\/i0.wp.com\/lasprimeras.com.do\/wp-content\/uploads\/2025\/11\/Ernesto-Veloz.jpg?resize=350%2C200&ssl=1 1x, https:\/\/i0.wp.com\/lasprimeras.com.do\/wp-content\/uploads\/2025\/11\/Ernesto-Veloz.jpg?resize=525%2C300&ssl=1 1.5x, https:\/\/i0.wp.com\/lasprimeras.com.do\/wp-content\/uploads\/2025\/11\/Ernesto-Veloz.jpg?resize=700%2C400&ssl=1 2x"},"classes":[]}],"jetpack_sharing_enabled":true,"_links":{"self":[{"href":"https:\/\/lasprimeras.com.do\/index.php\/wp-json\/wp\/v2\/posts\/111433","targetHints":{"allow":["GET"]}}],"collection":[{"href":"https:\/\/lasprimeras.com.do\/index.php\/wp-json\/wp\/v2\/posts"}],"about":[{"href":"https:\/\/lasprimeras.com.do\/index.php\/wp-json\/wp\/v2\/types\/post"}],"author":[{"embeddable":true,"href":"https:\/\/lasprimeras.com.do\/index.php\/wp-json\/wp\/v2\/users\/10"}],"replies":[{"embeddable":true,"href":"https:\/\/lasprimeras.com.do\/index.php\/wp-json\/wp\/v2\/comments?post=111433"}],"version-history":[{"count":1,"href":"https:\/\/lasprimeras.com.do\/index.php\/wp-json\/wp\/v2\/posts\/111433\/revisions"}],"predecessor-version":[{"id":111435,"href":"https:\/\/lasprimeras.com.do\/index.php\/wp-json\/wp\/v2\/posts\/111433\/revisions\/111435"}],"wp:featuredmedia":[{"embeddable":true,"href":"https:\/\/lasprimeras.com.do\/index.php\/wp-json\/wp\/v2\/media\/111434"}],"wp:attachment":[{"href":"https:\/\/lasprimeras.com.do\/index.php\/wp-json\/wp\/v2\/media?parent=111433"}],"wp:term":[{"taxonomy":"category","embeddable":true,"href":"https:\/\/lasprimeras.com.do\/index.php\/wp-json\/wp\/v2\/categories?post=111433"},{"taxonomy":"post_tag","embeddable":true,"href":"https:\/\/lasprimeras.com.do\/index.php\/wp-json\/wp\/v2\/tags?post=111433"}],"curies":[{"name":"wp","href":"https:\/\/api.w.org\/{rel}","templated":true}]}}