{"id":111436,"date":"2025-10-08T07:22:00","date_gmt":"2025-10-08T11:22:00","guid":{"rendered":"https:\/\/lasprimeras.com.do\/?p=111436"},"modified":"2025-10-09T07:25:38","modified_gmt":"2025-10-09T11:25:38","slug":"juramentan-nueva-directiva-filial-adompretur-en-ny","status":"publish","type":"post","link":"https:\/\/lasprimeras.com.do\/index.php\/2025\/10\/08\/juramentan-nueva-directiva-filial-adompretur-en-ny\/","title":{"rendered":"Juramentan nueva directiva filial Adompretur en NY"},"content":{"rendered":"\n<p>Por Ram\u00f3n Mercedes<\/p>\n\n\n\n<p>NUEVA YORK.- Una nueva directiva de la filial de la Asociaci\u00f3n Dominicana de la Prensa Tur\u00edstica (Adompretur) para el per\u00edodo 2025-2027, fue juramentada el pasado fin de semana en esta ciudad por la presidenta nacional, Sarah Hern\u00e1ndez.<\/p>\n\n\n\n<p>Fue reelecto como presidente el comunicador C\u00e9sar Romero, adem\u00e1s, Rafael D\u00edaz, subsecretario general; Eddie Heredia, director de Finanzas; Dar\u00edo Abreu, de Relaciones Institucionales; Rom\u00e1n Polanco, de Capacitaci\u00f3n; F\u00e9lix Grant, en Relaciones P\u00fablicas; Jenny G\u00f3mez, en Turismo y Cultura; Levis Germ\u00e1n, de Eventos, y Jos\u00e9 Sandoval, como vocal.<\/p>\n\n\n\n<p>Hern\u00e1ndez pronunci\u00f3 un discurso en el que revel\u00f3 que la di\u00e1spora dominicana es la \u00ablocomotora\u00bb indiscutible del crecimiento del turismo en RD, con un aporte cercano a ocho millones de visitantes en los \u00faltimos cinco a\u00f1os.<\/p>\n\n\n\n<p>Dijo que, si se suman los aportes en remesas de los dominicanos en el exterior, que del 2020 al 2025 superan los 50.000 millones de d\u00f3lares, de acuerdo a cifras del Banco Central, estamos hablando que nuestra di\u00e1spora ha sido un factor vital en el desarrollo que se ha experimentado en el pa\u00eds en las \u00faltimas d\u00e9cadas.<\/p>\n\n\n\n<p>Subray\u00f3 que los dominicanos residentes en Estados Unidos, Europa y Am\u00e9rica Latina han sido una fuerza constante detr\u00e1s del crecimiento que coloca el pa\u00eds caribe\u00f1o como el destino m\u00e1s visitado del Caribe y el tercero en las Am\u00e9ricas, solo por detr\u00e1s de Estados Unidos y Canad\u00e1, de acuerdo con datos de la ONU Turismo.<\/p>\n\n\n\n<p>Resalt\u00f3 que su gesti\u00f3n se ha concentrado en la unidad interna y la institucionalizaci\u00f3n de la entidad, que agrupa a comunicadores especializados en turismo, para seguir aportando como lo ha hecho, pero ahora a un turismo sostenible, que valore y respete nuestra riqueza natural y cultural.<\/p>\n\n\n\n<p>\u00abEstar aqu\u00ed, frente a ustedes, es reafirmar un mensaje de unidad y confianza en que podemos seguir escalando pelda\u00f1os, ahora que nos acercamos a los 50 a\u00f1os de vida institucional\u00bb, expres\u00f3 Hern\u00e1ndez.<\/p>\n\n\n\n<p>Por su parte, Romero expres\u00f3 su satisfacci\u00f3n por la presencia de los directivos de la entidad que viajaron desde RD y de numerosos invitados que llenaron la sala, y anunci\u00f3 un proceso de relanzamiento del gremio profesional, enfocado en la apertura a nuevos miembros y en la promoci\u00f3n de la RD como destino cultural, m\u00e1s all\u00e1 del tradicional turismo de playas.<\/p>\n\n\n\n<p>Se rindi\u00f3 un homenaje p\u00f3stumo a la legendaria Mar\u00eda Cristina Camilo, pionera de la radio, la actuaci\u00f3n y televisi\u00f3n dominicana, fallecida recientemente.<\/p>\n\n\n\n<p>Una delegaci\u00f3n especial desde la RD acompa\u00f1\u00f3 a la presidenta nacional, entre ellos: Millizen Uribe, vicepresidenta nacional; Junior McDougal, secretario general de la filial de Santiago de los Caballeros; Yenny Polanco Lovera, expresidenta nacional; y Arsenio Urceta, miembro de Santo Domingo.<\/p>\n\n\n\n<p>Tambi\u00e9n asisti\u00f3 Jos\u00e9 Tejada G\u00f3mez (Cheo), exdirector de prensa de Radio Televisi\u00f3n Dominicana (RTVD) y expresidente de la Asociaci\u00f3n de Cronistas de Arte (Acroarte), quien destac\u00f3 la importancia de fortalecer los lazos entre los gremios period\u00edsticos de la di\u00e1spora y el pa\u00eds.<\/p>\n\n\n\n<p>El acto concluy\u00f3 con un llamado a la unidad de la prensa tur\u00edstica dominicana dentro y fuera del pa\u00eds, manteniendo el compromiso de la entidad con la promoci\u00f3n del turismo sostenible, la identidad nacional y el fortalecimiento del periodismo especializado.<\/p>\n","protected":false},"excerpt":{"rendered":"<p>Por Ram\u00f3n Mercedes NUEVA YORK.- Una nueva directiva de la filial de la Asociaci\u00f3n Dominicana de la Prensa Tur\u00edstica (Adompretur) para el per\u00edodo 2025-2027, fue juramentada el pasado fin de&hellip;<\/p>\n","protected":false},"author":10,"featured_media":111437,"comment_status":"open","ping_status":"open","sticky":false,"template":"","format":"standard","meta":{"content-type":"","jetpack_post_was_ever_published":false,"_jetpack_newsletter_access":"","_jetpack_dont_email_post_to_subs":false,"_jetpack_newsletter_tier_id":0,"_jetpack_memberships_contains_paywalled_content":false,"_jetpack_memberships_contains_paid_content":false,"footnotes":""},"categories":[376],"tags":[25755],"class_list":["post-111436","post","type-post","status-publish","format-standard","has-post-thumbnail","hentry","category-turismo","tag-juramentan-nueva-directiva-filial-adompretur-en-ny"],"jetpack_featured_media_url":"https:\/\/lasprimeras.com.do\/wp-content\/uploads\/2025\/10\/Juramentan-nueva-directiva-filial-Adompretur-en-NY.jpg","jetpack-related-posts":[{"id":111870,"url":"https:\/\/lasprimeras.com.do\/index.php\/2025\/10\/14\/con-homenaje-postumo-a-maria-cristina-camilo-adompretur-juramenta-nueva-directiva-en-nueva-york\/","url_meta":{"origin":111436,"position":0},"title":"Con homenaje p\u00f3stumo a Mar\u00eda Cristina Camilo, Adompretur juramenta nueva directiva en Nueva York","author":"Nelson Feliz","date":"14 de octubre de 2025","format":false,"excerpt":"Por Aquiles Rojas NUEVA YORK. \u2013 La Asociaci\u00f3n Dominicana de Prensa Tur\u00edstica (Adompretur) filial Nueva York celebr\u00f3 este domingo el acto de juramentaci\u00f3n de su directiva correspondiente al per\u00edodo 2025-2027, durante una emotiva ceremonia realizada en los salones de la Direcci\u00f3n Dominicana de Cultura, en el alto Manhattan. El evento\u2026","rel":"","context":"En \u00abTURISMO\u00bb","block_context":{"text":"TURISMO","link":"https:\/\/lasprimeras.com.do\/index.php\/category\/turismo\/"},"img":{"alt_text":"","src":"https:\/\/i0.wp.com\/lasprimeras.com.do\/wp-content\/uploads\/2025\/10\/Adompretur.jpg?resize=350%2C200&ssl=1","width":350,"height":200,"srcset":"https:\/\/i0.wp.com\/lasprimeras.com.do\/wp-content\/uploads\/2025\/10\/Adompretur.jpg?resize=350%2C200&ssl=1 1x, https:\/\/i0.wp.com\/lasprimeras.com.do\/wp-content\/uploads\/2025\/10\/Adompretur.jpg?resize=525%2C300&ssl=1 1.5x, https:\/\/i0.wp.com\/lasprimeras.com.do\/wp-content\/uploads\/2025\/10\/Adompretur.jpg?resize=700%2C400&ssl=1 2x"},"classes":[]},{"id":112408,"url":"https:\/\/lasprimeras.com.do\/index.php\/2025\/10\/18\/adompretur-concluye-en-pedernales-y-barahona-la-juramentacion-de-sus-doce-filiales\/","url_meta":{"origin":111436,"position":1},"title":"Adompretur concluye en Pedernales y Barahona la juramentaci\u00f3n de sus doce filiales","author":"Nelson Feliz","date":"18 de octubre de 2025","format":false,"excerpt":"La presidenta Sarah Hern\u00e1ndez reafirma su compromiso de consejo directivo con fortalecer la prensa tur\u00edstica nacional. La Asociaci\u00f3n Dominicana de Prensa Tur\u00edstica (Adompretur) cerr\u00f3 oficialmente el ciclo de juramentaciones el pasado fin de semana de sus doce filiales nacionales con la instalaci\u00f3n de las directivas en Barahona y Pedernales. Los\u2026","rel":"","context":"En \u00abTURISMO\u00bb","block_context":{"text":"TURISMO","link":"https:\/\/lasprimeras.com.do\/index.php\/category\/turismo\/"},"img":{"alt_text":"","src":"https:\/\/i0.wp.com\/lasprimeras.com.do\/wp-content\/uploads\/2025\/10\/Adompretur-3.jpg?resize=350%2C200&ssl=1","width":350,"height":200,"srcset":"https:\/\/i0.wp.com\/lasprimeras.com.do\/wp-content\/uploads\/2025\/10\/Adompretur-3.jpg?resize=350%2C200&ssl=1 1x, https:\/\/i0.wp.com\/lasprimeras.com.do\/wp-content\/uploads\/2025\/10\/Adompretur-3.jpg?resize=525%2C300&ssl=1 1.5x, https:\/\/i0.wp.com\/lasprimeras.com.do\/wp-content\/uploads\/2025\/10\/Adompretur-3.jpg?resize=700%2C400&ssl=1 2x"},"classes":[]},{"id":107234,"url":"https:\/\/lasprimeras.com.do\/index.php\/2025\/08\/24\/nueva-directiva-liderada-por-sarah-hernandez-asume-presidencia-de-adompretur\/","url_meta":{"origin":111436,"position":2},"title":"Nueva directiva liderada por Sarah Hern\u00e1ndez asume presidencia de Adompretur","author":"Nelson Feliz","date":"24 de agosto de 2025","format":false,"excerpt":"La periodista y abogada anuncia planes de modernizaci\u00f3n, formaci\u00f3n y que trabajar\u00e1 por creaci\u00f3n de un museo del turismo La Asociaci\u00f3n Dominicana de Prensa Tur\u00edstica (Adompretur) inici\u00f3 una nueva etapa bajo el liderazgo de la periodista y abogada Sarah Hern\u00e1ndez, juramentada este martes como presidenta de la instituci\u00f3n junto a\u2026","rel":"","context":"En \u00abTURISMO\u00bb","block_context":{"text":"TURISMO","link":"https:\/\/lasprimeras.com.do\/index.php\/category\/turismo\/"},"img":{"alt_text":"","src":"https:\/\/i0.wp.com\/lasprimeras.com.do\/wp-content\/uploads\/2025\/08\/Sarah-Hernandez.jpg?resize=350%2C200&ssl=1","width":350,"height":200,"srcset":"https:\/\/i0.wp.com\/lasprimeras.com.do\/wp-content\/uploads\/2025\/08\/Sarah-Hernandez.jpg?resize=350%2C200&ssl=1 1x, https:\/\/i0.wp.com\/lasprimeras.com.do\/wp-content\/uploads\/2025\/08\/Sarah-Hernandez.jpg?resize=525%2C300&ssl=1 1.5x, https:\/\/i0.wp.com\/lasprimeras.com.do\/wp-content\/uploads\/2025\/08\/Sarah-Hernandez.jpg?resize=700%2C400&ssl=1 2x"},"classes":[]},{"id":53180,"url":"https:\/\/lasprimeras.com.do\/index.php\/2023\/06\/24\/yenny-polanco-presenta-plancha-integridad-y-compromiso-para-las-elecciones-de-adompretur-2023-2025\/","url_meta":{"origin":111436,"position":3},"title":"Yenny Polanco presenta plancha \u201cIntegridad y Compromiso\u201d para las elecciones de Adompretur 2023-2025","author":"Nelson Feliz","date":"24 de junio de 2023","format":false,"excerpt":"La periodista Yenny Polanco Lovera present\u00f3 los miembros que integran la plancha \u201cIntegridad y compromiso\u201d, que participar\u00e1 en las pr\u00f3ximas elecciones de la Asociaci\u00f3n Dominicana de Prensa Tur\u00edstica (Adompretur), durante un acto realizado en el hotel Crowne Plaza, en Santo Domingo. Las palabras de bienvenida fueron pronunciadas por Jos\u00e9 Mar\u00eda\u2026","rel":"","context":"En \u00abTURISMO\u00bb","block_context":{"text":"TURISMO","link":"https:\/\/lasprimeras.com.do\/index.php\/category\/turismo\/"},"img":{"alt_text":"La periodista Yenny Polanco Lovera present\u00f3 los miembros que integran la plancha \u201cIntegridad y compromiso\u201d","src":"https:\/\/i0.wp.com\/lasprimeras.com.do\/wp-content\/uploads\/2023\/06\/1.-Yenny-Polanco-Lovera-candidata-a-un-segundo-periodo-en-la-presidencia-de-Adompretur.jpg?resize=350%2C200&ssl=1","width":350,"height":200,"srcset":"https:\/\/i0.wp.com\/lasprimeras.com.do\/wp-content\/uploads\/2023\/06\/1.-Yenny-Polanco-Lovera-candidata-a-un-segundo-periodo-en-la-presidencia-de-Adompretur.jpg?resize=350%2C200&ssl=1 1x, https:\/\/i0.wp.com\/lasprimeras.com.do\/wp-content\/uploads\/2023\/06\/1.-Yenny-Polanco-Lovera-candidata-a-un-segundo-periodo-en-la-presidencia-de-Adompretur.jpg?resize=525%2C300&ssl=1 1.5x, https:\/\/i0.wp.com\/lasprimeras.com.do\/wp-content\/uploads\/2023\/06\/1.-Yenny-Polanco-Lovera-candidata-a-un-segundo-periodo-en-la-presidencia-de-Adompretur.jpg?resize=700%2C400&ssl=1 2x"},"classes":[]},{"id":108548,"url":"https:\/\/lasprimeras.com.do\/index.php\/2025\/09\/08\/adompretur-agradece-al-abinader-y-collado-entrega-de-casa-propia-para-su-filial-en-puerto-plata\/","url_meta":{"origin":111436,"position":4},"title":"Adompretur agradece al Abinader y Collado entrega de casa propia para su filial en Puerto Plata","author":"Nelson Feliz","date":"8 de septiembre de 2025","format":false,"excerpt":"Junior Garc\u00eda y Sarah Hern\u00e1ndez destacan el valor simb\u00f3lico de la nueva sede del gremio. El presidente Luis Abinader y el ministro de Turismo David Collado entregaron a la Asociaci\u00f3n Dominicana de Prensa Tur\u00edstica (Adompretur) su primera casa propia: una moderna edificaci\u00f3n de dos niveles que acoger\u00e1 la filial del\u2026","rel":"","context":"En \u00abTURISMO\u00bb","block_context":{"text":"TURISMO","link":"https:\/\/lasprimeras.com.do\/index.php\/category\/turismo\/"},"img":{"alt_text":"","src":"https:\/\/i0.wp.com\/lasprimeras.com.do\/wp-content\/uploads\/2025\/09\/Momento-de-corte-de-la-cinta-que-sella-formalmente-la-entrega-de-la-Casa-Adompretur-Puerto-Plata.jpg?resize=350%2C200&ssl=1","width":350,"height":200,"srcset":"https:\/\/i0.wp.com\/lasprimeras.com.do\/wp-content\/uploads\/2025\/09\/Momento-de-corte-de-la-cinta-que-sella-formalmente-la-entrega-de-la-Casa-Adompretur-Puerto-Plata.jpg?resize=350%2C200&ssl=1 1x, https:\/\/i0.wp.com\/lasprimeras.com.do\/wp-content\/uploads\/2025\/09\/Momento-de-corte-de-la-cinta-que-sella-formalmente-la-entrega-de-la-Casa-Adompretur-Puerto-Plata.jpg?resize=525%2C300&ssl=1 1.5x, https:\/\/i0.wp.com\/lasprimeras.com.do\/wp-content\/uploads\/2025\/09\/Momento-de-corte-de-la-cinta-que-sella-formalmente-la-entrega-de-la-Casa-Adompretur-Puerto-Plata.jpg?resize=700%2C400&ssl=1 2x"},"classes":[]},{"id":102459,"url":"https:\/\/lasprimeras.com.do\/index.php\/2025\/07\/05\/innovacion-y-conexion-una-propuesta-fresca-y-estrategica-para-adompretur\/","url_meta":{"origin":111436,"position":5},"title":"&#8220;Innovaci\u00f3n y Conexi\u00f3n&#8221; una propuesta fresca y estrat\u00e9gica para ADOMPRETUR","author":"Nelson Feliz","date":"5 de julio de 2025","format":false,"excerpt":"La plancha de Sarah Hern\u00e1ndez apuesta por una instituci\u00f3n m\u00e1s integrada, con visi\u00f3n moderna y un liderazgo que conecte realidades y transforme el gremio. La periodista y abogada Sarah Hern\u00e1ndez oficializ\u00f3 su candidatura a la presidencia de la Asociaci\u00f3n Dominicana de Prensa Tur\u00edstica (ADOMPRETUR) para el per\u00edodo 2025-2027, con una\u2026","rel":"","context":"En \u00abPORTADA\u00bb","block_context":{"text":"PORTADA","link":"https:\/\/lasprimeras.com.do\/index.php\/category\/portada\/"},"img":{"alt_text":"","src":"https:\/\/i0.wp.com\/lasprimeras.com.do\/wp-content\/uploads\/2025\/07\/ADOMPRETUR.jpg?resize=350%2C200&ssl=1","width":350,"height":200,"srcset":"https:\/\/i0.wp.com\/lasprimeras.com.do\/wp-content\/uploads\/2025\/07\/ADOMPRETUR.jpg?resize=350%2C200&ssl=1 1x, https:\/\/i0.wp.com\/lasprimeras.com.do\/wp-content\/uploads\/2025\/07\/ADOMPRETUR.jpg?resize=525%2C300&ssl=1 1.5x, https:\/\/i0.wp.com\/lasprimeras.com.do\/wp-content\/uploads\/2025\/07\/ADOMPRETUR.jpg?resize=700%2C400&ssl=1 2x"},"classes":[]}],"jetpack_sharing_enabled":true,"_links":{"self":[{"href":"https:\/\/lasprimeras.com.do\/index.php\/wp-json\/wp\/v2\/posts\/111436","targetHints":{"allow":["GET"]}}],"collection":[{"href":"https:\/\/lasprimeras.com.do\/index.php\/wp-json\/wp\/v2\/posts"}],"about":[{"href":"https:\/\/lasprimeras.com.do\/index.php\/wp-json\/wp\/v2\/types\/post"}],"author":[{"embeddable":true,"href":"https:\/\/lasprimeras.com.do\/index.php\/wp-json\/wp\/v2\/users\/10"}],"replies":[{"embeddable":true,"href":"https:\/\/lasprimeras.com.do\/index.php\/wp-json\/wp\/v2\/comments?post=111436"}],"version-history":[{"count":1,"href":"https:\/\/lasprimeras.com.do\/index.php\/wp-json\/wp\/v2\/posts\/111436\/revisions"}],"predecessor-version":[{"id":111438,"href":"https:\/\/lasprimeras.com.do\/index.php\/wp-json\/wp\/v2\/posts\/111436\/revisions\/111438"}],"wp:featuredmedia":[{"embeddable":true,"href":"https:\/\/lasprimeras.com.do\/index.php\/wp-json\/wp\/v2\/media\/111437"}],"wp:attachment":[{"href":"https:\/\/lasprimeras.com.do\/index.php\/wp-json\/wp\/v2\/media?parent=111436"}],"wp:term":[{"taxonomy":"category","embeddable":true,"href":"https:\/\/lasprimeras.com.do\/index.php\/wp-json\/wp\/v2\/categories?post=111436"},{"taxonomy":"post_tag","embeddable":true,"href":"https:\/\/lasprimeras.com.do\/index.php\/wp-json\/wp\/v2\/tags?post=111436"}],"curies":[{"name":"wp","href":"https:\/\/api.w.org\/{rel}","templated":true}]}}