{"id":111481,"date":"2025-10-09T10:06:08","date_gmt":"2025-10-09T14:06:08","guid":{"rendered":"https:\/\/lasprimeras.com.do\/?p=111481"},"modified":"2025-10-09T10:06:10","modified_gmt":"2025-10-09T14:06:10","slug":"china-anuncia-mas-controles-sobre-exportaciones-de-tierras-raras-y-tecnologia","status":"publish","type":"post","link":"https:\/\/lasprimeras.com.do\/index.php\/2025\/10\/09\/china-anuncia-mas-controles-sobre-exportaciones-de-tierras-raras-y-tecnologia\/","title":{"rendered":"China anuncia m\u00e1s controles sobre exportaciones de tierras raras y tecnolog\u00eda"},"content":{"rendered":"\n<p>POR CHAN HO-HIM<\/p>\n\n\n\n<p>HONG KONG (AP) \u2014 China anunci\u00f3 el jueves nuevas restricciones a las exportaciones de tierras raras y tecnolog\u00edas relacionadas, ampliando los controles sobre el uso de estos elementos cr\u00edticos para muchos productos antes de una reuni\u00f3n a finales de este mes entre el presidente de Estados Unidos, Donald Trump, y el l\u00edder chino, Xi Jinping.<\/p>\n\n\n\n<p>Las regulaciones anunciadas por el Ministerio de Comercio requieren que las empresas extranjeras obtengan un permiso especial para exportar art\u00edculos que contengan incluso peque\u00f1as trazas de elementos de tierras raras provenientes de China.<\/p>\n\n\n\n<p>Beijing tambi\u00e9n impondr\u00e1 requisitos de permisos para las exportaciones de tecnolog\u00edas relacionadas con la miner\u00eda, fundici\u00f3n, reciclaje y fabricaci\u00f3n de magn\u00e9ticos de tierras raras, seg\u00fan inform\u00f3.<\/p>\n\n\n\n<p>China representa casi el 70% de la miner\u00eda mundial de tierras raras. Tambi\u00e9n controla aproximadamente el 90% del procesamiento global de tierras raras. El acceso a estos materiales es un punto clave de disputa en las negociaciones comerciales entre Washington y Beijing.<\/p>\n\n\n\n<p>Mientras Trump ha aumentado los aranceles sobre las importaciones de muchos productos de China, Beijing ha redoblado los controles sobre los minerales estrat\u00e9gicos, generando preocupaciones sobre posibles escaseces para los fabricantes en Estados Unidos y otros lugares.<\/p>\n\n\n\n<p>Xi y Putin reafirman sus lazos de &#8220;viejos amigos&#8221; ante desaf\u00edos de EEUU<br>No estaba claro de inmediato c\u00f3mo planea China hacer cumplir las nuevas pol\u00edticas en el extranjero.<\/p>\n\n\n\n<p>Los minerales cr\u00edticos se utilizan en una amplia gama de productos, desde motores a reacci\u00f3n, sistemas de radar y autom\u00f3viles hasta productos electr\u00f3nicos de consumo, incluidos laptops y celulares.<\/p>\n\n\n\n<p>Las nuevas restricciones son para \u201csalvaguardar mejor la seguridad nacional\u201d y para evitar usos en \u201ccampos sensibles como el militar\u201d de tierras raras procesadas o provenientes de China o de sus tecnolog\u00edas relacionadas, dijo el Ministerio de Comercio.<\/p>\n\n\n\n<p>Se\u00f1al\u00f3 que algunos \u201corganismos e individuos extranjeros\u201d no identificados hab\u00edan transferido elementos y tecnolog\u00edas de tierras raras de China al extranjero para usos militares u otros usos sensibles que causaron \u201cda\u00f1os significativos\u201d a su seguridad nacional.<\/p>\n\n\n\n<p>Las nuevas restricciones se anunciaron apenas unas semanas antes de una reuni\u00f3n esperada entre Trump y el presidente chino, Xi Jinping, a finales de octubre al margen del foro de Cooperaci\u00f3n Econ\u00f3mica Asia-Pac\u00edfico en Corea del Sur.<\/p>\n\n\n\n<p>\u201cLas tierras raras seguir\u00e1n siendo una parte clave de las negociaciones para Washington y Beijing\u201d, dijo George Chen, socio de The Asia Group, en un comentario enviado por correo electr\u00f3nico.<\/p>\n\n\n\n<p>\u201cAmbas partes quieren m\u00e1s estabilidad, pero a\u00fan habr\u00e1 mucho ruido antes de que los dos l\u00edderes, el presidente Trump y Xi, puedan llegar a un acuerdo final el pr\u00f3ximo a\u00f1o cuando se re\u00fanan. Esos ruidos son todas t\u00e1cticas de negociaci\u00f3n\u201d.<\/p>\n\n\n\n<p>En abril, las autoridades chinas impusieron restricciones a la exportaci\u00f3n de siete elementos de tierras raras poco despu\u00e9s de que Trump revelara sus altos aranceles a muchos socios comerciales, incluida China.<\/p>\n\n\n\n<p>Aunque los suministros siguen siendo inciertos, China aprob\u00f3 algunos permisos para exportaciones de tierras raras en junio y dijo que estaba acelerando sus procesos de aprobaci\u00f3n.<\/p>\n","protected":false},"excerpt":{"rendered":"<p>POR CHAN HO-HIM HONG KONG (AP) \u2014 China anunci\u00f3 el jueves nuevas restricciones a las exportaciones de tierras raras y tecnolog\u00edas relacionadas, ampliando los controles sobre el uso de estos&hellip;<\/p>\n","protected":false},"author":10,"featured_media":111482,"comment_status":"open","ping_status":"open","sticky":false,"template":"","format":"standard","meta":{"content-type":"","jetpack_post_was_ever_published":false,"_jetpack_newsletter_access":"","_jetpack_dont_email_post_to_subs":false,"_jetpack_newsletter_tier_id":0,"_jetpack_memberships_contains_paywalled_content":false,"_jetpack_memberships_contains_paid_content":false,"footnotes":""},"categories":[23746],"tags":[583,2158,1116,1275,14793],"class_list":["post-111481","post","type-post","status-publish","format-standard","has-post-thumbnail","hentry","category-tecnologia","tag-china","tag-controles","tag-exportaciones","tag-tecnologia","tag-tierras-raras"],"jetpack_featured_media_url":"https:\/\/lasprimeras.com.do\/wp-content\/uploads\/2025\/10\/tierras-raras.jpg","jetpack-related-posts":[{"id":101825,"url":"https:\/\/lasprimeras.com.do\/index.php\/2025\/06\/27\/trump-dice-que-eeuu-firmo-un-acuerdo-sobre-comercio-con-china-pero-no-ofrece-mas-detalles\/","url_meta":{"origin":111481,"position":0},"title":"Trump dice que EEUU firm\u00f3 un acuerdo sobre comercio con China pero no ofrece m\u00e1s detalles","author":"Nelson Feliz","date":"27 de junio de 2025","format":false,"excerpt":"POR ELAINE KURTENBACH and ASSOCIATED PRESS BANGKOK (AP) \u2014 Estados Unidos y China han firmado un acuerdo comercial, seg\u00fan anunci\u00f3 Donald Trump, quien a\u00f1adi\u00f3 que espera alcanzar pronto un pacto con India. El secretario de Comercio, Howard Lutnick, dijo en declaraciones a Bloomberg TV que el acuerdo se firm\u00f3 a\u2026","rel":"","context":"En \u00abECONOM\u00cdA\u00bb","block_context":{"text":"ECONOM\u00cdA","link":"https:\/\/lasprimeras.com.do\/index.php\/category\/economia\/"},"img":{"alt_text":"","src":"https:\/\/i0.wp.com\/lasprimeras.com.do\/wp-content\/uploads\/2025\/06\/aranceles.jpg?resize=350%2C200&ssl=1","width":350,"height":200,"srcset":"https:\/\/i0.wp.com\/lasprimeras.com.do\/wp-content\/uploads\/2025\/06\/aranceles.jpg?resize=350%2C200&ssl=1 1x, https:\/\/i0.wp.com\/lasprimeras.com.do\/wp-content\/uploads\/2025\/06\/aranceles.jpg?resize=525%2C300&ssl=1 1.5x, https:\/\/i0.wp.com\/lasprimeras.com.do\/wp-content\/uploads\/2025\/06\/aranceles.jpg?resize=700%2C400&ssl=1 2x"},"classes":[]},{"id":106200,"url":"https:\/\/lasprimeras.com.do\/index.php\/2025\/08\/12\/eeuu-y-china-amplian-tregua-comercial-otros-90-dias-y-alivian-la-tension-entre-las-mayores-economias\/","url_meta":{"origin":111481,"position":1},"title":"EEUU y China ampl\u00edan tregua comercial otros 90 d\u00edas y alivian la tensi\u00f3n entre las mayores econom\u00edas","author":"Nelson Feliz","date":"12 de agosto de 2025","format":false,"excerpt":"POR PAUL WISEMAN and DIDI TANG WASHINGTON (AP) \u2014 El presidente de Estados Unidos, Donald Trump, extendi\u00f3 una tregua comercial con China por otros 90 d\u00edas el lunes, retrasando una vez m\u00e1s un peligroso enfrentamiento entre las dos econom\u00edas m\u00e1s grandes del mundo. Trump public\u00f3 en su plataforma Truth Social\u2026","rel":"","context":"En \u00abECONOM\u00cdA\u00bb","block_context":{"text":"ECONOM\u00cdA","link":"https:\/\/lasprimeras.com.do\/index.php\/category\/economia\/"},"img":{"alt_text":"","src":"https:\/\/i0.wp.com\/lasprimeras.com.do\/wp-content\/uploads\/2025\/08\/aranceles-3.jpg?resize=350%2C200&ssl=1","width":350,"height":200,"srcset":"https:\/\/i0.wp.com\/lasprimeras.com.do\/wp-content\/uploads\/2025\/08\/aranceles-3.jpg?resize=350%2C200&ssl=1 1x, https:\/\/i0.wp.com\/lasprimeras.com.do\/wp-content\/uploads\/2025\/08\/aranceles-3.jpg?resize=525%2C300&ssl=1 1.5x, https:\/\/i0.wp.com\/lasprimeras.com.do\/wp-content\/uploads\/2025\/08\/aranceles-3.jpg?resize=700%2C400&ssl=1 2x"},"classes":[]},{"id":93324,"url":"https:\/\/lasprimeras.com.do\/index.php\/2025\/02\/07\/isa-conde-cuestiona-estimacion-sobre-las-tierras-raras-en-el-pais\/","url_meta":{"origin":111481,"position":2},"title":"Isa Conde cuestiona estimaci\u00f3n sobre las tierras raras en el pa\u00eds","author":"Nelson Feliz","date":"7 de febrero de 2025","format":false,"excerpt":"Exministro de Energ\u00eda y Minas dice estimaci\u00f3n de tierras raras en RD supera las reservas de China. El exministro de Energ\u00eda y Minas, Antonio Isa Conde, cuestion\u00f3 la estimaci\u00f3n de tierras raras en el pa\u00eds que ofreci\u00f3 el presidente Luis Abinader durante una rueda de prensa conjunta con el secretario\u2026","rel":"","context":"En \u00abECONOM\u00cdA\u00bb","block_context":{"text":"ECONOM\u00cdA","link":"https:\/\/lasprimeras.com.do\/index.php\/category\/economia\/"},"img":{"alt_text":"Antonio Isa Conde","src":"https:\/\/i0.wp.com\/lasprimeras.com.do\/wp-content\/uploads\/2025\/02\/Antonio-Isa-Conde.jpg?resize=350%2C200&ssl=1","width":350,"height":200,"srcset":"https:\/\/i0.wp.com\/lasprimeras.com.do\/wp-content\/uploads\/2025\/02\/Antonio-Isa-Conde.jpg?resize=350%2C200&ssl=1 1x, https:\/\/i0.wp.com\/lasprimeras.com.do\/wp-content\/uploads\/2025\/02\/Antonio-Isa-Conde.jpg?resize=525%2C300&ssl=1 1.5x, https:\/\/i0.wp.com\/lasprimeras.com.do\/wp-content\/uploads\/2025\/02\/Antonio-Isa-Conde.jpg?resize=700%2C400&ssl=1 2x"},"classes":[]},{"id":87610,"url":"https:\/\/lasprimeras.com.do\/index.php\/2024\/08\/14\/mem-reforzara-laboratorio-de-aduanas-para-investigacion-de-tierras-raras\/","url_meta":{"origin":111481,"position":3},"title":"MEM reforzar\u00e1 laboratorio de Aduanas para investigaci\u00f3n de tierras raras","author":"Nelson Feliz","date":"14 de agosto de 2024","format":false,"excerpt":"Energ\u00eda y Minas donar\u00e1 equipos, insumos y facilitar\u00e1 muestras para an\u00e1lisis en el marco del \u201cProyecto de Exploraci\u00f3n de Elementos de Tierras Raras\u201d. El Ministerio de Energ\u00eda y Minas (MEM) acord\u00f3 con la Direcci\u00f3n General de Aduanas (DGA) fortalecer el apoyo a su laboratorio, para el desarrollo de las investigaciones\u2026","rel":"","context":"En \u00abNACIONALES\u00bb","block_context":{"text":"NACIONALES","link":"https:\/\/lasprimeras.com.do\/index.php\/category\/nacionales\/"},"img":{"alt_text":"","src":"https:\/\/i0.wp.com\/lasprimeras.com.do\/wp-content\/uploads\/2024\/08\/Eduardo-Sanz-Lovaton-director-de-Aduanas-y-Antonio-Almonte-ministro-de-Energia-y-Minas.jpg?resize=350%2C200&ssl=1","width":350,"height":200,"srcset":"https:\/\/i0.wp.com\/lasprimeras.com.do\/wp-content\/uploads\/2024\/08\/Eduardo-Sanz-Lovaton-director-de-Aduanas-y-Antonio-Almonte-ministro-de-Energia-y-Minas.jpg?resize=350%2C200&ssl=1 1x, https:\/\/i0.wp.com\/lasprimeras.com.do\/wp-content\/uploads\/2024\/08\/Eduardo-Sanz-Lovaton-director-de-Aduanas-y-Antonio-Almonte-ministro-de-Energia-y-Minas.jpg?resize=525%2C300&ssl=1 1.5x, https:\/\/i0.wp.com\/lasprimeras.com.do\/wp-content\/uploads\/2024\/08\/Eduardo-Sanz-Lovaton-director-de-Aduanas-y-Antonio-Almonte-ministro-de-Energia-y-Minas.jpg?resize=700%2C400&ssl=1 2x"},"classes":[]},{"id":128205,"url":"https:\/\/lasprimeras.com.do\/index.php\/2026\/04\/20\/ee-uu-compra-minera-de-brasil-en-su-intento-por-romper-el-dominio-chino-de-tierras-raras\/","url_meta":{"origin":111481,"position":4},"title":"EE.UU. compra minera de Brasil en su intento por romper el dominio chino de tierras raras","author":"Nelson Feliz","date":"20 de abril de 2026","format":false,"excerpt":"Una empresa estadounidense planea pagar 2.800 millones de d\u00f3lares en efectivo y acciones y espera cerrar la operaci\u00f3n a fines de 2026. Washington, RT.-.La empresa estadounidense USA Rare Earth anunci\u00f3 el lunes la compra de la empresa minera brasile\u00f1a Serra Verde por 2.800 millones de d\u00f3lares en efectivo y acciones,\u2026","rel":"","context":"En \u00abECONOM\u00cdA\u00bb","block_context":{"text":"ECONOM\u00cdA","link":"https:\/\/lasprimeras.com.do\/index.php\/category\/economia\/"},"img":{"alt_text":"EE.UU. compra minera de Brasil","src":"https:\/\/i0.wp.com\/lasprimeras.com.do\/wp-content\/uploads\/2026\/04\/EE.UU_.-compra-minera-de-Brasil.jpg?resize=350%2C200&ssl=1","width":350,"height":200,"srcset":"https:\/\/i0.wp.com\/lasprimeras.com.do\/wp-content\/uploads\/2026\/04\/EE.UU_.-compra-minera-de-Brasil.jpg?resize=350%2C200&ssl=1 1x, https:\/\/i0.wp.com\/lasprimeras.com.do\/wp-content\/uploads\/2026\/04\/EE.UU_.-compra-minera-de-Brasil.jpg?resize=525%2C300&ssl=1 1.5x, https:\/\/i0.wp.com\/lasprimeras.com.do\/wp-content\/uploads\/2026\/04\/EE.UU_.-compra-minera-de-Brasil.jpg?resize=700%2C400&ssl=1 2x"},"classes":[]},{"id":93502,"url":"https:\/\/lasprimeras.com.do\/index.php\/2025\/02\/12\/osiris-de-leon-afirma-que-la-exploracion-de-las-tierras-raras-no-impactaria-los-parques-nacionales\/","url_meta":{"origin":111481,"position":5},"title":"Osiris de Le\u00f3n afirma que la exploraci\u00f3n de las tierras raras no impactar\u00eda los parques nacionales","author":"Nelson Feliz","date":"12 de febrero de 2025","format":false,"excerpt":"El reconocido ge\u00f3logo dijo que es tiempo de desmontar el discurso contra la explotaci\u00f3n minera En las \u00faltimas semanas, el t\u00e9rmino \u201ctierras raras\u201d ha captado la atenci\u00f3n nacional y fue el foco de inter\u00e9s en la visita al pa\u00eds de Marco Rubio, secretario de Estado de EE.UU. en la que\u2026","rel":"","context":"En \u00abNACIONALES\u00bb","block_context":{"text":"NACIONALES","link":"https:\/\/lasprimeras.com.do\/index.php\/category\/nacionales\/"},"img":{"alt_text":"Osiris de Le\u00f3n","src":"https:\/\/i0.wp.com\/lasprimeras.com.do\/wp-content\/uploads\/2025\/02\/Osiris-de-Leon.jpg?resize=350%2C200&ssl=1","width":350,"height":200,"srcset":"https:\/\/i0.wp.com\/lasprimeras.com.do\/wp-content\/uploads\/2025\/02\/Osiris-de-Leon.jpg?resize=350%2C200&ssl=1 1x, https:\/\/i0.wp.com\/lasprimeras.com.do\/wp-content\/uploads\/2025\/02\/Osiris-de-Leon.jpg?resize=525%2C300&ssl=1 1.5x"},"classes":[]}],"jetpack_sharing_enabled":true,"_links":{"self":[{"href":"https:\/\/lasprimeras.com.do\/index.php\/wp-json\/wp\/v2\/posts\/111481","targetHints":{"allow":["GET"]}}],"collection":[{"href":"https:\/\/lasprimeras.com.do\/index.php\/wp-json\/wp\/v2\/posts"}],"about":[{"href":"https:\/\/lasprimeras.com.do\/index.php\/wp-json\/wp\/v2\/types\/post"}],"author":[{"embeddable":true,"href":"https:\/\/lasprimeras.com.do\/index.php\/wp-json\/wp\/v2\/users\/10"}],"replies":[{"embeddable":true,"href":"https:\/\/lasprimeras.com.do\/index.php\/wp-json\/wp\/v2\/comments?post=111481"}],"version-history":[{"count":1,"href":"https:\/\/lasprimeras.com.do\/index.php\/wp-json\/wp\/v2\/posts\/111481\/revisions"}],"predecessor-version":[{"id":111483,"href":"https:\/\/lasprimeras.com.do\/index.php\/wp-json\/wp\/v2\/posts\/111481\/revisions\/111483"}],"wp:featuredmedia":[{"embeddable":true,"href":"https:\/\/lasprimeras.com.do\/index.php\/wp-json\/wp\/v2\/media\/111482"}],"wp:attachment":[{"href":"https:\/\/lasprimeras.com.do\/index.php\/wp-json\/wp\/v2\/media?parent=111481"}],"wp:term":[{"taxonomy":"category","embeddable":true,"href":"https:\/\/lasprimeras.com.do\/index.php\/wp-json\/wp\/v2\/categories?post=111481"},{"taxonomy":"post_tag","embeddable":true,"href":"https:\/\/lasprimeras.com.do\/index.php\/wp-json\/wp\/v2\/tags?post=111481"}],"curies":[{"name":"wp","href":"https:\/\/api.w.org\/{rel}","templated":true}]}}