{"id":111512,"date":"2025-10-09T22:58:12","date_gmt":"2025-10-10T02:58:12","guid":{"rendered":"https:\/\/lasprimeras.com.do\/?p=111512"},"modified":"2025-10-09T22:58:13","modified_gmt":"2025-10-10T02:58:13","slug":"wind-evoluciona-ante-desafios-del-cibercriminal","status":"publish","type":"post","link":"https:\/\/lasprimeras.com.do\/index.php\/2025\/10\/09\/wind-evoluciona-ante-desafios-del-cibercriminal\/","title":{"rendered":"Wind evoluciona ante desaf\u00edos del cibercriminal"},"content":{"rendered":"\n<p>Ante el desafiante escenario mundial que representa el ciberdelito, Wind Telecom evoluciona con el lanzamiento de soluciones que fortalecen la infraestructura tecnol\u00f3gica y la seguridad digital de grandes y medianas empresas.<\/p>\n\n\n\n<p>&nbsp;\u201cEn un mercado cada vez m\u00e1s competitivo, las empresas demandan soluciones integradas que fortalezcan su productividad y garanticen la seguridad de su informaci\u00f3n&#8221; explic\u00f3 Osvaldo Flores, Director de Mercadeo de Wind.<\/p>\n\n\n\n<p>La regi\u00f3n de LA registr\u00f3 374 mil millones de intentos de ciber-ataques en el primer semestre de 2025, lo que la posiciona como uno de los territorios m\u00e1s vulnerables a nivel global.<\/p>\n\n\n\n<p>En promedio, se contabilizan cerca de 2 millones de intentos de ataque por minuto, lo que representa una presi\u00f3n constante para empresas, instituciones y usuarios.<\/p>\n\n\n\n<p>Por esto Wind present\u00f3 su alianza con Fortinet l\u00edder mundial en ciberseguridad, y referente en telecomunicaciones y soluciones empresariales, mediante la cual lanzaron novedosas soluciones bajo el slogan: Transforma tu red: Gesti\u00f3n y Ciberseguridad\u201d.<\/p>\n\n\n\n<p>La actividad de lanzamiento reuni\u00f3 a directivos, empresarios y especialistas del sector tecnol\u00f3gico y econ\u00f3mico. Cont\u00f3 con las palabras y exposiciones de Claudio N\u00fa\u00f1ez, Country Manager de Fortinet, Wilfredo Diclo, Solutions Architect Manager de Wind Telecom, y Lady Contreras, System Engineer de Fortinet.<\/p>\n\n\n\n<p>Las tres soluciones estrat\u00e9gicas presentadas son: Red Inal\u00e1mbrica Interna Gestionada, Video vigilancia Gestionada, Telefon\u00eda Gestionada.<\/p>\n\n\n\n<p>&#8220;Este evento es una muestra del compromiso Wind Telecom y Fortinet con el desarrollo del ecosistema empresarial y tecnol\u00f3gico del pa\u00eds\u201d, resaltaron.<\/p>\n\n\n\n<p>La industria de la conectividad evoluciona hacia un modelo que prioriza el cuidado continuo, ofreciendo menos ruido, m\u00e1s control y m\u00e1s tiempo para los usuarios y empresas. Este avance representa un paso importante en la protecci\u00f3n de datos, la reducci\u00f3n de riesgos y la confianza en los servicios digitales.<\/p>\n","protected":false},"excerpt":{"rendered":"<p>Ante el desafiante escenario mundial que representa el ciberdelito, Wind Telecom evoluciona con el lanzamiento de soluciones que fortalecen la infraestructura tecnol\u00f3gica y la seguridad digital de grandes y medianas&hellip;<\/p>\n","protected":false},"author":10,"featured_media":111513,"comment_status":"open","ping_status":"open","sticky":false,"template":"","format":"standard","meta":{"content-type":"","jetpack_post_was_ever_published":false,"_jetpack_newsletter_access":"","_jetpack_dont_email_post_to_subs":false,"_jetpack_newsletter_tier_id":0,"_jetpack_memberships_contains_paywalled_content":false,"_jetpack_memberships_contains_paid_content":false,"footnotes":""},"categories":[23746],"tags":[25791,121,3372,25790],"class_list":["post-111512","post","type-post","status-publish","format-standard","has-post-thumbnail","hentry","category-tecnologia","tag-cibercriminal","tag-desafios","tag-evoluciona","tag-wind"],"jetpack_featured_media_url":"https:\/\/lasprimeras.com.do\/wp-content\/uploads\/2025\/10\/wind.jpg","jetpack-related-posts":[{"id":69149,"url":"https:\/\/lasprimeras.com.do\/index.php\/2023\/11\/30\/wind-telecom-e-intcomex-presentan-ventajas-de-nube-de-aws\/","url_meta":{"origin":111512,"position":0},"title":"Wind Telecom e Intcomex presentan ventajas de Nube de AWS","author":"Nelson Feliz","date":"30 de noviembre de 2023","format":false,"excerpt":"Con el objetivo de presentar y destacar las ventajas de la principal plataforma de su clase a nivel mundial \u201cNube de AWS\u201d, Wind Telecom y su aliado estrat\u00e9gico Intcomex realizaron una actividad para clientes de negocios. Los ejecutivos de AWS, Magdalena Insua y Daniel Arrieta de\u00a0Argentina, Puerto Rico, Costa Rica,\u2026","rel":"","context":"En \u00abSin categor\u00eda\u00bb","block_context":{"text":"Sin categor\u00eda","link":"https:\/\/lasprimeras.com.do\/index.php\/category\/sin-categoria\/"},"img":{"alt_text":"Intcomex","src":"https:\/\/i0.wp.com\/lasprimeras.com.do\/wp-content\/uploads\/2023\/11\/Foto-evento-Intcomex-nov.-2023.jpg?resize=350%2C200&ssl=1","width":350,"height":200,"srcset":"https:\/\/i0.wp.com\/lasprimeras.com.do\/wp-content\/uploads\/2023\/11\/Foto-evento-Intcomex-nov.-2023.jpg?resize=350%2C200&ssl=1 1x, https:\/\/i0.wp.com\/lasprimeras.com.do\/wp-content\/uploads\/2023\/11\/Foto-evento-Intcomex-nov.-2023.jpg?resize=525%2C300&ssl=1 1.5x, https:\/\/i0.wp.com\/lasprimeras.com.do\/wp-content\/uploads\/2023\/11\/Foto-evento-Intcomex-nov.-2023.jpg?resize=700%2C400&ssl=1 2x"},"classes":[]},{"id":112070,"url":"https:\/\/lasprimeras.com.do\/index.php\/2025\/10\/17\/procuradora-dice-empresariado-y-estado-deben-trabajar-en-conjunto-para-prevenir-el-cripto-lavado-y-la-cibercriminalidad\/","url_meta":{"origin":111512,"position":1},"title":"Procuradora dice empresariado y Estado deben trabajar en conjunto para prevenir el cripto-lavado y la cibercriminalidad\u00a0","author":"Nelson Feliz","date":"17 de octubre de 2025","format":false,"excerpt":"Yeni Berenice dict\u00f3 la conferencia \u201cCompetitividad y seguridad: un nuevo paradigma para los negocios\u201d en el almuerzo empresarial de la C\u00e1mara Americana de Comercio. La procuradora general de la Rep\u00fablica, Yeni Berenice Reynoso, abog\u00f3 porque el empresariado y el Estado trabajen en conjunto para prevenir delitos como el criptolavado y\u2026","rel":"","context":"En \u00abJUSTICIA\u00bb","block_context":{"text":"JUSTICIA","link":"https:\/\/lasprimeras.com.do\/index.php\/category\/justicia\/"},"img":{"alt_text":"","src":"https:\/\/i0.wp.com\/lasprimeras.com.do\/wp-content\/uploads\/2025\/10\/Yeni-Berenice-Reynoso-1.jpg?resize=350%2C200&ssl=1","width":350,"height":200,"srcset":"https:\/\/i0.wp.com\/lasprimeras.com.do\/wp-content\/uploads\/2025\/10\/Yeni-Berenice-Reynoso-1.jpg?resize=350%2C200&ssl=1 1x, https:\/\/i0.wp.com\/lasprimeras.com.do\/wp-content\/uploads\/2025\/10\/Yeni-Berenice-Reynoso-1.jpg?resize=525%2C300&ssl=1 1.5x, https:\/\/i0.wp.com\/lasprimeras.com.do\/wp-content\/uploads\/2025\/10\/Yeni-Berenice-Reynoso-1.jpg?resize=700%2C400&ssl=1 2x"},"classes":[]},{"id":103708,"url":"https:\/\/lasprimeras.com.do\/index.php\/2025\/07\/17\/yeni-berenice-reynoso-advierte-sobre-el-auge-de-la-cibercriminalidad\/","url_meta":{"origin":111512,"position":2},"title":"Yeni Berenice Reynoso advierte sobre el auge de la cibercriminalidad","author":"Nelson Feliz","date":"17 de julio de 2025","format":false,"excerpt":"La procuradora general de la Rep\u00fablica se\u00f1ala que Am\u00e9rica Latina enfrenta un crecimiento del 30 % de ese delito respecto al resto del mundo. La procuradora general de la Rep\u00fablica, Yeni Berenice Reynoso, advirti\u00f3 este jueves que la cibercriminalidad se ha convertido en uno de los mayores desaf\u00edos para Am\u00e9rica\u2026","rel":"","context":"En \u00abJUSTICIA\u00bb","block_context":{"text":"JUSTICIA","link":"https:\/\/lasprimeras.com.do\/index.php\/category\/justicia\/"},"img":{"alt_text":"","src":"https:\/\/i0.wp.com\/lasprimeras.com.do\/wp-content\/uploads\/2025\/07\/PIQUITO.jpg?resize=350%2C200&ssl=1","width":350,"height":200,"srcset":"https:\/\/i0.wp.com\/lasprimeras.com.do\/wp-content\/uploads\/2025\/07\/PIQUITO.jpg?resize=350%2C200&ssl=1 1x, https:\/\/i0.wp.com\/lasprimeras.com.do\/wp-content\/uploads\/2025\/07\/PIQUITO.jpg?resize=525%2C300&ssl=1 1.5x, https:\/\/i0.wp.com\/lasprimeras.com.do\/wp-content\/uploads\/2025\/07\/PIQUITO.jpg?resize=700%2C400&ssl=1 2x"},"classes":[]},{"id":113198,"url":"https:\/\/lasprimeras.com.do\/index.php\/2025\/10\/30\/truco-o-tech-los-fantasmas-que-acechan-a-la-ciberseguridad\/","url_meta":{"origin":111512,"position":3},"title":"Truco o Tech: los fantasmas que acechan a la ciberseguridad","author":"Nelson Feliz","date":"30 de octubre de 2025","format":false,"excerpt":"En Halloween, muchos temen a los fantasmas, las brujas o las criaturas del m\u00e1s all\u00e1. Pero en el mundo de la tecnolog\u00eda, los verdaderos sustos no provienen de las casas embrujadas, sino del ciberespacio. El fraude, las fugas de datos y los ataques sofisticados se han convertido en las pesadillas\u2026","rel":"","context":"En \u00abTECNOL\u00d3GIA\u00bb","block_context":{"text":"TECNOL\u00d3GIA","link":"https:\/\/lasprimeras.com.do\/index.php\/category\/tecnologia\/"},"img":{"alt_text":"","src":"https:\/\/i0.wp.com\/lasprimeras.com.do\/wp-content\/uploads\/2025\/10\/Ciberseguridad.jpeg?resize=350%2C200&ssl=1","width":350,"height":200,"srcset":"https:\/\/i0.wp.com\/lasprimeras.com.do\/wp-content\/uploads\/2025\/10\/Ciberseguridad.jpeg?resize=350%2C200&ssl=1 1x, https:\/\/i0.wp.com\/lasprimeras.com.do\/wp-content\/uploads\/2025\/10\/Ciberseguridad.jpeg?resize=525%2C300&ssl=1 1.5x, https:\/\/i0.wp.com\/lasprimeras.com.do\/wp-content\/uploads\/2025\/10\/Ciberseguridad.jpeg?resize=700%2C400&ssl=1 2x"},"classes":[]},{"id":89812,"url":"https:\/\/lasprimeras.com.do\/index.php\/2024\/10\/06\/harris-promete-ayuda-federal-en-su-visita-a-carolina-del-norte-para-evaluar-secuelas-de-helene\/","url_meta":{"origin":111512,"position":4},"title":"Harris promete ayuda federal en su visita a Carolina del Norte para evaluar secuelas de Helene","author":"Nelson Feliz","date":"6 de octubre de 2024","format":false,"excerpt":"COLLEEN LONG y AYANNA ALEXANDER CHARLOTTE, Carolina del Norte, EE.UU. (AP) \u2014 La candidata presidencial dem\u00f3crata Kamala Harris prometi\u00f3 apoyo federal continuo y elogi\u00f3 a los \u201ch\u00e9roes entre nosotros\u201d cuando visit\u00f3 Carolina del Norte el s\u00e1bado despu\u00e9s del paso del hurac\u00e1n Helene, su segundo viaje en cuatro d\u00edas a la\u2026","rel":"","context":"En \u00abSin categor\u00eda\u00bb","block_context":{"text":"Sin categor\u00eda","link":"https:\/\/lasprimeras.com.do\/index.php\/category\/sin-categoria\/"},"img":{"alt_text":"La candidata presidencial dem\u00f3crata Kamala Harris, centro, conversa con Stacey Carless, izquierda, y Melissa Funderburk, trabajadoras de un centro de recepci\u00f3n y distribuci\u00f3n de art\u00edculos y alimentos, luego de recibir una actualizaci\u00f3n de los da\u00f1os causados en la regi\u00f3n por el hurac\u00e1n Helene, el s\u00e1bado 5 de octubre de 2024, en Charlotte, Carolina del Norte","src":"https:\/\/i0.wp.com\/lasprimeras.com.do\/wp-content\/uploads\/2024\/10\/harris.jpg?resize=350%2C200&ssl=1","width":350,"height":200,"srcset":"https:\/\/i0.wp.com\/lasprimeras.com.do\/wp-content\/uploads\/2024\/10\/harris.jpg?resize=350%2C200&ssl=1 1x, https:\/\/i0.wp.com\/lasprimeras.com.do\/wp-content\/uploads\/2024\/10\/harris.jpg?resize=525%2C300&ssl=1 1.5x, https:\/\/i0.wp.com\/lasprimeras.com.do\/wp-content\/uploads\/2024\/10\/harris.jpg?resize=700%2C400&ssl=1 2x"},"classes":[]},{"id":119403,"url":"https:\/\/lasprimeras.com.do\/index.php\/2026\/01\/12\/mescyt-destaca-preponderancia-de-las-carreras-cientificas-ante-desafios-de-la-sociedad-actual\/","url_meta":{"origin":111512,"position":5},"title":"MESCyT destaca preponderancia de las carreras cient\u00edficas ante desaf\u00edos de la sociedad actual","author":"Nelson Feliz","date":"12 de enero de 2026","format":false,"excerpt":"El Ministerio de Educaci\u00f3n Superior, Ciencia y Tecnolog\u00eda (MESCyT) destaca la importancia de las carreras cient\u00edficas para abordar los retos actuales en materia de salud, medio ambiente, econom\u00eda y cultura. Por ello, fomenta la Carrera Nacional de Investigadores (CNI), que hasta la fecha ha incorporado a 2,035 nuevos profesionales. El\u2026","rel":"","context":"En \u00abNACIONALES\u00bb","block_context":{"text":"NACIONALES","link":"https:\/\/lasprimeras.com.do\/index.php\/category\/nacionales\/"},"img":{"alt_text":"Mescyt","src":"https:\/\/i0.wp.com\/lasprimeras.com.do\/wp-content\/uploads\/2025\/01\/MESCyT-1.jpg?resize=350%2C200&ssl=1","width":350,"height":200,"srcset":"https:\/\/i0.wp.com\/lasprimeras.com.do\/wp-content\/uploads\/2025\/01\/MESCyT-1.jpg?resize=350%2C200&ssl=1 1x, https:\/\/i0.wp.com\/lasprimeras.com.do\/wp-content\/uploads\/2025\/01\/MESCyT-1.jpg?resize=525%2C300&ssl=1 1.5x, https:\/\/i0.wp.com\/lasprimeras.com.do\/wp-content\/uploads\/2025\/01\/MESCyT-1.jpg?resize=700%2C400&ssl=1 2x"},"classes":[]}],"jetpack_sharing_enabled":true,"_links":{"self":[{"href":"https:\/\/lasprimeras.com.do\/index.php\/wp-json\/wp\/v2\/posts\/111512","targetHints":{"allow":["GET"]}}],"collection":[{"href":"https:\/\/lasprimeras.com.do\/index.php\/wp-json\/wp\/v2\/posts"}],"about":[{"href":"https:\/\/lasprimeras.com.do\/index.php\/wp-json\/wp\/v2\/types\/post"}],"author":[{"embeddable":true,"href":"https:\/\/lasprimeras.com.do\/index.php\/wp-json\/wp\/v2\/users\/10"}],"replies":[{"embeddable":true,"href":"https:\/\/lasprimeras.com.do\/index.php\/wp-json\/wp\/v2\/comments?post=111512"}],"version-history":[{"count":1,"href":"https:\/\/lasprimeras.com.do\/index.php\/wp-json\/wp\/v2\/posts\/111512\/revisions"}],"predecessor-version":[{"id":111514,"href":"https:\/\/lasprimeras.com.do\/index.php\/wp-json\/wp\/v2\/posts\/111512\/revisions\/111514"}],"wp:featuredmedia":[{"embeddable":true,"href":"https:\/\/lasprimeras.com.do\/index.php\/wp-json\/wp\/v2\/media\/111513"}],"wp:attachment":[{"href":"https:\/\/lasprimeras.com.do\/index.php\/wp-json\/wp\/v2\/media?parent=111512"}],"wp:term":[{"taxonomy":"category","embeddable":true,"href":"https:\/\/lasprimeras.com.do\/index.php\/wp-json\/wp\/v2\/categories?post=111512"},{"taxonomy":"post_tag","embeddable":true,"href":"https:\/\/lasprimeras.com.do\/index.php\/wp-json\/wp\/v2\/tags?post=111512"}],"curies":[{"name":"wp","href":"https:\/\/api.w.org\/{rel}","templated":true}]}}