{"id":111615,"date":"2025-10-12T11:08:48","date_gmt":"2025-10-12T15:08:48","guid":{"rendered":"https:\/\/lasprimeras.com.do\/?p=111615"},"modified":"2025-10-12T11:08:50","modified_gmt":"2025-10-12T15:08:50","slug":"trump-viaja-a-oriente-medio-por-el-alto-el-fuego-instara-a-lideres-arabes-a-aprovechar-la-ocasion","status":"publish","type":"post","link":"https:\/\/lasprimeras.com.do\/index.php\/2025\/10\/12\/trump-viaja-a-oriente-medio-por-el-alto-el-fuego-instara-a-lideres-arabes-a-aprovechar-la-ocasion\/","title":{"rendered":"Trump viaja a Oriente Medio por el alto el fuego, instar\u00e1 a l\u00edderes \u00e1rabes a aprovechar la ocasi\u00f3n"},"content":{"rendered":"\n<p>POR AAMER MADHANI, JOSEPH KRAUSS and DARLENE SUPERVILLE<\/p>\n\n\n\n<p>WASHINGTON (AP) \u2014 El presidente de Estados Unidos, Donald Trump, viajaba a Israel y Egipto el domingo para celebrar el alto el fuego y el acuerdo de rehenes negociado por Estados Unidos entre Israel y Ham\u00e1s, y para instar a sus aliados en Oriente Medio a aprovechar la oportunidad de construir una paz duradera en la vol\u00e1til regi\u00f3n.<\/p>\n\n\n\n<p>Es un momento fr\u00e1gil, ya que Israel y Ham\u00e1s est\u00e1n a\u00fan en las primeras etapas de implementaci\u00f3n de la primera fase del acuerdo de Trump, dise\u00f1ado para poner fin de manera permanente a la guerra desatada por el ataque del 7 de octubre de 2023 a Israel por milicianos liderados por Ham\u00e1s.<\/p>\n\n\n\n<p>Trump cree que hay una ventana estrecha para remodelar Oriente Medio y restablecer las relaciones, que han sido tensas durante mucho tiempo, entre Israel y sus vecinos \u00e1rabes.<\/p>\n\n\n\n<p>Es un impulso, dice el presidente republicano, que ha sido facilitado por el apoyo de su gobierno a la campa\u00f1a israel\u00ed para destruir a aliados de Ir\u00e1n como Ham\u00e1s en Gaza y Hezbollah en L\u00edbano.<\/p>\n\n\n\n<p>La Casa Blanca dice que el proceso tambi\u00e9n avanza porque los estados \u00e1rabes y musulmanes est\u00e1n demostrando un nuevo inter\u00e9s en resolver el conflicto israel\u00ed-palestino m\u00e1s amplio, que lleva d\u00e9cadas en marcha, y, en algunos casos, profundizando las relaciones con Estados Unidos.<\/p>\n\n\n\n<p>\u201cCreo que van a tener un \u00e9xito tremendo y Gaza va a ser reconstruida\u201d, dijo Trump el viernes. \u201cY hay algunos pa\u00edses muy ricos, como saben, por all\u00ed. Tomar\u00eda una peque\u00f1a fracci\u00f3n de su riqueza hacer eso. Y creo que quieren hacerlo\u201d.<\/p>\n\n\n\n<p>Un punto delicado en el acuerdo<\/p>\n\n\n\n<p>La primera fase del acuerdo de alto el fuego exige la liberaci\u00f3n de los \u00faltimos 48 rehenes retenidos por Ham\u00e1s, incluidos unos 20 que se cree est\u00e1n vivos; la liberaci\u00f3n de cientos de prisioneros palestinos retenidos por Israel; un aumento de la ayuda humanitaria a Gaza, y una retirada parcial de las fuerzas israel\u00edes de las principales ciudades de Gaza.<\/p>\n\n\n\n<p>Las tropas israel\u00edes terminaron el viernes de retirarse de partes de Gaza, lo que desencaden\u00f3 una cuenta regresiva de 72 horas bajo el acuerdo para que Ham\u00e1s libere a los rehenes israel\u00edes, potencialmente mientras Trump est\u00e1 en el terreno all\u00ed. Dijo que esperaba que su regreso se completara el lunes o martes.<\/p>\n\n\n\n<p>Trump dijo que primero visitar\u00e1 Israel, donde ha sido invitado a dirigirse al parlamento de Israel, el Kn\u00e9set, un honor que se extendi\u00f3 por \u00faltima vez al presidente George W. Bush durante una visita en 2008. Luego, Trump viajar\u00e1 a Egipto, donde \u00e9l y el presidente egipcio, Abdul Fat\u00e1 el Sisi, liderar\u00e1n una cumbre en Sharm el Sheij con l\u00edderes de m\u00e1s de 20 pa\u00edses para discutir la paz en Gaza y Oriente Medio en general.<\/p>\n\n\n\n<p>Es una tregua tenue y no est\u00e1 claro si las partes han llegado a alg\u00fan acuerdo sobre la gobernanza de Gaza despu\u00e9s de la guerra, la reconstrucci\u00f3n del territorio y la demanda de Israel de que Ham\u00e1s se desarme. Las negociaciones sobre esos temas podr\u00edan romperse, e Israel ha insinuado que podr\u00eda reanudar las operaciones militares si no se cumplen sus demandas.<\/p>\n\n\n\n<p>\u201cCreo que las posibilidades de que (Ham\u00e1s) se desarme, ya saben, son bastante cercanas a cero\u201d, dijo H.R. McMaster, asesor de seguridad nacional durante el primer mandato de Trump, en un evento organizado por la Fundaci\u00f3n para la Defensa de las Democracias el jueves. Dijo que pensaba que lo que probablemente suceder\u00eda en los pr\u00f3ximos meses es que el ej\u00e9rcito israel\u00ed \u201ctendr\u00e1 que destruirlos\u201d.<\/p>\n\n\n\n<p>Israel contin\u00faa gobernando a millones de palestinos sin derechos fundamentales mientras los asentamientos se expanden r\u00e1pidamente por toda la Cisjordania ocupada. A pesar del creciente reconocimiento internacional, la creaci\u00f3n de un Estado palestino parece extremadamente remota debido a la oposici\u00f3n de Israel y sus acciones sobre el terreno.<\/p>\n\n\n\n<p>La guerra ha dejado a Israel aislado internacionalmente y enfrentando acusaciones de genocidio, que niega. Las \u00f3rdenes de arresto internacionales contra el primer ministro israel\u00ed, Benjamin Netanyahu, y su exministro de defensa est\u00e1n vigentes, y el tribunal m\u00e1s alto de las Naciones Unidas est\u00e1 considerando acusaciones de genocidio presentadas por Sud\u00e1frica.<\/p>\n\n\n\n<p>Ham\u00e1s ha sido militarmente diezmado y ha renunciado a su \u00fanica moneda de cambio con Israel al liberar a los rehenes. Pero el grupo miliciano isl\u00e1mico sigue intacto y podr\u00eda eventualmente reconstruirse si hay un per\u00edodo prolongado de calma.<\/p>\n\n\n\n<p>Netanyahu reiter\u00f3 que Israel continuar\u00eda con su desmilitarizaci\u00f3n de Ham\u00e1s despu\u00e9s de que los rehenes sean devueltos.<\/p>\n\n\n\n<p>\u201cHam\u00e1s acord\u00f3 el trato solo cuando sinti\u00f3 que la espada estaba en su cuello, y todav\u00eda est\u00e1 en su cuello\u201d, dijo Netanyahu el viernes mientras Israel comenzaba a retirar sus tropas.<\/p>\n\n\n\n<p>Trump quiere expandir los Acuerdos de Abraham<\/p>\n\n\n\n<p>Gran parte de Gaza ha sido reducida a escombros y se espera que la reconstrucci\u00f3n tome a\u00f1os. Los aproximadamente dos millones de residentes del territorio contin\u00faan luchando en condiciones desesperadas.<\/p>\n\n\n\n<p>Bajo el acuerdo, Israel acord\u00f3 reabrir cinco cruces fronterizos, lo que ayudar\u00e1 a facilitar el flujo de alimentos y otros suministros a Gaza, partes de las cuales est\u00e1n experimentando hambruna.<\/p>\n\n\n\n<p>Trump tambi\u00e9n est\u00e1 estableciendo un centro de coordinaci\u00f3n civil-militar liderado por Estados Unidos en Israel para ayudar a facilitar el flujo de ayuda humanitaria, as\u00ed como asistencia log\u00edstica y de seguridad a Gaza.<\/p>\n\n\n\n<p>Aproximadamente 200 tropas estadounidenses ser\u00e1n enviadas para ayudar a apoyar y monitorear el acuerdo de alto el fuego como parte de un equipo que incluye naciones socias, organizaciones no gubernamentales y actores del sector privado.<\/p>\n\n\n\n<p>La Casa Blanca ha se\u00f1alado que Trump busca r\u00e1pidamente volver a centrar la atenci\u00f3n en construir sobre un esfuerzo de su primer mandato conocido como los Acuerdos de Abraham, que forjaron lazos diplom\u00e1ticos y comerciales de Israel con Emiratos \u00c1rabes Unidos, Bahr\u00e9in y Marruecos.<\/p>\n\n\n\n<p>Un acuerdo permanente en Gaza ayudar\u00eda a allanar el camino para que Trump entable conversaciones con Arabia Saud\u00ed, as\u00ed como con Indonesia, el pa\u00eds musulm\u00e1n m\u00e1s poblado, hacia la normalizaci\u00f3n de lazos con Israel, seg\u00fan un alto funcionario del gobierno Trump que inform\u00f3 a los periodistas bajo condici\u00f3n de anonimato.<\/p>\n\n\n\n<p>Tal acuerdo con Arabia Saud\u00ed, el estado \u00e1rabe m\u00e1s poderoso y rico, tiene el potencial de remodelar la regi\u00f3n y mejorar la posici\u00f3n de Israel de maneras hist\u00f3ricas.<\/p>\n\n\n\n<p>Pero negociar tal acuerdo sigue siendo una tarea ardua, ya que el reino ha dicho que no reconocer\u00e1 oficialmente a Israel antes de una resoluci\u00f3n del conflicto israel\u00ed-palestino.<\/p>\n","protected":false},"excerpt":{"rendered":"<p>POR AAMER MADHANI, JOSEPH KRAUSS and DARLENE SUPERVILLE WASHINGTON (AP) \u2014 El presidente de Estados Unidos, Donald Trump, viajaba a Israel y Egipto el domingo para celebrar el alto el&hellip;<\/p>\n","protected":false},"author":10,"featured_media":111616,"comment_status":"open","ping_status":"open","sticky":false,"template":"","format":"standard","meta":{"content-type":"","jetpack_post_was_ever_published":false,"_jetpack_newsletter_access":"","_jetpack_dont_email_post_to_subs":false,"_jetpack_newsletter_tier_id":0,"_jetpack_memberships_contains_paywalled_content":false,"_jetpack_memberships_contains_paid_content":false,"footnotes":""},"categories":[16289],"tags":[9062,11923,978,98,4855,14491,279],"class_list":["post-111615","post","type-post","status-publish","format-standard","has-post-thumbnail","hentry","category-internacionales","tag-alto-el-fuego","tag-arabes","tag-donald-trump","tag-estados-unidos","tag-lideres","tag-oriente-medio","tag-viaja"],"jetpack_featured_media_url":"https:\/\/lasprimeras.com.do\/wp-content\/uploads\/2025\/10\/Donald-Trump-1.jpg","jetpack-related-posts":[{"id":98721,"url":"https:\/\/lasprimeras.com.do\/index.php\/2025\/05\/12\/trump-visita-estados-arabes-del-golfo-mientras-continuan-las-crisis-en-gaza-e-iran\/","url_meta":{"origin":111615,"position":0},"title":"Trump visita estados \u00e1rabes del Golfo mientras contin\u00faan las crisis en Gaza e Ir\u00e1n","author":"Nelson Feliz","date":"12 de mayo de 2025","format":false,"excerpt":"POR JON GAMBRELL and TIA GOLDENBERG DUB\u00c1I, Emiratos \u00c1rabes Unidos (AP) \u2014 En su viaje esta semana al Oriente Medio, el presidente de Estados Unidos, Donald Trump, visitar\u00e1 Arabia Saud\u00ed, Qatar y Emiratos \u00c1rabes Unidos, aunque sus desaf\u00edos regionales m\u00e1s urgentes conciernen a otros dos pa\u00edses: Israel e Ir\u00e1n. Despu\u00e9s\u2026","rel":"","context":"En \u00abINTERNACIONALES\u00bb","block_context":{"text":"INTERNACIONALES","link":"https:\/\/lasprimeras.com.do\/index.php\/category\/sin-categoria\/internacionales\/"},"img":{"alt_text":"","src":"https:\/\/i0.wp.com\/lasprimeras.com.do\/wp-content\/uploads\/2025\/05\/Donald-Trump-1.jpg?resize=350%2C200&ssl=1","width":350,"height":200,"srcset":"https:\/\/i0.wp.com\/lasprimeras.com.do\/wp-content\/uploads\/2025\/05\/Donald-Trump-1.jpg?resize=350%2C200&ssl=1 1x, https:\/\/i0.wp.com\/lasprimeras.com.do\/wp-content\/uploads\/2025\/05\/Donald-Trump-1.jpg?resize=525%2C300&ssl=1 1.5x, https:\/\/i0.wp.com\/lasprimeras.com.do\/wp-content\/uploads\/2025\/05\/Donald-Trump-1.jpg?resize=700%2C400&ssl=1 2x"},"classes":[]},{"id":86526,"url":"https:\/\/lasprimeras.com.do\/index.php\/2024\/07\/26\/netanyahu-se-reune-con-trump-y-ofrece-un-mesurado-optimismo-sobre-un-alto-al-fuego-en-gaza\/","url_meta":{"origin":111615,"position":1},"title":"Netanyahu se re\u00fane con Trump, y ofrece un mesurado optimismo sobre un alto al fuego en Gaza","author":"Nelson Feliz","date":"26 de julio de 2024","format":false,"excerpt":"BY ELLEN KNICKMEYER AND MICHELLE PRICE WASHINGTON (AP) \u2014 El primer ministro israel\u00ed, Benjamin Netanyahu, trat\u00f3 el viernes de enmendar lazos con el candidato republicano a la presidencia de Estados Unidos, Donald Trump, y expres\u00f3 un moderado optimismo sobre los avances hacia un acuerdo de alto al fuego en Gaza.\u2026","rel":"","context":"En \u00abSin categor\u00eda\u00bb","block_context":{"text":"Sin categor\u00eda","link":"https:\/\/lasprimeras.com.do\/index.php\/category\/sin-categoria\/"},"img":{"alt_text":"Benjamin Netanyahu","src":"https:\/\/i0.wp.com\/lasprimeras.com.do\/wp-content\/uploads\/2024\/07\/Benjamin-Netanyahu.png?resize=350%2C200&ssl=1","width":350,"height":200,"srcset":"https:\/\/i0.wp.com\/lasprimeras.com.do\/wp-content\/uploads\/2024\/07\/Benjamin-Netanyahu.png?resize=350%2C200&ssl=1 1x, https:\/\/i0.wp.com\/lasprimeras.com.do\/wp-content\/uploads\/2024\/07\/Benjamin-Netanyahu.png?resize=525%2C300&ssl=1 1.5x, https:\/\/i0.wp.com\/lasprimeras.com.do\/wp-content\/uploads\/2024\/07\/Benjamin-Netanyahu.png?resize=700%2C400&ssl=1 2x"},"classes":[]},{"id":92792,"url":"https:\/\/lasprimeras.com.do\/index.php\/2025\/01\/15\/trump-anuncia-el-pronto-intercambio-de-rehenes-entre-israel-y-hamas\/","url_meta":{"origin":111615,"position":2},"title":"Trump anuncia el pronto intercambio de rehenes entre Israel y Ham\u00e1s","author":"Nelson Feliz","date":"15 de enero de 2025","format":false,"excerpt":"\"Tenemos un acuerdo sobre los rehenes en Oriente Medio. Ser\u00e1n liberados en breve\", escribi\u00f3 el presidente electo de EE.UU. en sus redes sociales. El presidente electo de EE.UU., Donald Trump, ha anunciado el pronto intercambio de rehenes entre Israel y Ham\u00e1s. \"Tenemos un acuerdo sobre los rehenes en Oriente Medio.\u2026","rel":"","context":"En \u00abINTERNACIONALES\u00bb","block_context":{"text":"INTERNACIONALES","link":"https:\/\/lasprimeras.com.do\/index.php\/category\/sin-categoria\/internacionales\/"},"img":{"alt_text":"","src":"https:\/\/i0.wp.com\/lasprimeras.com.do\/wp-content\/uploads\/2025\/01\/Donald-Trump.jpg?resize=350%2C200&ssl=1","width":350,"height":200,"srcset":"https:\/\/i0.wp.com\/lasprimeras.com.do\/wp-content\/uploads\/2025\/01\/Donald-Trump.jpg?resize=350%2C200&ssl=1 1x, https:\/\/i0.wp.com\/lasprimeras.com.do\/wp-content\/uploads\/2025\/01\/Donald-Trump.jpg?resize=525%2C300&ssl=1 1.5x, https:\/\/i0.wp.com\/lasprimeras.com.do\/wp-content\/uploads\/2025\/01\/Donald-Trump.jpg?resize=700%2C400&ssl=1 2x"},"classes":[]},{"id":94830,"url":"https:\/\/lasprimeras.com.do\/index.php\/2025\/03\/06\/hamas-ignora-la-amenaza-de-trump-y-dice-que-solo-liberara-rehenes-a-cambio-de-una-tregua-duradera\/","url_meta":{"origin":111615,"position":3},"title":"Ham\u00e1s ignora la amenaza de Trump y dice que solo liberar\u00e1 rehenes a cambio de una tregua duradera","author":"Nelson Feliz","date":"6 de marzo de 2025","format":false,"excerpt":"POR SAMY MAGDY EL CAIRO (AP) \u2014 El grupo miliciano Ham\u00e1s desestim\u00f3 el jueves la \u00faltima amenaza del presidente de Estados Unidos, Donald Trump, y reiter\u00f3 que solo liberar\u00e1 a los rehenes israel\u00edes que quedan a cambio de un alto el fuego duradero en la Franja de Gaza. Ham\u00e1s acus\u00f3\u2026","rel":"","context":"En \u00abINTERNACIONALES\u00bb","block_context":{"text":"INTERNACIONALES","link":"https:\/\/lasprimeras.com.do\/index.php\/category\/sin-categoria\/internacionales\/"},"img":{"alt_text":"","src":"https:\/\/i0.wp.com\/lasprimeras.com.do\/wp-content\/uploads\/2025\/03\/grupo-miliciano-Hamas.png?resize=350%2C200&ssl=1","width":350,"height":200,"srcset":"https:\/\/i0.wp.com\/lasprimeras.com.do\/wp-content\/uploads\/2025\/03\/grupo-miliciano-Hamas.png?resize=350%2C200&ssl=1 1x, https:\/\/i0.wp.com\/lasprimeras.com.do\/wp-content\/uploads\/2025\/03\/grupo-miliciano-Hamas.png?resize=525%2C300&ssl=1 1.5x, https:\/\/i0.wp.com\/lasprimeras.com.do\/wp-content\/uploads\/2025\/03\/grupo-miliciano-Hamas.png?resize=700%2C400&ssl=1 2x"},"classes":[]},{"id":98806,"url":"https:\/\/lasprimeras.com.do\/index.php\/2025\/05\/13\/el-principe-heredero-saudi-recibe-a-trump-en-el-reino-al-iniciar-su-gira-de-4-dias-por-oriente-medio\/","url_meta":{"origin":111615,"position":4},"title":"El pr\u00edncipe heredero saud\u00ed recibe a Trump en el reino al iniciar su gira de 4 d\u00edas por Oriente Medio","author":"Nelson Feliz","date":"13 de mayo de 2025","format":false,"excerpt":"POR AAMER MADHANI and ZEKE MILLER RIAD, Arabia Saud\u00ed (AP) \u2014 El presidente de Estados Unidos, Donald Trump, comenz\u00f3 el martes su viaje de cuatro d\u00edas por Oriente Medio visitando al gobernante de facto de Arabia Saud\u00ed, el pr\u00edncipe heredero Mohammed bin Salman, para conversar sobre los esfuerzos de Estados\u2026","rel":"","context":"En \u00abINTERNACIONALES\u00bb","block_context":{"text":"INTERNACIONALES","link":"https:\/\/lasprimeras.com.do\/index.php\/category\/sin-categoria\/internacionales\/"},"img":{"alt_text":"","src":"https:\/\/i0.wp.com\/lasprimeras.com.do\/wp-content\/uploads\/2025\/05\/Donald-Trump-1-1.jpg?resize=350%2C200&ssl=1","width":350,"height":200,"srcset":"https:\/\/i0.wp.com\/lasprimeras.com.do\/wp-content\/uploads\/2025\/05\/Donald-Trump-1-1.jpg?resize=350%2C200&ssl=1 1x, https:\/\/i0.wp.com\/lasprimeras.com.do\/wp-content\/uploads\/2025\/05\/Donald-Trump-1-1.jpg?resize=525%2C300&ssl=1 1.5x, https:\/\/i0.wp.com\/lasprimeras.com.do\/wp-content\/uploads\/2025\/05\/Donald-Trump-1-1.jpg?resize=700%2C400&ssl=1 2x"},"classes":[]},{"id":98844,"url":"https:\/\/lasprimeras.com.do\/index.php\/2025\/05\/13\/principe-heredero-saudi-recibe-a-trump-quien-inicia-gira-de-cuatro-dias-por-oriente-medio\/","url_meta":{"origin":111615,"position":5},"title":"Pr\u00edncipe heredero saud\u00ed recibe a Trump quien inicia gira de cuatro d\u00edas por Oriente Medio","author":"Nelson Feliz","date":"13 de mayo de 2025","format":false,"excerpt":"POR AAMER MADHANI,ZEKE MILLER and JON GAMBRELL RIAD, Arabia Saud\u00ed (AP) \u2014 El presidente estadounidense Donald Trump comenz\u00f3 el martes su viaje de cuatro d\u00edas por Oriente Medio en Arabia Saud\u00ed, centrando la atenci\u00f3n en sellar acuerdos econ\u00f3micos con un aliado clave de Oriente Medio en medio de preocupaciones compartidas\u2026","rel":"","context":"En \u00abINTERNACIONALES\u00bb","block_context":{"text":"INTERNACIONALES","link":"https:\/\/lasprimeras.com.do\/index.php\/category\/sin-categoria\/internacionales\/"},"img":{"alt_text":"","src":"https:\/\/i0.wp.com\/lasprimeras.com.do\/wp-content\/uploads\/2025\/05\/Donald-Trump-2-1.jpg?resize=350%2C200&ssl=1","width":350,"height":200,"srcset":"https:\/\/i0.wp.com\/lasprimeras.com.do\/wp-content\/uploads\/2025\/05\/Donald-Trump-2-1.jpg?resize=350%2C200&ssl=1 1x, https:\/\/i0.wp.com\/lasprimeras.com.do\/wp-content\/uploads\/2025\/05\/Donald-Trump-2-1.jpg?resize=525%2C300&ssl=1 1.5x, https:\/\/i0.wp.com\/lasprimeras.com.do\/wp-content\/uploads\/2025\/05\/Donald-Trump-2-1.jpg?resize=700%2C400&ssl=1 2x"},"classes":[]}],"jetpack_sharing_enabled":true,"_links":{"self":[{"href":"https:\/\/lasprimeras.com.do\/index.php\/wp-json\/wp\/v2\/posts\/111615","targetHints":{"allow":["GET"]}}],"collection":[{"href":"https:\/\/lasprimeras.com.do\/index.php\/wp-json\/wp\/v2\/posts"}],"about":[{"href":"https:\/\/lasprimeras.com.do\/index.php\/wp-json\/wp\/v2\/types\/post"}],"author":[{"embeddable":true,"href":"https:\/\/lasprimeras.com.do\/index.php\/wp-json\/wp\/v2\/users\/10"}],"replies":[{"embeddable":true,"href":"https:\/\/lasprimeras.com.do\/index.php\/wp-json\/wp\/v2\/comments?post=111615"}],"version-history":[{"count":1,"href":"https:\/\/lasprimeras.com.do\/index.php\/wp-json\/wp\/v2\/posts\/111615\/revisions"}],"predecessor-version":[{"id":111617,"href":"https:\/\/lasprimeras.com.do\/index.php\/wp-json\/wp\/v2\/posts\/111615\/revisions\/111617"}],"wp:featuredmedia":[{"embeddable":true,"href":"https:\/\/lasprimeras.com.do\/index.php\/wp-json\/wp\/v2\/media\/111616"}],"wp:attachment":[{"href":"https:\/\/lasprimeras.com.do\/index.php\/wp-json\/wp\/v2\/media?parent=111615"}],"wp:term":[{"taxonomy":"category","embeddable":true,"href":"https:\/\/lasprimeras.com.do\/index.php\/wp-json\/wp\/v2\/categories?post=111615"},{"taxonomy":"post_tag","embeddable":true,"href":"https:\/\/lasprimeras.com.do\/index.php\/wp-json\/wp\/v2\/tags?post=111615"}],"curies":[{"name":"wp","href":"https:\/\/api.w.org\/{rel}","templated":true}]}}