{"id":111650,"date":"2025-10-12T14:55:16","date_gmt":"2025-10-12T18:55:16","guid":{"rendered":"https:\/\/lasprimeras.com.do\/?p=111650"},"modified":"2025-10-12T14:55:18","modified_gmt":"2025-10-12T18:55:18","slug":"jce-inicia-recepcion-de-propuestas-de-aspirantes-a-miembros-de-las-oclee-en-el-exterior","status":"publish","type":"post","link":"https:\/\/lasprimeras.com.do\/index.php\/2025\/10\/12\/jce-inicia-recepcion-de-propuestas-de-aspirantes-a-miembros-de-las-oclee-en-el-exterior\/","title":{"rendered":"JCE inicia recepci\u00f3n de propuestas de aspirantes a miembros de las OCLEE en el exterior"},"content":{"rendered":"\n<p>Estados Unidos. &#8211; Una comisi\u00f3n de la Junta Central Electoral (JCE) recibi\u00f3 las propuestas de aspirantes a miembros para conformar las Oficinas de Coordinaci\u00f3n de Log\u00edstica Electoral en el Exterior (OCLEE) de cara al proceso electoral del 2028, iniciando la jornada en Filadelfia y Washington.<\/p>\n\n\n\n<p>La comisi\u00f3n la encabezan la miembro titular y coordinadora de la Comisi\u00f3n del Voto Dominicano en el Exterior, Hirayda Marcelle Fern\u00e1ndez Guzm\u00e1n; y la miembro titular Dolores Fern\u00e1ndez S\u00e1nchez. La integran, adem\u00e1s, los directores de Elecciones, Mario N\u00fa\u00f1ez; de Comunicaciones, Suedi Le\u00f3n; el subdirector Voto en el Exterior, Carlos D\u00edaz y la secretaria de la comisi\u00f3n, Evelin Gonz\u00e1lez.<\/p>\n\n\n\n<p>Durante el acto Fern\u00e1ndez Guzm\u00e1n indic\u00f3 que la recepci\u00f3n de propuestas para conformar las OCLEE es una oportunidad de conexi\u00f3n, compromiso y de contribuci\u00f3n directa al fortalecimiento de la democracia dominicana.<\/p>\n\n\n\n<p>\u201cNuestra naci\u00f3n sigue avanzando por el camino de la democracia, y ese camino no puede recorrerse sin ustedes. Ustedes, que han levantado familias, negocios, sue\u00f1os y comunidades en Filadelfia y en muchas otras ciudades de Estados Unidos, forman parte esencial del presente y futuro de la Rep\u00fablica Dominicana\u201d, expres\u00f3 la miembro titular.<\/p>\n\n\n\n<p>Fern\u00e1ndez Guzm\u00e1n invit\u00f3 en nombre de la JCE a los aspirantes a participar activamente en este proceso de conformaci\u00f3n de las OCLEE en su ciudad o circunscripci\u00f3n, ya sea como miembro, colaborador o ciudadano vigilante y comprometido para el fortalecimiento de la democracia y garantizar que su voz sea escuchada con m\u00e1s fuerza.<\/p>\n\n\n\n<p>Sostuvo que las OCLEE son mucho m\u00e1s que un nombre t\u00e9cnico, al precisar que son el puente que asegura que los dominicanos y dominicanas que viven fuera del pa\u00eds puedan ejercer su derecho al voto con dignidad, transparencia y eficiencia.<\/p>\n\n\n\n<p>\u201cPero para que ese puente funcione, necesita de ustedes, de su experiencia, de su conocimiento de las comunidades donde residen y, sobre todo, de su voluntad de servir. Recordemos que la democracia se construye con la participaci\u00f3n de todos, las elecciones no son solo un d\u00eda cada cuatro a\u00f1os, son un proceso y ese proceso necesita de ciudadanos comprometidos, honestos, con vocaci\u00f3n de servicio\u201d, exhort\u00f3 Fern\u00e1ndez Guzm\u00e1n.<\/p>\n\n\n\n<p>Destacan el rol del personal a reclutar<\/p>\n\n\n\n<p>En tanto que la miembro titular Dolores Fern\u00e1ndez S\u00e1nchez, indic\u00f3 que la Oficina de Coordinaci\u00f3n de Log\u00edstica Electoral en el Exterior tiene su rol de reclutar, buscar a las personas que van a trabajar en el proceso electoral y la capacitaci\u00f3n.<\/p>\n\n\n\n<p>Destac\u00f3 que lo m\u00e1s importante es elegir en manos de qui\u00e9n el Pleno va a depositar la integridad de un proceso electoral que tiene que hacerse en libertad, con transparencia, con objetividad y participaci\u00f3n.<\/p>\n\n\n\n<p>\u201cEstamos recibiendo las propuestas de todas las personas que quieren aspirar a una funci\u00f3n que solo se hace por amor a la patria, porque no hay dinero en el mundo que pueda compensar el gran trabajo que hace una OCCLE, cuyas funciones est\u00e1n establecidas desde el art\u00edculo 121 al 124 de la Ley 20-23 Org\u00e1nica del R\u00e9gimen Electoral\u201d, sostuvo Fern\u00e1ndez S\u00e1nchez.<\/p>\n\n\n\n<p>Destac\u00f3 que cuando se celebra un proceso electoral, la JCE tiene que garantizar los principios rectores de este, que tienen que ver con la inclusi\u00f3n, libertad e integridad.<\/p>\n\n\n\n<p>La Junta Central Electoral inici\u00f3 la recepci\u00f3n de propuestas de aspirantes a miembros de las OCLEE este viernes 10 de octubre y continuar\u00e1 con las jornadas en las distintas naciones donde tienen asiento las Oficinas de Coordinaci\u00f3n de Log\u00edstica Electoral en el Exterior.<\/p>\n","protected":false},"excerpt":{"rendered":"<p>Estados Unidos. &#8211; Una comisi\u00f3n de la Junta Central Electoral (JCE) recibi\u00f3 las propuestas de aspirantes a miembros para conformar las Oficinas de Coordinaci\u00f3n de Log\u00edstica Electoral en el Exterior&hellip;<\/p>\n","protected":false},"author":10,"featured_media":111651,"comment_status":"open","ping_status":"open","sticky":false,"template":"","format":"standard","meta":{"content-type":"","jetpack_post_was_ever_published":false,"_jetpack_newsletter_access":"","_jetpack_dont_email_post_to_subs":false,"_jetpack_newsletter_tier_id":0,"_jetpack_memberships_contains_paywalled_content":false,"_jetpack_memberships_contains_paid_content":false,"footnotes":""},"categories":[35,25],"tags":[2098,711,183,475,25787,1329,12819],"class_list":["post-111650","post","type-post","status-publish","format-standard","has-post-thumbnail","hentry","category-nacionales","category-portada","tag-aspirantes","tag-exterior","tag-jce","tag-miembros","tag-oclee","tag-propuestas","tag-recepcion"],"jetpack_featured_media_url":"https:\/\/lasprimeras.com.do\/wp-content\/uploads\/2025\/10\/JCE-2.jpg","jetpack-related-posts":[{"id":115040,"url":"https:\/\/lasprimeras.com.do\/index.php\/2025\/11\/18\/jce-recibe-propuestas-de-aspirantes-a-miembros-de-las-oclee-en-chile-y-panama\/","url_meta":{"origin":111650,"position":0},"title":"JCE recibe propuestas de aspirantes a miembros de las OCLEE en Chile y Panam\u00e1","author":"Nelson Feliz","date":"18 de noviembre de 2025","format":false,"excerpt":"Una comisi\u00f3n de la Junta Central Electoral (JCE) se traslad\u00f3 a Chile y Panam\u00e1 para recibir las propuestas de los aspirantes a miembros de las Oficinas de Coordinaci\u00f3n y de Log\u00edstica Electoral en el Exterior (OCLEE) de estos pa\u00edses de cara a las elecciones de 2028. La comisi\u00f3n de la\u2026","rel":"","context":"En \u00abNACIONALES\u00bb","block_context":{"text":"NACIONALES","link":"https:\/\/lasprimeras.com.do\/index.php\/category\/nacionales\/"},"img":{"alt_text":"","src":"https:\/\/i0.wp.com\/lasprimeras.com.do\/wp-content\/uploads\/2025\/11\/jce-1-1.jpg?resize=350%2C200&ssl=1","width":350,"height":200,"srcset":"https:\/\/i0.wp.com\/lasprimeras.com.do\/wp-content\/uploads\/2025\/11\/jce-1-1.jpg?resize=350%2C200&ssl=1 1x, https:\/\/i0.wp.com\/lasprimeras.com.do\/wp-content\/uploads\/2025\/11\/jce-1-1.jpg?resize=525%2C300&ssl=1 1.5x, https:\/\/i0.wp.com\/lasprimeras.com.do\/wp-content\/uploads\/2025\/11\/jce-1-1.jpg?resize=700%2C400&ssl=1 2x"},"classes":[]},{"id":125535,"url":"https:\/\/lasprimeras.com.do\/index.php\/2026\/03\/24\/comision-de-la-jce-recibe-propuestas-de-aspirantes-a-miembros-de-las-oclee-en-europa\/","url_meta":{"origin":111650,"position":1},"title":"Comisi\u00f3n de la JCE recibe propuestas de aspirantes a miembros de las OCLEE en Europa","author":"Nelson Feliz","date":"24 de marzo de 2026","format":false,"excerpt":"Madrid, Espa\u00f1a. - Una comisi\u00f3n de la Junta Central Electoral (JCE) recibi\u00f3 las propuestas de los aspirantes a miembros de las Oficinas de Coordinaci\u00f3n de Log\u00edstica Electoral en el Exterior (OCLEE) de cara a las elecciones de 2028, en una ruta de trabajo que inici\u00f3 desde el 13 hasta el\u2026","rel":"","context":"En \u00abNACIONALES\u00bb","block_context":{"text":"NACIONALES","link":"https:\/\/lasprimeras.com.do\/index.php\/category\/nacionales\/"},"img":{"alt_text":"","src":"https:\/\/i0.wp.com\/lasprimeras.com.do\/wp-content\/uploads\/2026\/03\/OCLEE-09.jpg?resize=350%2C200&ssl=1","width":350,"height":200,"srcset":"https:\/\/i0.wp.com\/lasprimeras.com.do\/wp-content\/uploads\/2026\/03\/OCLEE-09.jpg?resize=350%2C200&ssl=1 1x, https:\/\/i0.wp.com\/lasprimeras.com.do\/wp-content\/uploads\/2026\/03\/OCLEE-09.jpg?resize=525%2C300&ssl=1 1.5x, https:\/\/i0.wp.com\/lasprimeras.com.do\/wp-content\/uploads\/2026\/03\/OCLEE-09.jpg?resize=700%2C400&ssl=1 2x"},"classes":[]},{"id":112828,"url":"https:\/\/lasprimeras.com.do\/index.php\/2025\/10\/27\/presidente-de-la-jce-en-ny-el-voto-en-el-exterior-es-la-conquista-mas-democratica-de-rd-en-materia-electoral\/","url_meta":{"origin":111650,"position":2},"title":"Presidente de la JCE en NY: el voto en el exterior es la conquista m\u00e1s democr\u00e1tica de RD en materia electoral","author":"Nelson Feliz","date":"27 de octubre de 2025","format":false,"excerpt":"Se avanza en la recepci\u00f3n de propuestas de las 24 OCLEE que operan a nivel internacional Nueva York.- El presidente de la Junta Central Electoral (JCE), Rom\u00e1n Andr\u00e9s J\u00e1quez Liranzo, proclam\u00f3 ayer en Nueva York que el derecho al voto en el exterior es la conquista m\u00e1s democr\u00e1tica que ha\u2026","rel":"","context":"En \u00abINTERNACIONALES\u00bb","block_context":{"text":"INTERNACIONALES","link":"https:\/\/lasprimeras.com.do\/index.php\/category\/sin-categoria\/internacionales\/"},"img":{"alt_text":"","src":"https:\/\/i0.wp.com\/lasprimeras.com.do\/wp-content\/uploads\/2025\/10\/Roman-Andres-Jaquez-Liranzo.jpg?resize=350%2C200&ssl=1","width":350,"height":200,"srcset":"https:\/\/i0.wp.com\/lasprimeras.com.do\/wp-content\/uploads\/2025\/10\/Roman-Andres-Jaquez-Liranzo.jpg?resize=350%2C200&ssl=1 1x, https:\/\/i0.wp.com\/lasprimeras.com.do\/wp-content\/uploads\/2025\/10\/Roman-Andres-Jaquez-Liranzo.jpg?resize=525%2C300&ssl=1 1.5x, https:\/\/i0.wp.com\/lasprimeras.com.do\/wp-content\/uploads\/2025\/10\/Roman-Andres-Jaquez-Liranzo.jpg?resize=700%2C400&ssl=1 2x"},"classes":[]},{"id":111500,"url":"https:\/\/lasprimeras.com.do\/index.php\/2025\/10\/09\/jce-iniciara-encuentros-para-conformacion-de-las-oclee-a-partir-de-este-10-de-octubre\/","url_meta":{"origin":111650,"position":3},"title":"JCE iniciar\u00e1 encuentros para conformaci\u00f3n de las OCLEE a partir de este 10 de octubre","author":"Nelson Feliz","date":"9 de octubre de 2025","format":false,"excerpt":"La Junta Central Electoral (JCE) iniciar\u00e1 este viernes 10 de octubre las reuniones para la recepci\u00f3n de propuestas de aspirantes a miembros de las 24 Oficinas de Coordinaci\u00f3n de Log\u00edstica Electoral (OCLEE), responsables del montaje de las elecciones del a\u00f1o 2028 en el exterior. Las reuniones iniciar\u00e1n con varias rutas\u2026","rel":"","context":"En \u00abNACIONALES\u00bb","block_context":{"text":"NACIONALES","link":"https:\/\/lasprimeras.com.do\/index.php\/category\/nacionales\/"},"img":{"alt_text":"","src":"https:\/\/i0.wp.com\/lasprimeras.com.do\/wp-content\/uploads\/2025\/10\/JCE-1.jpg?resize=350%2C200&ssl=1","width":350,"height":200,"srcset":"https:\/\/i0.wp.com\/lasprimeras.com.do\/wp-content\/uploads\/2025\/10\/JCE-1.jpg?resize=350%2C200&ssl=1 1x, https:\/\/i0.wp.com\/lasprimeras.com.do\/wp-content\/uploads\/2025\/10\/JCE-1.jpg?resize=525%2C300&ssl=1 1.5x, https:\/\/i0.wp.com\/lasprimeras.com.do\/wp-content\/uploads\/2025\/10\/JCE-1.jpg?resize=700%2C400&ssl=1 2x"},"classes":[]},{"id":112757,"url":"https:\/\/lasprimeras.com.do\/index.php\/2025\/10\/27\/jce-concluye-en-ny-ruta-recepcion-de-propuestas-para-conformar-oclle\/","url_meta":{"origin":111650,"position":4},"title":"JCE concluye en NY ruta recepci\u00f3n de propuestas para conformar OCLLE","author":"Nelson Feliz","date":"27 de octubre de 2025","format":false,"excerpt":"https:\/\/www.youtube.com\/watch?v=_qooak9QeMM Por Ram\u00f3n Mercedes NUEVA YORK.- Una comisi\u00f3n de la Junta Central Electoral (JCE), encabezada por su presidente, doctor Rom\u00e1n J\u00e1quez Liranzo, concluy\u00f3 la noche de este domingo la ruta de recepci\u00f3n de propuestas para la conformaci\u00f3n de las Oficinas de Coordinaci\u00f3n de Log\u00edstica Electoral del Exterior (OCLEE), en varias\u2026","rel":"","context":"En \u00abLA VOZ DE LA DIASPORA\u00bb","block_context":{"text":"LA VOZ DE LA DIASPORA","link":"https:\/\/lasprimeras.com.do\/index.php\/category\/la-voz-de-la-diaspora\/"},"img":{"alt_text":"JCE concluye en NY ruta recepci\u00f3n de propuestas para conformar OCLLE en circunscripci\u00f3n 1-USA","src":"https:\/\/i0.wp.com\/lasprimeras.com.do\/wp-content\/uploads\/2025\/10\/JCE.jpeg?resize=350%2C200&ssl=1","width":350,"height":200,"srcset":"https:\/\/i0.wp.com\/lasprimeras.com.do\/wp-content\/uploads\/2025\/10\/JCE.jpeg?resize=350%2C200&ssl=1 1x, https:\/\/i0.wp.com\/lasprimeras.com.do\/wp-content\/uploads\/2025\/10\/JCE.jpeg?resize=525%2C300&ssl=1 1.5x"},"classes":[]},{"id":112639,"url":"https:\/\/lasprimeras.com.do\/index.php\/2025\/10\/23\/jce-continuara-este-sabado-ruta-de-conformacion-oclee-en-ciudades-de-usa\/","url_meta":{"origin":111650,"position":5},"title":"JCE continuar\u00e1 este s\u00e1bado ruta de conformaci\u00f3n OCLEE en ciudades de USA","author":"Nelson Feliz","date":"23 de octubre de 2025","format":false,"excerpt":"Por Ram\u00f3n Mercedes NUEVA YORK.- La Junta Central Electoral (JCE) continuar\u00e1 el pr\u00f3ximo s\u00e1bado 25 la ruta de recepci\u00f3n de propuestas para la conformaci\u00f3n de las Oficinas de Coordinaci\u00f3n de Log\u00edstica Electoral del Exterior (OCLEE), en varias ciudades de la circunscripci\u00f3n 1-USA, responsables del montaje de las elecciones del a\u00f1o\u2026","rel":"","context":"En \u00abLA VOZ DE LA DIASPORA\u00bb","block_context":{"text":"LA VOZ DE LA DIASPORA","link":"https:\/\/lasprimeras.com.do\/index.php\/category\/la-voz-de-la-diaspora\/"},"img":{"alt_text":"","src":"https:\/\/i0.wp.com\/lasprimeras.com.do\/wp-content\/uploads\/2025\/02\/Fachada-JCE.jpg?resize=350%2C200&ssl=1","width":350,"height":200,"srcset":"https:\/\/i0.wp.com\/lasprimeras.com.do\/wp-content\/uploads\/2025\/02\/Fachada-JCE.jpg?resize=350%2C200&ssl=1 1x, https:\/\/i0.wp.com\/lasprimeras.com.do\/wp-content\/uploads\/2025\/02\/Fachada-JCE.jpg?resize=525%2C300&ssl=1 1.5x, https:\/\/i0.wp.com\/lasprimeras.com.do\/wp-content\/uploads\/2025\/02\/Fachada-JCE.jpg?resize=700%2C400&ssl=1 2x"},"classes":[]}],"jetpack_sharing_enabled":true,"_links":{"self":[{"href":"https:\/\/lasprimeras.com.do\/index.php\/wp-json\/wp\/v2\/posts\/111650","targetHints":{"allow":["GET"]}}],"collection":[{"href":"https:\/\/lasprimeras.com.do\/index.php\/wp-json\/wp\/v2\/posts"}],"about":[{"href":"https:\/\/lasprimeras.com.do\/index.php\/wp-json\/wp\/v2\/types\/post"}],"author":[{"embeddable":true,"href":"https:\/\/lasprimeras.com.do\/index.php\/wp-json\/wp\/v2\/users\/10"}],"replies":[{"embeddable":true,"href":"https:\/\/lasprimeras.com.do\/index.php\/wp-json\/wp\/v2\/comments?post=111650"}],"version-history":[{"count":1,"href":"https:\/\/lasprimeras.com.do\/index.php\/wp-json\/wp\/v2\/posts\/111650\/revisions"}],"predecessor-version":[{"id":111652,"href":"https:\/\/lasprimeras.com.do\/index.php\/wp-json\/wp\/v2\/posts\/111650\/revisions\/111652"}],"wp:featuredmedia":[{"embeddable":true,"href":"https:\/\/lasprimeras.com.do\/index.php\/wp-json\/wp\/v2\/media\/111651"}],"wp:attachment":[{"href":"https:\/\/lasprimeras.com.do\/index.php\/wp-json\/wp\/v2\/media?parent=111650"}],"wp:term":[{"taxonomy":"category","embeddable":true,"href":"https:\/\/lasprimeras.com.do\/index.php\/wp-json\/wp\/v2\/categories?post=111650"},{"taxonomy":"post_tag","embeddable":true,"href":"https:\/\/lasprimeras.com.do\/index.php\/wp-json\/wp\/v2\/tags?post=111650"}],"curies":[{"name":"wp","href":"https:\/\/api.w.org\/{rel}","templated":true}]}}