{"id":111662,"date":"2025-10-12T15:31:17","date_gmt":"2025-10-12T19:31:17","guid":{"rendered":"https:\/\/lasprimeras.com.do\/?p=111662"},"modified":"2025-10-12T15:32:07","modified_gmt":"2025-10-12T19:32:07","slug":"observatorio-de-medios-digitales-abre-convocatoria-para-premio-nacional-de-periodismo-digital-2025","status":"publish","type":"post","link":"https:\/\/lasprimeras.com.do\/index.php\/2025\/10\/12\/observatorio-de-medios-digitales-abre-convocatoria-para-premio-nacional-de-periodismo-digital-2025\/","title":{"rendered":"Observatorio de Medios Digitales abre convocatoria para Premio Nacional de Periodismo Digital 2025"},"content":{"rendered":"\n<p>El Observatorio de Medios Digitales Dominicanos inform\u00f3 este martes que est\u00e1n abiertas las postulaciones y el proceso de evaluaci\u00f3n para el Premio Nacional de Periodismo Digital de la Rep\u00fablica Dominicana 2025, iniciativa auspiciada por el Banco Popular.<\/p>\n\n\n\n<p>As\u00ed lo inform\u00f3 la periodista y maestra, Cristal Acevedo, quien precis\u00f3 que las postulaciones pueden ser presentadas por los medios o sus trabajadores, as\u00ed como por editores o periodistas realizadores hasta el 31 de octubre de 2025, a las 12:00 de la noche.<\/p>\n\n\n\n<p>Explic\u00f3 que para participar, los periodistas, comunicadores y due\u00f1os de medios digitales, deben acceder a la p\u00e1gina oficial del Observatorio (observatoriodemediosdigitales.com), donde encontrar\u00e1n un formulario disponible, al cual se debe anexar el expediente con los detalles de las categor\u00edas en que se desee participar.<\/p>\n\n\n\n<p>Acevedo detall\u00f3 que las categor\u00edas vigentes para el Premio, este 2025, son: periodista digital del a\u00f1o, mejor peri\u00f3dico nativo digital, mejor reportaje en digital, mejor proyecto de innovaci\u00f3n en medios digitales, mejor programa de medios digitales y mejor versi\u00f3n digital de un medio impreso.<\/p>\n\n\n\n<p>Adem\u00e1s, agreg\u00f3 que ser\u00e1n evaluadas las categor\u00edas: mejor peri\u00f3dico digital de salud, mejor peri\u00f3dico digital de deportes, mejor peri\u00f3dico digital de espect\u00e1culos, mejor peri\u00f3dico digital de turismo, mejor peri\u00f3dico digital de sociales y mejor peri\u00f3dico digital de econom\u00eda.<\/p>\n\n\n\n<p>Tambi\u00e9n, dijo que ser\u00e1n reconocidas las categor\u00edas: mejor peri\u00f3dico digital del Sur, mejor peri\u00f3dico digital del Cibao, mejor peri\u00f3dico digital del Este, mejor peri\u00f3dico digital de Santo Domingo Norte y mejor peri\u00f3dico digital de Santo Domingo Oeste.<\/p>\n\n\n\n<p>Del mismo modo, mejor peri\u00f3dico digital de Santo Domingo Este y mejor periodista en redes sociales. Otras categor\u00edas a ser premiadas son: mejor nuevo medio digital, mejor podcast, mejor contenido difundido en digital y mejor dise\u00f1o Web y mejor programa digital de opini\u00f3n.<\/p>\n\n\n\n<p>Acevedo puntualiz\u00f3 que como cada a\u00f1o, el Observatorio de Medios Digitales Dominicanos otorgar\u00e1 el galard\u00f3n denominado &#8220;Gran Premio Nacional de Periodismo Digital&#8221;, el cual ser\u00e1 entregado a un periodista que cuente con amplia trayectoria en medios digitales, quien ser\u00e1 reconocido por sus aportes al sector.<\/p>\n\n\n\n<p>El Premio Nacional de Periodismo Digital es una iniciativa que reconoce la labor de periodistas, comunicadores y due\u00f1os de medios digitales que hacen de la red un espacio con contenido de calidad, aportando desde su ejercicio informaci\u00f3n oportuna y veraz, para garantizar el derecho a la informaci\u00f3n que tienen los ciudadanos y ciudadanas.<\/p>\n\n\n\n<p>La premiaci\u00f3n ya arriba a su octava entrega, la cual siempre se realiza en noviembre, y en la cual se valoran m\u00e1s de 24 categor\u00edas que incluyen los medios digitales de todo el pa\u00eds, como cada una de las iniciativas del Observatorio de Medios Digitales Dominicanos.<\/p>\n\n\n\n<p>Ante cualquier duda, los comunicadores, periodistas y due\u00f1os de medios digitales, pueden enviar un correo a: observatoriodemediosdigitales@gmail.com. La ceremonia de entrega del Premio Nacional de Periodismo Digital 2025 ser\u00e1 realizada el jueves 25 de noviembre, en el hotel Barcel\u00f3 Santo Domingo, a las 7:00 de la noche.<\/p>\n\n\n\n<p>Las bases son las siguientes:<\/p>\n\n\n\n<ol class=\"wp-block-list\">\n<li>Podr\u00e1n participar en una o varias categor\u00edas del Premio Nacional de Periodismo Digital, los y las periodistas y trabajadores de medios digitales que hayan laborado para un medio digital por lo menos en el \u00faltimo a\u00f1o.<\/li>\n\n\n\n<li>En el caso de la categor\u00eda reportaje, podr\u00e1n participar los trabajos difundidos en medios digitales, autor\u00eda de una persona o de un equipo de trabajo de cualquier tema de inter\u00e9s, publicado entre el 1 de enero y el 30 de octubre de 2025.<\/li>\n\n\n\n<li>Los trabajos pueden ser presentados por los medios o sus trabajadores, as\u00ed como por editores o periodistas realizadores y deben ser enviados los links, como fecha l\u00edmite el d\u00eda 31 de octubre de 2025, a las 12:00 de la noche.<\/li>\n\n\n\n<li>El expediente enviado para ser evaluado debe contener: Rese\u00f1a hist\u00f3rica del medio digital y perfil profesional del periodista, nombre completo, tel\u00e9fono de contacto, direcci\u00f3n y edad, as\u00ed como cualquier otro dato que se desee incluir, adem\u00e1s de los solicitados.<\/li>\n\n\n\n<li>En el caso de la postulaci\u00f3n para ser nominado en una de las categor\u00edas que reconocer\u00e1 a los medios digitales, espec\u00edficamente, se debe enviar una rese\u00f1a del medio y una del periodista due\u00f1o\/fundador de \u00e9ste.<\/li>\n\n\n\n<li>Los criterios de evaluaci\u00f3n son: calidad del contenido, trayectoria, incidencia medi\u00e1tica y aplicaci\u00f3n de los recursos del periodismo digital en la estructuraci\u00f3n de la plataforma y contenido gestionados.<\/li>\n<\/ol>\n","protected":false},"excerpt":{"rendered":"<p>El Observatorio de Medios Digitales Dominicanos inform\u00f3 este martes que est\u00e1n abiertas las postulaciones y el proceso de evaluaci\u00f3n para el Premio Nacional de Periodismo Digital de la Rep\u00fablica Dominicana&hellip;<\/p>\n","protected":false},"author":10,"featured_media":111664,"comment_status":"open","ping_status":"open","sticky":false,"template":"","format":"standard","meta":{"content-type":"","jetpack_post_was_ever_published":false,"_jetpack_newsletter_access":"","_jetpack_dont_email_post_to_subs":false,"_jetpack_newsletter_tier_id":0,"_jetpack_memberships_contains_paywalled_content":false,"_jetpack_memberships_contains_paid_content":false,"footnotes":""},"categories":[23746],"tags":[952,9949,25856],"class_list":["post-111662","post","type-post","status-publish","format-standard","has-post-thumbnail","hentry","category-tecnologia","tag-convocatoria","tag-observatorio-de-medios-digitales","tag-premio-nacional-de-periodismo-digital-2025"],"jetpack_featured_media_url":"https:\/\/lasprimeras.com.do\/wp-content\/uploads\/2025\/10\/WhatsApp-Image-2025-10-08-at-10.47.54-AM.jpeg","jetpack-related-posts":[{"id":90005,"url":"https:\/\/lasprimeras.com.do\/index.php\/2024\/10\/12\/observatorio-de-medios-digitales-abre-convocatoria-a-premio-nacional-de-periodismo-digital-2024\/","url_meta":{"origin":111662,"position":0},"title":"Observatorio de Medios Digitales abre convocatoria a Premio Nacional de Periodismo Digital 2024","author":"Nelson Feliz","date":"12 de octubre de 2024","format":false,"excerpt":"El Observatorio de Medios Digitales Dominicanos anunci\u00f3 este jueves la s\u00e9ptima versi\u00f3n del Premio Nacional de Periodismo Digital de la Rep\u00fablica Dominicana, iniciativa que reconoce la labor de periodistas, comunicadores y due\u00f1os de medios digitales. El anuncio lo hizo la periodista y maestra, Cristal Acevedo, quien explic\u00f3 que el evento\u2026","rel":"","context":"En \u00abNACIONALES\u00bb","block_context":{"text":"NACIONALES","link":"https:\/\/lasprimeras.com.do\/index.php\/category\/nacionales\/"},"img":{"alt_text":"","src":"https:\/\/i0.wp.com\/lasprimeras.com.do\/wp-content\/uploads\/2024\/10\/OBSE.jpg?resize=350%2C200&ssl=1","width":350,"height":200,"srcset":"https:\/\/i0.wp.com\/lasprimeras.com.do\/wp-content\/uploads\/2024\/10\/OBSE.jpg?resize=350%2C200&ssl=1 1x, https:\/\/i0.wp.com\/lasprimeras.com.do\/wp-content\/uploads\/2024\/10\/OBSE.jpg?resize=525%2C300&ssl=1 1.5x, https:\/\/i0.wp.com\/lasprimeras.com.do\/wp-content\/uploads\/2024\/10\/OBSE.jpg?resize=700%2C400&ssl=1 2x"},"classes":[]},{"id":63172,"url":"https:\/\/lasprimeras.com.do\/index.php\/2023\/10\/10\/observatorio-de-medios-digitales-anuncia-premio-nacional-de-periodismo-digital-2023\/","url_meta":{"origin":111662,"position":1},"title":"Observatorio de Medios Digitales anuncia Premio Nacional de Periodismo Digital 2023","author":"Nelson Feliz","date":"10 de octubre de 2023","format":false,"excerpt":"La ceremonia de entrega ser\u00e1 el martes 28 de noviembre, en el Centro Indotel de la Zona Colonial. Con el respaldo del Banco Popular y el Consorcio Energ\u00e9tico Punta Cana-Macao, el Observatorio de Medios Digitales anunci\u00f3 la sexta versi\u00f3n del Premio Nacional de Periodismo Digital de la Rep\u00fablica Dominicana, iniciativa\u2026","rel":"","context":"En \u00abENTRETENIMIENTO\u00bb","block_context":{"text":"ENTRETENIMIENTO","link":"https:\/\/lasprimeras.com.do\/index.php\/category\/entretenimiento\/"},"img":{"alt_text":"observatorio","src":"https:\/\/i0.wp.com\/lasprimeras.com.do\/wp-content\/uploads\/2023\/10\/observatorio-1.jpg?resize=350%2C200&ssl=1","width":350,"height":200,"srcset":"https:\/\/i0.wp.com\/lasprimeras.com.do\/wp-content\/uploads\/2023\/10\/observatorio-1.jpg?resize=350%2C200&ssl=1 1x, https:\/\/i0.wp.com\/lasprimeras.com.do\/wp-content\/uploads\/2023\/10\/observatorio-1.jpg?resize=525%2C300&ssl=1 1.5x, https:\/\/i0.wp.com\/lasprimeras.com.do\/wp-content\/uploads\/2023\/10\/observatorio-1.jpg?resize=700%2C400&ssl=1 2x"},"classes":[]},{"id":114521,"url":"https:\/\/lasprimeras.com.do\/index.php\/2025\/11\/15\/observatorio-anuncia-nominados-premio-periodismo-digital-2025\/","url_meta":{"origin":111662,"position":2},"title":"Observatorio anuncia nominados Premio Periodismo Digital 2025","author":"Nelson Feliz","date":"15 de noviembre de 2025","format":false,"excerpt":"El Observatorio de Medios Digitales Dominicanos anunci\u00f3 este s\u00e1bado los nominados de la octava versi\u00f3n del Premio Nacional de Periodismo Digital 2025, una iniciativa respaldada por el Banco Popular y el Instituto Dominicano de las Telecomunicaciones (INDOTEL). La ceremonia de celebraci\u00f3n ser\u00e1 realizada en el Centro Indotel de la Zona\u2026","rel":"","context":"En \u00abENTRETENIMIENTO\u00bb","block_context":{"text":"ENTRETENIMIENTO","link":"https:\/\/lasprimeras.com.do\/index.php\/category\/entretenimiento\/"},"img":{"alt_text":"","src":"https:\/\/i0.wp.com\/lasprimeras.com.do\/wp-content\/uploads\/2025\/11\/WhatsApp-Image-2025-11-15-at-2.09.03-PM.jpeg?resize=350%2C200&ssl=1","width":350,"height":200,"srcset":"https:\/\/i0.wp.com\/lasprimeras.com.do\/wp-content\/uploads\/2025\/11\/WhatsApp-Image-2025-11-15-at-2.09.03-PM.jpeg?resize=350%2C200&ssl=1 1x, https:\/\/i0.wp.com\/lasprimeras.com.do\/wp-content\/uploads\/2025\/11\/WhatsApp-Image-2025-11-15-at-2.09.03-PM.jpeg?resize=525%2C300&ssl=1 1.5x, https:\/\/i0.wp.com\/lasprimeras.com.do\/wp-content\/uploads\/2025\/11\/WhatsApp-Image-2025-11-15-at-2.09.03-PM.jpeg?resize=700%2C400&ssl=1 2x"},"classes":[]},{"id":66865,"url":"https:\/\/lasprimeras.com.do\/index.php\/2023\/11\/10\/observatorio-anuncia-nominados-a-premio-nacional-de-periodismo-digital-2023\/","url_meta":{"origin":111662,"position":3},"title":"Observatorio anuncia nominados a Premio Nacional de Periodismo Digital 2023","author":"Nelson Feliz","date":"10 de noviembre de 2023","format":false,"excerpt":"El Observatorio de Medios Digitales Dominicanos anunci\u00f3 este jueves los nominados al Premio Nacional de Periodismo Digital 2023, iniciativa respaldada por el Banco Popular y el Consorcio Energ\u00e9tico Punta Cana-Macao (CEPM). El anuncio lo hizo la periodista Cristal Acevedo, presidenta del Observatorio, quien inform\u00f3 que este a\u00f1o la ceremonia de\u2026","rel":"","context":"En \u00abENTRETENIMIENTO\u00bb","block_context":{"text":"ENTRETENIMIENTO","link":"https:\/\/lasprimeras.com.do\/index.php\/category\/entretenimiento\/"},"img":{"alt_text":"Observatorio de Medios Digitales Dominicanos","src":"https:\/\/i0.wp.com\/lasprimeras.com.do\/wp-content\/uploads\/2023\/11\/Observatorio-de-Medios-Digitales-Dominicanos.jpg?resize=350%2C200&ssl=1","width":350,"height":200},"classes":[]},{"id":69064,"url":"https:\/\/lasprimeras.com.do\/index.php\/2023\/11\/29\/observatorio-de-medios-digitales-realiza-con-exito-premio-nacional-de-periodismo-digital-2023-en-el-teatro-nacional-2\/","url_meta":{"origin":111662,"position":4},"title":"Observatorio de Medios Digitales realiza con \u00e9xito \u201cPremio Nacional de Periodismo Digital 2023\u201d en el Teatro Nacional","author":"Nelson Feliz","date":"29 de noviembre de 2023","format":false,"excerpt":"El Observatorio de Medios Digitales Dominicanos realiz\u00f3 con \u00e9xito este martes la sexta entrega de la ceremonia del Premio Nacional de Periodismo Digital. El evento fue realizado en la sala A\u00edda Bonnelly del Teatro Nacional con la asistencia de cientos de comunicadores, periodistas y due\u00f1os de medios digitales de todo\u2026","rel":"","context":"En \u00abENTRETENIMIENTO\u00bb","block_context":{"text":"ENTRETENIMIENTO","link":"https:\/\/lasprimeras.com.do\/index.php\/category\/entretenimiento\/"},"img":{"alt_text":"Cristal Acevedo","src":"https:\/\/i0.wp.com\/lasprimeras.com.do\/wp-content\/uploads\/2023\/11\/Cristal-Acevedo.jpg?resize=350%2C200&ssl=1","width":350,"height":200,"srcset":"https:\/\/i0.wp.com\/lasprimeras.com.do\/wp-content\/uploads\/2023\/11\/Cristal-Acevedo.jpg?resize=350%2C200&ssl=1 1x, https:\/\/i0.wp.com\/lasprimeras.com.do\/wp-content\/uploads\/2023\/11\/Cristal-Acevedo.jpg?resize=525%2C300&ssl=1 1.5x, https:\/\/i0.wp.com\/lasprimeras.com.do\/wp-content\/uploads\/2023\/11\/Cristal-Acevedo.jpg?resize=700%2C400&ssl=1 2x"},"classes":[]},{"id":115970,"url":"https:\/\/lasprimeras.com.do\/index.php\/2025\/11\/26\/reconocen-a-colombia-alcantara-por-su-trayectoria-y-altanto-tv-gana-el-premio-nacional-de-periodismo-digital\/","url_meta":{"origin":111662,"position":5},"title":"Reconocen a Colombia Alc\u00e1ntara por su trayectoria y Altanto TV gana el Premio Nacional de Periodismo Digital","author":"Nelson Feliz","date":"26 de noviembre de 2025","format":false,"excerpt":"La periodista y comunicadora Colombia Alc\u00e1ntara fue homenajeada durante la Octava Entrega del Premio Nacional de Periodismo Digital, un evento celebrado en el Centro Indotel de la Zona Colonial que reconoce la excelencia en los medios digitales de la Rep\u00fablica Dominicana. Alc\u00e1ntara recibi\u00f3 una distinci\u00f3n especial del Observatorio de Medios\u2026","rel":"","context":"En \u00abENTRETENIMIENTO\u00bb","block_context":{"text":"ENTRETENIMIENTO","link":"https:\/\/lasprimeras.com.do\/index.php\/category\/entretenimiento\/"},"img":{"alt_text":"Colombia Alc\u00e1ntara","src":"https:\/\/i0.wp.com\/lasprimeras.com.do\/wp-content\/uploads\/2025\/11\/Colombia-Alcantara.jpg?resize=350%2C200&ssl=1","width":350,"height":200,"srcset":"https:\/\/i0.wp.com\/lasprimeras.com.do\/wp-content\/uploads\/2025\/11\/Colombia-Alcantara.jpg?resize=350%2C200&ssl=1 1x, https:\/\/i0.wp.com\/lasprimeras.com.do\/wp-content\/uploads\/2025\/11\/Colombia-Alcantara.jpg?resize=525%2C300&ssl=1 1.5x, https:\/\/i0.wp.com\/lasprimeras.com.do\/wp-content\/uploads\/2025\/11\/Colombia-Alcantara.jpg?resize=700%2C400&ssl=1 2x"},"classes":[]}],"jetpack_sharing_enabled":true,"_links":{"self":[{"href":"https:\/\/lasprimeras.com.do\/index.php\/wp-json\/wp\/v2\/posts\/111662","targetHints":{"allow":["GET"]}}],"collection":[{"href":"https:\/\/lasprimeras.com.do\/index.php\/wp-json\/wp\/v2\/posts"}],"about":[{"href":"https:\/\/lasprimeras.com.do\/index.php\/wp-json\/wp\/v2\/types\/post"}],"author":[{"embeddable":true,"href":"https:\/\/lasprimeras.com.do\/index.php\/wp-json\/wp\/v2\/users\/10"}],"replies":[{"embeddable":true,"href":"https:\/\/lasprimeras.com.do\/index.php\/wp-json\/wp\/v2\/comments?post=111662"}],"version-history":[{"count":1,"href":"https:\/\/lasprimeras.com.do\/index.php\/wp-json\/wp\/v2\/posts\/111662\/revisions"}],"predecessor-version":[{"id":111663,"href":"https:\/\/lasprimeras.com.do\/index.php\/wp-json\/wp\/v2\/posts\/111662\/revisions\/111663"}],"wp:featuredmedia":[{"embeddable":true,"href":"https:\/\/lasprimeras.com.do\/index.php\/wp-json\/wp\/v2\/media\/111664"}],"wp:attachment":[{"href":"https:\/\/lasprimeras.com.do\/index.php\/wp-json\/wp\/v2\/media?parent=111662"}],"wp:term":[{"taxonomy":"category","embeddable":true,"href":"https:\/\/lasprimeras.com.do\/index.php\/wp-json\/wp\/v2\/categories?post=111662"},{"taxonomy":"post_tag","embeddable":true,"href":"https:\/\/lasprimeras.com.do\/index.php\/wp-json\/wp\/v2\/tags?post=111662"}],"curies":[{"name":"wp","href":"https:\/\/api.w.org\/{rel}","templated":true}]}}