{"id":111674,"date":"2025-10-12T15:58:31","date_gmt":"2025-10-12T19:58:31","guid":{"rendered":"https:\/\/lasprimeras.com.do\/?p=111674"},"modified":"2025-10-12T15:58:33","modified_gmt":"2025-10-12T19:58:33","slug":"intabaco-inaugura-escuela-tabacalera-hipolito-mejia","status":"publish","type":"post","link":"https:\/\/lasprimeras.com.do\/index.php\/2025\/10\/12\/intabaco-inaugura-escuela-tabacalera-hipolito-mejia\/","title":{"rendered":"Intabaco inaugura Escuela Tabacalera Hip\u00f3lito Mej\u00eda"},"content":{"rendered":"\n<p><strong>Dicho centro ha formado a m\u00e1s de 600 j\u00f3venes y el 95% de los mismos est\u00e1n trabajando en la industria del tabaco.<\/strong><\/p>\n\n\n\n<p>El Instituto del Tabaco de la Rep\u00fablica Dominicana (INTABACO) reinaugur\u00f3 su Escuela Tabacalera coloc\u00e1ndole el nombre de Hip\u00f3lito Mej\u00eda en honor al expresidente de la Rep\u00fablica por sus aportes al sector agropecuario nacional y a la industria del tabaco como exdirector de la entidad en 1965.<\/p>\n\n\n\n<p>Asistieron el expresidente Hip\u00f3lito Mej\u00eda, sus hijos la alcaldesa del Distrito Nacional, Carolina Mej\u00eda, Ram\u00f3n Hip\u00f3lito, Lisa; el ministro de Agricultura, Limber Cruz; el alcalde de Santiago, Ulises Rodr\u00edguez; el director de la Polic\u00eda, Juan Bautista Jim\u00e9nez; la empresaria y dirigente del PRM, Sonia Guzm\u00e1n; los alcaldes de Villa Gonz\u00e1lez, Cesar \u00c1lvarez; de Navarrete, Noel Peralta y de la Canela, Carmen L\u00f3pez.<\/p>\n\n\n\n<p>Tambi\u00e9n participaron el presidente ad vitam de la Asociaci\u00f3n de Productores de Cigarros (PROCIGAR), Henrik Kelner; el presidente de PROCIGAR, Litto G\u00f3mez; el presidente de la Asociaci\u00f3n Dominicana de Cigarros y Tabacos (ADOCITAB), Radham\u00e9s Rodr\u00edguez; el subdirector del INTABACO, Radhames D\u00edaz, el director Industrial y encargado de la Escuela, Luis Tejera y otras personalidades.<\/p>\n\n\n\n<p>Hip\u00f3lito Mej\u00eda destac\u00f3 el desarrollo de la industria del tabaco en Rep\u00fablica Dominicana que genera m\u00e1s de 1,340 millones d\u00f3lares en exportaciones al a\u00f1o y miles de empleos directos e indirectos. Resalt\u00f3 la importancia de la educaci\u00f3n para el desarrollo de las naciones.<\/p>\n\n\n\n<p>Mientras que Carolina Mej\u00eda, alcaldesa del Distrito Nacional e hija del exmandatario, agradeci\u00f3 la distinci\u00f3n otorgada a su padre y dijo que el gobierno dominicano impulsa el desarrollo de este sector tan pujante de la econom\u00eda, alegando que el cigarro dominicano es Patrimonio Cultural de la Rep\u00fablica Dominicana.<\/p>\n\n\n\n<p>Se\u00f1al\u00f3 que el sector tabaco genera m\u00e1s de 110 mil empleos directos e indirectos y es el principal generador de puestos de trabajo de zonas francas en el pa\u00eds con m\u00e1s de 38,000 personas.<\/p>\n\n\n\n<p>En tanto que Iv\u00e1n Hern\u00e1ndez Guzm\u00e1n, director del INTABACO, inform\u00f3 que con la remodelaci\u00f3n y relanzamiento de la Escuela Tabacalera se dota a j\u00f3venes de escasos recursos de conocimientos para su inserci\u00f3n en el mercado laboral y apoya a la industria con la oferta de mano de obra calificada.<\/p>\n\n\n\n<p>Hern\u00e1ndez Guzm\u00e1n resalt\u00f3 los aportes de Hip\u00f3lito Mej\u00eda al sector del tabaco cuando fue director de la entidad introduciendo nuevas pr\u00e1cticas de siembra y elaboraci\u00f3n de cigarros aplicadas internacionalmente; as\u00ed como su contribuci\u00f3n al desarrollo agr\u00edcola de otros productos como el aguacate, vegetales, entre otros.<\/p>\n\n\n\n<p>El director del Intabaco indic\u00f3 que la Escuela Tabacalera fue ampliada y remodelada con capacidad para m\u00e1s de 50 estudiantes y equipada con las herramientas necesarias para la docencia de elaboraci\u00f3n de tabaco 100 por ciento a mano.<\/p>\n\n\n\n<p>Resalt\u00f3 que m\u00e1s 600 j\u00f3venes han sido capacitados de manera gratuita en el proceso de elaboraci\u00f3n del tabaco en los \u00faltimos cuatro a\u00f1os, y que m\u00e1s del 95% de los mismos se han insertado en el mercado laboral.<\/p>\n\n\n\n<p>Agreg\u00f3 que con este programa el estado cumple con la labor social de generaci\u00f3n de empleos y mejora de la calidad de vida de los ciudadanos.<\/p>\n\n\n\n<p>M\u00e1s sobre la Escuela Tabacalera<\/p>\n\n\n\n<p>La Escuela Tabacalera del Intabaco ofrece una aula estructurada y dise\u00f1ada para la capacitaci\u00f3n en Elaboraci\u00f3n de Cigarros Artesanal con equipos y materia prima necesaria para la capacitaci\u00f3n de los estudiantes. Cuenta con maestros tabaqueros con altos est\u00e1ndares de conocimiento y cuando los estudiantes culminan los cursos la instituci\u00f3n da seguimiento hasta que obtenga un empleo.<\/p>\n\n\n\n<p>Tambi\u00e9n ofrece entrenamientos de procesamiento del tabaco, fermentaci\u00f3n, despalille, empaque de tabaco, empaque de cigarros, entre otros.<\/p>\n\n\n\n<p>Destac\u00f3 que el Intabaco tiene un acuerdo con el Instituto T\u00e9cnico Profesional (INFOTEP) para que los estudiantes salgan certificados por ambas instituciones. Tambi\u00e9n con el Gabinete de Pol\u00edtica Social para la formaci\u00f3n de los j\u00f3venes del Programa Oportunidad 14-24.<\/p>\n","protected":false},"excerpt":{"rendered":"<p>Dicho centro ha formado a m\u00e1s de 600 j\u00f3venes y el 95% de los mismos est\u00e1n trabajando en la industria del tabaco. El Instituto del Tabaco de la Rep\u00fablica Dominicana&hellip;<\/p>\n","protected":false},"author":10,"featured_media":111675,"comment_status":"open","ping_status":"open","sticky":false,"template":"","format":"standard","meta":{"content-type":"","jetpack_post_was_ever_published":false,"_jetpack_newsletter_access":"","_jetpack_dont_email_post_to_subs":false,"_jetpack_newsletter_tier_id":0,"_jetpack_memberships_contains_paywalled_content":false,"_jetpack_memberships_contains_paid_content":false,"footnotes":""},"categories":[35,25],"tags":[853,1073,17208,25863],"class_list":["post-111674","post","type-post","status-publish","format-standard","has-post-thumbnail","hentry","category-nacionales","category-portada","tag-escuela","tag-hipolito-mejia","tag-intabaco","tag-tabacalera"],"jetpack_featured_media_url":"https:\/\/lasprimeras.com.do\/wp-content\/uploads\/2025\/10\/hipo-1.jpg","jetpack-related-posts":[{"id":100973,"url":"https:\/\/lasprimeras.com.do\/index.php\/2025\/06\/13\/intabaco-conmemora-su-63-aniversario-con-misa-y-anuncios-para-fortalecer-el-sector\/","url_meta":{"origin":111674,"position":0},"title":"INTABACO conmemora su 63 aniversario con misa y anuncios para fortalecer el sector","author":"Nelson Feliz","date":"13 de junio de 2025","format":false,"excerpt":"El Instituto del Tabaco de la Rep\u00fablica Dominicana (INTABACO) celebr\u00f3 este jueves una misa con motivo de su 63 aniversario, en un acto que cont\u00f3 con la participaci\u00f3n del director de la entidad, Ing. Iv\u00e1n Hern\u00e1ndez Guzm\u00e1n, y del expresidente de la Rep\u00fablica y exdirector del Intabaco, Hip\u00f3lito Mej\u00eda. Durante\u2026","rel":"","context":"En \u00abECONOM\u00cdA\u00bb","block_context":{"text":"ECONOM\u00cdA","link":"https:\/\/lasprimeras.com.do\/index.php\/category\/economia\/"},"img":{"alt_text":"","src":"https:\/\/i0.wp.com\/lasprimeras.com.do\/wp-content\/uploads\/2025\/06\/intabaco-conmemora-su-63-aniversario-con-misa-y-anuncios-para-fortalecer-el-sector.jpg?resize=350%2C200&ssl=1","width":350,"height":200,"srcset":"https:\/\/i0.wp.com\/lasprimeras.com.do\/wp-content\/uploads\/2025\/06\/intabaco-conmemora-su-63-aniversario-con-misa-y-anuncios-para-fortalecer-el-sector.jpg?resize=350%2C200&ssl=1 1x, https:\/\/i0.wp.com\/lasprimeras.com.do\/wp-content\/uploads\/2025\/06\/intabaco-conmemora-su-63-aniversario-con-misa-y-anuncios-para-fortalecer-el-sector.jpg?resize=525%2C300&ssl=1 1.5x, https:\/\/i0.wp.com\/lasprimeras.com.do\/wp-content\/uploads\/2025\/06\/intabaco-conmemora-su-63-aniversario-con-misa-y-anuncios-para-fortalecer-el-sector.jpg?resize=700%2C400&ssl=1 2x"},"classes":[]},{"id":99174,"url":"https:\/\/lasprimeras.com.do\/index.php\/2025\/05\/18\/intabaco-y-15-empresas-tabacaleras-participaran-en-feria-agroalimentaria-2025\/","url_meta":{"origin":111674,"position":1},"title":"INTABACO y 15 empresas tabacaleras participar\u00e1n en Feria Agroalimentaria 2025","author":"Nelson Feliz","date":"18 de mayo de 2025","format":false,"excerpt":"Ha sido habilitado un sal\u00f3n de Tabaco y Ron en donde ser\u00e1n exhibidos cigarros premium dominicanos y otros productos. El Instituto del Tabaco de la Rep\u00fablica Dominicana (INTABACO) junto a 15 empresas tabacaleras participar\u00e1n en la Feria Agroalimentaria 2025, que se celebrar\u00e1 desde el mi\u00e9rcoles 28 al s\u00e1bado 31 de\u2026","rel":"","context":"En \u00abECONOM\u00cdA\u00bb","block_context":{"text":"ECONOM\u00cdA","link":"https:\/\/lasprimeras.com.do\/index.php\/category\/economia\/"},"img":{"alt_text":"Iv\u00e1n Hern\u00e1ndez Guzm\u00e1n","src":"https:\/\/i0.wp.com\/lasprimeras.com.do\/wp-content\/uploads\/2025\/05\/Ivan-Hernandez-Guzman-2.jpg?resize=350%2C200&ssl=1","width":350,"height":200,"srcset":"https:\/\/i0.wp.com\/lasprimeras.com.do\/wp-content\/uploads\/2025\/05\/Ivan-Hernandez-Guzman-2.jpg?resize=350%2C200&ssl=1 1x, https:\/\/i0.wp.com\/lasprimeras.com.do\/wp-content\/uploads\/2025\/05\/Ivan-Hernandez-Guzman-2.jpg?resize=525%2C300&ssl=1 1.5x, https:\/\/i0.wp.com\/lasprimeras.com.do\/wp-content\/uploads\/2025\/05\/Ivan-Hernandez-Guzman-2.jpg?resize=700%2C400&ssl=1 2x"},"classes":[]},{"id":112424,"url":"https:\/\/lasprimeras.com.do\/index.php\/2025\/10\/22\/intabaco-inicia-cosecha-tabacalera-2025-2026-con-siembra-de-mas-de-160-mil-tareas\/","url_meta":{"origin":111674,"position":2},"title":"INTABACO inicia &#8220;Cosecha Tabacalera 2025-2026&#8221; con siembra de m\u00e1s de 160 mil tareas","author":"Nelson Feliz","date":"22 de octubre de 2025","format":false,"excerpt":"El Instituto del Tabaco de la Rep\u00fablica Dominicana (INTABACO) inici\u00f3 la Cosecha Tabacalera 2025-2026 con la siembra de m\u00e1s de 160 mil tareas de tabaco en Jacagua, provincia Santiago en un evento encabezado por el ministro de Industria y Comercio y Mipymes y presidente de la Mesa del Relanzamiento del\u2026","rel":"","context":"En \u00abECONOM\u00cdA\u00bb","block_context":{"text":"ECONOM\u00cdA","link":"https:\/\/lasprimeras.com.do\/index.php\/category\/economia\/"},"img":{"alt_text":"","src":"https:\/\/i0.wp.com\/lasprimeras.com.do\/wp-content\/uploads\/2025\/10\/INTABACO.jpg?resize=350%2C200&ssl=1","width":350,"height":200,"srcset":"https:\/\/i0.wp.com\/lasprimeras.com.do\/wp-content\/uploads\/2025\/10\/INTABACO.jpg?resize=350%2C200&ssl=1 1x, https:\/\/i0.wp.com\/lasprimeras.com.do\/wp-content\/uploads\/2025\/10\/INTABACO.jpg?resize=525%2C300&ssl=1 1.5x"},"classes":[]},{"id":93310,"url":"https:\/\/lasprimeras.com.do\/index.php\/2025\/02\/07\/juramentan-a-ivan-hernandez-guzman-como-director-de-intabaco\/","url_meta":{"origin":111674,"position":3},"title":"Juramentan a Iv\u00e1n Hern\u00e1ndez Guzm\u00e1n como director de Intabaco","author":"Nelson Feliz","date":"7 de febrero de 2025","format":false,"excerpt":"Funcionarios dicen que el tabaco es uno de los principales productos de exportaci\u00f3n de RD que representa m\u00e1s de 1300 millones de d\u00f3lares al a\u00f1o. Iv\u00e1n Hern\u00e1ndez Guzm\u00e1n fue juramentado como nuevo director del Instituto Nacional del Tabaco (Intabaco) por el ministro de Agricultura, Limber Cruz. En el acto de\u2026","rel":"","context":"En \u00abECONOM\u00cdA\u00bb","block_context":{"text":"ECONOM\u00cdA","link":"https:\/\/lasprimeras.com.do\/index.php\/category\/economia\/"},"img":{"alt_text":"","src":"https:\/\/i0.wp.com\/lasprimeras.com.do\/wp-content\/uploads\/2025\/02\/ivan.jpg?resize=350%2C200&ssl=1","width":350,"height":200,"srcset":"https:\/\/i0.wp.com\/lasprimeras.com.do\/wp-content\/uploads\/2025\/02\/ivan.jpg?resize=350%2C200&ssl=1 1x, https:\/\/i0.wp.com\/lasprimeras.com.do\/wp-content\/uploads\/2025\/02\/ivan.jpg?resize=525%2C300&ssl=1 1.5x"},"classes":[]},{"id":96318,"url":"https:\/\/lasprimeras.com.do\/index.php\/2025\/03\/29\/industria-del-tabaco-genera-mas-de-110-mil-empleos-en-rd-informo-intabaco\/","url_meta":{"origin":111674,"position":4},"title":"Industria del tabaco genera m\u00e1s de 110 mil empleos en RD inform\u00f3 Intabaco","author":"Nelson Feliz","date":"29 de marzo de 2025","format":false,"excerpt":"-Es el principal generador de empleos de zonas francas del pa\u00eds con m\u00e1s de 40,000 puestos de trabajo. La Industria del Tabaco en la Rep\u00fablica Dominicana genera m\u00e1s de 110,000 mil empleos directos y miles indirectos en el 2025, seg\u00fan inform\u00f3 el director del Instituto del Tabaco (Intabaco), Iv\u00e1n Hern\u00e1ndez\u2026","rel":"","context":"En \u00abECONOM\u00cdA\u00bb","block_context":{"text":"ECONOM\u00cdA","link":"https:\/\/lasprimeras.com.do\/index.php\/category\/economia\/"},"img":{"alt_text":"Crist\u00f3bal Taveras, subdirector agr\u00edcola del Intabaco; Ivette Reyes, directora comercial; Fernando Dur\u00e1n, administrador del Bagr\u00edcola; Iv\u00e1n Hern\u00e1ndez Guzm\u00e1n, director del Intabaco; Mercedes Henr\u00edquez, artesana (sentada); Jos\u00e9 Manuel Mall\u00e9n, presidente del Patronato Nacional de Ganaderos; Rafael D\u00edaz, subdirector del Intabaco; Isidro Tavares, director agr\u00edcola; Ernesto P\u00e9rez, encargado Sistema de Localizaci\u00f3n Geogr\u00e1fica del Intabaco.","src":"https:\/\/i0.wp.com\/lasprimeras.com.do\/wp-content\/uploads\/2025\/03\/INTABACO.jpg?resize=350%2C200&ssl=1","width":350,"height":200,"srcset":"https:\/\/i0.wp.com\/lasprimeras.com.do\/wp-content\/uploads\/2025\/03\/INTABACO.jpg?resize=350%2C200&ssl=1 1x, https:\/\/i0.wp.com\/lasprimeras.com.do\/wp-content\/uploads\/2025\/03\/INTABACO.jpg?resize=525%2C300&ssl=1 1.5x, https:\/\/i0.wp.com\/lasprimeras.com.do\/wp-content\/uploads\/2025\/03\/INTABACO.jpg?resize=700%2C400&ssl=1 2x"},"classes":[]},{"id":98698,"url":"https:\/\/lasprimeras.com.do\/index.php\/2025\/05\/11\/tabaco-dominicano-llega-a-148-paises-informo-intabaco\/","url_meta":{"origin":111674,"position":5},"title":"Tabaco dominicano llega a 148 pa\u00edses inform\u00f3 Intabaco","author":"Nelson Feliz","date":"11 de mayo de 2025","format":false,"excerpt":"Puros de RD son reconocidos como los principales del mundo por su alta calidad El tabaco dominicano es exportado a 148 pa\u00edses generando m\u00e1s de 1,340 millones de d\u00f3lares al a\u00f1o en exportaciones, inform\u00f3 Iv\u00e1n Hern\u00e1ndez Guzm\u00e1n, director del Instituto del Tabaco de Rep\u00fablica Dominicana (Intabaco). Hern\u00e1ndez Guzm\u00e1n indic\u00f3 que\u2026","rel":"","context":"En \u00abECONOM\u00cdA\u00bb","block_context":{"text":"ECONOM\u00cdA","link":"https:\/\/lasprimeras.com.do\/index.php\/category\/economia\/"},"img":{"alt_text":"Iv\u00e1n Hern\u00e1ndez","src":"https:\/\/i0.wp.com\/lasprimeras.com.do\/wp-content\/uploads\/2025\/05\/Ivan-Hernandez-2.jpg?resize=350%2C200&ssl=1","width":350,"height":200,"srcset":"https:\/\/i0.wp.com\/lasprimeras.com.do\/wp-content\/uploads\/2025\/05\/Ivan-Hernandez-2.jpg?resize=350%2C200&ssl=1 1x, https:\/\/i0.wp.com\/lasprimeras.com.do\/wp-content\/uploads\/2025\/05\/Ivan-Hernandez-2.jpg?resize=525%2C300&ssl=1 1.5x, https:\/\/i0.wp.com\/lasprimeras.com.do\/wp-content\/uploads\/2025\/05\/Ivan-Hernandez-2.jpg?resize=700%2C400&ssl=1 2x"},"classes":[]}],"jetpack_sharing_enabled":true,"_links":{"self":[{"href":"https:\/\/lasprimeras.com.do\/index.php\/wp-json\/wp\/v2\/posts\/111674","targetHints":{"allow":["GET"]}}],"collection":[{"href":"https:\/\/lasprimeras.com.do\/index.php\/wp-json\/wp\/v2\/posts"}],"about":[{"href":"https:\/\/lasprimeras.com.do\/index.php\/wp-json\/wp\/v2\/types\/post"}],"author":[{"embeddable":true,"href":"https:\/\/lasprimeras.com.do\/index.php\/wp-json\/wp\/v2\/users\/10"}],"replies":[{"embeddable":true,"href":"https:\/\/lasprimeras.com.do\/index.php\/wp-json\/wp\/v2\/comments?post=111674"}],"version-history":[{"count":1,"href":"https:\/\/lasprimeras.com.do\/index.php\/wp-json\/wp\/v2\/posts\/111674\/revisions"}],"predecessor-version":[{"id":111676,"href":"https:\/\/lasprimeras.com.do\/index.php\/wp-json\/wp\/v2\/posts\/111674\/revisions\/111676"}],"wp:featuredmedia":[{"embeddable":true,"href":"https:\/\/lasprimeras.com.do\/index.php\/wp-json\/wp\/v2\/media\/111675"}],"wp:attachment":[{"href":"https:\/\/lasprimeras.com.do\/index.php\/wp-json\/wp\/v2\/media?parent=111674"}],"wp:term":[{"taxonomy":"category","embeddable":true,"href":"https:\/\/lasprimeras.com.do\/index.php\/wp-json\/wp\/v2\/categories?post=111674"},{"taxonomy":"post_tag","embeddable":true,"href":"https:\/\/lasprimeras.com.do\/index.php\/wp-json\/wp\/v2\/tags?post=111674"}],"curies":[{"name":"wp","href":"https:\/\/api.w.org\/{rel}","templated":true}]}}