{"id":111677,"date":"2025-10-12T17:50:16","date_gmt":"2025-10-12T21:50:16","guid":{"rendered":"https:\/\/lasprimeras.com.do\/?p=111677"},"modified":"2025-10-12T17:50:18","modified_gmt":"2025-10-12T21:50:18","slug":"comerciantes-chinos-abogan-por-un-acuerdo-con-las-autoridades-para-abrir-sus-tiendas","status":"publish","type":"post","link":"https:\/\/lasprimeras.com.do\/index.php\/2025\/10\/12\/comerciantes-chinos-abogan-por-un-acuerdo-con-las-autoridades-para-abrir-sus-tiendas\/","title":{"rendered":"Comerciantes chinos abogan por un acuerdo con las autoridades para abrir sus tiendas"},"content":{"rendered":"\n<p>El representante legal de varias tiendas chinas, Salvador Catrain, inform\u00f3 que esos comerciantes esperan que este lunes surja un acuerdo con las autoridades gubernamentales y se solucione la situaci\u00f3n de las once plazas cerradas desde el pasado mes de agosto por el Ministerio de la Vivienda, H\u00e1bitat y Edificaciones (Mived) por alegadas fallas estructurales.<\/p>\n\n\n\n<p>Catrain dijo que tendr\u00e1n una reuni\u00f3n con las autoridades competentes \u2014a las que no identific\u00f3 &#8220;por un tema de prudencia&#8221;\u2014 en la que, seg\u00fan entiende, comenzar\u00e1 un proceso de di\u00e1logo que busca poner fin al cierre de esos establecimientos. Indic\u00f3 que estos negocios emplean a m\u00e1s de tres mil personas.<\/p>\n\n\n\n<p>El abogado convoc\u00f3 a una rueda de prensa, que luego comunic\u00f3 que se suspendi\u00f3 debido a la reuni\u00f3n con las autoridades.<\/p>\n\n\n\n<p>Sin embargo, en un documento que distribuy\u00f3 a los periodistas insisti\u00f3 en que Suplax, as\u00ed como las dem\u00e1s tiendas chinas clausuradas, est\u00e1n legalmente constituidas, cuentan con permisos municipales y medioambientales vigentes.<\/p>\n\n\n\n<p>&#8220;Han operado durante m\u00e1s de un a\u00f1o, generando empleos directos e indirectos y contribuyendo significativamente al desarrollo econ\u00f3mico y comercial de las comunidades donde est\u00e1n establecidas&#8221;, se lee en el documento de prensa.<\/p>\n\n\n\n<p>El comunicado agrega que el Mived actu\u00f3 sin &#8220;agotar el debido proceso administrativo&#8221; y sin tener la competencia legal para ordenar el cierre o la paralizaci\u00f3n de establecimientos ya edificados y en funcionamiento, conforme a la normativa vigente.<\/p>\n\n\n\n<p>&#8220;Nosotros representados intereses y, en funci\u00f3n a esos intereses que representamos, entenderemos que el di\u00e1logo, la conversaci\u00f3n, los acuerdos consensuados son la mejor forma para arribar a una soluci\u00f3n a este tipo de conflicto&#8221;, indic\u00f3 Catrain al anunciar que este lunes sostendr\u00e1n la reuni\u00f3n con funcionarios para buscar una salida al impedimento de los centros de abrir sus puertas.<\/p>\n\n\n\n<p>Se regularizan<\/p>\n\n\n\n<p>En el documento de prensa, Catrain reiter\u00f3 que las empresas se encuentran en un proceso activo de formalizaci\u00f3n, en cumplimiento con todos los requisitos establecidos por la ley.<\/p>\n\n\n\n<p>Asever\u00f3 que, para ello, ya han contratado t\u00e9cnicos estructuralistas certificados por el Mived, quienes trabajan junto a ingenieros y asesores legales en la adecuaci\u00f3n t\u00e9cnica de los locales, &#8220;garantizando la plena regularidad de las operaciones&#8221;.<\/p>\n\n\n\n<p>Se recuerda que el letrado reconoci\u00f3 la pasada semana que Suplax y la tienda Decoplax no cuentan con las licencias de construcci\u00f3n, pero s\u00ed con los permisos de cambio de uso de suelos aprobados por el ayuntamiento y el Ministerio de Medio Ambiente.<\/p>\n\n\n\n<p>En ese sentido, en el documento de prensa de este domingo insisti\u00f3 en que el Mived actu\u00f3 sin agotar el debido proceso administrativo y sin contar con la competencia legal, debido a que en estos casos es &#8220;el ayuntamiento correspondiente, que debe proceder a trav\u00e9s del Juzgado de Paz, otorgando a las partes un plazo razonable para regularizar su situaci\u00f3n o, en su defecto, dictar medidas proporcionales sustentadas en informes t\u00e9cnicos que determinen un riesgo real o una afectaci\u00f3n al inter\u00e9s p\u00fablico&#8221;.<\/p>\n\n\n\n<p>Recurren ante el TSA<\/p>\n\n\n\n<p>Suplax y otras de las tiendas cerradas, como Dulce Hogar, han recurrido ante el Tribunal Superior Administrativo (TSA) la resoluci\u00f3n del Mived que ordena su cierre por fallas estructurales.<\/p>\n\n\n\n<p>Suplax interpuso un recurso contencioso acompa\u00f1ado de una solicitud de medida cautelar, con el prop\u00f3sito de suspender los efectos de las decisiones emitidas por la entidad p\u00fablica, hasta tanto el tribunal conozca el fondo del caso. La audiencia est\u00e1 fijada para el pr\u00f3ximo jueves 16 de octubre de 2025.<\/p>\n\n\n\n<p>En el caso de Dulce Hogar, que inco\u00f3 un amparo, la Segunda Sala del Tribunal Superior Administrativo le sugiri\u00f3 la v\u00eda contenciosa administrativa ante el mismo TSA.<\/p>\n","protected":false},"excerpt":{"rendered":"<p>El representante legal de varias tiendas chinas, Salvador Catrain, inform\u00f3 que esos comerciantes esperan que este lunes surja un acuerdo con las autoridades gubernamentales y se solucione la situaci\u00f3n de&hellip;<\/p>\n","protected":false},"author":10,"featured_media":111678,"comment_status":"open","ping_status":"open","sticky":false,"template":"","format":"standard","meta":{"content-type":"","jetpack_post_was_ever_published":false,"_jetpack_newsletter_access":"","_jetpack_dont_email_post_to_subs":false,"_jetpack_newsletter_tier_id":0,"_jetpack_memberships_contains_paywalled_content":false,"_jetpack_memberships_contains_paid_content":false,"footnotes":""},"categories":[39,25],"tags":[521,949,25864,12261],"class_list":["post-111677","post","type-post","status-publish","format-standard","has-post-thumbnail","hentry","category-economia","category-portada","tag-acuerdo","tag-autoridades","tag-comerciantes-chinos","tag-tiendas"],"jetpack_featured_media_url":"https:\/\/lasprimeras.com.do\/wp-content\/uploads\/2025\/10\/tiendas.jpg","jetpack-related-posts":[{"id":100661,"url":"https:\/\/lasprimeras.com.do\/index.php\/2025\/06\/07\/fiscalia-solicita-coercion-contra-comerciante-chino-imputado-de-agredir-a-agente-de-migracion\/","url_meta":{"origin":111677,"position":0},"title":"Fiscal\u00eda solicita coerci\u00f3n contra comerciante chino imputado de agredir a agente de Migraci\u00f3n","author":"Nelson Feliz","date":"7 de junio de 2025","format":false,"excerpt":"El Ministerio P\u00fablico solicit\u00f3 ante la Oficina Judicial de Servicios de Atenci\u00f3n Permanente del Distrito Nacional la imposici\u00f3n de medidas de coerci\u00f3n contra un comerciante chino imputado de agredir a un abogado de la Direcci\u00f3n General de Migraci\u00f3n (DGM), durante una inspecci\u00f3n en la que fueron retenidos 35 inmigrantes indocumentados.\u2026","rel":"","context":"En \u00abJUSTICIA\u00bb","block_context":{"text":"JUSTICIA","link":"https:\/\/lasprimeras.com.do\/index.php\/category\/justicia\/"},"img":{"alt_text":"","src":"https:\/\/i0.wp.com\/lasprimeras.com.do\/wp-content\/uploads\/2025\/06\/mudan.jpg?resize=350%2C200&ssl=1","width":350,"height":200,"srcset":"https:\/\/i0.wp.com\/lasprimeras.com.do\/wp-content\/uploads\/2025\/06\/mudan.jpg?resize=350%2C200&ssl=1 1x, https:\/\/i0.wp.com\/lasprimeras.com.do\/wp-content\/uploads\/2025\/06\/mudan.jpg?resize=525%2C300&ssl=1 1.5x, https:\/\/i0.wp.com\/lasprimeras.com.do\/wp-content\/uploads\/2025\/06\/mudan.jpg?resize=700%2C400&ssl=1 2x"},"classes":[]},{"id":88324,"url":"https:\/\/lasprimeras.com.do\/index.php\/2024\/08\/26\/casi-una-decena-de-empresas-chinas-firman-acuerdos-comerciales-con-panama\/","url_meta":{"origin":111677,"position":1},"title":"Casi una decena de empresas chinas firman acuerdos comerciales con Panam\u00e1","author":"Nelson Feliz","date":"26 de agosto de 2024","format":false,"excerpt":"Ciudad de Panam\u00e1, (EFE).- Al menos ocho empresas chinas firmaron este lunes acuerdos comerciales con Panam\u00e1 para importar caf\u00e9 y harina de pescado, principalmente, en medio de una ronda de negociaciones organizada por el Gobierno chino y celebrada en la capital del pa\u00eds centroamericano. \"Desde el establecimiento de las relaciones\u2026","rel":"","context":"En \u00abECONOM\u00cdA\u00bb","block_context":{"text":"ECONOM\u00cdA","link":"https:\/\/lasprimeras.com.do\/index.php\/category\/economia\/"},"img":{"alt_text":"Casi una decena de empresas chinas firman acuerdos comerciales con Panam\u00e1","src":"https:\/\/i0.wp.com\/lasprimeras.com.do\/wp-content\/uploads\/2024\/08\/Casi-una-decena-de-empresas-chinas-firman-acuerdos-comerciales-con-Panama.jpg?resize=350%2C200&ssl=1","width":350,"height":200,"srcset":"https:\/\/i0.wp.com\/lasprimeras.com.do\/wp-content\/uploads\/2024\/08\/Casi-una-decena-de-empresas-chinas-firman-acuerdos-comerciales-con-Panama.jpg?resize=350%2C200&ssl=1 1x, https:\/\/i0.wp.com\/lasprimeras.com.do\/wp-content\/uploads\/2024\/08\/Casi-una-decena-de-empresas-chinas-firman-acuerdos-comerciales-con-Panama.jpg?resize=525%2C300&ssl=1 1.5x"},"classes":[]},{"id":59901,"url":"https:\/\/lasprimeras.com.do\/index.php\/2023\/09\/08\/sanz-lovaton-recibe-visita-del-embajador-de-la-republica-popular-china-en-el-pais\/","url_meta":{"origin":111677,"position":2},"title":"Sanz Lovat\u00f3n recibe visita del embajador de la Rep\u00fablica Popular China en el pa\u00eds","author":"Nelson Feliz","date":"8 de septiembre de 2023","format":false,"excerpt":"Ambas autoridades conversaron sobre fortalecer los lazos y las oportunidades comerciales entre ambos pa\u00edses. El director general de Aduanas, Eduardo Sanz Lovat\u00f3n, y el embajador de la Rep\u00fablica Popular China ante la Rep\u00fablica Dominicana, Chen Luning, sostuvieron un encuentro donde conversaron sobre las oportunidades comerciales entre ambos pa\u00edses. Adem\u00e1s, se\u2026","rel":"","context":"En \u00abECONOM\u00cdA\u00bb","block_context":{"text":"ECONOM\u00cdA","link":"https:\/\/lasprimeras.com.do\/index.php\/category\/economia\/"},"img":{"alt_text":"Foto 1 El director General de Aduanas, Eduardo Sanz Lovat\u00f3n y el embajador de la Rep\u00fablica Popular Chiana, Chen Luning.","src":"https:\/\/i0.wp.com\/lasprimeras.com.do\/wp-content\/uploads\/2023\/09\/Eduardo-Sanz-Lovaton-y-Chen-Luning.jpg?resize=350%2C200&ssl=1","width":350,"height":200,"srcset":"https:\/\/i0.wp.com\/lasprimeras.com.do\/wp-content\/uploads\/2023\/09\/Eduardo-Sanz-Lovaton-y-Chen-Luning.jpg?resize=350%2C200&ssl=1 1x, https:\/\/i0.wp.com\/lasprimeras.com.do\/wp-content\/uploads\/2023\/09\/Eduardo-Sanz-Lovaton-y-Chen-Luning.jpg?resize=525%2C300&ssl=1 1.5x, https:\/\/i0.wp.com\/lasprimeras.com.do\/wp-content\/uploads\/2023\/09\/Eduardo-Sanz-Lovaton-y-Chen-Luning.jpg?resize=700%2C400&ssl=1 2x"},"classes":[]},{"id":55022,"url":"https:\/\/lasprimeras.com.do\/index.php\/2023\/07\/17\/ivan-garcia-pide-a-dgii-fiscalice-importadores-y-comerciantes-chinos\/","url_meta":{"origin":111677,"position":3},"title":"Iv\u00e1n Garc\u00eda pide a DGII fiscalice importadores y comerciantes chinos","author":"Nelson Feliz","date":"17 de julio de 2023","format":false,"excerpt":"El presidente de la Federaci\u00f3n Dominicana de Comerciantes, Iv\u00e1n de Jes\u00fas Garc\u00eda, llam\u00f3 a las autoridades a tener mayor control y fiscalizaci\u00f3n con los importadores y comerciantes Chinos. De Jes\u00fas Garc\u00eda, de igual manera hizo un llamado a la Tesorer\u00eda de la Seguridad Social a fiscalizar a los negocios de\u2026","rel":"","context":"En \u00abECONOM\u00cdA\u00bb","block_context":{"text":"ECONOM\u00cdA","link":"https:\/\/lasprimeras.com.do\/index.php\/category\/economia\/"},"img":{"alt_text":"Iv\u00e1n Garc\u00eda","src":"https:\/\/i0.wp.com\/lasprimeras.com.do\/wp-content\/uploads\/2023\/07\/Ivan-comerciantes.jpg?resize=350%2C200&ssl=1","width":350,"height":200,"srcset":"https:\/\/i0.wp.com\/lasprimeras.com.do\/wp-content\/uploads\/2023\/07\/Ivan-comerciantes.jpg?resize=350%2C200&ssl=1 1x, https:\/\/i0.wp.com\/lasprimeras.com.do\/wp-content\/uploads\/2023\/07\/Ivan-comerciantes.jpg?resize=525%2C300&ssl=1 1.5x, https:\/\/i0.wp.com\/lasprimeras.com.do\/wp-content\/uploads\/2023\/07\/Ivan-comerciantes.jpg?resize=700%2C400&ssl=1 2x"},"classes":[]},{"id":108751,"url":"https:\/\/lasprimeras.com.do\/index.php\/2025\/09\/10\/yayo-sanz-lovaton-el-gobierno-le-ha-declarado-la-guerra-al-comercio-ilicito-chino\/","url_meta":{"origin":111677,"position":4},"title":"Yayo Sanz Lovat\u00f3n: &#8220;El Gobierno le ha declarado la guerra al comercio il\u00edcito chino&#8221;","author":"Nelson Feliz","date":"10 de septiembre de 2025","format":false,"excerpt":"Director general de Aduanas afirm\u00f3 que entre impuestos, multas y sanciones a los negocios de origen asi\u00e1tico han recaudado 9,633 millones de pesos. Las tiendas de capital chino se han extendido por el territorio dominicano, sumado a un incremento de las importaciones, al menos desde 2021. Sin embargo, en el\u2026","rel":"","context":"En \u00abECONOM\u00cdA\u00bb","block_context":{"text":"ECONOM\u00cdA","link":"https:\/\/lasprimeras.com.do\/index.php\/category\/economia\/"},"img":{"alt_text":"Yayo Sanz Lovat\u00f3n","src":"https:\/\/i0.wp.com\/lasprimeras.com.do\/wp-content\/uploads\/2025\/07\/Yayo-Sanz-Lovaton.jpg?resize=350%2C200&ssl=1","width":350,"height":200,"srcset":"https:\/\/i0.wp.com\/lasprimeras.com.do\/wp-content\/uploads\/2025\/07\/Yayo-Sanz-Lovaton.jpg?resize=350%2C200&ssl=1 1x, https:\/\/i0.wp.com\/lasprimeras.com.do\/wp-content\/uploads\/2025\/07\/Yayo-Sanz-Lovaton.jpg?resize=525%2C300&ssl=1 1.5x"},"classes":[]},{"id":112968,"url":"https:\/\/lasprimeras.com.do\/index.php\/2025\/10\/28\/asomaprom-respalda-la-reforma-fiscal-pero-exige-que-sea-justa-y-equitativa\/","url_meta":{"origin":111677,"position":5},"title":"Asomaprom respalda la reforma fiscal, pero exige que sea justa y equitativa","author":"Nelson Feliz","date":"28 de octubre de 2025","format":false,"excerpt":"El presidente de la Asociaci\u00f3n de Mayoristas en Provisiones de Moca (Asomaprom), Ismael Rodr\u00edguez, manifest\u00f3 su respaldo a la anunciada reforma fiscal, siempre que se haga de forma justa y equitativa, de acuerdo con las condiciones de cada sector productivo del pa\u00eds. Rodr\u00edguez se\u00f1al\u00f3 que el pa\u00eds \u201ctiene mucho tiempo\u2026","rel":"","context":"En \u00abECONOM\u00cdA\u00bb","block_context":{"text":"ECONOM\u00cdA","link":"https:\/\/lasprimeras.com.do\/index.php\/category\/economia\/"},"img":{"alt_text":"","src":"https:\/\/i0.wp.com\/lasprimeras.com.do\/wp-content\/uploads\/2025\/10\/Asomaprom-1.jpg?resize=350%2C200&ssl=1","width":350,"height":200,"srcset":"https:\/\/i0.wp.com\/lasprimeras.com.do\/wp-content\/uploads\/2025\/10\/Asomaprom-1.jpg?resize=350%2C200&ssl=1 1x, https:\/\/i0.wp.com\/lasprimeras.com.do\/wp-content\/uploads\/2025\/10\/Asomaprom-1.jpg?resize=525%2C300&ssl=1 1.5x, https:\/\/i0.wp.com\/lasprimeras.com.do\/wp-content\/uploads\/2025\/10\/Asomaprom-1.jpg?resize=700%2C400&ssl=1 2x"},"classes":[]}],"jetpack_sharing_enabled":true,"_links":{"self":[{"href":"https:\/\/lasprimeras.com.do\/index.php\/wp-json\/wp\/v2\/posts\/111677","targetHints":{"allow":["GET"]}}],"collection":[{"href":"https:\/\/lasprimeras.com.do\/index.php\/wp-json\/wp\/v2\/posts"}],"about":[{"href":"https:\/\/lasprimeras.com.do\/index.php\/wp-json\/wp\/v2\/types\/post"}],"author":[{"embeddable":true,"href":"https:\/\/lasprimeras.com.do\/index.php\/wp-json\/wp\/v2\/users\/10"}],"replies":[{"embeddable":true,"href":"https:\/\/lasprimeras.com.do\/index.php\/wp-json\/wp\/v2\/comments?post=111677"}],"version-history":[{"count":1,"href":"https:\/\/lasprimeras.com.do\/index.php\/wp-json\/wp\/v2\/posts\/111677\/revisions"}],"predecessor-version":[{"id":111679,"href":"https:\/\/lasprimeras.com.do\/index.php\/wp-json\/wp\/v2\/posts\/111677\/revisions\/111679"}],"wp:featuredmedia":[{"embeddable":true,"href":"https:\/\/lasprimeras.com.do\/index.php\/wp-json\/wp\/v2\/media\/111678"}],"wp:attachment":[{"href":"https:\/\/lasprimeras.com.do\/index.php\/wp-json\/wp\/v2\/media?parent=111677"}],"wp:term":[{"taxonomy":"category","embeddable":true,"href":"https:\/\/lasprimeras.com.do\/index.php\/wp-json\/wp\/v2\/categories?post=111677"},{"taxonomy":"post_tag","embeddable":true,"href":"https:\/\/lasprimeras.com.do\/index.php\/wp-json\/wp\/v2\/tags?post=111677"}],"curies":[{"name":"wp","href":"https:\/\/api.w.org\/{rel}","templated":true}]}}