{"id":111680,"date":"2025-10-12T17:59:47","date_gmt":"2025-10-12T21:59:47","guid":{"rendered":"https:\/\/lasprimeras.com.do\/?p=111680"},"modified":"2025-10-12T17:59:49","modified_gmt":"2025-10-12T21:59:49","slug":"danilo-medina-advierte-que-el-endeudamiento-actual-es-insostenible-para-la-economia-dominicana","status":"publish","type":"post","link":"https:\/\/lasprimeras.com.do\/index.php\/2025\/10\/12\/danilo-medina-advierte-que-el-endeudamiento-actual-es-insostenible-para-la-economia-dominicana\/","title":{"rendered":"Danilo Medina advierte que el endeudamiento actual &#8220;es insostenible para la econom\u00eda dominicana&#8221;"},"content":{"rendered":"\n<p><strong>El expresidente encabez\u00f3 junto a Johnny Pujols una masiva asamblea del PLD en Santiago.<\/strong><\/p>\n\n\n\n<p>El expresidente de la Rep\u00fablica y presidente del Partido de la Liberaci\u00f3n Dominicana (PLD), Danilo Medina, advirti\u00f3 este domingo que el endeudamiento actual &#8220;es insostenible para la econom\u00eda dominicana&#8221;, al encabezar junto al secretario general Johnny Pujols una multitudinaria asamblea del partido en el Club Fernando Valerio de Santiago, donde llam\u00f3 a la militancia pelede\u00edsta a &#8220;arrebatar el poder con trabajo&#8221; en las elecciones de 2028.<\/p>\n\n\n\n<p>El encuentro, realizado bajo un escenario con la imagen del profesor Juan Bosch, fundador del PLD, coincidi\u00f3 con la conmemoraci\u00f3n del 116 aniversario de su natalicio, y congreg\u00f3 a figuras como Danilo D\u00edaz, Tony Capell\u00e1n, Jos\u00e9 Ram\u00f3n (Monchi) Fadul, Francisco Dom\u00ednguez Brito, Aura Toribio, Juan Carlos Pina y Abel Mart\u00ednez, entre otros dirigentes destacados del partido morado.<\/p>\n\n\n\n<p>Medina critica nivel de endeudamiento<\/p>\n\n\n\n<p>Durante su discurso, Medina explic\u00f3 que la deuda p\u00fablica nacional pas\u00f3 de 35 mil millones de d\u00f3lares a m\u00e1s de 60 mil millones, calificando este crecimiento como una tendencia &#8220;insostenible para la econom\u00eda dominicana&#8221;.<\/p>\n\n\n\n<p>&#8220;El a\u00f1o que viene el pa\u00eds tendr\u00e1 que pagar 324 mil millones de pesos en intereses, 26 mil millones m\u00e1s que este a\u00f1o. La econom\u00eda dominicana no resiste ese nivel de gasto&#8221;, afirm\u00f3 el exmandatario, al tiempo que inst\u00f3 al Gobierno a &#8220;revisar su pol\u00edtica de endeudamiento y control del gasto corriente&#8221;.<\/p>\n\n\n\n<p>El tambi\u00e9n presidente del PLD record\u00f3 que durante sus gestiones las finanzas p\u00fablicas fueron manejadas &#8220;con responsabilidad y autoridad moral&#8221;, resaltando que su administraci\u00f3n pag\u00f3 la deuda de Petrocaribe en una sola operaci\u00f3n, que gener\u00f3 ahorros superiores a 2,400 millones de d\u00f3lares para el pa\u00eds.<\/p>\n\n\n\n<p>&#8220;Nunca las finanzas p\u00fablicas fueron manejadas con tanta correcci\u00f3n como en los gobiernos del PLD. Colocamos bonos a 30 a\u00f1os en mercados internacionales y deuda en pesos dominicanos, algo que nunca antes se hab\u00eda logrado&#8221;, enfatiz\u00f3 Medina.<\/p>\n\n\n\n<p>Defiende gesti\u00f3n y llama a la militancia a trabajar<\/p>\n\n\n\n<p>Medina defendi\u00f3 adem\u00e1s los logros sociales de sus gobiernos, recordando la creaci\u00f3n de m\u00e1s de un mill\u00f3n de empleos, la ampliaci\u00f3n del programa de alimentaci\u00f3n escolar y la expansi\u00f3n de los subsidios a familias pobres y enfermos catastr\u00f3ficos.<\/p>\n\n\n\n<p>&#8220;El partido que prometi\u00f3 crear cien mil empleos por a\u00f1o cumpli\u00f3, y cuando un partido cumple tiene autoridad moral para volver a prometer&#8221;, expres\u00f3 el exgobernante.<\/p>\n\n\n\n<p>Con tono en\u00e9rgico, exhort\u00f3 a la dirigencia pelede\u00edsta a mantenerse unida y a trabajar con determinaci\u00f3n de cara a 2028.<\/p>\n\n\n\n<p>&#8220;El poder no se entrega ni se hereda. El poder se arrebata con trabajo, con organizaci\u00f3n y con fe en el pueblo dominicano&#8221;, proclam\u00f3 Medina, recibiendo una ovaci\u00f3n del p\u00fablico presente.<\/p>\n\n\n\n<p>Abel Mart\u00ednez: &#8220;El gobierno del cambio se convirti\u00f3 en el gobierno del fallo&#8221;<br>El exalcalde de Santiago y excandidato presidencial del PLD, Abel Mart\u00ednez, sostuvo que el actual gobierno del Partido Revolucionario Moderno (PRM) ha fallado &#8220;en todos los sectores del pa\u00eds&#8221;.<\/p>\n\n\n\n<p>&#8220;Este es el gobierno del fallo: fallo en educaci\u00f3n, fallo en seguridad, fallo en salud, fallo con la juventud y el agro. En 2028 tenemos que cambiar este enga\u00f1o por un cambio real que devuelva esperanza y orden a la Rep\u00fablica Dominicana&#8221;, expres\u00f3 Mart\u00ednez.<\/p>\n\n\n\n<p>Monchi Fadul aborda seguridad y fortalecimiento partidario<\/p>\n\n\n\n<p>De su lado, el miembro del Comit\u00e9 Pol\u00edtico Jos\u00e9 Ram\u00f3n (Monchi) Fadul se\u00f1al\u00f3 que la seguridad ciudadana no puede verse solo como responsabilidad de la Polic\u00eda Nacional, sino como un plan estructural del Estado que debe involucrar a toda la sociedad.<\/p>\n\n\n\n<p>&#8220;La seguridad no depende solo de la Polic\u00eda. Es un proyecto de naci\u00f3n que involucra empleo, educaci\u00f3n, vivienda, deporte y combate al narcotr\u00e1fico. Nosotros dejamos un plan concreto que debe retomarse&#8221;, indic\u00f3 Fadul.<\/p>\n\n\n\n<p>El dirigente explic\u00f3 que las asambleas encabezadas por Danilo Medina y Johnny Pujols buscan fortalecer las estructuras del PLD y reconectar con las demandas sociales del pueblo dominicano.<\/p>\n\n\n\n<p>Incidente menor durante la actividad<\/p>\n\n\n\n<p>Durante el evento, el fotoreportero Jhony Peralta, del grupo Telemicro, fue despojado de su tel\u00e9fono celular por desconocidos en medio de la multitud.<\/p>\n\n\n\n<p>Pese a este hecho aislado, la actividad transcurri\u00f3 en un ambiente de entusiasmo generalizado, concluyendo con un llamado a la unidad interna y al trabajo pol\u00edtico de base con miras a los comicios de 2028.<\/p>\n","protected":false},"excerpt":{"rendered":"<p>El expresidente encabez\u00f3 junto a Johnny Pujols una masiva asamblea del PLD en Santiago. El expresidente de la Rep\u00fablica y presidente del Partido de la Liberaci\u00f3n Dominicana (PLD), Danilo Medina,&hellip;<\/p>\n","protected":false},"author":10,"featured_media":111681,"comment_status":"open","ping_status":"open","sticky":false,"template":"","format":"standard","meta":{"content-type":"","jetpack_post_was_ever_published":false,"_jetpack_newsletter_access":"","_jetpack_dont_email_post_to_subs":false,"_jetpack_newsletter_tier_id":0,"_jetpack_memberships_contains_paywalled_content":false,"_jetpack_memberships_contains_paid_content":false,"footnotes":""},"categories":[16559,25],"tags":[501,23766,2938,8225,4341,269],"class_list":["post-111680","post","type-post","status-publish","format-standard","has-post-thumbnail","hentry","category-politica","category-portada","tag-danilo-medina","tag-economia-dominicana","tag-endeudamiento","tag-insostenible","tag-johnny-pujols","tag-pld"],"jetpack_featured_media_url":"https:\/\/lasprimeras.com.do\/wp-content\/uploads\/2025\/10\/Danilo-Medina-1.jpg","jetpack-related-posts":[{"id":105311,"url":"https:\/\/lasprimeras.com.do\/index.php\/2025\/08\/01\/danilo-medina-y-johnny-pujols-encabezaran-asamblea-del-pld-en-la-vega-el-domingo\/","url_meta":{"origin":111680,"position":0},"title":"Danilo Medina y Johnny Pujols encabezar\u00e1n asamblea del PLD en La Vega el domingo","author":"Nelson Feliz","date":"1 de agosto de 2025","format":false,"excerpt":"El PLD en La Vega se prepara para la realizaci\u00f3n de la asamblea provincial programada para el pr\u00f3ximo domingo. El Partido de la Liberaci\u00f3n Dominicana (PLD) en La Vega afina los detalles para celebrar este domingo 3 de agosto la asamblea correspondiente a dicha provincia en la que participar\u00e1n miembros\u2026","rel":"","context":"En \u00abPOLITICA\u00bb","block_context":{"text":"POLITICA","link":"https:\/\/lasprimeras.com.do\/index.php\/category\/politica\/"},"img":{"alt_text":"Danilo Medina y Johnny Pujols","src":"https:\/\/i0.wp.com\/lasprimeras.com.do\/wp-content\/uploads\/2025\/08\/Danilo-Medina-y-Johnny-Pujols.jpg?resize=350%2C200&ssl=1","width":350,"height":200,"srcset":"https:\/\/i0.wp.com\/lasprimeras.com.do\/wp-content\/uploads\/2025\/08\/Danilo-Medina-y-Johnny-Pujols.jpg?resize=350%2C200&ssl=1 1x, https:\/\/i0.wp.com\/lasprimeras.com.do\/wp-content\/uploads\/2025\/08\/Danilo-Medina-y-Johnny-Pujols.jpg?resize=525%2C300&ssl=1 1.5x, https:\/\/i0.wp.com\/lasprimeras.com.do\/wp-content\/uploads\/2025\/08\/Danilo-Medina-y-Johnny-Pujols.jpg?resize=700%2C400&ssl=1 2x"},"classes":[]},{"id":122155,"url":"https:\/\/lasprimeras.com.do\/index.php\/2026\/02\/14\/barahona-preparada-para-gran-asamblea-del-pld-alli\/","url_meta":{"origin":111680,"position":1},"title":"Barahona preparada para Gran Asamblea del PLD all\u00ed","author":"Nelson Feliz","date":"14 de febrero de 2026","format":false,"excerpt":"Danilo Medina y Johnny Pujols","rel":"","context":"En \u00abPOLITICA\u00bb","block_context":{"text":"POLITICA","link":"https:\/\/lasprimeras.com.do\/index.php\/category\/politica\/"},"img":{"alt_text":"Danilo Medina y Johnny Pujols","src":"https:\/\/i0.wp.com\/lasprimeras.com.do\/wp-content\/uploads\/2026\/02\/Danilo-Medina-y-Johnny-Pujols.jpg?resize=350%2C200&ssl=1","width":350,"height":200,"srcset":"https:\/\/i0.wp.com\/lasprimeras.com.do\/wp-content\/uploads\/2026\/02\/Danilo-Medina-y-Johnny-Pujols.jpg?resize=350%2C200&ssl=1 1x, https:\/\/i0.wp.com\/lasprimeras.com.do\/wp-content\/uploads\/2026\/02\/Danilo-Medina-y-Johnny-Pujols.jpg?resize=525%2C300&ssl=1 1.5x, https:\/\/i0.wp.com\/lasprimeras.com.do\/wp-content\/uploads\/2026\/02\/Danilo-Medina-y-Johnny-Pujols.jpg?resize=700%2C400&ssl=1 2x"},"classes":[]},{"id":111497,"url":"https:\/\/lasprimeras.com.do\/index.php\/2025\/10\/09\/asamblea-de-dirigentes-del-pld-este-domingo-en-santiago\/","url_meta":{"origin":111680,"position":2},"title":"Asamblea de dirigentes del PLD este domingo en Santiago","author":"Nelson Feliz","date":"9 de octubre de 2025","format":false,"excerpt":"El ex Presidente, Danilo Medina, presidente del PLD Y Johnny Pujols, secretario general, encabezan asamblea provincial en Santiago. El Partido de la Liberaci\u00f3n Dominicana (PLD) en Santiago avanza en los preparativos de la asamblea de sus dirigentes en la provincia, que ser\u00e1 encabezada por el presidente de la organizaci\u00f3n, el\u2026","rel":"","context":"En \u00abPOLITICA\u00bb","block_context":{"text":"POLITICA","link":"https:\/\/lasprimeras.com.do\/index.php\/category\/politica\/"},"img":{"alt_text":"","src":"https:\/\/i0.wp.com\/lasprimeras.com.do\/wp-content\/uploads\/2025\/10\/Danilo-Medina-y-Johnny-Pujols.jpeg?resize=350%2C200&ssl=1","width":350,"height":200,"srcset":"https:\/\/i0.wp.com\/lasprimeras.com.do\/wp-content\/uploads\/2025\/10\/Danilo-Medina-y-Johnny-Pujols.jpeg?resize=350%2C200&ssl=1 1x, https:\/\/i0.wp.com\/lasprimeras.com.do\/wp-content\/uploads\/2025\/10\/Danilo-Medina-y-Johnny-Pujols.jpeg?resize=525%2C300&ssl=1 1.5x, https:\/\/i0.wp.com\/lasprimeras.com.do\/wp-content\/uploads\/2025\/10\/Danilo-Medina-y-Johnny-Pujols.jpeg?resize=700%2C400&ssl=1 2x, https:\/\/i0.wp.com\/lasprimeras.com.do\/wp-content\/uploads\/2025\/10\/Danilo-Medina-y-Johnny-Pujols.jpeg?resize=1050%2C600&ssl=1 3x"},"classes":[]},{"id":121039,"url":"https:\/\/lasprimeras.com.do\/index.php\/2026\/01\/30\/danilo-medina-y-johnny-pujols-encabezaran-asamblea-peledeista-en-sdn\/","url_meta":{"origin":111680,"position":3},"title":"Danilo Medina y Johnny Pujols encabezaran asamblea pelede\u00edsta en SDN","author":"Nelson Feliz","date":"30 de enero de 2026","format":false,"excerpt":"El ex presidente Danilo Medina, presidente del Partido de la Liberaci\u00f3n Dominicana (PLD), y Johnny Pujols, secretario general, estar\u00e1n encabezando la asamblea de miembros y militantes de la organizaci\u00f3n el pr\u00f3ximo domingo en el municipio Santo Domingo Norte. La direcci\u00f3n del Partido de la Liberaci\u00f3n Dominicana en la Circunscripci\u00f3n 6\u2026","rel":"","context":"En \u00abPOLITICA\u00bb","block_context":{"text":"POLITICA","link":"https:\/\/lasprimeras.com.do\/index.php\/category\/politica\/"},"img":{"alt_text":"","src":"https:\/\/i0.wp.com\/lasprimeras.com.do\/wp-content\/uploads\/2025\/10\/Danilo-Medina-y-Johnny-Pujols.jpeg?resize=350%2C200&ssl=1","width":350,"height":200,"srcset":"https:\/\/i0.wp.com\/lasprimeras.com.do\/wp-content\/uploads\/2025\/10\/Danilo-Medina-y-Johnny-Pujols.jpeg?resize=350%2C200&ssl=1 1x, https:\/\/i0.wp.com\/lasprimeras.com.do\/wp-content\/uploads\/2025\/10\/Danilo-Medina-y-Johnny-Pujols.jpeg?resize=525%2C300&ssl=1 1.5x, https:\/\/i0.wp.com\/lasprimeras.com.do\/wp-content\/uploads\/2025\/10\/Danilo-Medina-y-Johnny-Pujols.jpeg?resize=700%2C400&ssl=1 2x, https:\/\/i0.wp.com\/lasprimeras.com.do\/wp-content\/uploads\/2025\/10\/Danilo-Medina-y-Johnny-Pujols.jpeg?resize=1050%2C600&ssl=1 3x"},"classes":[]},{"id":102528,"url":"https:\/\/lasprimeras.com.do\/index.php\/2025\/07\/06\/danilo-medina-y-johnny-pujols-encabezan-asamblea-de-dirigentes-en-bahoruco-este-domingo\/","url_meta":{"origin":111680,"position":4},"title":"Danilo Medina y Johnny Pujols encabezan asamblea de dirigentes en Bahoruco este domingo","author":"Nelson Feliz","date":"6 de julio de 2025","format":false,"excerpt":"El presidente del Partido de la Liberaci\u00f3n Dominicana (PLD) Danilo Medina, y su secretario general Johnny Pujols, encabez\u00e1n este domingo la asamblea de dirigentes de esa organizaci\u00f3n en la provincia Bahoruco, dando continuidad a un programa de encuentros de esa naturaleza con los fines del fortalecimiento de la organizaci\u00f3n mediante\u2026","rel":"","context":"En \u00abPOLITICA\u00bb","block_context":{"text":"POLITICA","link":"https:\/\/lasprimeras.com.do\/index.php\/category\/politica\/"},"img":{"alt_text":"Danilo Medina y Johnny Pujols","src":"https:\/\/i0.wp.com\/lasprimeras.com.do\/wp-content\/uploads\/2025\/07\/Danilo-Medina-y-Johnny-Pujols.jpg?resize=350%2C200&ssl=1","width":350,"height":200,"srcset":"https:\/\/i0.wp.com\/lasprimeras.com.do\/wp-content\/uploads\/2025\/07\/Danilo-Medina-y-Johnny-Pujols.jpg?resize=350%2C200&ssl=1 1x, https:\/\/i0.wp.com\/lasprimeras.com.do\/wp-content\/uploads\/2025\/07\/Danilo-Medina-y-Johnny-Pujols.jpg?resize=525%2C300&ssl=1 1.5x, https:\/\/i0.wp.com\/lasprimeras.com.do\/wp-content\/uploads\/2025\/07\/Danilo-Medina-y-Johnny-Pujols.jpg?resize=700%2C400&ssl=1 2x"},"classes":[]},{"id":106517,"url":"https:\/\/lasprimeras.com.do\/index.php\/2025\/08\/16\/danilo-medina-y-johnny-pujols-encabezan-este-domingo-la-asamblea-de-dirigentes-en-mao\/","url_meta":{"origin":111680,"position":5},"title":"Danilo Medina y Johnny Pujols encabezan este domingo la asamblea de dirigentes en Mao","author":"Nelson Feliz","date":"16 de agosto de 2025","format":false,"excerpt":"El ex presidente de la Republica y presidente del Partido de la Liberaci\u00f3n Dominicana (PLD) Danilo Medina y el secretario general del PLD, encabezaran este domingo la asamblea de dirigentes en Valverde de Ma oeste domingo. El escenario para el encuentro de miembros, dirigentes y militantes del PLD en la\u2026","rel":"","context":"En \u00abPOLITICA\u00bb","block_context":{"text":"POLITICA","link":"https:\/\/lasprimeras.com.do\/index.php\/category\/politica\/"},"img":{"alt_text":"","src":"https:\/\/i0.wp.com\/lasprimeras.com.do\/wp-content\/uploads\/2025\/08\/as-sj.jpg?resize=350%2C200&ssl=1","width":350,"height":200,"srcset":"https:\/\/i0.wp.com\/lasprimeras.com.do\/wp-content\/uploads\/2025\/08\/as-sj.jpg?resize=350%2C200&ssl=1 1x, https:\/\/i0.wp.com\/lasprimeras.com.do\/wp-content\/uploads\/2025\/08\/as-sj.jpg?resize=525%2C300&ssl=1 1.5x, https:\/\/i0.wp.com\/lasprimeras.com.do\/wp-content\/uploads\/2025\/08\/as-sj.jpg?resize=700%2C400&ssl=1 2x"},"classes":[]}],"jetpack_sharing_enabled":true,"_links":{"self":[{"href":"https:\/\/lasprimeras.com.do\/index.php\/wp-json\/wp\/v2\/posts\/111680","targetHints":{"allow":["GET"]}}],"collection":[{"href":"https:\/\/lasprimeras.com.do\/index.php\/wp-json\/wp\/v2\/posts"}],"about":[{"href":"https:\/\/lasprimeras.com.do\/index.php\/wp-json\/wp\/v2\/types\/post"}],"author":[{"embeddable":true,"href":"https:\/\/lasprimeras.com.do\/index.php\/wp-json\/wp\/v2\/users\/10"}],"replies":[{"embeddable":true,"href":"https:\/\/lasprimeras.com.do\/index.php\/wp-json\/wp\/v2\/comments?post=111680"}],"version-history":[{"count":1,"href":"https:\/\/lasprimeras.com.do\/index.php\/wp-json\/wp\/v2\/posts\/111680\/revisions"}],"predecessor-version":[{"id":111682,"href":"https:\/\/lasprimeras.com.do\/index.php\/wp-json\/wp\/v2\/posts\/111680\/revisions\/111682"}],"wp:featuredmedia":[{"embeddable":true,"href":"https:\/\/lasprimeras.com.do\/index.php\/wp-json\/wp\/v2\/media\/111681"}],"wp:attachment":[{"href":"https:\/\/lasprimeras.com.do\/index.php\/wp-json\/wp\/v2\/media?parent=111680"}],"wp:term":[{"taxonomy":"category","embeddable":true,"href":"https:\/\/lasprimeras.com.do\/index.php\/wp-json\/wp\/v2\/categories?post=111680"},{"taxonomy":"post_tag","embeddable":true,"href":"https:\/\/lasprimeras.com.do\/index.php\/wp-json\/wp\/v2\/tags?post=111680"}],"curies":[{"name":"wp","href":"https:\/\/api.w.org\/{rel}","templated":true}]}}