{"id":111683,"date":"2025-10-12T18:22:54","date_gmt":"2025-10-12T22:22:54","guid":{"rendered":"https:\/\/lasprimeras.com.do\/?p=111683"},"modified":"2025-10-12T18:22:56","modified_gmt":"2025-10-12T22:22:56","slug":"disputa-por-gastos-funerarios-termina-a-tiros-matan-a-una-mujer-de-19-anos","status":"publish","type":"post","link":"https:\/\/lasprimeras.com.do\/index.php\/2025\/10\/12\/disputa-por-gastos-funerarios-termina-a-tiros-matan-a-una-mujer-de-19-anos\/","title":{"rendered":"Disputa por gastos funerarios termina a tiros; matan a una mujer de 19 a\u00f1os"},"content":{"rendered":"\n<p>Un hombre identificado como &#8220;Luis Banana&#8221; mat\u00f3 a una joven de 19 a\u00f1os e hiri\u00f3 a otras tres personas en el barrio Los Frailes I, por alegados reclamos de gastos funerarios de un t\u00edo.<\/p>\n\n\n\n<p>De acuerdo con familiares y testigos el se\u00f1or Isidro Zabala, de unos 74 a\u00f1os y residente en una casucha de la calle Mella n\u00famero 16 parte atr\u00e1s, falleci\u00f3 y su sobrino &#8220;Luis Banana&#8221; compr\u00f3 el ata\u00fad y luego de sepultado su pariente fue a reclamar la propiedad de la vivienda como compensaci\u00f3n de la inversi\u00f3n que hab\u00eda hecho.<\/p>\n\n\n\n<p>En la vivienda habitaba un hijo menor de edad del difunto, junto a la joven Esteisy Carolina Adames, de 19 a\u00f1os, y luego de enterrar a Isidro Zabala, volvieron a la humilde casucha.<\/p>\n\n\n\n<p>A su retorno &#8220;Luis Banana&#8221;, le reclam\u00f3 al heredero los documentos de la casucha para alegadamente venderla y cobrarse la inversi\u00f3n en el funeral, pero el menor se opuso y discutieron.<\/p>\n\n\n\n<p>Posteriormente Luis Banana se va del lugar y regresa con una pistola y de inmediato mat\u00f3 a la joven Esteisy Carolina Adames, de 19 a\u00f1os e hiri\u00f3 a Estarlin Guillermo en una pierna al igual que a Jhon Henry Tapia Santana, de 27a\u00f1os.<\/p>\n\n\n\n<p>Tambi\u00e9n result\u00f3 con heridas de balas Escarly Guillermo, de 26 a\u00f1os, cuyo pron\u00f3stico es reservado, de acuerdo con familiares. Est\u00e1 ingresada en el hospital Dar\u00edo Contreras, los otros dos heridos fueron dados de alta este domingo.<\/p>\n\n\n\n<p>El matador huy\u00f3 luego de cometer el hecho y de acuerdo con vecinos, se habr\u00eda entregado a la Polic\u00eda, pero la Polic\u00eda no ha conformado esa versi\u00f3n.<\/p>\n\n\n\n<p>Amenaza con seguir matando<\/p>\n\n\n\n<p>Santa Alc\u00e1ntara, t\u00eda de Escarly Guillermo, dijo que ahora el matador amenaza los parientes de la joven fallecida. &#8220;El llam\u00f3 anoche a un hombre ah\u00ed y le dijo que, si la familia de Morena, que es mi hermana, que, si los haya en el velorio de la mucha de 19 a\u00f1os que el mat\u00f3, le va a entrar a tiros a todos, a toda la familia&#8221;.<\/p>\n","protected":false},"excerpt":{"rendered":"<p>Un hombre identificado como &#8220;Luis Banana&#8221; mat\u00f3 a una joven de 19 a\u00f1os e hiri\u00f3 a otras tres personas en el barrio Los Frailes I, por alegados reclamos de gastos&hellip;<\/p>\n","protected":false},"author":10,"featured_media":111684,"comment_status":"open","ping_status":"open","sticky":false,"template":"","format":"standard","meta":{"content-type":"","jetpack_post_was_ever_published":false,"_jetpack_newsletter_access":"","_jetpack_dont_email_post_to_subs":false,"_jetpack_newsletter_tier_id":0,"_jetpack_memberships_contains_paywalled_content":false,"_jetpack_memberships_contains_paid_content":false,"footnotes":""},"categories":[35],"tags":[6934,25865,2823,3937],"class_list":["post-111683","post","type-post","status-publish","format-standard","has-post-thumbnail","hentry","category-nacionales","tag-disputa","tag-gastos-funerarios","tag-matan","tag-tiros"],"jetpack_featured_media_url":"https:\/\/lasprimeras.com.do\/wp-content\/uploads\/2025\/10\/cazucha-1-scaled.jpg","jetpack-related-posts":[{"id":81138,"url":"https:\/\/lasprimeras.com.do\/index.php\/2024\/04\/17\/policia-arresta-a-uno-de-seis-antisociales-que-robaron-cuatro-ataudes-de-una-funeraria\/","url_meta":{"origin":111683,"position":0},"title":"Polic\u00eda arresta a uno de seis antisociales que robaron cuatro ata\u00fades de una funeraria","author":"BIMARY DE JES\u00daS Matos","date":"17 de abril de 2024","format":false,"excerpt":"Santo Domingo.-Uno de seis presuntos antisociales que sustrajeron cuatro ata\u00fades de una funeraria ubicada en el municipio de Galv\u00e1n, provincia Bahoruco, fue capturado mediante una labor intensiva de inteligencia por agentes policiales de Departamento de Investigaci\u00f3n (DICRIM), en colaboraci\u00f3n con la unidad preventiva de la Direcci\u00f3n Regional Sur. El detenido\u2026","rel":"","context":"En \u00abNACIONALES\u00bb","block_context":{"text":"NACIONALES","link":"https:\/\/lasprimeras.com.do\/index.php\/category\/nacionales\/"},"img":{"alt_text":"","src":"https:\/\/i0.wp.com\/lasprimeras.com.do\/wp-content\/uploads\/2024\/04\/IMG-20240417-WA0017.jpg?resize=350%2C200&ssl=1","width":350,"height":200},"classes":[]},{"id":100640,"url":"https:\/\/lasprimeras.com.do\/index.php\/2025\/06\/09\/inoperancia-y-abandono-del-gobierno-decreta-del-desplome-de-la-produccion-de-guineos\/","url_meta":{"origin":111683,"position":1},"title":"Inoperancia y abandono del Gobierno decreta del desplome de la producci\u00f3n de guineos","author":"Nelson Feliz","date":"9 de junio de 2025","format":false,"excerpt":"El PLD propone medidas para rescatar el banano dominicano del colapso. En apenas tres a\u00f1os, las exportaciones de banano se han desplomado en un 44 por ciento, llevando a la desaparici\u00f3n cerca de 500 productores, equivalente al 20% del total, reduciendo la producci\u00f3n semanal de 400,000 cajas a casi la\u2026","rel":"","context":"En \u00abPOLITICA\u00bb","block_context":{"text":"POLITICA","link":"https:\/\/lasprimeras.com.do\/index.php\/category\/politica\/"},"img":{"alt_text":"","src":"https:\/\/i0.wp.com\/lasprimeras.com.do\/wp-content\/uploads\/2025\/06\/Adriano-Sanchez-Roa.jpg?resize=350%2C200&ssl=1","width":350,"height":200,"srcset":"https:\/\/i0.wp.com\/lasprimeras.com.do\/wp-content\/uploads\/2025\/06\/Adriano-Sanchez-Roa.jpg?resize=350%2C200&ssl=1 1x, https:\/\/i0.wp.com\/lasprimeras.com.do\/wp-content\/uploads\/2025\/06\/Adriano-Sanchez-Roa.jpg?resize=525%2C300&ssl=1 1.5x, https:\/\/i0.wp.com\/lasprimeras.com.do\/wp-content\/uploads\/2025\/06\/Adriano-Sanchez-Roa.jpg?resize=700%2C400&ssl=1 2x"},"classes":[]},{"id":115388,"url":"https:\/\/lasprimeras.com.do\/index.php\/2025\/11\/21\/detener-la-reparticion-de-los-terrenos-del-proyecto-la-cruz-de-manzanillo\/","url_meta":{"origin":111683,"position":2},"title":"Detener la repartici\u00f3n de los terrenos del proyecto La Cruz de Manzanillo","author":"Nelson Feliz","date":"21 de noviembre de 2025","format":false,"excerpt":"Adriano S\u00e1nchez Roa \u201cEl proyecto La Cruz de Manzanillo un patrimonio del pueblo dominicano que NO debe ser repartido a particulares\u201d El secretario de Asuntos Agropecuarios del Partido de la Liberaci\u00f3n Dominicana (PLD), Adriano S\u00e1nchez Roa, argumentando que el proyecto La Cruz de Manzanillo es un patrimonio del pueblo dominicano,\u2026","rel":"","context":"En \u00abPOLITICA\u00bb","block_context":{"text":"POLITICA","link":"https:\/\/lasprimeras.com.do\/index.php\/category\/politica\/"},"img":{"alt_text":"Adriano S\u00e1nchez Roa","src":"https:\/\/i0.wp.com\/lasprimeras.com.do\/wp-content\/uploads\/2025\/11\/Adriano-Sanchez-Roa.jpg?resize=350%2C200&ssl=1","width":350,"height":200,"srcset":"https:\/\/i0.wp.com\/lasprimeras.com.do\/wp-content\/uploads\/2025\/11\/Adriano-Sanchez-Roa.jpg?resize=350%2C200&ssl=1 1x, https:\/\/i0.wp.com\/lasprimeras.com.do\/wp-content\/uploads\/2025\/11\/Adriano-Sanchez-Roa.jpg?resize=525%2C300&ssl=1 1.5x, https:\/\/i0.wp.com\/lasprimeras.com.do\/wp-content\/uploads\/2025\/11\/Adriano-Sanchez-Roa.jpg?resize=700%2C400&ssl=1 2x"},"classes":[]},{"id":117898,"url":"https:\/\/lasprimeras.com.do\/index.php\/2025\/12\/17\/openai-lanza-una-nueva-version-de-chatgpt-images-para-competir-con-nano-banana-pro\/","url_meta":{"origin":111683,"position":3},"title":"OpenAI lanza una nueva versi\u00f3n de ChatGPT Images para competir con Nano Banana Pro","author":"Nelson Feliz","date":"17 de diciembre de 2025","format":false,"excerpt":"Nueva York, EFE .- La empresa de inteligencia artificial (IA) OpenAI present\u00f3 este martes una nueva versi\u00f3n de ChatGPT Images que promete \u00abmayor calidad\u00ab, edici\u00f3n m\u00e1s precisa y velocidades de generaci\u00f3n hasta cuatro veces m\u00e1s r\u00e1pidas\u00bb para competir con Nano Banana Pro, el modelo de Google basado en Gemini 3.\u2026","rel":"","context":"En \u00abTECNOL\u00d3GIA\u00bb","block_context":{"text":"TECNOL\u00d3GIA","link":"https:\/\/lasprimeras.com.do\/index.php\/category\/tecnologia\/"},"img":{"alt_text":"","src":"https:\/\/i0.wp.com\/lasprimeras.com.do\/wp-content\/uploads\/2025\/08\/ChatGPT.jpg?resize=350%2C200&ssl=1","width":350,"height":200,"srcset":"https:\/\/i0.wp.com\/lasprimeras.com.do\/wp-content\/uploads\/2025\/08\/ChatGPT.jpg?resize=350%2C200&ssl=1 1x, https:\/\/i0.wp.com\/lasprimeras.com.do\/wp-content\/uploads\/2025\/08\/ChatGPT.jpg?resize=525%2C300&ssl=1 1.5x, https:\/\/i0.wp.com\/lasprimeras.com.do\/wp-content\/uploads\/2025\/08\/ChatGPT.jpg?resize=700%2C400&ssl=1 2x"},"classes":[]},{"id":81374,"url":"https:\/\/lasprimeras.com.do\/index.php\/2024\/04\/20\/los-restos-de-franklin-almeyda-rancier-seran-expuestos-en-la-funeraria-blandino\/","url_meta":{"origin":111683,"position":4},"title":"Los restos de Franklin Almeyda Rancier ser\u00e1n expuestos en la Funeraria Blandino","author":"BIMARY DE JES\u00daS Matos","date":"20 de abril de 2024","format":false,"excerpt":"Santo Domingo.- Los restos de Franklin Almeyda Rancier ser\u00e1n expuestos ma\u00f1ana a la 8:30 a.m. en la Funeraria Blandino de la avenida Abraham Lincoln, capillas B y C, 2do piso, hasta las 10:00 p.m. El domingo se efectuar\u00e1 una misa de cuerpo presente en la Funeraria Blandino a las 8:30\u2026","rel":"","context":"En \u00abSin categor\u00eda\u00bb","block_context":{"text":"Sin categor\u00eda","link":"https:\/\/lasprimeras.com.do\/index.php\/category\/sin-categoria\/"},"img":{"alt_text":"","src":"https:\/\/i0.wp.com\/lasprimeras.com.do\/wp-content\/uploads\/2024\/04\/6a0c8a05-4f4b-48f5-a1d9-1ad180753c4a-10.webp?resize=350%2C200&ssl=1","width":350,"height":200,"srcset":"https:\/\/i0.wp.com\/lasprimeras.com.do\/wp-content\/uploads\/2024\/04\/6a0c8a05-4f4b-48f5-a1d9-1ad180753c4a-10.webp?resize=350%2C200&ssl=1 1x, https:\/\/i0.wp.com\/lasprimeras.com.do\/wp-content\/uploads\/2024\/04\/6a0c8a05-4f4b-48f5-a1d9-1ad180753c4a-10.webp?resize=525%2C300&ssl=1 1.5x, https:\/\/i0.wp.com\/lasprimeras.com.do\/wp-content\/uploads\/2024\/04\/6a0c8a05-4f4b-48f5-a1d9-1ad180753c4a-10.webp?resize=700%2C400&ssl=1 2x"},"classes":[]},{"id":58670,"url":"https:\/\/lasprimeras.com.do\/index.php\/2023\/08\/27\/inespre-inicia-compra-de-bananos-a-productores-de-azua\/","url_meta":{"origin":111683,"position":5},"title":"Inespre inicia compra de bananos a productores de Azua","author":"Nelson Feliz","date":"27 de agosto de 2023","format":false,"excerpt":"-Instituci\u00f3n tambi\u00e9n don\u00f3 m\u00e1s de 2000 raciones alimenticias en sectores afectados del Distrito Nacional y la provincia Santo Domingo. El Instituto de Estabilizaci\u00f3n de Precios (Inespre) inici\u00f3 la compra de m\u00e1s de un mill\u00f3n de unidades de bananos a productores de Azua que resultaron afectados con el paso de la\u2026","rel":"","context":"En \u00abECONOM\u00cdA\u00bb","block_context":{"text":"ECONOM\u00cdA","link":"https:\/\/lasprimeras.com.do\/index.php\/category\/economia\/"},"img":{"alt_text":"Platanos Inespre","src":"https:\/\/i0.wp.com\/lasprimeras.com.do\/wp-content\/uploads\/2023\/08\/Platanos-Inespre-1.jpg?resize=350%2C200&ssl=1","width":350,"height":200,"srcset":"https:\/\/i0.wp.com\/lasprimeras.com.do\/wp-content\/uploads\/2023\/08\/Platanos-Inespre-1.jpg?resize=350%2C200&ssl=1 1x, https:\/\/i0.wp.com\/lasprimeras.com.do\/wp-content\/uploads\/2023\/08\/Platanos-Inespre-1.jpg?resize=525%2C300&ssl=1 1.5x, https:\/\/i0.wp.com\/lasprimeras.com.do\/wp-content\/uploads\/2023\/08\/Platanos-Inespre-1.jpg?resize=700%2C400&ssl=1 2x"},"classes":[]}],"jetpack_sharing_enabled":true,"_links":{"self":[{"href":"https:\/\/lasprimeras.com.do\/index.php\/wp-json\/wp\/v2\/posts\/111683","targetHints":{"allow":["GET"]}}],"collection":[{"href":"https:\/\/lasprimeras.com.do\/index.php\/wp-json\/wp\/v2\/posts"}],"about":[{"href":"https:\/\/lasprimeras.com.do\/index.php\/wp-json\/wp\/v2\/types\/post"}],"author":[{"embeddable":true,"href":"https:\/\/lasprimeras.com.do\/index.php\/wp-json\/wp\/v2\/users\/10"}],"replies":[{"embeddable":true,"href":"https:\/\/lasprimeras.com.do\/index.php\/wp-json\/wp\/v2\/comments?post=111683"}],"version-history":[{"count":1,"href":"https:\/\/lasprimeras.com.do\/index.php\/wp-json\/wp\/v2\/posts\/111683\/revisions"}],"predecessor-version":[{"id":111685,"href":"https:\/\/lasprimeras.com.do\/index.php\/wp-json\/wp\/v2\/posts\/111683\/revisions\/111685"}],"wp:featuredmedia":[{"embeddable":true,"href":"https:\/\/lasprimeras.com.do\/index.php\/wp-json\/wp\/v2\/media\/111684"}],"wp:attachment":[{"href":"https:\/\/lasprimeras.com.do\/index.php\/wp-json\/wp\/v2\/media?parent=111683"}],"wp:term":[{"taxonomy":"category","embeddable":true,"href":"https:\/\/lasprimeras.com.do\/index.php\/wp-json\/wp\/v2\/categories?post=111683"},{"taxonomy":"post_tag","embeddable":true,"href":"https:\/\/lasprimeras.com.do\/index.php\/wp-json\/wp\/v2\/tags?post=111683"}],"curies":[{"name":"wp","href":"https:\/\/api.w.org\/{rel}","templated":true}]}}