{"id":111686,"date":"2025-10-12T18:32:23","date_gmt":"2025-10-12T22:32:23","guid":{"rendered":"https:\/\/lasprimeras.com.do\/?p=111686"},"modified":"2025-10-12T18:32:25","modified_gmt":"2025-10-12T22:32:25","slug":"la-catedral-de-santiago-se-queda-sin-aire-acondicionado-tras-robo-de-cables","status":"publish","type":"post","link":"https:\/\/lasprimeras.com.do\/index.php\/2025\/10\/12\/la-catedral-de-santiago-se-queda-sin-aire-acondicionado-tras-robo-de-cables\/","title":{"rendered":"La catedral de Santiago se queda sin aire acondicionado tras robo de cables"},"content":{"rendered":"\n<p>Desconocidos sustrajeron cables el\u00e9ctricos y tuber\u00edas de cobre del sistema de enfriamiento de la Catedral Santiago Ap\u00f3stol el Mayor durante la madrugada del jueves.<\/p>\n\n\n\n<p>El robo afect\u00f3 el funcionamiento del sistema de aire acondicionado del templo, cuya reparaci\u00f3n costar\u00e1 unos 300,000 pesos, seg\u00fan informaron autoridades eclesi\u00e1sticas.<\/p>\n\n\n\n<p>El padre Regino Alfonso Collado, vicario de la Catedral, explic\u00f3 que los ladrones aprovecharon la falta de vigilancia en el entorno para cometer el delito.<\/p>\n\n\n\n<p>Indic\u00f3 que los intrusos accedieron a un edificio anexo, a unos 200 metros del templo principal, donde se encuentra la consola que alimenta los aires acondicionados industriales.<\/p>\n\n\n\n<p>&#8220;Nosotros tenemos en esta catedral un espacio muy amplio, muy vulnerable en cuanto a la seguridad. En la madrugada del jueves, unos individuos subieron a la torre y arrancaron todo el cableado que conecta la corriente con los aparatos de aire, provocando da\u00f1os considerables&#8221;, dijo el padre Collado.<\/p>\n\n\n\n<p>Es la segunda vez<\/p>\n\n\n\n<p>El vicario lament\u00f3 que esta sea la segunda ocasi\u00f3n en que se registran robos similares y critic\u00f3 la falta de vigilancia en el centro de Santiago.<\/p>\n\n\n\n<p>&#8220;Si unos simples cables pueden ser sustra\u00eddos con tanta facilidad, \u00bfqu\u00e9 seguridad tienen los ciudadanos que transitan por las calles?&#8221;, cuestion\u00f3.<\/p>\n\n\n\n<p>Collado a\u00f1adi\u00f3 que, aunque los da\u00f1os fueron significativos, no se present\u00f3 una denuncia formal, debido a la falta de respuestas efectivas en casos anteriores.<\/p>\n\n\n\n<p>Llamado a reforzar la seguridad<\/p>\n\n\n\n<p>El sacerdote pidi\u00f3 a las autoridades municipales y policiales aumentar la vigilancia en los alrededores de la Catedral y en todo el casco urbano.<\/p>\n\n\n\n<p>&#8220;Exijo una mayor atenci\u00f3n por parte de aquellos que tienen la autoridad y el control de la seguridad y cuidado de la ciudadan\u00eda&#8221;, enfatiz\u00f3.<\/p>\n\n\n\n<p>Fuente Diario Libre<\/p>\n","protected":false},"excerpt":{"rendered":"<p>Desconocidos sustrajeron cables el\u00e9ctricos y tuber\u00edas de cobre del sistema de enfriamiento de la Catedral Santiago Ap\u00f3stol el Mayor durante la madrugada del jueves. El robo afect\u00f3 el funcionamiento del&hellip;<\/p>\n","protected":false},"author":10,"featured_media":111687,"comment_status":"open","ping_status":"open","sticky":false,"template":"","format":"standard","meta":{"content-type":"","jetpack_post_was_ever_published":false,"_jetpack_newsletter_access":"","_jetpack_dont_email_post_to_subs":false,"_jetpack_newsletter_tier_id":0,"_jetpack_memberships_contains_paywalled_content":false,"_jetpack_memberships_contains_paid_content":false,"footnotes":""},"categories":[35],"tags":[14885,25867,25868],"class_list":["post-111686","post","type-post","status-publish","format-standard","has-post-thumbnail","hentry","category-nacionales","tag-aire-acondicionado","tag-catedral-de-santiago","tag-robo-de-cables"],"jetpack_featured_media_url":"https:\/\/lasprimeras.com.do\/wp-content\/uploads\/2025\/10\/aires.jpg","jetpack-related-posts":[{"id":87838,"url":"https:\/\/lasprimeras.com.do\/index.php\/2024\/08\/18\/mujer-que-le-cerceno-la-cabeza-a-su-hija-de-6-anos-exige-que-le-coloquen-aire-acondicionado\/","url_meta":{"origin":111686,"position":0},"title":"Mujer que le cercen\u00f3 la cabeza a su hija de 6 a\u00f1os, exige que le coloquen aire acondicionado","author":"Nelson Feliz","date":"18 de agosto de 2024","format":false,"excerpt":"Garc\u00eda atribuye hecho a un \u201cesp\u00edritu maligno\u201d. La m\u00e9dico y miembro del Ej\u00e9rcito de la Rep\u00fablica Dominicana, Ana Josefa Garc\u00eda, madre acusada de cercenarle la cabeza a su hija de seis a\u00f1os, atribuye el horrendo crimen a un \u201cesp\u00edritu maligno\u201d. El hecho ocurri\u00f3 el pasado jueves, 15 del mes en\u2026","rel":"","context":"En \u00abJUSTICIA\u00bb","block_context":{"text":"JUSTICIA","link":"https:\/\/lasprimeras.com.do\/index.php\/category\/justicia\/"},"img":{"alt_text":"Ana Josefa Garc\u00eda","src":"https:\/\/i0.wp.com\/lasprimeras.com.do\/wp-content\/uploads\/2024\/08\/Doctora-mata-a-su-hija-818x694-1-818x613-1.jpg?resize=350%2C200&ssl=1","width":350,"height":200,"srcset":"https:\/\/i0.wp.com\/lasprimeras.com.do\/wp-content\/uploads\/2024\/08\/Doctora-mata-a-su-hija-818x694-1-818x613-1.jpg?resize=350%2C200&ssl=1 1x, https:\/\/i0.wp.com\/lasprimeras.com.do\/wp-content\/uploads\/2024\/08\/Doctora-mata-a-su-hija-818x694-1-818x613-1.jpg?resize=525%2C300&ssl=1 1.5x, https:\/\/i0.wp.com\/lasprimeras.com.do\/wp-content\/uploads\/2024\/08\/Doctora-mata-a-su-hija-818x694-1-818x613-1.jpg?resize=700%2C400&ssl=1 2x"},"classes":[]},{"id":68216,"url":"https:\/\/lasprimeras.com.do\/index.php\/2023\/11\/22\/una-cocina-y-una-manejadora-de-aire-acondicionado-habrian-originado-incendio-en-el-minerd\/","url_meta":{"origin":111686,"position":1},"title":"Una cocina y una manejadora de aire acondicionado habr\u00edan originado incendio en el Minerd","author":"BIMARY DE JES\u00daS Matos","date":"22 de noviembre de 2023","format":false,"excerpt":"Santo Domingo.-Una peque\u00f1a cocina en el \u00e1rea de recursos humanos, juntamente con una \"manejadora\" de aire acondicionado, ubicada en el pasillo frente al departamento, habr\u00edan sido el punto de origen del incendio reportado la ma\u00f1ana de este mi\u00e9rcoles en las instalaciones del Ministerio de Educaci\u00f3n. Seg\u00fan inform\u00f3 el general Jos\u00e9\u2026","rel":"","context":"En \u00abNACIONALES\u00bb","block_context":{"text":"NACIONALES","link":"https:\/\/lasprimeras.com.do\/index.php\/category\/nacionales\/"},"img":{"alt_text":"","src":"https:\/\/i0.wp.com\/lasprimeras.com.do\/wp-content\/uploads\/2023\/11\/Noticias-de-energia-18-1.jpg?resize=350%2C200&ssl=1","width":350,"height":200,"srcset":"https:\/\/i0.wp.com\/lasprimeras.com.do\/wp-content\/uploads\/2023\/11\/Noticias-de-energia-18-1.jpg?resize=350%2C200&ssl=1 1x, https:\/\/i0.wp.com\/lasprimeras.com.do\/wp-content\/uploads\/2023\/11\/Noticias-de-energia-18-1.jpg?resize=525%2C300&ssl=1 1.5x, https:\/\/i0.wp.com\/lasprimeras.com.do\/wp-content\/uploads\/2023\/11\/Noticias-de-energia-18-1.jpg?resize=700%2C400&ssl=1 2x"},"classes":[]},{"id":103631,"url":"https:\/\/lasprimeras.com.do\/index.php\/2025\/07\/17\/pronostican-en-nyc-ola-de-calor-con-tormentas-y-mala-calidad-del-aire\/","url_meta":{"origin":111686,"position":2},"title":"Pronostican en NYC ola de calor con tormentas y mala calidad del aire","author":"Nelson Feliz","date":"17 de julio de 2025","format":false,"excerpt":"Por Ram\u00f3n Mercedes NUEVA YORK.- Las autoridades de esta ciudad pronostican que para este jueves hasta ma\u00f1ana habr\u00e1 una ola de calor extremo con temperaturas que oscilar\u00e1n entre los 38 y 40 grados Celsius, pero la alta humedad har\u00e1 que la sensaci\u00f3n t\u00e9rmica lo haga sentir entre 100 y 104\u2026","rel":"","context":"En \u00abINTERNACIONALES\u00bb","block_context":{"text":"INTERNACIONALES","link":"https:\/\/lasprimeras.com.do\/index.php\/category\/sin-categoria\/internacionales\/"},"img":{"alt_text":"","src":"https:\/\/i0.wp.com\/lasprimeras.com.do\/wp-content\/uploads\/2025\/07\/WhatsApp-Image-2025-07-17-at-6.40.31-AM.jpeg?resize=350%2C200&ssl=1","width":350,"height":200,"srcset":"https:\/\/i0.wp.com\/lasprimeras.com.do\/wp-content\/uploads\/2025\/07\/WhatsApp-Image-2025-07-17-at-6.40.31-AM.jpeg?resize=350%2C200&ssl=1 1x, https:\/\/i0.wp.com\/lasprimeras.com.do\/wp-content\/uploads\/2025\/07\/WhatsApp-Image-2025-07-17-at-6.40.31-AM.jpeg?resize=525%2C300&ssl=1 1.5x, https:\/\/i0.wp.com\/lasprimeras.com.do\/wp-content\/uploads\/2025\/07\/WhatsApp-Image-2025-07-17-at-6.40.31-AM.jpeg?resize=700%2C400&ssl=1 2x"},"classes":[]},{"id":127719,"url":"https:\/\/lasprimeras.com.do\/index.php\/2026\/04\/15\/dominicanos-nyc-se-podran-beneficiar-con-entrega-aire-acondicionado-gratis\/","url_meta":{"origin":111686,"position":3},"title":"Dominicanos NYC se podr\u00e1n beneficiar con entrega aire acondicionado gratis","author":"Nelson Feliz","date":"15 de abril de 2026","format":false,"excerpt":"Por Ram\u00f3n Mercedes NUEVA YORK.- El estado de NY activ\u00f3 la asistencia para refrigeraci\u00f3n del Programa de Asistencia de Energ\u00eda para Hogares (HEAP) y podr\u00e1n recibir efectivos de manera gratis, principalmente envejecientes y personas con problemas de salud, para la compra de un aire acondicionado ante la proximidad del verano.\u2026","rel":"","context":"En \u00abINTERNACIONALES\u00bb","block_context":{"text":"INTERNACIONALES","link":"https:\/\/lasprimeras.com.do\/index.php\/category\/sin-categoria\/internacionales\/"},"img":{"alt_text":"","src":"https:\/\/i0.wp.com\/lasprimeras.com.do\/wp-content\/uploads\/2026\/04\/IMG-20260415-WA0043.jpg?resize=350%2C200&ssl=1","width":350,"height":200,"srcset":"https:\/\/i0.wp.com\/lasprimeras.com.do\/wp-content\/uploads\/2026\/04\/IMG-20260415-WA0043.jpg?resize=350%2C200&ssl=1 1x, https:\/\/i0.wp.com\/lasprimeras.com.do\/wp-content\/uploads\/2026\/04\/IMG-20260415-WA0043.jpg?resize=525%2C300&ssl=1 1.5x"},"classes":[]},{"id":118633,"url":"https:\/\/lasprimeras.com.do\/index.php\/2026\/01\/01\/el-arzobispo-de-santiago-califica-de-indecente-la-corrupcion-en-senasa-durante-misa-de-ano-nuevo\/","url_meta":{"origin":111686,"position":4},"title":"El arzobispo de Santiago califica de &#8220;indecente&#8221; la corrupci\u00f3n en Senasa durante misa de A\u00f1o Nuevo","author":"Nelson Feliz","date":"1 de enero de 2026","format":false,"excerpt":"El arzobispo metropolitano de la provincia Santiago, monse\u00f1or H\u00e9ctor Rafael Rodr\u00edguez, durante la celebraci\u00f3n de la misa de A\u00f1o Nuevo celebrada en la Catedral Santiago Ap\u00f3stol. (DIARIO LIBRE\/ C\u00c9SAR JIM\u00c9NEZ)","rel":"","context":"En \u00abNACIONALES\u00bb","block_context":{"text":"NACIONALES","link":"https:\/\/lasprimeras.com.do\/index.php\/category\/nacionales\/"},"img":{"alt_text":"El arzobispo metropolitano de la provincia Santiago, monse\u00f1or H\u00e9ctor Rafael Rodr\u00edguez, durante la celebraci\u00f3n de la misa de A\u00f1o Nuevo celebrada en la Catedral Santiago Ap\u00f3stol. (DIARIO LIBRE\/ C\u00c9SAR JIM\u00c9NEZ)","src":"https:\/\/i0.wp.com\/lasprimeras.com.do\/wp-content\/uploads\/2026\/01\/Hector-Rafael-Rodriguez.jpg?resize=350%2C200&ssl=1","width":350,"height":200,"srcset":"https:\/\/i0.wp.com\/lasprimeras.com.do\/wp-content\/uploads\/2026\/01\/Hector-Rafael-Rodriguez.jpg?resize=350%2C200&ssl=1 1x, https:\/\/i0.wp.com\/lasprimeras.com.do\/wp-content\/uploads\/2026\/01\/Hector-Rafael-Rodriguez.jpg?resize=525%2C300&ssl=1 1.5x, https:\/\/i0.wp.com\/lasprimeras.com.do\/wp-content\/uploads\/2026\/01\/Hector-Rafael-Rodriguez.jpg?resize=700%2C400&ssl=1 2x"},"classes":[]},{"id":96372,"url":"https:\/\/lasprimeras.com.do\/index.php\/2025\/03\/30\/presidente-y-vicepresidenta-encabezan-actos-por-el-181-aniversario-de-la-batalla-de-santiago\/","url_meta":{"origin":111686,"position":5},"title":"Presidente y vicepresidenta encabezan actos por el 181 aniversario de la Batalla de Santiago","author":"Nelson Feliz","date":"30 de marzo de 2025","format":false,"excerpt":"La jornada inici\u00f3 con un tedeum en la Catedral Santiago Ap\u00f3stol, donde estuvo presente la vicepresidenta en representaci\u00f3n del Gobierno. El presidente Luis Abinader y la vicepresidenta Raquel Pe\u00f1a encabezan este domingo los actos conmemorativos por el 181 aniversario de la Batalla del 30 de marzo de 1844 en Santiago.\u2026","rel":"","context":"En \u00abNACIONALES\u00bb","block_context":{"text":"NACIONALES","link":"https:\/\/lasprimeras.com.do\/index.php\/category\/nacionales\/"},"img":{"alt_text":"","src":"https:\/\/i0.wp.com\/lasprimeras.com.do\/wp-content\/uploads\/2025\/03\/La-jornada-de-conmemoracion-de-la-Batalla-de-Santiago.jpg?resize=350%2C200&ssl=1","width":350,"height":200,"srcset":"https:\/\/i0.wp.com\/lasprimeras.com.do\/wp-content\/uploads\/2025\/03\/La-jornada-de-conmemoracion-de-la-Batalla-de-Santiago.jpg?resize=350%2C200&ssl=1 1x, https:\/\/i0.wp.com\/lasprimeras.com.do\/wp-content\/uploads\/2025\/03\/La-jornada-de-conmemoracion-de-la-Batalla-de-Santiago.jpg?resize=525%2C300&ssl=1 1.5x, https:\/\/i0.wp.com\/lasprimeras.com.do\/wp-content\/uploads\/2025\/03\/La-jornada-de-conmemoracion-de-la-Batalla-de-Santiago.jpg?resize=700%2C400&ssl=1 2x"},"classes":[]}],"jetpack_sharing_enabled":true,"_links":{"self":[{"href":"https:\/\/lasprimeras.com.do\/index.php\/wp-json\/wp\/v2\/posts\/111686","targetHints":{"allow":["GET"]}}],"collection":[{"href":"https:\/\/lasprimeras.com.do\/index.php\/wp-json\/wp\/v2\/posts"}],"about":[{"href":"https:\/\/lasprimeras.com.do\/index.php\/wp-json\/wp\/v2\/types\/post"}],"author":[{"embeddable":true,"href":"https:\/\/lasprimeras.com.do\/index.php\/wp-json\/wp\/v2\/users\/10"}],"replies":[{"embeddable":true,"href":"https:\/\/lasprimeras.com.do\/index.php\/wp-json\/wp\/v2\/comments?post=111686"}],"version-history":[{"count":1,"href":"https:\/\/lasprimeras.com.do\/index.php\/wp-json\/wp\/v2\/posts\/111686\/revisions"}],"predecessor-version":[{"id":111688,"href":"https:\/\/lasprimeras.com.do\/index.php\/wp-json\/wp\/v2\/posts\/111686\/revisions\/111688"}],"wp:featuredmedia":[{"embeddable":true,"href":"https:\/\/lasprimeras.com.do\/index.php\/wp-json\/wp\/v2\/media\/111687"}],"wp:attachment":[{"href":"https:\/\/lasprimeras.com.do\/index.php\/wp-json\/wp\/v2\/media?parent=111686"}],"wp:term":[{"taxonomy":"category","embeddable":true,"href":"https:\/\/lasprimeras.com.do\/index.php\/wp-json\/wp\/v2\/categories?post=111686"},{"taxonomy":"post_tag","embeddable":true,"href":"https:\/\/lasprimeras.com.do\/index.php\/wp-json\/wp\/v2\/tags?post=111686"}],"curies":[{"name":"wp","href":"https:\/\/api.w.org\/{rel}","templated":true}]}}