{"id":111689,"date":"2025-10-12T18:40:02","date_gmt":"2025-10-12T22:40:02","guid":{"rendered":"https:\/\/lasprimeras.com.do\/?p=111689"},"modified":"2025-10-12T18:40:04","modified_gmt":"2025-10-12T22:40:04","slug":"sociedad-dominicana-de-diarios-se-integra-al-dialogo-nacional-por-la-educacion","status":"publish","type":"post","link":"https:\/\/lasprimeras.com.do\/index.php\/2025\/10\/12\/sociedad-dominicana-de-diarios-se-integra-al-dialogo-nacional-por-la-educacion\/","title":{"rendered":"Sociedad Dominicana de Diarios se integra al di\u00e1logo nacional por la educaci\u00f3n"},"content":{"rendered":"\n<p><strong>Persio Maldonado: &#8220;El conocimiento es la \u00fanica riqueza que no se hereda&#8221;<\/strong><\/p>\n\n\n\n<p>El presidente de la Sociedad Dominicana de Diarios (SDD), Persio Maldonado, consider\u00f3 que la creaci\u00f3n de la &#8220;Mesa de los cinco pilares&#8221; del Ministerio de Educaci\u00f3n (Minerd) representa una oportunidad real para impulsar una transformaci\u00f3n profunda y participativa del sistema educativo nacional.<\/p>\n\n\n\n<p>Durante el acto de lanzamiento de esta mesa multisectorial, celebrado en el sal\u00f3n Ercilia Pep\u00edn del Minerd, Maldonado defini\u00f3 la iniciativa como una propuesta &#8220;incluyente, din\u00e1mica y esperanzadora&#8221; que responde a los retos del mundo actual.<\/p>\n\n\n\n<p>&#8220;Este es un proceso din\u00e1mico, cambiante. El mundo va cambiando a una velocidad enorme y creo que en estas conversaciones tienen que ir incorpor\u00e1ndose nuevos actores&#8221;, se\u00f1al\u00f3 el tambi\u00e9n firmante del Pacto por la Educaci\u00f3n y miembro del Consejo Econ\u00f3mico y Social (CES).<\/p>\n\n\n\n<p><strong>Acompa\u00f1amiento desde los medios<\/strong><\/p>\n\n\n\n<p>Maldonado expres\u00f3 que los medios de comunicaci\u00f3n est\u00e1n comprometidos con dar seguimiento y apoyar activamente las acciones que surjan de este nuevo espacio de di\u00e1logo.<\/p>\n\n\n\n<p>&#8220;En d\u00edas pasados tuvimos una reuni\u00f3n muy agradable con el ministro hablando sobre el tema de educaci\u00f3n y del inter\u00e9s de la Sociedad Dominicana de Diarios de dar seguimiento y colaborar a todo este proceso&#8221;, explic\u00f3.<\/p>\n\n\n\n<p>Resalt\u00f3 el valor de reunir en una misma mesa a los principales actores del sistema educativo \u2014estudiantes, docentes, familias, autoridades y medios\u2014, ya que permite construir soluciones desde diferentes perspectivas.<\/p>\n\n\n\n<p>&#8220;El pa\u00eds necesita que cambiemos cosas, y ustedes son los creadores de la mayor riqueza que tiene la condici\u00f3n humana, que es el conocimiento. Es tan propio, que es la \u00fanica que no se deja como herencia&#8221;, expres\u00f3.<\/p>\n\n\n\n<p><strong>Cinco ejes para el cambio<\/strong><\/p>\n\n\n\n<p>La Mesa de los cinco pilares, impulsada por el ministro Luis Miguel De Camps, busca articular propuestas en torno a cinco ejes esenciales: participaci\u00f3n estudiantil, rol de las familias, papel de los docentes, gesti\u00f3n institucional y acompa\u00f1amiento comunitario.<\/p>\n\n\n\n<p>El objetivo, seg\u00fan el Minerd, es generar compromisos concretos y sostenibles que fortalezcan la educaci\u00f3n p\u00fablica dominicana desde una visi\u00f3n colectiva.<\/p>\n\n\n\n<p><strong>Compromiso del sector prensa<\/strong><\/p>\n\n\n\n<p>Maldonado reafirm\u00f3 el compromiso de la Sociedad Dominicana de Diarios con el fortalecimiento educativo y el seguimiento continuo de los acuerdos alcanzados.<\/p>\n\n\n\n<p>&#8220;Celebro este encuentro y reitero nuestro compromiso y responsabilidad de darle continuidad y colaboraci\u00f3n a este esfuerzo&#8221;, concluy\u00f3.<\/p>\n\n\n\n<p>Fuente Diario Libre<\/p>\n","protected":false},"excerpt":{"rendered":"<p>Persio Maldonado: &#8220;El conocimiento es la \u00fanica riqueza que no se hereda&#8221; El presidente de la Sociedad Dominicana de Diarios (SDD), Persio Maldonado, consider\u00f3 que la creaci\u00f3n de la &#8220;Mesa&hellip;<\/p>\n","protected":false},"author":10,"featured_media":111690,"comment_status":"open","ping_status":"open","sticky":false,"template":"","format":"standard","meta":{"content-type":"","jetpack_post_was_ever_published":false,"_jetpack_newsletter_access":"","_jetpack_dont_email_post_to_subs":false,"_jetpack_newsletter_tier_id":0,"_jetpack_memberships_contains_paywalled_content":false,"_jetpack_memberships_contains_paid_content":false,"footnotes":""},"categories":[35],"tags":[1220,893,172,2224,19253],"class_list":["post-111689","post","type-post","status-publish","format-standard","has-post-thumbnail","hentry","category-nacionales","tag-dialogo","tag-educacion","tag-nacional","tag-persio-maldonado","tag-sociedad-dominicana-de-diarios"],"jetpack_featured_media_url":"https:\/\/lasprimeras.com.do\/wp-content\/uploads\/2025\/10\/Persio-Maldonado.jpg","jetpack-related-posts":[{"id":106287,"url":"https:\/\/lasprimeras.com.do\/index.php\/2025\/08\/12\/ministro-luis-miguel-de-camps-y-sociedad-dominicana-de-diarios-sostienen-encuentro-para-fortalecer-lazos\/","url_meta":{"origin":111689,"position":0},"title":"Ministro Luis Miguel De Camps y Sociedad Dominicana de Diarios sostienen encuentro para fortalecer lazos","author":"Nelson Feliz","date":"12 de agosto de 2025","format":false,"excerpt":"El ministro de Educaci\u00f3n, Luis Miguel De Camps, sostuvo ayer un encuentro con directivos de la Sociedad Dominicana de Diarios (SDD) en el que se intercambiaron ideas sobre los principales avances del sistema educativo y se exploraron v\u00edas de colaboraci\u00f3n para fortalecer la formaci\u00f3n integral de los estudiantes. Durante la\u2026","rel":"","context":"En \u00abNACIONALES\u00bb","block_context":{"text":"NACIONALES","link":"https:\/\/lasprimeras.com.do\/index.php\/category\/nacionales\/"},"img":{"alt_text":"","src":"https:\/\/i0.wp.com\/lasprimeras.com.do\/wp-content\/uploads\/2025\/08\/Luis-Miguel-De-Camps.jpg?resize=350%2C200&ssl=1","width":350,"height":200,"srcset":"https:\/\/i0.wp.com\/lasprimeras.com.do\/wp-content\/uploads\/2025\/08\/Luis-Miguel-De-Camps.jpg?resize=350%2C200&ssl=1 1x, https:\/\/i0.wp.com\/lasprimeras.com.do\/wp-content\/uploads\/2025\/08\/Luis-Miguel-De-Camps.jpg?resize=525%2C300&ssl=1 1.5x, https:\/\/i0.wp.com\/lasprimeras.com.do\/wp-content\/uploads\/2025\/08\/Luis-Miguel-De-Camps.jpg?resize=700%2C400&ssl=1 2x"},"classes":[]},{"id":124101,"url":"https:\/\/lasprimeras.com.do\/index.php\/2026\/03\/08\/persio-maldonado-resalta-trascendencia-de-nueva-cedula-para-la-modernizacion-del-estado-y-el-sistema-electoral\/","url_meta":{"origin":111689,"position":1},"title":"Persio Maldonado resalta trascendencia de nueva c\u00e9dula para la modernizaci\u00f3n del Estado y el sistema electoral","author":"Nelson Feliz","date":"8 de marzo de 2026","format":false,"excerpt":"El presidente de la Sociedad Dominicana de Diarios (SDD), Persio Maldonado, calific\u00f3 este s\u00e1bado como un paso trascendente el inicio del proceso de emisi\u00f3n de la nueva c\u00e9dula de identidad y electoral en la Rep\u00fablica Dominicana. Al recibir el nuevo documento de identidad por invitaci\u00f3n de la Junta Central Electoral\u2026","rel":"","context":"En \u00abNACIONALES\u00bb","block_context":{"text":"NACIONALES","link":"https:\/\/lasprimeras.com.do\/index.php\/category\/nacionales\/"},"img":{"alt_text":"","src":"https:\/\/i0.wp.com\/lasprimeras.com.do\/wp-content\/uploads\/2026\/03\/Persio-Maldonado.jpg?resize=350%2C200&ssl=1","width":350,"height":200,"srcset":"https:\/\/i0.wp.com\/lasprimeras.com.do\/wp-content\/uploads\/2026\/03\/Persio-Maldonado.jpg?resize=350%2C200&ssl=1 1x, https:\/\/i0.wp.com\/lasprimeras.com.do\/wp-content\/uploads\/2026\/03\/Persio-Maldonado.jpg?resize=525%2C300&ssl=1 1.5x, https:\/\/i0.wp.com\/lasprimeras.com.do\/wp-content\/uploads\/2026\/03\/Persio-Maldonado.jpg?resize=700%2C400&ssl=1 2x"},"classes":[]},{"id":80941,"url":"https:\/\/lasprimeras.com.do\/index.php\/2024\/04\/14\/persio-maldonado-continua-dialogo-para-consensuar-la-ley-que-creo-la-dni\/","url_meta":{"origin":111689,"position":2},"title":"Persio Maldonado: contin\u00faa di\u00e1logo para consensuar la ley que cre\u00f3 la DNI","author":"Nelson Feliz","date":"14 de abril de 2024","format":false,"excerpt":"La comisi\u00f3n designada por el presidente Luis Abinader para buscar un consenso en torno a la controversial Ley 1-24 que cre\u00f3 la Direcci\u00f3n Nacional de Inteligencia (DNI) contin\u00faa trabajando en aras de llegar a un entendimiento entre el Gobierno y los sectores de la sociedad que se han pronunciado contra\u2026","rel":"","context":"En \u00abNACIONALES\u00bb","block_context":{"text":"NACIONALES","link":"https:\/\/lasprimeras.com.do\/index.php\/category\/nacionales\/"},"img":{"alt_text":"Persio Maldonado","src":"https:\/\/i0.wp.com\/lasprimeras.com.do\/wp-content\/uploads\/2024\/04\/Persio-Maldonado.jpg?resize=350%2C200&ssl=1","width":350,"height":200,"srcset":"https:\/\/i0.wp.com\/lasprimeras.com.do\/wp-content\/uploads\/2024\/04\/Persio-Maldonado.jpg?resize=350%2C200&ssl=1 1x, https:\/\/i0.wp.com\/lasprimeras.com.do\/wp-content\/uploads\/2024\/04\/Persio-Maldonado.jpg?resize=525%2C300&ssl=1 1.5x, https:\/\/i0.wp.com\/lasprimeras.com.do\/wp-content\/uploads\/2024\/04\/Persio-Maldonado.jpg?resize=700%2C400&ssl=1 2x"},"classes":[]},{"id":50743,"url":"https:\/\/lasprimeras.com.do\/index.php\/2023\/05\/23\/persio-maldonado-dice-los-influencers-deben-consolidar-su-propia-imagen\/","url_meta":{"origin":111689,"position":3},"title":"Persio Maldonado dice los &#8220;influencers&#8221; deben consolidar su propia imagen","author":"prenxa100","date":"23 de mayo de 2023","format":false,"excerpt":"Santo Domingo.- El presidente de la Sociedad Dominicana de Diarios,Persio Maldonado, advirti\u00f3 hoy a los denominados \u201cinfluencers\u201d que el ejercicio de la comunicaci\u00f3n tiene la responsabilidad de consolidar su propia imagen y conducta ante la sociedad. Al ser cuestionado sobre la vulgaridad de figuras conocidas como influencers, Persio Maldonado abog\u00f3\u2026","rel":"","context":"En \u00abNACIONALES\u00bb","block_context":{"text":"NACIONALES","link":"https:\/\/lasprimeras.com.do\/index.php\/category\/nacionales\/"},"img":{"alt_text":"","src":"https:\/\/i0.wp.com\/img.youtube.com\/vi\/dHIAEDVH284\/0.jpg?resize=350%2C200","width":350,"height":200},"classes":[]},{"id":72856,"url":"https:\/\/lasprimeras.com.do\/index.php\/2024\/01\/03\/persio-maldonado-gobierno-debe-mantener-publicidad-necesaria-para-dinamica-institucional-del-estado\/","url_meta":{"origin":111689,"position":4},"title":"Persio Maldonado: Gobierno debe mantener publicidad necesaria para din\u00e1mica institucional del Estado","author":"Nelson Feliz","date":"3 de enero de 2024","format":false,"excerpt":"El presidente de la SDD entiende que debe primar la equidad en los medios Tras el presidente Luis Abinader dar a conocer este pasado martes el Decreto 1-24 que busca regular la publicidad gubernamental en el pa\u00eds, diversos sectores de la sociedad, en particular del \u00e1rea de la comunicaci\u00f3n, han\u2026","rel":"","context":"En \u00abNACIONALES\u00bb","block_context":{"text":"NACIONALES","link":"https:\/\/lasprimeras.com.do\/index.php\/category\/nacionales\/"},"img":{"alt_text":"Persio Maldonado","src":"https:\/\/i0.wp.com\/lasprimeras.com.do\/wp-content\/uploads\/2024\/01\/Persio-Maldonado-1.jpg?resize=350%2C200&ssl=1","width":350,"height":200,"srcset":"https:\/\/i0.wp.com\/lasprimeras.com.do\/wp-content\/uploads\/2024\/01\/Persio-Maldonado-1.jpg?resize=350%2C200&ssl=1 1x, https:\/\/i0.wp.com\/lasprimeras.com.do\/wp-content\/uploads\/2024\/01\/Persio-Maldonado-1.jpg?resize=525%2C300&ssl=1 1.5x, https:\/\/i0.wp.com\/lasprimeras.com.do\/wp-content\/uploads\/2024\/01\/Persio-Maldonado-1.jpg?resize=700%2C400&ssl=1 2x"},"classes":[]},{"id":80817,"url":"https:\/\/lasprimeras.com.do\/index.php\/2024\/04\/12\/cdp-e-ippp-galardonan-a-pepin-corripio-a-persio-maldonado-y-a-14-dirigentes-del-gremio\/","url_meta":{"origin":111689,"position":5},"title":"CDP e IPPP galardonan a Pep\u00edn Corripio, a Persio Maldonado y a 14 dirigentes del gremio","author":"Nelson Feliz","date":"12 de abril de 2024","format":false,"excerpt":"El Colegio Dominicano de Periodistas\u00a0 (CDP) y el Instituto de Previsi\u00f3n y Protecci\u00f3n del Periodista (IPPP) organizaron una ceremonia en la que galardonaron al empresario Jos\u00e9 Luis Corripio Estrada (Pep\u00edn), a Persio Maldonado, director del peri\u00f3dico El Nuevo Diario y presidente de la Sociedad Dominicana de Diarios (SDD), y a\u2026","rel":"","context":"En \u00abNACIONALES\u00bb","block_context":{"text":"NACIONALES","link":"https:\/\/lasprimeras.com.do\/index.php\/category\/nacionales\/"},"img":{"alt_text":"cdp","src":"https:\/\/i0.wp.com\/lasprimeras.com.do\/wp-content\/uploads\/2024\/04\/cdp.jpg?resize=350%2C200&ssl=1","width":350,"height":200,"srcset":"https:\/\/i0.wp.com\/lasprimeras.com.do\/wp-content\/uploads\/2024\/04\/cdp.jpg?resize=350%2C200&ssl=1 1x, https:\/\/i0.wp.com\/lasprimeras.com.do\/wp-content\/uploads\/2024\/04\/cdp.jpg?resize=525%2C300&ssl=1 1.5x, https:\/\/i0.wp.com\/lasprimeras.com.do\/wp-content\/uploads\/2024\/04\/cdp.jpg?resize=700%2C400&ssl=1 2x"},"classes":[]}],"jetpack_sharing_enabled":true,"_links":{"self":[{"href":"https:\/\/lasprimeras.com.do\/index.php\/wp-json\/wp\/v2\/posts\/111689","targetHints":{"allow":["GET"]}}],"collection":[{"href":"https:\/\/lasprimeras.com.do\/index.php\/wp-json\/wp\/v2\/posts"}],"about":[{"href":"https:\/\/lasprimeras.com.do\/index.php\/wp-json\/wp\/v2\/types\/post"}],"author":[{"embeddable":true,"href":"https:\/\/lasprimeras.com.do\/index.php\/wp-json\/wp\/v2\/users\/10"}],"replies":[{"embeddable":true,"href":"https:\/\/lasprimeras.com.do\/index.php\/wp-json\/wp\/v2\/comments?post=111689"}],"version-history":[{"count":1,"href":"https:\/\/lasprimeras.com.do\/index.php\/wp-json\/wp\/v2\/posts\/111689\/revisions"}],"predecessor-version":[{"id":111691,"href":"https:\/\/lasprimeras.com.do\/index.php\/wp-json\/wp\/v2\/posts\/111689\/revisions\/111691"}],"wp:featuredmedia":[{"embeddable":true,"href":"https:\/\/lasprimeras.com.do\/index.php\/wp-json\/wp\/v2\/media\/111690"}],"wp:attachment":[{"href":"https:\/\/lasprimeras.com.do\/index.php\/wp-json\/wp\/v2\/media?parent=111689"}],"wp:term":[{"taxonomy":"category","embeddable":true,"href":"https:\/\/lasprimeras.com.do\/index.php\/wp-json\/wp\/v2\/categories?post=111689"},{"taxonomy":"post_tag","embeddable":true,"href":"https:\/\/lasprimeras.com.do\/index.php\/wp-json\/wp\/v2\/tags?post=111689"}],"curies":[{"name":"wp","href":"https:\/\/api.w.org\/{rel}","templated":true}]}}