{"id":111695,"date":"2025-10-12T18:56:41","date_gmt":"2025-10-12T22:56:41","guid":{"rendered":"https:\/\/lasprimeras.com.do\/?p=111695"},"modified":"2025-10-12T19:02:02","modified_gmt":"2025-10-12T23:02:02","slug":"ntrant-lanza-voluntariado-guardianes-del-transito-para-involucrar-la-ciudadania-en-educacion-vial-y-mejora-del-transito","status":"publish","type":"post","link":"https:\/\/lasprimeras.com.do\/index.php\/2025\/10\/12\/ntrant-lanza-voluntariado-guardianes-del-transito-para-involucrar-la-ciudadania-en-educacion-vial-y-mejora-del-transito\/","title":{"rendered":"NTRANT lanza voluntariado \u201cGuardianes del Tr\u00e1nsito\u201d para involucrar la ciudadan\u00eda en educaci\u00f3n vial y mejora del tr\u00e1nsito"},"content":{"rendered":"\n<p><strong>Unos 600 j\u00f3venes participaron en el lanzamiento como muestra inicial de un programa que contempla 60 horas de formaci\u00f3n, pr\u00e1cticas en campo y el primer carnet de aprendizaje para los estudiantes.<\/strong><\/p>\n\n\n\n<p>El Instituto Nacional de Tr\u00e1nsito y Transporte Terrestre (Intrant) lanz\u00f3 el voluntariado Guardianes del Tr\u00e1nsito, con la meta de impactar a 75 mil estudiantes en educaci\u00f3n vial durante este a\u00f1o escolar y convocar a la ciudadan\u00eda en general a integrarse como parte de este movimiento nacional por la vida.<\/p>\n\n\n\n<p>De este gran colectivo, 600 estudiantes de entre 15 y 17 a\u00f1os participan en el acto de lanzamiento como muestra inicial, provenientes de 12 centros educativos de las provincias con mayores \u00edndices de siniestralidad vial.<\/p>\n\n\n\n<p>De acuerdo con el Observatorio Permanente de Seguridad Vial (OPSEVI), estas demarcaciones concentran m\u00e1s del 40 % de los accidentes de tr\u00e1nsito del pa\u00eds, siendo Santo Domingo (15 %), San Crist\u00f3bal (9 %), La Altagracia (8 %), La Vega (6 %) y el Distrito Nacional (6 %) las m\u00e1s cr\u00edticas.<\/p>\n\n\n\n<p>El acto se celebr\u00f3 en el Aula Magna de la UASD, encabezado por el director ejecutivo del Intrant, Milton Morrison, junto a autoridades del Ministerio de Educaci\u00f3n, legisladores, patrocinadores y los primeros j\u00f3venes voluntarios del programa.<\/p>\n\n\n<div class=\"wp-block-image\">\n<figure class=\"alignleft size-full is-resized\"><img decoding=\"async\" width=\"900\" height=\"599\" src=\"https:\/\/lasprimeras.com.do\/wp-content\/uploads\/2025\/10\/morrison.jpg\" alt=\"\" class=\"wp-image-111697\" style=\"width:505px;height:auto\" srcset=\"https:\/\/lasprimeras.com.do\/wp-content\/uploads\/2025\/10\/morrison.jpg 900w, https:\/\/lasprimeras.com.do\/wp-content\/uploads\/2025\/10\/morrison-300x200.jpg 300w, https:\/\/lasprimeras.com.do\/wp-content\/uploads\/2025\/10\/morrison-768x511.jpg 768w\" sizes=\"(max-width: 900px) 100vw, 900px\" \/><\/figure>\n<\/div>\n\n\n<p><strong>Durante su intervenci\u00f3n, el director ejecutivo del INTRANT afirm\u00f3:<\/strong><\/p>\n\n\n\n<p>El plan contempla 60 horas de formaci\u00f3n especializada, distribuidas en cuatro fases: charlas te\u00f3ricas sobre seguridad vial y la Ley 63-17; pr\u00e1cticas en el Parque Vial Juan Bosch; observaci\u00f3n y an\u00e1lisis cient\u00edfico del tr\u00e1nsito en las comunidades; y experiencias pr\u00e1cticas de gesti\u00f3n vial bajo supervisi\u00f3n del Intrant, maestros y militares retirados.<\/p>\n\n\n\n<p>Al finalizar, los j\u00f3venes reciben su carnet de aprendizaje de conducir, dando su primer paso hacia una conducci\u00f3n responsable.<\/p>\n\n\n\n<p>El Centro Psicopedag\u00f3gico Ozama, en Santo Domingo Este, fue el primer escenario de aplicaci\u00f3n, donde 28 estudiantes fueron graduados como Guardianes del Tr\u00e1nsito. Dos de ellos, representaron a sus compa\u00f1eros con un discurso y el juramento de compromiso durante el acto.<\/p>\n\n\n\n<p>\u201cGuardianes del Tr\u00e1nsito no es solo un programa, es un movimiento nacional por la vida. Un pa\u00eds que cuida sus calles es un pa\u00eds que cuida a su gente. La meta no son 600 j\u00f3venes, la meta es impactar a 75 mil estudiantes y ciudadanos en educaci\u00f3n vial este a\u00f1o\u201d.<\/p>\n\n\n\n<figure class=\"wp-block-image size-full\"><img decoding=\"async\" width=\"900\" height=\"599\" src=\"https:\/\/lasprimeras.com.do\/wp-content\/uploads\/2025\/10\/uasd.jpg\" alt=\"\" class=\"wp-image-111698\" srcset=\"https:\/\/lasprimeras.com.do\/wp-content\/uploads\/2025\/10\/uasd.jpg 900w, https:\/\/lasprimeras.com.do\/wp-content\/uploads\/2025\/10\/uasd-300x200.jpg 300w, https:\/\/lasprimeras.com.do\/wp-content\/uploads\/2025\/10\/uasd-768x511.jpg 768w\" sizes=\"(max-width: 900px) 100vw, 900px\" \/><\/figure>\n\n\n\n<p><strong>Morrison agreg\u00f3 que esta iniciativa es solo el inicio de una transformaci\u00f3n m\u00e1s amplia:<\/strong><\/p>\n\n\n\n<p>\u201cEstamos convencidos de que la educaci\u00f3n vial es la herramienta m\u00e1s poderosa para salvar vidas. Estos j\u00f3venes ser\u00e1n agentes multiplicadores en sus comunidades y el ejemplo de que s\u00ed es posible construir un tr\u00e1nsito m\u00e1s ordenado, responsable y humano.\u201d<\/p>\n\n\n\n<p>El INTRANT agradeci\u00f3 el respaldo de INABIE, Grupo Rannik, Santo Domingo Motors y Cervecer\u00eda Nacional, y destac\u00f3 que el \u00e9xito de la iniciativa depende de la articulaci\u00f3n entre Estado, sector privado y sociedad civil.<\/p>\n\n\n\n<p>M\u00e1s que un programa acad\u00e9mico, Guardianes del Tr\u00e1nsito busca consolidarse como un movimiento nacional por la vida, que contribuya a reducir los siniestros viales, desarrolle compromiso c\u00edvico y multiplique una cultura de respeto en las calles.<\/p>\n\n\n\n<figure class=\"wp-block-embed is-type-video is-provider-youtube wp-block-embed-youtube wp-embed-aspect-16-9 wp-has-aspect-ratio\"><div class=\"wp-block-embed__wrapper\">\n<iframe title=\"INTRANT lanza voluntariado Guardianes del Tr\u00e1nsito\" width=\"500\" height=\"281\" src=\"https:\/\/www.youtube.com\/embed\/f2LT9JwkhEU?feature=oembed\" frameborder=\"0\" allow=\"accelerometer; autoplay; clipboard-write; encrypted-media; gyroscope; picture-in-picture; web-share\" referrerpolicy=\"strict-origin-when-cross-origin\" allowfullscreen><\/iframe>\n<\/div><\/figure>\n","protected":false},"excerpt":{"rendered":"<p>Unos 600 j\u00f3venes participaron en el lanzamiento como muestra inicial de un programa que contempla 60 horas de formaci\u00f3n, pr\u00e1cticas en campo y el primer carnet de aprendizaje para los&hellip;<\/p>\n","protected":false},"author":10,"featured_media":111696,"comment_status":"open","ping_status":"open","sticky":false,"template":"","format":"standard","meta":{"content-type":"","jetpack_post_was_ever_published":false,"_jetpack_newsletter_access":"","_jetpack_dont_email_post_to_subs":false,"_jetpack_newsletter_tier_id":0,"_jetpack_memberships_contains_paywalled_content":false,"_jetpack_memberships_contains_paid_content":false,"footnotes":""},"categories":[35,25],"tags":[9111,9605,25870,349,2049,10516],"class_list":["post-111695","post","type-post","status-publish","format-standard","has-post-thumbnail","hentry","category-nacionales","category-portada","tag-ciudadania","tag-educacion-vial","tag-guardianes-del-transito","tag-intrant","tag-transito","tag-voluntariado"],"jetpack_featured_media_url":"https:\/\/lasprimeras.com.do\/wp-content\/uploads\/2025\/10\/morrison-1.jpg","jetpack-related-posts":[{"id":105108,"url":"https:\/\/lasprimeras.com.do\/index.php\/2025\/07\/30\/intrant-capacita-a-mas-de-150-mil-ciudadanos-en-seguridad-vial-a-traves-de-enevial\/","url_meta":{"origin":111695,"position":0},"title":"INTRANT capacita a m\u00e1s de 150 mil ciudadanos en seguridad vial a trav\u00e9s de ENEVIAL","author":"Nelson Feliz","date":"30 de julio de 2025","format":false,"excerpt":"El programa formativo impact\u00f3 a conductores, motociclistas, estudiantes e instituciones p\u00fablicas y privadas a nivel nacional. El Instituto Nacional de Tr\u00e1nsito y Transporte Terrestre (INTRANT), a trav\u00e9s de la Escuela Nacional de Educaci\u00f3n Vial (ENEVIAL), impact\u00f3 directamente a 150,498 ciudadanos entre julio de 2024 y junio de 2025, mediante la\u2026","rel":"","context":"En \u00abNACIONALES\u00bb","block_context":{"text":"NACIONALES","link":"https:\/\/lasprimeras.com.do\/index.php\/category\/nacionales\/"},"img":{"alt_text":"","src":"https:\/\/i0.wp.com\/lasprimeras.com.do\/wp-content\/uploads\/2025\/07\/INTRANT-1.jpg?resize=350%2C200&ssl=1","width":350,"height":200,"srcset":"https:\/\/i0.wp.com\/lasprimeras.com.do\/wp-content\/uploads\/2025\/07\/INTRANT-1.jpg?resize=350%2C200&ssl=1 1x, https:\/\/i0.wp.com\/lasprimeras.com.do\/wp-content\/uploads\/2025\/07\/INTRANT-1.jpg?resize=525%2C300&ssl=1 1.5x, https:\/\/i0.wp.com\/lasprimeras.com.do\/wp-content\/uploads\/2025\/07\/INTRANT-1.jpg?resize=700%2C400&ssl=1 2x"},"classes":[]},{"id":101193,"url":"https:\/\/lasprimeras.com.do\/index.php\/2025\/06\/17\/alumnos-de-pedro-brand-presentan-ideas-innovadoras-para-mejorar-el-transito\/","url_meta":{"origin":111695,"position":1},"title":"Alumnos de Pedro Brand presentan ideas innovadoras para mejorar el tr\u00e1nsito","author":"Nelson Feliz","date":"17 de junio de 2025","format":false,"excerpt":"El proyecto \u201cJuventud en Tr\u00e1nsito\u201d demostr\u00f3 que la educaci\u00f3n transforma, con m\u00e1s de mil estudiantes de este municipio dise\u00f1aron soluciones reales para mejorar la movilidad, tras recibir formaci\u00f3n te\u00f3rico-pr\u00e1ctica en seguridad vial. Cruces escolares m\u00e1s seguros, campa\u00f1as comunitarias contra el uso del celular al conducir, propuestas para zonas de reducci\u00f3n\u2026","rel":"","context":"En \u00abNACIONALES\u00bb","block_context":{"text":"NACIONALES","link":"https:\/\/lasprimeras.com.do\/index.php\/category\/nacionales\/"},"img":{"alt_text":"","src":"https:\/\/i0.wp.com\/lasprimeras.com.do\/wp-content\/uploads\/2025\/06\/Estudiantes-y-jovenes-multiplicadores-del-Liceo-Gregorio-Luperon.jpg?resize=350%2C200&ssl=1","width":350,"height":200,"srcset":"https:\/\/i0.wp.com\/lasprimeras.com.do\/wp-content\/uploads\/2025\/06\/Estudiantes-y-jovenes-multiplicadores-del-Liceo-Gregorio-Luperon.jpg?resize=350%2C200&ssl=1 1x, https:\/\/i0.wp.com\/lasprimeras.com.do\/wp-content\/uploads\/2025\/06\/Estudiantes-y-jovenes-multiplicadores-del-Liceo-Gregorio-Luperon.jpg?resize=525%2C300&ssl=1 1.5x, https:\/\/i0.wp.com\/lasprimeras.com.do\/wp-content\/uploads\/2025\/06\/Estudiantes-y-jovenes-multiplicadores-del-Liceo-Gregorio-Luperon.jpg?resize=700%2C400&ssl=1 2x"},"classes":[]},{"id":107363,"url":"https:\/\/lasprimeras.com.do\/index.php\/2025\/08\/26\/intrant-llama-a-transportistas-de-carga-a-circular-por-el-carril-derecho-en-autopistas-y-carreteras\/","url_meta":{"origin":111695,"position":2},"title":"INTRANT llama a transportistas de carga a circular por el carril derecho en autopistas y carreteras","author":"Nelson Feliz","date":"26 de agosto de 2025","format":false,"excerpt":"La medida busca ordenar el tr\u00e1nsito, reducir accidentes y garantizar mayor fluidez en las v\u00edas El Instituto Nacional de Tr\u00e1nsito y Transporte Terrestre (INTRANT) exhort\u00f3 a los conductores de veh\u00edculos de carga a circular de manera obligatoria por el carril derecho en todas las autopistas y carreteras del pa\u00eds, en\u2026","rel":"","context":"En \u00abNACIONALES\u00bb","block_context":{"text":"NACIONALES","link":"https:\/\/lasprimeras.com.do\/index.php\/category\/nacionales\/"},"img":{"alt_text":"","src":"https:\/\/i0.wp.com\/lasprimeras.com.do\/wp-content\/uploads\/2025\/08\/camiones-1.jpg?resize=350%2C200&ssl=1","width":350,"height":200,"srcset":"https:\/\/i0.wp.com\/lasprimeras.com.do\/wp-content\/uploads\/2025\/08\/camiones-1.jpg?resize=350%2C200&ssl=1 1x, https:\/\/i0.wp.com\/lasprimeras.com.do\/wp-content\/uploads\/2025\/08\/camiones-1.jpg?resize=525%2C300&ssl=1 1.5x, https:\/\/i0.wp.com\/lasprimeras.com.do\/wp-content\/uploads\/2025\/08\/camiones-1.jpg?resize=700%2C400&ssl=1 2x"},"classes":[]},{"id":117783,"url":"https:\/\/lasprimeras.com.do\/index.php\/2025\/12\/16\/intrant-y-united-petroleum-remozaran-el-parque-infantil-de-seguridad-vial-en-ciudad-juan-bosch\/","url_meta":{"origin":111695,"position":3},"title":"INTRANT y United Petroleum remozar\u00e1n el Parque Infantil de Seguridad Vial en Ciudad Juan Bosch","author":"Nelson Feliz","date":"16 de diciembre de 2025","format":false,"excerpt":"El Instituto Nacional de Tr\u00e1nsito y Transporte Terrestre (INTRANT), en alianza con el grupo United Petroleum, anunci\u00f3 el relanzamiento del Parque Infantil de Seguridad Vial de Ciudad Juan Bosch, una iniciativa orientada a fortalecer la educaci\u00f3n vial infantil y la prevenci\u00f3n de siniestros de tr\u00e1nsito desde edades tempranas. Este proyecto\u2026","rel":"","context":"En \u00abECONOM\u00cdA\u00bb","block_context":{"text":"ECONOM\u00cdA","link":"https:\/\/lasprimeras.com.do\/index.php\/category\/economia\/"},"img":{"alt_text":"INTRANT","src":"https:\/\/i0.wp.com\/lasprimeras.com.do\/wp-content\/uploads\/2025\/12\/INTRANT-1-1.jpg?resize=350%2C200&ssl=1","width":350,"height":200,"srcset":"https:\/\/i0.wp.com\/lasprimeras.com.do\/wp-content\/uploads\/2025\/12\/INTRANT-1-1.jpg?resize=350%2C200&ssl=1 1x, https:\/\/i0.wp.com\/lasprimeras.com.do\/wp-content\/uploads\/2025\/12\/INTRANT-1-1.jpg?resize=525%2C300&ssl=1 1.5x, https:\/\/i0.wp.com\/lasprimeras.com.do\/wp-content\/uploads\/2025\/12\/INTRANT-1-1.jpg?resize=700%2C400&ssl=1 2x"},"classes":[]},{"id":91176,"url":"https:\/\/lasprimeras.com.do\/index.php\/2024\/11\/11\/presidente-del-senado-pide-apoyar-pacto-nacional-de-seguridad-vial-presentado-por-el-intrant\/","url_meta":{"origin":111695,"position":4},"title":"Presidente del Senado pide apoyar Pacto Nacional de Seguridad Vial presentado por el INTRANT","author":"Nelson Feliz","date":"11 de noviembre de 2024","format":false,"excerpt":"Esta propuesta tambi\u00e9n busca promover la seguridad vial en el sistema educativo p\u00fablico y privado, formar y sensibilizar a toda la comunidad educativa. El presidente del Senado, Ricardo de los Santos, recibi\u00f3 la propuesta del Pacto de Nacional por la Seguridad Vial en la Rep\u00fablica Dominicana, presentada por el director\u2026","rel":"","context":"En \u00abNACIONALES\u00bb","block_context":{"text":"NACIONALES","link":"https:\/\/lasprimeras.com.do\/index.php\/category\/nacionales\/"},"img":{"alt_text":"","src":"https:\/\/i0.wp.com\/lasprimeras.com.do\/wp-content\/uploads\/2024\/11\/senado-5.jpg?resize=350%2C200&ssl=1","width":350,"height":200,"srcset":"https:\/\/i0.wp.com\/lasprimeras.com.do\/wp-content\/uploads\/2024\/11\/senado-5.jpg?resize=350%2C200&ssl=1 1x, https:\/\/i0.wp.com\/lasprimeras.com.do\/wp-content\/uploads\/2024\/11\/senado-5.jpg?resize=525%2C300&ssl=1 1.5x, https:\/\/i0.wp.com\/lasprimeras.com.do\/wp-content\/uploads\/2024\/11\/senado-5.jpg?resize=700%2C400&ssl=1 2x"},"classes":[]},{"id":101646,"url":"https:\/\/lasprimeras.com.do\/index.php\/2025\/06\/24\/digesett-e-intrant-inician-operativo-no-estacione-en-coordinacion-con-parqueate_rd-mopc-y-el-adn\/","url_meta":{"origin":111695,"position":5},"title":"DIGESETT e INTRANT inician operativo \u201cNo Estacione\u201d en coordinaci\u00f3n con Parqueate_RD, MOPC y el ADN","author":"Nelson Feliz","date":"24 de junio de 2025","format":false,"excerpt":"La Direcci\u00f3n General de Seguridad de Tr\u00e1nsito y Transporte Terrestre (DIGESETT), en coordinaci\u00f3n con el Instituto Nacional de Tr\u00e1nsito y Transporte Terrestre (INTRANT), el programa Parqueate_RD, el Ministerio de Obras P\u00fablicas y Comunicaciones (MOPC) y el Ayuntamiento del Distrito Nacional, dio inicio al operativo \u201cNo Estacione\u201d, como parte de las\u2026","rel":"","context":"En \u00abNACIONALES\u00bb","block_context":{"text":"NACIONALES","link":"https:\/\/lasprimeras.com.do\/index.php\/category\/nacionales\/"},"img":{"alt_text":"","src":"https:\/\/i0.wp.com\/lasprimeras.com.do\/wp-content\/uploads\/2025\/06\/op-1.jpg?resize=350%2C200&ssl=1","width":350,"height":200,"srcset":"https:\/\/i0.wp.com\/lasprimeras.com.do\/wp-content\/uploads\/2025\/06\/op-1.jpg?resize=350%2C200&ssl=1 1x, https:\/\/i0.wp.com\/lasprimeras.com.do\/wp-content\/uploads\/2025\/06\/op-1.jpg?resize=525%2C300&ssl=1 1.5x, https:\/\/i0.wp.com\/lasprimeras.com.do\/wp-content\/uploads\/2025\/06\/op-1.jpg?resize=700%2C400&ssl=1 2x"},"classes":[]}],"jetpack_sharing_enabled":true,"_links":{"self":[{"href":"https:\/\/lasprimeras.com.do\/index.php\/wp-json\/wp\/v2\/posts\/111695","targetHints":{"allow":["GET"]}}],"collection":[{"href":"https:\/\/lasprimeras.com.do\/index.php\/wp-json\/wp\/v2\/posts"}],"about":[{"href":"https:\/\/lasprimeras.com.do\/index.php\/wp-json\/wp\/v2\/types\/post"}],"author":[{"embeddable":true,"href":"https:\/\/lasprimeras.com.do\/index.php\/wp-json\/wp\/v2\/users\/10"}],"replies":[{"embeddable":true,"href":"https:\/\/lasprimeras.com.do\/index.php\/wp-json\/wp\/v2\/comments?post=111695"}],"version-history":[{"count":2,"href":"https:\/\/lasprimeras.com.do\/index.php\/wp-json\/wp\/v2\/posts\/111695\/revisions"}],"predecessor-version":[{"id":111700,"href":"https:\/\/lasprimeras.com.do\/index.php\/wp-json\/wp\/v2\/posts\/111695\/revisions\/111700"}],"wp:featuredmedia":[{"embeddable":true,"href":"https:\/\/lasprimeras.com.do\/index.php\/wp-json\/wp\/v2\/media\/111696"}],"wp:attachment":[{"href":"https:\/\/lasprimeras.com.do\/index.php\/wp-json\/wp\/v2\/media?parent=111695"}],"wp:term":[{"taxonomy":"category","embeddable":true,"href":"https:\/\/lasprimeras.com.do\/index.php\/wp-json\/wp\/v2\/categories?post=111695"},{"taxonomy":"post_tag","embeddable":true,"href":"https:\/\/lasprimeras.com.do\/index.php\/wp-json\/wp\/v2\/tags?post=111695"}],"curies":[{"name":"wp","href":"https:\/\/api.w.org\/{rel}","templated":true}]}}