{"id":111701,"date":"2025-10-12T19:10:16","date_gmt":"2025-10-12T23:10:16","guid":{"rendered":"https:\/\/lasprimeras.com.do\/?p=111701"},"modified":"2025-10-12T19:13:15","modified_gmt":"2025-10-12T23:13:15","slug":"abinader-supera-las-20-mil-viviendas-entregadas-en-su-gestion","status":"publish","type":"post","link":"https:\/\/lasprimeras.com.do\/index.php\/2025\/10\/12\/abinader-supera-las-20-mil-viviendas-entregadas-en-su-gestion\/","title":{"rendered":"Abinader supera las 20 mil viviendas entregadas en su gesti\u00f3n"},"content":{"rendered":"\n<p><strong>En esta entrega, m\u00e1s del 65% de las familias beneficiarias est\u00e1n encabezadas por mujeres, y un 46% son j\u00f3venes entre 18 y 35 a\u00f1os<\/strong><\/p>\n\n\n\n<p>El presidente Luis Abinader encabez\u00f3 una nueva entrega de apartamentos en Santo Domingo Este que ahora se suman a las m\u00e1s de 20 mil viviendas entregadas en cinco a\u00f1os de gesti\u00f3n, contribuyendo de manera significativa a la reducci\u00f3n del d\u00e9ficit habitacional en el pa\u00eds.<\/p>\n\n\n\n<p>En esta ocasi\u00f3n, 488 personas se convierten en due\u00f1os de sus apartamentos, ubicados en el Residencial Ciudad Real Ecol\u00f3gica, SDE, mejorando significativamente su calidad de vida.<\/p>\n\n\n\n<p>El ministro de Vivienda y Edificaciones (MIVED), Carlos Bonilla, expres\u00f3 que estos 488 apartamentos \u201cforman parte de un gran proyecto de 2,024 unidades habitacionales\u201d que fueron dise\u00f1adas para ofrecer bienestar, seguridad, estabilidad, oportunidades y esperanza.<\/p>\n\n\n\n<p>Tambi\u00e9n destac\u00f3 que m\u00e1s del 65% de las familias beneficiarias est\u00e1n encabezadas por mujeres, y un 46% son j\u00f3venes entre 18 y 35 a\u00f1os, \u201clo que demuestra que estos planes de vivienda tambi\u00e9n est\u00e1n construyendo futuro para una nueva generaci\u00f3n\u201d.<\/p>\n\n\n\n<p><strong>Suman 1,188 viviendas entregadas de un total de 2,024<\/strong><\/p>\n\n\n\n<p>Al hacer uso de la palabra, el presidente ejecutivo del Banco de Reservas, Leonardo Aguilera, manifest\u00f3 que de las 2,024 unidades que componen este proyecto, el gobierno ya ha cumplido con 1,118, entregando las primeras 700 viviendas en octubre de 2024.<\/p>\n\n\n\n<p>Cada una cuenta con 63 metros cuadrados, tres habitaciones, un ba\u00f1o, sala, comedor, cocina, balc\u00f3n, \u00e1rea de lavado, un parqueo, ciclov\u00eda, glorieta y zonas de juegos para ni\u00f1os. Adem\u00e1s, en las inmediaciones cuentan con centros educativos, carreteras principales, farmacias, supermercados y un centro de diagn\u00f3stico y atenci\u00f3n primaria.<\/p>\n\n\n\n<p>El monto total de inversi\u00f3n asciende a RD$1,202 millones, de los cuales RD$788 millones corresponden a aporte privado y RD$414 millones a subsidio p\u00fablico.<\/p>\n\n\n\n<figure class=\"wp-block-embed is-type-video is-provider-youtube wp-block-embed-youtube wp-embed-aspect-16-9 wp-has-aspect-ratio\"><div class=\"wp-block-embed__wrapper\">\n<iframe title=\"Abinader supera las 20 mil viviendas entregadas en su gesti\u00f3n\" width=\"500\" height=\"281\" src=\"https:\/\/www.youtube.com\/embed\/8mSM_dZratc?feature=oembed\" frameborder=\"0\" allow=\"accelerometer; autoplay; clipboard-write; encrypted-media; gyroscope; picture-in-picture; web-share\" referrerpolicy=\"strict-origin-when-cross-origin\" allowfullscreen><\/iframe>\n<\/div><\/figure>\n","protected":false},"excerpt":{"rendered":"<p>En esta entrega, m\u00e1s del 65% de las familias beneficiarias est\u00e1n encabezadas por mujeres, y un 46% son j\u00f3venes entre 18 y 35 a\u00f1os El presidente Luis Abinader encabez\u00f3 una&hellip;<\/p>\n","protected":false},"author":10,"featured_media":111702,"comment_status":"open","ping_status":"open","sticky":false,"template":"","format":"standard","meta":{"content-type":"","jetpack_post_was_ever_published":false,"_jetpack_newsletter_access":"","_jetpack_dont_email_post_to_subs":false,"_jetpack_newsletter_tier_id":0,"_jetpack_memberships_contains_paywalled_content":false,"_jetpack_memberships_contains_paid_content":false,"footnotes":""},"categories":[39,25],"tags":[25871,67,25872,3283],"class_list":["post-111701","post","type-post","status-publish","format-standard","has-post-thumbnail","hentry","category-economia","category-portada","tag-deficit-habitacional","tag-luis-abinader","tag-residencial-ciudad-real-ecologica","tag-viviendas"],"jetpack_featured_media_url":"https:\/\/lasprimeras.com.do\/wp-content\/uploads\/2025\/10\/luis-abinader-5-1.jpg","jetpack-related-posts":[{"id":111779,"url":"https:\/\/lasprimeras.com.do\/index.php\/2025\/10\/13\/banreservas-financia-488-apartamentos-en-ciudad-real-ecologica-de-santo-domingo-este\/","url_meta":{"origin":111701,"position":0},"title":"Banreservas financia 488 apartamentos en Ciudad Real Ecol\u00f3gica de Santo Domingo Este","author":"Nelson Feliz","date":"13 de octubre de 2025","format":false,"excerpt":"Aguilera puntualiza que la entidad bancaria ha dispuesto apoyo financiero para el levantamiento del proyecto que superan los RD$1,300 millones El Banco de Reservas financi\u00f3 la adquisici\u00f3n de 488 apartamentos del proyecto Ciudad Real Ecol\u00f3gica, en Santo Domingo Este, que construye el Ministerio de Vivienda y Edificaciones (MIVED), a trav\u00e9s\u2026","rel":"","context":"En \u00abECONOM\u00cdA\u00bb","block_context":{"text":"ECONOM\u00cdA","link":"https:\/\/lasprimeras.com.do\/index.php\/category\/economia\/"},"img":{"alt_text":"","src":"https:\/\/i0.wp.com\/lasprimeras.com.do\/wp-content\/uploads\/2025\/10\/aguilera-1.jpg?resize=350%2C200&ssl=1","width":350,"height":200,"srcset":"https:\/\/i0.wp.com\/lasprimeras.com.do\/wp-content\/uploads\/2025\/10\/aguilera-1.jpg?resize=350%2C200&ssl=1 1x, https:\/\/i0.wp.com\/lasprimeras.com.do\/wp-content\/uploads\/2025\/10\/aguilera-1.jpg?resize=525%2C300&ssl=1 1.5x, https:\/\/i0.wp.com\/lasprimeras.com.do\/wp-content\/uploads\/2025\/10\/aguilera-1.jpg?resize=700%2C400&ssl=1 2x"},"classes":[]},{"id":106042,"url":"https:\/\/lasprimeras.com.do\/index.php\/2025\/08\/10\/abinader-entrega-46-apartamentos-en-el-dn-van-mas-de-13-mil-viviendas-en-cinco-anos\/","url_meta":{"origin":111701,"position":1},"title":"Abinader entrega 46 apartamentos en el DN, van m\u00e1s de 13 mil viviendas en cinco a\u00f1os","author":"Nelson Feliz","date":"10 de agosto de 2025","format":false,"excerpt":"M\u00e1s de 50,000 viviendas han sido reconstruidas por el actual gobierno. Presidente inaugura Escuela en la Armada. El Presidente Luis Abinader ha entregado m\u00e1s de 13,000 viviendas en la Rep\u00fablica Dominicana, siendo el gobernante que mas unidades ha aportado, logrando mejorar la calidad de vida de miles de familias. Este\u2026","rel":"","context":"En \u00abECONOM\u00cdA\u00bb","block_context":{"text":"ECONOM\u00cdA","link":"https:\/\/lasprimeras.com.do\/index.php\/category\/economia\/"},"img":{"alt_text":"","src":"https:\/\/i0.wp.com\/lasprimeras.com.do\/wp-content\/uploads\/2025\/08\/LUIS-ABINADER-1.jpg?resize=350%2C200&ssl=1","width":350,"height":200,"srcset":"https:\/\/i0.wp.com\/lasprimeras.com.do\/wp-content\/uploads\/2025\/08\/LUIS-ABINADER-1.jpg?resize=350%2C200&ssl=1 1x, https:\/\/i0.wp.com\/lasprimeras.com.do\/wp-content\/uploads\/2025\/08\/LUIS-ABINADER-1.jpg?resize=525%2C300&ssl=1 1.5x, https:\/\/i0.wp.com\/lasprimeras.com.do\/wp-content\/uploads\/2025\/08\/LUIS-ABINADER-1.jpg?resize=700%2C400&ssl=1 2x"},"classes":[]},{"id":111582,"url":"https:\/\/lasprimeras.com.do\/index.php\/2025\/10\/09\/presidente-abinader-entrega-95-nuevas-viviendas-en-pedro-brand\/","url_meta":{"origin":111701,"position":2},"title":"Presidente Abinader entrega 95 nuevas viviendas en Pedro Brand","author":"Nelson Feliz","date":"9 de octubre de 2025","format":false,"excerpt":"Estos nuevos apartamentos, se suman a las m\u00e1s de 18,000 viviendas entregadas durante la gesti\u00f3n de gobierno del presidente Luis Abinader. El presidente Luis Abinader encabez\u00f3 este jueves la entrega de 95 nuevos apartamentos en el Residencial Pablo Mella Morales II, en Pedro Brand, una acci\u00f3n que beneficia de manera\u2026","rel":"","context":"En \u00abNACIONALES\u00bb","block_context":{"text":"NACIONALES","link":"https:\/\/lasprimeras.com.do\/index.php\/category\/nacionales\/"},"img":{"alt_text":"","src":"https:\/\/i0.wp.com\/lasprimeras.com.do\/wp-content\/uploads\/2025\/10\/Luis-Abinader-3.jpg?resize=350%2C200&ssl=1","width":350,"height":200,"srcset":"https:\/\/i0.wp.com\/lasprimeras.com.do\/wp-content\/uploads\/2025\/10\/Luis-Abinader-3.jpg?resize=350%2C200&ssl=1 1x, https:\/\/i0.wp.com\/lasprimeras.com.do\/wp-content\/uploads\/2025\/10\/Luis-Abinader-3.jpg?resize=525%2C300&ssl=1 1.5x, https:\/\/i0.wp.com\/lasprimeras.com.do\/wp-content\/uploads\/2025\/10\/Luis-Abinader-3.jpg?resize=700%2C400&ssl=1 2x"},"classes":[]},{"id":128071,"url":"https:\/\/lasprimeras.com.do\/index.php\/2026\/04\/19\/banreservas-financia-144-apartamentos-entregados-por-el-presidente-abinader-en-laderas-del-este\/","url_meta":{"origin":111701,"position":3},"title":"Banreservas financia 144 apartamentos entregados por el presidente Abinader en Laderas del Este","author":"Nelson Feliz","date":"19 de abril de 2026","format":false,"excerpt":"El presidente ejecutivo del Banco de Reservas, doctor Leonardo Aguilera, destaca financiamiento superior a RD$330 millones, con tasa fija de 8% a siete a\u00f1os El Banco de Reservas financi\u00f3 la adquisici\u00f3n de 144 apartamentos correspondientes a la primera etapa del Residencial Laderas del Este, en el municipio de Guerra, los\u2026","rel":"","context":"En \u00abECONOM\u00cdA\u00bb","block_context":{"text":"ECONOM\u00cdA","link":"https:\/\/lasprimeras.com.do\/index.php\/category\/economia\/"},"img":{"alt_text":"","src":"https:\/\/i0.wp.com\/lasprimeras.com.do\/wp-content\/uploads\/2026\/04\/Leonardo-Aguilera.jpg?resize=350%2C200&ssl=1","width":350,"height":200,"srcset":"https:\/\/i0.wp.com\/lasprimeras.com.do\/wp-content\/uploads\/2026\/04\/Leonardo-Aguilera.jpg?resize=350%2C200&ssl=1 1x, https:\/\/i0.wp.com\/lasprimeras.com.do\/wp-content\/uploads\/2026\/04\/Leonardo-Aguilera.jpg?resize=525%2C300&ssl=1 1.5x, https:\/\/i0.wp.com\/lasprimeras.com.do\/wp-content\/uploads\/2026\/04\/Leonardo-Aguilera.jpg?resize=700%2C400&ssl=1 2x"},"classes":[]},{"id":119157,"url":"https:\/\/lasprimeras.com.do\/index.php\/2026\/01\/07\/tejada-destaca-gobierno-presidente-abinader-ha-cumplido-con-la-promesa-de-viviendas\/","url_meta":{"origin":111701,"position":4},"title":"Tejada destaca gobierno presidente Abinader ha cumplido con la promesa de viviendas","author":"Nelson Feliz","date":"7 de enero de 2026","format":false,"excerpt":"Teodoro Tejada","rel":"","context":"En \u00abNACIONALES\u00bb","block_context":{"text":"NACIONALES","link":"https:\/\/lasprimeras.com.do\/index.php\/category\/nacionales\/"},"img":{"alt_text":"Teodoro Tejada","src":"https:\/\/i0.wp.com\/lasprimeras.com.do\/wp-content\/uploads\/2026\/01\/Teodoro-Tejada.jpg?resize=350%2C200&ssl=1","width":350,"height":200,"srcset":"https:\/\/i0.wp.com\/lasprimeras.com.do\/wp-content\/uploads\/2026\/01\/Teodoro-Tejada.jpg?resize=350%2C200&ssl=1 1x, https:\/\/i0.wp.com\/lasprimeras.com.do\/wp-content\/uploads\/2026\/01\/Teodoro-Tejada.jpg?resize=525%2C300&ssl=1 1.5x, https:\/\/i0.wp.com\/lasprimeras.com.do\/wp-content\/uploads\/2026\/01\/Teodoro-Tejada.jpg?resize=700%2C400&ssl=1 2x"},"classes":[]},{"id":56164,"url":"https:\/\/lasprimeras.com.do\/index.php\/2023\/07\/28\/gobierno-de-luis-abinader-ha-entregado-1100-apartamentos-en-san-luis-en-sde\/","url_meta":{"origin":111701,"position":5},"title":"Gobierno de Luis Abinader ha entregado 1,100 apartamentos en San Luis, en SDE","author":"Nelson Feliz","date":"28 de julio de 2023","format":false,"excerpt":"Vicepresidenta Raquel Pe\u00f1a dice que trabajar para garantizar de forma efectiva el derecho constitucional de los dominicanos a tener a una vivienda digna es uno de los m\u00e1s grandes retos que ha asumido este Gobierno. La vicepresidenta Raquel Pe\u00f1a encabez\u00f3 este viernes la entrega de 600 nuevos apartamentos del proyecto\u2026","rel":"","context":"En \u00abECONOM\u00cdA\u00bb","block_context":{"text":"ECONOM\u00cdA","link":"https:\/\/lasprimeras.com.do\/index.php\/category\/economia\/"},"img":{"alt_text":"Raquel Pe\u00f1a","src":"https:\/\/i0.wp.com\/lasprimeras.com.do\/wp-content\/uploads\/2023\/07\/Raquel-Pena.jpg?resize=350%2C200&ssl=1","width":350,"height":200,"srcset":"https:\/\/i0.wp.com\/lasprimeras.com.do\/wp-content\/uploads\/2023\/07\/Raquel-Pena.jpg?resize=350%2C200&ssl=1 1x, https:\/\/i0.wp.com\/lasprimeras.com.do\/wp-content\/uploads\/2023\/07\/Raquel-Pena.jpg?resize=525%2C300&ssl=1 1.5x, https:\/\/i0.wp.com\/lasprimeras.com.do\/wp-content\/uploads\/2023\/07\/Raquel-Pena.jpg?resize=700%2C400&ssl=1 2x"},"classes":[]}],"jetpack_sharing_enabled":true,"_links":{"self":[{"href":"https:\/\/lasprimeras.com.do\/index.php\/wp-json\/wp\/v2\/posts\/111701","targetHints":{"allow":["GET"]}}],"collection":[{"href":"https:\/\/lasprimeras.com.do\/index.php\/wp-json\/wp\/v2\/posts"}],"about":[{"href":"https:\/\/lasprimeras.com.do\/index.php\/wp-json\/wp\/v2\/types\/post"}],"author":[{"embeddable":true,"href":"https:\/\/lasprimeras.com.do\/index.php\/wp-json\/wp\/v2\/users\/10"}],"replies":[{"embeddable":true,"href":"https:\/\/lasprimeras.com.do\/index.php\/wp-json\/wp\/v2\/comments?post=111701"}],"version-history":[{"count":2,"href":"https:\/\/lasprimeras.com.do\/index.php\/wp-json\/wp\/v2\/posts\/111701\/revisions"}],"predecessor-version":[{"id":111704,"href":"https:\/\/lasprimeras.com.do\/index.php\/wp-json\/wp\/v2\/posts\/111701\/revisions\/111704"}],"wp:featuredmedia":[{"embeddable":true,"href":"https:\/\/lasprimeras.com.do\/index.php\/wp-json\/wp\/v2\/media\/111702"}],"wp:attachment":[{"href":"https:\/\/lasprimeras.com.do\/index.php\/wp-json\/wp\/v2\/media?parent=111701"}],"wp:term":[{"taxonomy":"category","embeddable":true,"href":"https:\/\/lasprimeras.com.do\/index.php\/wp-json\/wp\/v2\/categories?post=111701"},{"taxonomy":"post_tag","embeddable":true,"href":"https:\/\/lasprimeras.com.do\/index.php\/wp-json\/wp\/v2\/tags?post=111701"}],"curies":[{"name":"wp","href":"https:\/\/api.w.org\/{rel}","templated":true}]}}