{"id":111705,"date":"2025-10-12T19:19:58","date_gmt":"2025-10-12T23:19:58","guid":{"rendered":"https:\/\/lasprimeras.com.do\/?p=111705"},"modified":"2025-10-12T19:19:59","modified_gmt":"2025-10-12T23:19:59","slug":"abel-martinez-este-gobierno-llego-como-el-cambio-y-va-a-salir-como-el-fallo","status":"publish","type":"post","link":"https:\/\/lasprimeras.com.do\/index.php\/2025\/10\/12\/abel-martinez-este-gobierno-llego-como-el-cambio-y-va-a-salir-como-el-fallo\/","title":{"rendered":"Abel Mart\u00ednez: \u201cEste gobierno lleg\u00f3 como \u201cel cambio\u201d y va a salir como \u201cel fallo\u201d"},"content":{"rendered":"\n<p>El miembro del Comit\u00e9 Politico del Partido de la Liberaci\u00f3n Dominicana (PLD), Abel Martinez, lament\u00f3 la dif\u00edcil situaci\u00f3n que enfrenta el pueblo dominicano como consecuencia de las malas ejecutorias de un gobierno ineficaz e indolente que, se visti\u00f3 de cambio y ha resultado un gran fallo, llevando al pa\u00eds por un sendero de retroceso imperdonable.<\/p>\n\n\n\n<p>Mart\u00ednez se\u00f1al\u00f3 que, \u201cel \u201ccambio ha significado un fallo en la educaci\u00f3n, en salud, en seguridad, pero tambi\u00e9n han resultado ser el fallo en el campo y en la econom\u00eda. El actual gobierno no ha sido m\u00e1s que un fallo total contra los pobres, la clase media y los sectores productivos del pa\u00eds\u201d. dijo respondiendo a los periodistas<\/p>\n\n\n\n<p>El dirigente peledeista, quien particip\u00f3 de la asamblea provincial del PLD, asegur\u00f3 que, afortunadamente, \u201cel pueblo dominicano no se rinde y ahora toca levantarse con determinaci\u00f3n, con conciencia y con militancia activa, porque en 2028 vamos a transformar el fallo por el acierto, el desorden por la esperanza, y el enga\u00f1o por resultados reales\u201d.<\/p>\n\n\n\n<p>Abel Martinez afirm\u00f3 que \u201cel PLD est\u00e1 llamado a guiar la transformaci\u00f3n del pais , con experiencia, visi\u00f3n y compromiso con la gente, y lo haremos juntos, trabajando con estrategia, organizaci\u00f3n y pasi\u00f3n por la patria\u201d.<\/p>\n\n\n\n<p>La asamblea provincial se realiz\u00f3 en el local del Club Plaza Valerio en Santiago, la cual estuvo encabezada por el presidente y el secretario general del PLD, Danilo Medina y Johnny Pujols, respectivamente, junto a la dirigencia del partido en esta demarcaci\u00f3n y una representaci\u00f3n del Comit\u00e9 Pol\u00edtico.<\/p>\n","protected":false},"excerpt":{"rendered":"<p>El miembro del Comit\u00e9 Politico del Partido de la Liberaci\u00f3n Dominicana (PLD), Abel Martinez, lament\u00f3 la dif\u00edcil situaci\u00f3n que enfrenta el pueblo dominicano como consecuencia de las malas ejecutorias de&hellip;<\/p>\n","protected":false},"author":10,"featured_media":111706,"comment_status":"open","ping_status":"open","sticky":false,"template":"","format":"standard","meta":{"content-type":"","jetpack_post_was_ever_published":false,"_jetpack_newsletter_access":"","_jetpack_dont_email_post_to_subs":false,"_jetpack_newsletter_tier_id":0,"_jetpack_memberships_contains_paywalled_content":false,"_jetpack_memberships_contains_paid_content":false,"footnotes":""},"categories":[16559,25],"tags":[822,25874,25875,171,25873],"class_list":["post-111705","post","type-post","status-publish","format-standard","has-post-thumbnail","hentry","category-politica","category-portada","tag-abel-martinez","tag-el-cambio","tag-el-fallo","tag-gobierno","tag-va-a-salir"],"jetpack_featured_media_url":"https:\/\/lasprimeras.com.do\/wp-content\/uploads\/2025\/10\/Abel-Martinez-1-1.jpg","jetpack-related-posts":[{"id":104644,"url":"https:\/\/lasprimeras.com.do\/index.php\/2025\/07\/25\/abel-martinez-asegura-que-la-mejor-coyuntura-para-el-regreso-del-pld-al-poder-es-ahora\/","url_meta":{"origin":111705,"position":0},"title":"Abel Mart\u00ednez asegura que la mejor coyuntura para el regreso del PLD al poder es ahora","author":"Nelson Feliz","date":"25 de julio de 2025","format":false,"excerpt":"El miembro del Comit\u00e9 Pol\u00edtico del PLD , Abel Mart\u00ednez, considera que, con el reencuentro en 2028 entre el PLD y el pueblo dominicano, se cerrar\u00e1 el paso de las actuales promesas incumplidas, regresando las soluciones reales a los problemas que enfrenta RD.,\u00abLa historia nos da una nueva oportunidad, y\u2026","rel":"","context":"En \u00abPOLITICA\u00bb","block_context":{"text":"POLITICA","link":"https:\/\/lasprimeras.com.do\/index.php\/category\/politica\/"},"img":{"alt_text":"","src":"https:\/\/i0.wp.com\/lasprimeras.com.do\/wp-content\/uploads\/2024\/09\/ABEL-MARTINEZ.jpg?resize=350%2C200&ssl=1","width":350,"height":200,"srcset":"https:\/\/i0.wp.com\/lasprimeras.com.do\/wp-content\/uploads\/2024\/09\/ABEL-MARTINEZ.jpg?resize=350%2C200&ssl=1 1x, https:\/\/i0.wp.com\/lasprimeras.com.do\/wp-content\/uploads\/2024\/09\/ABEL-MARTINEZ.jpg?resize=525%2C300&ssl=1 1.5x, https:\/\/i0.wp.com\/lasprimeras.com.do\/wp-content\/uploads\/2024\/09\/ABEL-MARTINEZ.jpg?resize=700%2C400&ssl=1 2x"},"classes":[]},{"id":118460,"url":"https:\/\/lasprimeras.com.do\/index.php\/2025\/12\/30\/abel-martinez-llama-al-gobierno-a-intervenir-de-urgencia-ante-crisis-de-agua-que-afecta-a-santiago\/","url_meta":{"origin":111705,"position":1},"title":"Abel Mart\u00ednez llama al Gobierno a intervenir de urgencia ante crisis de agua que afecta a Santiago","author":"Nelson Feliz","date":"30 de diciembre de 2025","format":false,"excerpt":"El exalcalde de Santiago, Abel Mart\u00ednez, hizo un llamado urgente al Gobierno central para que intervenga de manera inmediata y directa ante la grave crisis de agua potable que afecta a amplios sectores de la ciudad, tras el colapso de una tuber\u00eda principal en la zona de Sabana Iglesia. Mart\u00ednez,\u2026","rel":"","context":"En \u00abPOLITICA\u00bb","block_context":{"text":"POLITICA","link":"https:\/\/lasprimeras.com.do\/index.php\/category\/politica\/"},"img":{"alt_text":"Abel Mart\u00ednez","src":"https:\/\/i0.wp.com\/lasprimeras.com.do\/wp-content\/uploads\/2025\/12\/Abel-Martinez-1.jpg?resize=350%2C200&ssl=1","width":350,"height":200,"srcset":"https:\/\/i0.wp.com\/lasprimeras.com.do\/wp-content\/uploads\/2025\/12\/Abel-Martinez-1.jpg?resize=350%2C200&ssl=1 1x, https:\/\/i0.wp.com\/lasprimeras.com.do\/wp-content\/uploads\/2025\/12\/Abel-Martinez-1.jpg?resize=525%2C300&ssl=1 1.5x, https:\/\/i0.wp.com\/lasprimeras.com.do\/wp-content\/uploads\/2025\/12\/Abel-Martinez-1.jpg?resize=700%2C400&ssl=1 2x"},"classes":[]},{"id":111680,"url":"https:\/\/lasprimeras.com.do\/index.php\/2025\/10\/12\/danilo-medina-advierte-que-el-endeudamiento-actual-es-insostenible-para-la-economia-dominicana\/","url_meta":{"origin":111705,"position":2},"title":"Danilo Medina advierte que el endeudamiento actual &#8220;es insostenible para la econom\u00eda dominicana&#8221;","author":"Nelson Feliz","date":"12 de octubre de 2025","format":false,"excerpt":"El expresidente encabez\u00f3 junto a Johnny Pujols una masiva asamblea del PLD en Santiago. El expresidente de la Rep\u00fablica y presidente del Partido de la Liberaci\u00f3n Dominicana (PLD), Danilo Medina, advirti\u00f3 este domingo que el endeudamiento actual \"es insostenible para la econom\u00eda dominicana\", al encabezar junto al secretario general Johnny\u2026","rel":"","context":"En \u00abPOLITICA\u00bb","block_context":{"text":"POLITICA","link":"https:\/\/lasprimeras.com.do\/index.php\/category\/politica\/"},"img":{"alt_text":"","src":"https:\/\/i0.wp.com\/lasprimeras.com.do\/wp-content\/uploads\/2025\/10\/Danilo-Medina-1.jpg?resize=350%2C200&ssl=1","width":350,"height":200,"srcset":"https:\/\/i0.wp.com\/lasprimeras.com.do\/wp-content\/uploads\/2025\/10\/Danilo-Medina-1.jpg?resize=350%2C200&ssl=1 1x, https:\/\/i0.wp.com\/lasprimeras.com.do\/wp-content\/uploads\/2025\/10\/Danilo-Medina-1.jpg?resize=525%2C300&ssl=1 1.5x, https:\/\/i0.wp.com\/lasprimeras.com.do\/wp-content\/uploads\/2025\/10\/Danilo-Medina-1.jpg?resize=700%2C400&ssl=1 2x"},"classes":[]},{"id":116456,"url":"https:\/\/lasprimeras.com.do\/index.php\/2025\/12\/01\/abel-martinez-exige-verdad-y-responsabilidades-por-muerte-de-nina-en-excursion-en-santiago\/","url_meta":{"origin":111705,"position":3},"title":"Abel Mart\u00ednez exige verdad y responsabilidades por muerte de ni\u00f1a en excursi\u00f3n en Santiago","author":"Nelson Feliz","date":"1 de diciembre de 2025","format":false,"excerpt":"Mart\u00ednez afirm\u00f3 que la verdad es indispensable para honrar la memoria de la menor y proteger a otros estudiantes. El dirigente del Partido de la Liberaci\u00f3n Dominicana (PLD), Abel Mart\u00ednez, se pronunci\u00f3 sobre la muerte de la menor Stephora Anne-Mircie Joseph, de 11 a\u00f1os, ocurrida durante una excursi\u00f3n escolar, en\u2026","rel":"","context":"En \u00abPOLITICA\u00bb","block_context":{"text":"POLITICA","link":"https:\/\/lasprimeras.com.do\/index.php\/category\/politica\/"},"img":{"alt_text":"","src":"https:\/\/i0.wp.com\/lasprimeras.com.do\/wp-content\/uploads\/2024\/09\/ABEL-MARTINEZ.jpg?resize=350%2C200&ssl=1","width":350,"height":200,"srcset":"https:\/\/i0.wp.com\/lasprimeras.com.do\/wp-content\/uploads\/2024\/09\/ABEL-MARTINEZ.jpg?resize=350%2C200&ssl=1 1x, https:\/\/i0.wp.com\/lasprimeras.com.do\/wp-content\/uploads\/2024\/09\/ABEL-MARTINEZ.jpg?resize=525%2C300&ssl=1 1.5x, https:\/\/i0.wp.com\/lasprimeras.com.do\/wp-content\/uploads\/2024\/09\/ABEL-MARTINEZ.jpg?resize=700%2C400&ssl=1 2x"},"classes":[]},{"id":103787,"url":"https:\/\/lasprimeras.com.do\/index.php\/2025\/07\/18\/abel-martinez-el-gobierno-esta-legalizando-su-propia-ineficacia-con-fideicomisos\/","url_meta":{"origin":111705,"position":4},"title":"Abel Mart\u00ednez: \u201cEl Gobierno est\u00e1 legalizando su propia ineficacia con fideicomisos\u201d","author":"Nelson Feliz","date":"18 de julio de 2025","format":false,"excerpt":"El miembro del Comit\u00e9 Pol\u00edtico del Partido de la Liberaci\u00f3n Dominicana (PLD) , Abel Mart\u00ednez, cuestion\u00f3 con firmeza la proliferaci\u00f3n de fideicomisos p\u00fablico-privados que, seg\u00fan se\u00f1al\u00f3, se han convertido en \u201cuna v\u00eda sutil pero peligrosa de privatizaci\u00f3n encubierta\u201d y justificaci\u00f3n de la inoperancia del gobierno central. \u201cCada vez que el\u2026","rel":"","context":"En \u00abPOLITICA\u00bb","block_context":{"text":"POLITICA","link":"https:\/\/lasprimeras.com.do\/index.php\/category\/politica\/"},"img":{"alt_text":"","src":"https:\/\/i0.wp.com\/lasprimeras.com.do\/wp-content\/uploads\/2025\/03\/abel-Martinez.jpg?resize=350%2C200&ssl=1","width":350,"height":200},"classes":[]},{"id":111300,"url":"https:\/\/lasprimeras.com.do\/index.php\/2025\/10\/07\/abel-martinez-un-gobierno-no-debe-medir-la-economia-por-porcentajes-sino-por-como-vive-su-gente\/","url_meta":{"origin":111705,"position":5},"title":"Abel Mart\u00ednez: \u201cUn gobierno no debe medir la econom\u00eda por porcentajes, sino por c\u00f3mo vive su gente\u201d","author":"Nelson Feliz","date":"7 de octubre de 2025","format":false,"excerpt":"El miembro del Comit\u00e9 Pol\u00edtico del Partido de la Liberaci\u00f3n Dominicana (PLD), Abel Mart\u00ednez, expres\u00f3 su preocupaci\u00f3n por la desconexi\u00f3n entre los indicadores macroecon\u00f3micos que exhibe el Gobierno y la realidad que vive la mayor\u00eda del pueblo dominicano. Mart\u00ednez afirm\u00f3 que, aunque se hable de estabilidad, crecimiento o reducci\u00f3n de\u2026","rel":"","context":"En \u00abPOLITICA\u00bb","block_context":{"text":"POLITICA","link":"https:\/\/lasprimeras.com.do\/index.php\/category\/politica\/"},"img":{"alt_text":"Abel Mart\u00ednez","src":"https:\/\/i0.wp.com\/lasprimeras.com.do\/wp-content\/uploads\/2025\/10\/Abel-Martinez-1.jpg?resize=350%2C200&ssl=1","width":350,"height":200,"srcset":"https:\/\/i0.wp.com\/lasprimeras.com.do\/wp-content\/uploads\/2025\/10\/Abel-Martinez-1.jpg?resize=350%2C200&ssl=1 1x, https:\/\/i0.wp.com\/lasprimeras.com.do\/wp-content\/uploads\/2025\/10\/Abel-Martinez-1.jpg?resize=525%2C300&ssl=1 1.5x, https:\/\/i0.wp.com\/lasprimeras.com.do\/wp-content\/uploads\/2025\/10\/Abel-Martinez-1.jpg?resize=700%2C400&ssl=1 2x"},"classes":[]}],"jetpack_sharing_enabled":true,"_links":{"self":[{"href":"https:\/\/lasprimeras.com.do\/index.php\/wp-json\/wp\/v2\/posts\/111705","targetHints":{"allow":["GET"]}}],"collection":[{"href":"https:\/\/lasprimeras.com.do\/index.php\/wp-json\/wp\/v2\/posts"}],"about":[{"href":"https:\/\/lasprimeras.com.do\/index.php\/wp-json\/wp\/v2\/types\/post"}],"author":[{"embeddable":true,"href":"https:\/\/lasprimeras.com.do\/index.php\/wp-json\/wp\/v2\/users\/10"}],"replies":[{"embeddable":true,"href":"https:\/\/lasprimeras.com.do\/index.php\/wp-json\/wp\/v2\/comments?post=111705"}],"version-history":[{"count":1,"href":"https:\/\/lasprimeras.com.do\/index.php\/wp-json\/wp\/v2\/posts\/111705\/revisions"}],"predecessor-version":[{"id":111707,"href":"https:\/\/lasprimeras.com.do\/index.php\/wp-json\/wp\/v2\/posts\/111705\/revisions\/111707"}],"wp:featuredmedia":[{"embeddable":true,"href":"https:\/\/lasprimeras.com.do\/index.php\/wp-json\/wp\/v2\/media\/111706"}],"wp:attachment":[{"href":"https:\/\/lasprimeras.com.do\/index.php\/wp-json\/wp\/v2\/media?parent=111705"}],"wp:term":[{"taxonomy":"category","embeddable":true,"href":"https:\/\/lasprimeras.com.do\/index.php\/wp-json\/wp\/v2\/categories?post=111705"},{"taxonomy":"post_tag","embeddable":true,"href":"https:\/\/lasprimeras.com.do\/index.php\/wp-json\/wp\/v2\/tags?post=111705"}],"curies":[{"name":"wp","href":"https:\/\/api.w.org\/{rel}","templated":true}]}}