{"id":111730,"date":"2025-10-13T08:10:56","date_gmt":"2025-10-13T12:10:56","guid":{"rendered":"https:\/\/lasprimeras.com.do\/?p=111730"},"modified":"2025-10-13T08:10:59","modified_gmt":"2025-10-13T12:10:59","slug":"rehenes-vivos-y-prisioneros-palestinos-son-liberados-como-parte-del-alto-el-fuego-en-gaza","status":"publish","type":"post","link":"https:\/\/lasprimeras.com.do\/index.php\/2025\/10\/13\/rehenes-vivos-y-prisioneros-palestinos-son-liberados-como-parte-del-alto-el-fuego-en-gaza\/","title":{"rendered":"Rehenes vivos y prisioneros palestinos son liberados como parte del alto el fuego en Gaza"},"content":{"rendered":"\n<p>POR WAFAA SHURAFA, SAMY MAGDY and MELANIE LIDMAN<\/p>\n\n\n\n<p>DEIR AL-BALAH, Franja de Gaza (AP) \u2014 Ham\u00e1s liber\u00f3 a los 20 rehenes vivos restantes que manten\u00eda en Gaza el lunes, mientras que Israel comenz\u00f3 a liberar a cientos de prisioneros palestinos como parte de un alto el fuego que paus\u00f3 dos a\u00f1os de guerra que devastaron el territorio, mataron a decenas de miles de palestinos y dejaron a muchos cautivos en manos de milicianos.<\/p>\n\n\n\n<p>Los 20 rehenes, todos hombres, llegaron de regreso a Israel, donde se reunir\u00e1n con sus familias y se someter\u00e1n a chequeos m\u00e9dicos. Se espera que los cuerpos de los 28 rehenes muertos restantes tambi\u00e9n sean entregados como parte del acuerdo, aunque el momento exacto sigue siendo incierto.<\/p>\n\n\n\n<p>Varios autobuses con decenas de prisioneros palestinos liberados llegaron a la ciudad cisjordana de Ramala y a la Franja de Gaza, mientras Israel comenzaba a liberar a m\u00e1s de 1.900 prisioneros y detenidos como parte del acuerdo de alto el fuego.<\/p>\n\n\n\n<p>Multitudes entusiastas recibieron a los autobuses que llegaban a Ramala desde la prisi\u00f3n de Ofer, en la Cisjordania ocupada por Israel. Al menos un autob\u00fas tambi\u00e9n cruz\u00f3 hacia la Franja de Gaza, indic\u00f3 la Oficina de Prisioneros manejada por Ham\u00e1s.<\/p>\n\n\n\n<p>Aunque quedan grandes interrogantes sobre el futuro de Ham\u00e1s y Gaza, el intercambio de rehenes y prisioneros elev\u00f3 las esperanzas de poner fin a la guerra m\u00e1s mort\u00edfera entre Israel y el grupo armado.<\/p>\n\n\n\n<p>Se espera que el alto el fuego tambi\u00e9n venga acompa\u00f1ado de un aumento de la ayuda humanitaria en Gaza, donde algunas zonas est\u00e1n sumidas en la hambruna.<\/p>\n\n\n\n<p>El presidente de Estados Unidos, Donald Trump, lleg\u00f3 a la regi\u00f3n, donde planea discutir el acuerdo propuesto por Estados Unidos y los planes de posguerra con otros l\u00edderes.<\/p>\n\n\n\n<p>La guerra comenz\u00f3 cuando milicianos liderados por Ham\u00e1s lanzaron un ataque sorpresa en el sur de Israel el 7 de octubre de 2023, en el que murieron unas 1.200 personas, en su mayor\u00eda civiles, y 251 fueron tomadas como rehenes.<\/p>\n\n\n\n<p>En la ofensiva subsiguiente de Israel, m\u00e1s de 67.000 palestinos han sido asesinados, seg\u00fan el Ministerio de Salud de Gaza, que no diferencia entre civiles y combatientes, pero dice que alrededor de la mitad de los muertos eran mujeres y ni\u00f1os.<\/p>\n\n\n\n<p>El ministerio es parte del gobierno dirigido por Ham\u00e1s, y la ONU y muchos expertos independientes consideran que sus cifras son la estimaci\u00f3n m\u00e1s confiable de las bajas en tiempos de guerra.<\/p>\n\n\n\n<p>El n\u00famero de muertos crecer\u00e1 a medida que se saquen cuerpos de los escombros antes inaccesibles por los combates.<\/p>\n\n\n\n<p>La guerra ha destruido grandes extensiones de Gaza y ha desplazado a alrededor del 90% de sus dos millones de residentes. Tambi\u00e9n ha desencadenado otros conflictos en la regi\u00f3n, ha provocado protestas en todo el mundo y ha llevado a acusaciones de genocidio que Israel niega.<\/p>\n\n\n\n<p>\u201cGran parte de Gaza es un p\u00e1ramo\u201d, dijo el jefe humanitario de la ONU, Tom Fletcher, a la AP el domingo.<\/p>\n\n\n\n<p>Rehenes liberados<\/p>\n\n\n\n<p>En Tel Aviv, familias y amigos de los rehenes que se reunieron en una plaza estallaron en v\u00edtores cuando los canales de televisi\u00f3n israel\u00edes anunciaron que el primer grupo de rehenes estaba en manos de Cruz Roja. Decenas de miles de israel\u00edes siguieron los traslados en retransmisiones p\u00fablicas en todo el pa\u00eds.<\/p>\n\n\n\n<p>Israel public\u00f3 las primeras fotos de los rehenes liberados, una de las cuales mostraba a los gemelos de 28 a\u00f1os Gali y Ziv Berman abraz\u00e1ndose al reunirse. Rehenes liberados antes hab\u00edan dicho que los gemelos de Kfar Aza fueron retenidos por separado.<\/p>\n\n\n\n<p>Las fotos de los primeros siete rehenes liberados el lunes los mostraban p\u00e1lidos pero menos demacrados que algunos de los rehenes liberados en enero.<\/p>\n\n\n\n<p>Mientras tanto, los palestinos esperaban la liberaci\u00f3n de cientos de prisioneros retenidos por Israel.<\/p>\n\n\n\n<p>Un veh\u00edculo blindado con una bandera israel\u00ed dispar\u00f3 gases lacrim\u00f3genos y balas de goma a una multitud. Mientras los drones zumbaban sobre sus cabezas, el grupo se dispers\u00f3.<\/p>\n\n\n\n<p>El gas lacrim\u00f3geno sigui\u00f3 a la circulaci\u00f3n de un documento advirtiendo que cualquiera que apoyara lo que llamaba \u201corganizaciones terroristas\u201d corr\u00eda el riesgo de ser arrestado.<\/p>\n\n\n\n<p>El ej\u00e9rcito israel\u00ed no respondi\u00f3 a preguntas sobre el panfleto, que The Associated Press obtuvo en el lugar.<\/p>\n\n\n\n<p>Los prisioneros programados para ser liberados incluyen a 250 personas que cumplen cadenas perpetuas por condenas en ataques contra israel\u00edes, adem\u00e1s de 1.700 capturados en Gaza durante la guerra y retenidos sin cargos. Ser\u00e1n devueltos a Cisjordania o Gaza o enviados al exilio.<\/p>\n\n\n\n<p>Un cap\u00edtulo doloroso<\/p>\n\n\n\n<p>El regreso de los rehenes cierra un cap\u00edtulo doloroso para Israel. Desde que fueron capturados en el ataque que desencaden\u00f3 la guerra, los noticieros han marcado sus d\u00edas en cautiverio y los israel\u00edes han llevado pines y cintas amarillas en solidaridad.<\/p>\n\n\n\n<p>Decenas de miles se han unido a sus familias en manifestaciones semanales pidiendo su liberaci\u00f3n.<\/p>\n\n\n\n<p>A medida que la guerra se prolongaba, los manifestantes acusaron al primer ministro israel\u00ed, Benjamin Netanyahu, de demorarse por motivos pol\u00edticos, incluso cuando \u00e9l acusaba a Ham\u00e1s de intransigencia.<\/p>\n\n\n\n<p>La semana pasada, bajo fuerte presi\u00f3n internacional y creciente aislamiento para Israel, los enemigos ac\u00e9rrimos acordaron el alto el fuego.<\/p>\n\n\n\n<p>Es poco probable que los restos de hasta 28 otros rehenes sean devueltos al mismo tiempo. Un grupo de trabajo internacional trabajar\u00e1 para localizar a los rehenes fallecidos que no sean devueltos dentro de las 72 horas, dijo Gal Hirsch, coordinador de Israel para los rehenes y los desaparecidos.<\/p>\n\n\n\n<p>Trump en Israel y Egipto<\/p>\n\n\n\n<p>Trump lleg\u00f3 el lunes a Israel, donde iba a hablar en el Kn\u00e9set, el parlamento israel\u00ed. El vicepresidente, JD Vance, dijo que Trump probablemente se reunir\u00e1 con los rehenes reci\u00e9n liberados.<\/p>\n\n\n\n<p>\u201cLa guerra ha terminado\u201d, afirm\u00f3 Trump a los periodistas al partir, aunque su acuerdo de alto el fuego deja muchas preguntas sin respuesta sobre el futuro de Ham\u00e1s y Gaza.<\/p>\n\n\n\n<p>En un discurso al parlamento, Netanyahu asegur\u00f3 el lunes que estaba \u201ccomprometido con esta paz\u201d.<\/p>\n\n\n\n<p>\u201cHoy, el calendario jud\u00edo indica el final de dos a\u00f1os de guerra\u201d, afirm\u00f3.<\/p>\n\n\n\n<p>Entre las cuestiones m\u00e1s espinosas a resolver est\u00e1 la insistencia de Israel en que un debilitado Ham\u00e1s se desarme. Ham\u00e1s se niega a desarmarse y quiere asegurarse de que Israel retire completamente sus tropas de Gaza.<\/p>\n\n\n\n<p>Hasta ahora, el ej\u00e9rcito israel\u00ed se ha retirado de gran parte de la ciudad de Gaza, la ciudad sure\u00f1a de Jan Yunis y otras \u00e1reas. Las tropas permanecen en la mayor parte de la ciudad sure\u00f1a de Rafah, en las ciudades del extremo norte de Gaza y en la amplia franja a lo largo de la frontera de Gaza con Israel.<\/p>\n\n\n\n<p>El futuro gobierno de Gaza tambi\u00e9n sigue sin estar claro. Seg\u00fan el plan de Estados Unidos, un organismo internacional gobernar\u00e1 el territorio, supervisando a los tecn\u00f3cratas palestinos que gestionan los asuntos cotidianos. Ham\u00e1s ha dicho que el gobierno de Gaza debe ser resuelto entre los palestinos.<\/p>\n\n\n\n<p>M\u00e1s tarde el lunes, Trump se dirigir\u00e1 a Egipto, donde \u00e9l y el presidente egipcio, Abdul Fat\u00e1 el Sisi, liderar\u00e1n una cumbre con l\u00edderes de m\u00e1s de 20 pa\u00edses sobre el futuro de Gaza y el Medio Oriente en general.<\/p>\n\n\n\n<p>Mahmoud Abbas, l\u00edder de la Autoridad Palestina reconocida internacionalmente, asistir\u00e1, seg\u00fan un juez y asesor de Abbas, Mahmoud al-Habbash.<\/p>\n\n\n\n<p>La presidencia egipcia dijo que Netanyahu asistir\u00eda tambi\u00e9n, pero la oficina del l\u00edder israel\u00ed luego dijo que no lo har\u00eda debido a una festividad jud\u00eda.<\/p>\n\n\n\n<p>El plan prev\u00e9 un papel futuro para la Autoridad Palestina, algo a lo que Netanyahu se ha opuesto durante mucho tiempo. Pero requiere que la autoridad, que administra partes de Cisjordania, se someta a un programa de reformas exhaustivas que podr\u00eda llevar a\u00f1os.<\/p>\n\n\n\n<p>El plan tambi\u00e9n prev\u00e9 una fuerza de seguridad internacional liderada por \u00e1rabes en Gaza, junto con polic\u00edas palestinos entrenados por Egipto y Jordania. Dijo que las fuerzas israel\u00edes abandonar\u00edan las \u00e1reas a medida que esas fuerzas se desplieguen.<\/p>\n\n\n\n<p>Alrededor de 200 tropas estadounidenses est\u00e1n ahora en Israel para monitorear el alto el fuego.<\/p>\n\n\n\n<p>El plan tambi\u00e9n menciona la posibilidad de un futuro Estado palestino, otra l\u00ednea roja para Netanyahu.<\/p>\n","protected":false},"excerpt":{"rendered":"<p>POR WAFAA SHURAFA, SAMY MAGDY and MELANIE LIDMAN DEIR AL-BALAH, Franja de Gaza (AP) \u2014 Ham\u00e1s liber\u00f3 a los 20 rehenes vivos restantes que manten\u00eda en Gaza el lunes, mientras&hellip;<\/p>\n","protected":false},"author":10,"featured_media":111731,"comment_status":"open","ping_status":"open","sticky":false,"template":"","format":"standard","meta":{"content-type":"","jetpack_post_was_ever_published":false,"_jetpack_newsletter_access":"","_jetpack_dont_email_post_to_subs":false,"_jetpack_newsletter_tier_id":0,"_jetpack_memberships_contains_paywalled_content":false,"_jetpack_memberships_contains_paid_content":false,"footnotes":""},"categories":[16289],"tags":[9062,8295,4406,8293,5320,25883],"class_list":["post-111730","post","type-post","status-publish","format-standard","has-post-thumbnail","hentry","category-internacionales","tag-alto-el-fuego","tag-gaza","tag-liberados","tag-palestinos","tag-prisioneros","tag-rehenes-vivos"],"jetpack_featured_media_url":"https:\/\/lasprimeras.com.do\/wp-content\/uploads\/2025\/10\/rehenes-1.jpg","jetpack-related-posts":[{"id":94830,"url":"https:\/\/lasprimeras.com.do\/index.php\/2025\/03\/06\/hamas-ignora-la-amenaza-de-trump-y-dice-que-solo-liberara-rehenes-a-cambio-de-una-tregua-duradera\/","url_meta":{"origin":111730,"position":0},"title":"Ham\u00e1s ignora la amenaza de Trump y dice que solo liberar\u00e1 rehenes a cambio de una tregua duradera","author":"Nelson Feliz","date":"6 de marzo de 2025","format":false,"excerpt":"POR SAMY MAGDY EL CAIRO (AP) \u2014 El grupo miliciano Ham\u00e1s desestim\u00f3 el jueves la \u00faltima amenaza del presidente de Estados Unidos, Donald Trump, y reiter\u00f3 que solo liberar\u00e1 a los rehenes israel\u00edes que quedan a cambio de un alto el fuego duradero en la Franja de Gaza. Ham\u00e1s acus\u00f3\u2026","rel":"","context":"En \u00abINTERNACIONALES\u00bb","block_context":{"text":"INTERNACIONALES","link":"https:\/\/lasprimeras.com.do\/index.php\/category\/sin-categoria\/internacionales\/"},"img":{"alt_text":"","src":"https:\/\/i0.wp.com\/lasprimeras.com.do\/wp-content\/uploads\/2025\/03\/grupo-miliciano-Hamas.png?resize=350%2C200&ssl=1","width":350,"height":200,"srcset":"https:\/\/i0.wp.com\/lasprimeras.com.do\/wp-content\/uploads\/2025\/03\/grupo-miliciano-Hamas.png?resize=350%2C200&ssl=1 1x, https:\/\/i0.wp.com\/lasprimeras.com.do\/wp-content\/uploads\/2025\/03\/grupo-miliciano-Hamas.png?resize=525%2C300&ssl=1 1.5x, https:\/\/i0.wp.com\/lasprimeras.com.do\/wp-content\/uploads\/2025\/03\/grupo-miliciano-Hamas.png?resize=700%2C400&ssl=1 2x"},"classes":[]},{"id":92792,"url":"https:\/\/lasprimeras.com.do\/index.php\/2025\/01\/15\/trump-anuncia-el-pronto-intercambio-de-rehenes-entre-israel-y-hamas\/","url_meta":{"origin":111730,"position":1},"title":"Trump anuncia el pronto intercambio de rehenes entre Israel y Ham\u00e1s","author":"Nelson Feliz","date":"15 de enero de 2025","format":false,"excerpt":"\"Tenemos un acuerdo sobre los rehenes en Oriente Medio. Ser\u00e1n liberados en breve\", escribi\u00f3 el presidente electo de EE.UU. en sus redes sociales. El presidente electo de EE.UU., Donald Trump, ha anunciado el pronto intercambio de rehenes entre Israel y Ham\u00e1s. \"Tenemos un acuerdo sobre los rehenes en Oriente Medio.\u2026","rel":"","context":"En \u00abINTERNACIONALES\u00bb","block_context":{"text":"INTERNACIONALES","link":"https:\/\/lasprimeras.com.do\/index.php\/category\/sin-categoria\/internacionales\/"},"img":{"alt_text":"","src":"https:\/\/i0.wp.com\/lasprimeras.com.do\/wp-content\/uploads\/2025\/01\/Donald-Trump.jpg?resize=350%2C200&ssl=1","width":350,"height":200,"srcset":"https:\/\/i0.wp.com\/lasprimeras.com.do\/wp-content\/uploads\/2025\/01\/Donald-Trump.jpg?resize=350%2C200&ssl=1 1x, https:\/\/i0.wp.com\/lasprimeras.com.do\/wp-content\/uploads\/2025\/01\/Donald-Trump.jpg?resize=525%2C300&ssl=1 1.5x, https:\/\/i0.wp.com\/lasprimeras.com.do\/wp-content\/uploads\/2025\/01\/Donald-Trump.jpg?resize=700%2C400&ssl=1 2x"},"classes":[]},{"id":93135,"url":"https:\/\/lasprimeras.com.do\/index.php\/2025\/01\/26\/un-muerto-por-fuego-israeli-disputa-sobre-cese-el-fuego-impide-a-palestinos-ir-al-norte-de-gaza\/","url_meta":{"origin":111730,"position":2},"title":"Un muerto por fuego israel\u00ed, disputa sobre cese el fuego impide a palestinos ir al norte de Gaza","author":"Nelson Feliz","date":"26 de enero de 2025","format":false,"excerpt":"POR WAFAA SHURAFA, SAMY MAGDY and JOSEPH KRAUSS DEIR AL-BALAH, Franja de Gaza (AP) \u2014 Israel impidi\u00f3 el domingo que miles de palestinos regresaran a sus casas en el norte de la Franja de Gaza, mientras acusaba a Ham\u00e1s de incumplir un fr\u00e1gil cese el fuego cambiando el orden de\u2026","rel":"","context":"En \u00abINTERNACIONALES\u00bb","block_context":{"text":"INTERNACIONALES","link":"https:\/\/lasprimeras.com.do\/index.php\/category\/sin-categoria\/internacionales\/"},"img":{"alt_text":"","src":"https:\/\/i0.wp.com\/lasprimeras.com.do\/wp-content\/uploads\/2025\/01\/FUEGO-1.jpg?resize=350%2C200&ssl=1","width":350,"height":200,"srcset":"https:\/\/i0.wp.com\/lasprimeras.com.do\/wp-content\/uploads\/2025\/01\/FUEGO-1.jpg?resize=350%2C200&ssl=1 1x, https:\/\/i0.wp.com\/lasprimeras.com.do\/wp-content\/uploads\/2025\/01\/FUEGO-1.jpg?resize=525%2C300&ssl=1 1.5x, https:\/\/i0.wp.com\/lasprimeras.com.do\/wp-content\/uploads\/2025\/01\/FUEGO-1.jpg?resize=700%2C400&ssl=1 2x"},"classes":[]},{"id":92866,"url":"https:\/\/lasprimeras.com.do\/index.php\/2025\/01\/18\/cese-del-fuego-entre-israel-y-hamas-entrara-en-vigor-el-domingo-por-la-manana-segun-funcionarios\/","url_meta":{"origin":111730,"position":3},"title":"Cese del fuego entre Israel y Ham\u00e1s entrar\u00e1 en vigor el domingo por la ma\u00f1ana, seg\u00fan funcionarios","author":"Nelson Feliz","date":"18 de enero de 2025","format":false,"excerpt":"POR SAMY MAGDY, SAM MEDNICK and MELANIE LIDMAN EL CAIRO (AP) \u2014 El cese del fuego entre Ham\u00e1s e Israel entrar\u00e1 en vigor el domingo a las 8:30 de la ma\u00f1ana, hora local (0630 GMT), anunci\u00f3 el s\u00e1bado el mediador Qatar Al tiempo que las familias de los rehenes retenidos\u2026","rel":"","context":"En \u00abINTERNACIONALES\u00bb","block_context":{"text":"INTERNACIONALES","link":"https:\/\/lasprimeras.com.do\/index.php\/category\/sin-categoria\/internacionales\/"},"img":{"alt_text":"","src":"https:\/\/i0.wp.com\/lasprimeras.com.do\/wp-content\/uploads\/2025\/01\/fuego.jpg?resize=350%2C200&ssl=1","width":350,"height":200,"srcset":"https:\/\/i0.wp.com\/lasprimeras.com.do\/wp-content\/uploads\/2025\/01\/fuego.jpg?resize=350%2C200&ssl=1 1x, https:\/\/i0.wp.com\/lasprimeras.com.do\/wp-content\/uploads\/2025\/01\/fuego.jpg?resize=525%2C300&ssl=1 1.5x, https:\/\/i0.wp.com\/lasprimeras.com.do\/wp-content\/uploads\/2025\/01\/fuego.jpg?resize=700%2C400&ssl=1 2x"},"classes":[]},{"id":68746,"url":"https:\/\/lasprimeras.com.do\/index.php\/2023\/11\/27\/qatar-anuncia-que-el-alto-el-fuego-entre-israel-y-hamas-se-prorroga-dos-dias-mas\/","url_meta":{"origin":111730,"position":4},"title":"Qatar anuncia que el alto el fuego entre Israel y Ham\u00e1s se prorroga dos d\u00edas m\u00e1s","author":"Nelson Feliz","date":"27 de noviembre de 2023","format":false,"excerpt":"Andrea L\u00f3pez-Tom\u00e0s Jerusal\u00e9n.-.Familias palestinas e israel\u00eds a ambos lados de la L\u00ednea Verde disfrutan del ansiado reencuentro con sus seres queridos, con sus mujeres y ni\u00f1os tras una tercera jornada exitosa de intercambio de secuestrados. Este lunes, la Franja de Gaza amanec\u00eda con el temor de que este fuera su\u2026","rel":"","context":"En \u00abSin categor\u00eda\u00bb","block_context":{"text":"Sin categor\u00eda","link":"https:\/\/lasprimeras.com.do\/index.php\/category\/sin-categoria\/"},"img":{"alt_text":"Palestinos","src":"https:\/\/i0.wp.com\/lasprimeras.com.do\/wp-content\/uploads\/2023\/11\/Palestinos-2.jpg?resize=350%2C200&ssl=1","width":350,"height":200,"srcset":"https:\/\/i0.wp.com\/lasprimeras.com.do\/wp-content\/uploads\/2023\/11\/Palestinos-2.jpg?resize=350%2C200&ssl=1 1x, https:\/\/i0.wp.com\/lasprimeras.com.do\/wp-content\/uploads\/2023\/11\/Palestinos-2.jpg?resize=525%2C300&ssl=1 1.5x"},"classes":[]},{"id":92926,"url":"https:\/\/lasprimeras.com.do\/index.php\/2025\/01\/19\/comienza-alto-al-fuego-en-gaza-tras-mas-de-quince-meses-de-guerra\/","url_meta":{"origin":111730,"position":5},"title":"Comienza alto al fuego en Gaza tras m\u00e1s de quince meses de guerra","author":"Nelson Feliz","date":"19 de enero de 2025","format":false,"excerpt":"La tregua empez\u00f3 casi tres horas despu\u00e9s de lo acordado porque Ham\u00e1s comunic\u00f3 con retraso la lista de rehenes que preve\u00eda liberar este domingo. Gaza, AFP.-. Miles de palestinos se echaron a la carretera este domingo para regresar a sus casas en la Franja de Gaza, donde entr\u00f3 en vigor\u2026","rel":"","context":"En \u00abINTERNACIONALES\u00bb","block_context":{"text":"INTERNACIONALES","link":"https:\/\/lasprimeras.com.do\/index.php\/category\/sin-categoria\/internacionales\/"},"img":{"alt_text":"","src":"https:\/\/i0.wp.com\/lasprimeras.com.do\/wp-content\/uploads\/2025\/01\/GUERRA.jpeg?resize=350%2C200&ssl=1","width":350,"height":200,"srcset":"https:\/\/i0.wp.com\/lasprimeras.com.do\/wp-content\/uploads\/2025\/01\/GUERRA.jpeg?resize=350%2C200&ssl=1 1x, https:\/\/i0.wp.com\/lasprimeras.com.do\/wp-content\/uploads\/2025\/01\/GUERRA.jpeg?resize=525%2C300&ssl=1 1.5x, https:\/\/i0.wp.com\/lasprimeras.com.do\/wp-content\/uploads\/2025\/01\/GUERRA.jpeg?resize=700%2C400&ssl=1 2x"},"classes":[]}],"jetpack_sharing_enabled":true,"_links":{"self":[{"href":"https:\/\/lasprimeras.com.do\/index.php\/wp-json\/wp\/v2\/posts\/111730","targetHints":{"allow":["GET"]}}],"collection":[{"href":"https:\/\/lasprimeras.com.do\/index.php\/wp-json\/wp\/v2\/posts"}],"about":[{"href":"https:\/\/lasprimeras.com.do\/index.php\/wp-json\/wp\/v2\/types\/post"}],"author":[{"embeddable":true,"href":"https:\/\/lasprimeras.com.do\/index.php\/wp-json\/wp\/v2\/users\/10"}],"replies":[{"embeddable":true,"href":"https:\/\/lasprimeras.com.do\/index.php\/wp-json\/wp\/v2\/comments?post=111730"}],"version-history":[{"count":1,"href":"https:\/\/lasprimeras.com.do\/index.php\/wp-json\/wp\/v2\/posts\/111730\/revisions"}],"predecessor-version":[{"id":111732,"href":"https:\/\/lasprimeras.com.do\/index.php\/wp-json\/wp\/v2\/posts\/111730\/revisions\/111732"}],"wp:featuredmedia":[{"embeddable":true,"href":"https:\/\/lasprimeras.com.do\/index.php\/wp-json\/wp\/v2\/media\/111731"}],"wp:attachment":[{"href":"https:\/\/lasprimeras.com.do\/index.php\/wp-json\/wp\/v2\/media?parent=111730"}],"wp:term":[{"taxonomy":"category","embeddable":true,"href":"https:\/\/lasprimeras.com.do\/index.php\/wp-json\/wp\/v2\/categories?post=111730"},{"taxonomy":"post_tag","embeddable":true,"href":"https:\/\/lasprimeras.com.do\/index.php\/wp-json\/wp\/v2\/tags?post=111730"}],"curies":[{"name":"wp","href":"https:\/\/api.w.org\/{rel}","templated":true}]}}