{"id":111733,"date":"2025-10-13T08:22:29","date_gmt":"2025-10-13T12:22:29","guid":{"rendered":"https:\/\/lasprimeras.com.do\/?p=111733"},"modified":"2025-10-13T08:22:30","modified_gmt":"2025-10-13T12:22:30","slug":"lideres-mundiales-se-reunen-en-egipto-para-respaldar-el-acuerdo-de-alto-el-fuego-en-gaza","status":"publish","type":"post","link":"https:\/\/lasprimeras.com.do\/index.php\/2025\/10\/13\/lideres-mundiales-se-reunen-en-egipto-para-respaldar-el-acuerdo-de-alto-el-fuego-en-gaza\/","title":{"rendered":"L\u00edderes mundiales se re\u00fanen en Egipto para respaldar el acuerdo de alto el fuego en Gaza"},"content":{"rendered":"\n<p>POR FAY ABULGASIM and SARAH EL DEEB<\/p>\n\n\n\n<p>SHARM EL SHEIJ, Egipto (AP) \u2014 Los presidentes de Estados Unidos y Egipto copresid\u00edan el lunes una reuni\u00f3n de l\u00edderes mundiales denominada \u201cCumbre por la Paz\u201d para apoyar el fin de la guerra de m\u00e1s de dos a\u00f1os entre Israel y Ham\u00e1s en Gaza, tras un acuerdo de alto el fuego.<\/p>\n\n\n\n<p>Israel y Ham\u00e1s no tienen contactos directos y no se esperaba que asistieran a la cumbre del lunes. La oficina del primer ministro israel\u00ed dijo que Benjamin Netanyahu no viajar\u00e1 al lugar debido a una festividad jud\u00eda.<\/p>\n\n\n\n<p>Israel ha rechazado cualquier papel en Gaza para la Autoridad Palestina respaldada internacionalmente, cuyo l\u00edder, Mahmoud Abbas, lleg\u00f3 el lunes por la tarde al complejo tur\u00edstico egipcio del mar Rojo en Sharm el Sheij antes de la reuni\u00f3n.<\/p>\n\n\n\n<p>La cumbre se produc\u00eda despu\u00e9s de que Ham\u00e1s liberase a 20 rehenes israel\u00edes vivos restantes e Israel comenzara a liberar a cientos de palestinos de sus prisiones, pasos cruciales despu\u00e9s de que comenzara un alto el fuego el viernes.<\/p>\n\n\n\n<p>Pero quedan grandes preguntas sin respuesta sobre lo que suceder\u00e1 a continuaci\u00f3n, aumentando el riesgo de volver a la guerra, incluso cuando el mundo impulsa la paz.<\/p>\n\n\n\n<p>Una nueva p\u00e1gina<\/p>\n\n\n\n<p>La oficina del presidente egipcio, Abdul Fat\u00e1 el Sisi, dijo que la cumbre aspira a \u201cponer fin a la guerra\u201d en Gaza e \u201cinaugurar una nueva p\u00e1gina de paz y estabilidad regional\u201d en l\u00ednea con la visi\u00f3n del presidente de Estados Unidos, Donald Trump.<\/p>\n\n\n\n<p>Las dos partes se vieron presionadas por Estados Unidos, pa\u00edses \u00e1rabes y Turqu\u00eda para acordar la primera fase del alto el fuego negociado en Qatar.<\/p>\n\n\n\n<p>En marzo, Egipto propuso un plan posguerra para Gaza que permitir\u00eda a sus 2,3 millones de personas permanecer all\u00ed. En ese momento, era una contrapropuesta a un plan de Trump para despoblar el territorio.<\/p>\n\n\n\n<p>Los dos l\u00edderes copresidiendo la cumbre internacional se\u00f1alan que est\u00e1n trabajando juntos en un camino a seguir.<\/p>\n\n\n\n<p>Antes de la reuni\u00f3n, el ministro de egipcio de Exteriores dijo que tambi\u00e9n era crucial que Israel y Ham\u00e1s implementaran completamente la primera fase del acuerdo para que las partes, con respaldo internacional, puedan comenzar negociaciones sobre la segunda fase.<\/p>\n\n\n\n<p>El \u00e9xito de la visi\u00f3n de Trump para la paz en Oriente Medio es su compromiso continuo con el proceso, incluida la aplicaci\u00f3n de presi\u00f3n sobre las partes, el compromiso e \u201cincluso el despliegue sobre el terreno\u201d con fuerzas internacionales que se espera lleven a cabo tareas de mantenimiento de la paz en la pr\u00f3xima fase, dijo el ministro egipcio de Exteriores, Badr Abdelatty.<\/p>\n\n\n\n<p>\u201cNecesitamos el compromiso estadounidense, incluso el despliegue sobre el terreno, para identificar la misi\u00f3n, tarea y mandato de esta fuerza\u201d, dijo Abdelatty a The Associated Press.<\/p>\n\n\n\n<p>Abordar directamente los problemas restantes en profundidad es poco probable en la reuni\u00f3n, que se espera que dure unas dos horas. Se espera que El Sissi y Trump emitan una declaraci\u00f3n conjunta despu\u00e9s de que termine.<\/p>\n\n\n\n<p>Seg\u00fan los t\u00e9rminos de la primera fase, las tropas israel\u00edes se retiraron de algunas partes de Gaza, permitiendo que cientos de miles de palestinos en Gaza regresaran a sus hogares desde \u00e1reas que se vieron obligados a evacuar.<\/p>\n\n\n\n<p>Los grupos de ayuda se est\u00e1n preparando para llevar grandes cantidades de ayuda que se mantuvieron fuera del territorio durante meses.<\/p>\n\n\n\n<p>Desaf\u00edos cr\u00edticos por delante<\/p>\n\n\n\n<p>Las negociaciones tendr\u00e1n que abordar los temas del desarme de Ham\u00e1s, la creaci\u00f3n de un gobierno posguerra para Gaza y el alcance de la retirada de Israel del territorio.<\/p>\n\n\n\n<p>El plan de Trump tambi\u00e9n estipula que socios regionales e internacionales trabajar\u00e1n para desarrollar el n\u00facleo de una nueva fuerza de seguridad palestina.<\/p>\n\n\n\n<p>Abdelatty dijo que la fuerza internacional necesita una resoluci\u00f3n del Consejo de Seguridad de la ONU para respaldar su despliegue y mandato como fuerza de paz.<\/p>\n\n\n\n<p>Otro tema importante es recaudar fondos para la reconstrucci\u00f3n de Gaza. El Banco Mundial y el plan de posguerra de Egipto estiman las necesidades de reconstrucci\u00f3n y recuperaci\u00f3n en Gaza en 53.000 millones de d\u00f3lares. Egipto planea albergar una futura conferencia de reconstrucci\u00f3n.<\/p>\n\n\n\n<p>Antes de que se acordara la tregua, Israel y Ham\u00e1s, enemigos ac\u00e9rrimos que tienen poca confianza el uno en el otro y varias negociaciones fallidas detr\u00e1s de ellos, mantuvieron negociaciones en Doha, la capital de Qatar, a trav\u00e9s de conversaciones indirectas, con Egipto y Qatar como mediadores.<\/p>\n\n\n\n<p>Ir\u00e1n, un principal respaldo de Ham\u00e1s, tampoco asiste a la cumbre en Egipto, ya que la Rep\u00fablica Isl\u00e1mica se encuentra en uno de sus momentos m\u00e1s d\u00e9biles desde su revoluci\u00f3n de 1979. Los funcionarios iran\u00edes retrataron el acuerdo de alto el fuego como una victoria para Ham\u00e1s.<\/p>\n\n\n\n<p>Sin embargo, el acuerdo subray\u00f3 la influencia menguante de Ir\u00e1n en la regi\u00f3n y revivi\u00f3 las preocupaciones sobre un posible conflicto renovado con Israel mientras a\u00fan lucha por recuperarse de la guerra de 12 d\u00edas en junio.<\/p>\n\n\n\n<p>Una funci\u00f3n estatal<\/p>\n\n\n\n<p>Es probable que la cumbre en Egipto vea a los l\u00edderes mundiales elogiar el impulso de Trump para el alto el fuego. Por su parte, El Sissi casi con certeza est\u00e1 aliviado de que los planes para despoblar la Franja de Gaza hayan sido descartados.<\/p>\n\n\n\n<p>Tambi\u00e9n asistir\u00e1n el presidente turco, Recep Tayyip Erdogan, y el emir de Qatar, el jeque Tamim bin Hamad Al Thani. Turqu\u00eda, que alberg\u00f3 a l\u00edderes pol\u00edticos de Ham\u00e1s durante a\u00f1os, desempe\u00f1\u00f3 un papel clave en la consecuci\u00f3n del acuerdo de alto el fuego.<\/p>\n\n\n\n<p>El rey Abdal\u00e1 de Jordania est\u00e1 entre los asistentes esperados. Su pa\u00eds, junto con Egipto, entrenar\u00e1 a la nueva fuerza de seguridad palestina.<\/p>\n\n\n\n<p>Alemania, uno de los m\u00e1s fuertes respaldos internacionales de Israel y principales proveedores de equipo militar, planea estar representada por su canciller, Friedrich Merz. Ha expresado preocupaci\u00f3n por la conducta de Israel en la guerra y su plan para una toma militar de Gaza.<\/p>\n\n\n\n<p>El primer ministro brit\u00e1nico, Keir Starmer, est\u00e1 entre los l\u00edderes asistentes. Ha dicho que se comprometer\u00e1 a aportar 20 millones de libras brit\u00e1nicas (27 millones de d\u00f3lares) para ayudar a proporcionar agua y saneamiento para Gaza y dijo que Reino Unido albergar\u00e1 una conferencia de tres d\u00edas para coordinar planes para la reconstrucci\u00f3n y recuperaci\u00f3n de Gaza.<\/p>\n\n\n\n<p>El secretario general de la ONU, Ant\u00f3nio Guterres, el presidente de la Uni\u00f3n Europea, Ant\u00f3nio Costa, y la primera ministra italiana, Giorgia Meloni, tambi\u00e9n acudir\u00e1n.<\/p>\n\n\n\n<p>El lugar<\/p>\n\n\n\n<p>Sharm el Sheij, el complejo tur\u00edstico del mar Rojo en la punta de la pen\u00ednsula del Sina\u00ed, ha sido sede de muchas negociaciones de paz en las \u00faltimas d\u00e9cadas.<\/p>\n\n\n\n<p>La ciudad fue brevemente ocupada por Israel durante un a\u00f1o en 1956. Despu\u00e9s de que Israel se retir\u00f3, una fuerza de paz de las Naciones Unidas fue estacionada all\u00ed hasta 1967, cuando el presidente de Egipto, Gamal Abdel Nasser, orden\u00f3 a los cascos azules que se retiraran, un movimiento que precipit\u00f3 la Guerra de los Seis D\u00edas ese a\u00f1o.<\/p>\n\n\n\n<p>Sharm el Sheij y el resto de la pen\u00ednsula del Sina\u00ed fueron devueltos a Egipto en 1982, tras un tratado de paz de 1979 con Israel.<\/p>\n\n\n\n<p>Aunque ahora es m\u00e1s conocido por sus lujosos complejos tur\u00edsticos de playa, sitios de buceo y tours por el desierto, el balneario tambi\u00e9n ha albergado muchas cumbres de paz y rondas de negociaciones entre Israel y los palestinos bajo el presidente Hosni Mubarak, derrocado en 2011, as\u00ed como otras conferencias internacionales.<\/p>\n\n\n\n<p>La reuni\u00f3n del lunes es la primera cumbre de paz bajo El Sissi.<\/p>\n","protected":false},"excerpt":{"rendered":"<p>POR FAY ABULGASIM and SARAH EL DEEB SHARM EL SHEIJ, Egipto (AP) \u2014 Los presidentes de Estados Unidos y Egipto copresid\u00edan el lunes una reuni\u00f3n de l\u00edderes mundiales denominada \u201cCumbre&hellip;<\/p>\n","protected":false},"author":10,"featured_media":111734,"comment_status":"open","ping_status":"open","sticky":false,"template":"","format":"standard","meta":{"content-type":"","jetpack_post_was_ever_published":false,"_jetpack_newsletter_access":"","_jetpack_dont_email_post_to_subs":false,"_jetpack_newsletter_tier_id":0,"_jetpack_memberships_contains_paywalled_content":false,"_jetpack_memberships_contains_paid_content":false,"footnotes":""},"categories":[16289],"tags":[521,9062,25884,8703,98,8295,4855,5636],"class_list":["post-111733","post","type-post","status-publish","format-standard","has-post-thumbnail","hentry","category-internacionales","tag-acuerdo","tag-alto-el-fuego","tag-cumbre-por-la-paz","tag-egipto","tag-estados-unidos","tag-gaza","tag-lideres","tag-mundiales"],"jetpack_featured_media_url":"https:\/\/lasprimeras.com.do\/wp-content\/uploads\/2025\/10\/lideres.jpg","jetpack-related-posts":[{"id":111801,"url":"https:\/\/lasprimeras.com.do\/index.php\/2025\/10\/14\/el-sisi-la-propuesta-de-trump-es-la-ultima-oportunidad-para-la-paz-en-oriente-medio\/","url_meta":{"origin":111733,"position":0},"title":"El Sisi: La propuesta de Trump es la \u201c\u00faltima oportunidad\u201d para la paz en Oriente Medio","author":"Nelson Feliz","date":"14 de octubre de 2025","format":false,"excerpt":"POR FAY ABULGASIM and SARAH EL DEEB SHARM EL SHEIJ, Egipto (AP) \u2014 El presidente egipcio dijo el lunes en una cumbre de l\u00edderes mundiales que la propuesta de Oriente Medio del presidente de Estados Unidos, Donald Trump, representa la \u201d\u00faltima oportunidad\u201d para la paz en la regi\u00f3n y reiter\u00f3\u2026","rel":"","context":"En \u00abINTERNACIONALES\u00bb","block_context":{"text":"INTERNACIONALES","link":"https:\/\/lasprimeras.com.do\/index.php\/category\/sin-categoria\/internacionales\/"},"img":{"alt_text":"","src":"https:\/\/i0.wp.com\/lasprimeras.com.do\/wp-content\/uploads\/2025\/10\/Donald-Trump-2.jpg?resize=350%2C200&ssl=1","width":350,"height":200,"srcset":"https:\/\/i0.wp.com\/lasprimeras.com.do\/wp-content\/uploads\/2025\/10\/Donald-Trump-2.jpg?resize=350%2C200&ssl=1 1x, https:\/\/i0.wp.com\/lasprimeras.com.do\/wp-content\/uploads\/2025\/10\/Donald-Trump-2.jpg?resize=525%2C300&ssl=1 1.5x, https:\/\/i0.wp.com\/lasprimeras.com.do\/wp-content\/uploads\/2025\/10\/Donald-Trump-2.jpg?resize=700%2C400&ssl=1 2x"},"classes":[]},{"id":82684,"url":"https:\/\/lasprimeras.com.do\/index.php\/2024\/05\/06\/hamas-acepta-el-alto-el-fuego-en-gaza\/","url_meta":{"origin":111733,"position":1},"title":"Ham\u00e1s acepta el alto el fuego en Gaza","author":"Esteffany Vargas","date":"6 de mayo de 2024","format":false,"excerpt":"Israel dice que continuar\u00e1 las conversaciones pero contin\u00faa con los ataques a Rafah. POR SAM MEDNICK,JOSEF FEDERMAN Y BASSEM MROUE JERUSAL\u00c9N (AP) \u2014 Hamas anunci\u00f3 el lunes su aceptaci\u00f3n de una propuesta de alto el fuego entre Egipto y Qatar, pero Israel dijo que el acuerdo no cumpl\u00eda con sus\u2026","rel":"","context":"En \u00abSin categor\u00eda\u00bb","block_context":{"text":"Sin categor\u00eda","link":"https:\/\/lasprimeras.com.do\/index.php\/category\/sin-categoria\/"},"img":{"alt_text":"","src":"https:\/\/i0.wp.com\/lasprimeras.com.do\/wp-content\/uploads\/2024\/05\/gaza.jpg?resize=350%2C200&ssl=1","width":350,"height":200,"srcset":"https:\/\/i0.wp.com\/lasprimeras.com.do\/wp-content\/uploads\/2024\/05\/gaza.jpg?resize=350%2C200&ssl=1 1x, https:\/\/i0.wp.com\/lasprimeras.com.do\/wp-content\/uploads\/2024\/05\/gaza.jpg?resize=525%2C300&ssl=1 1.5x, https:\/\/i0.wp.com\/lasprimeras.com.do\/wp-content\/uploads\/2024\/05\/gaza.jpg?resize=700%2C400&ssl=1 2x"},"classes":[]},{"id":111615,"url":"https:\/\/lasprimeras.com.do\/index.php\/2025\/10\/12\/trump-viaja-a-oriente-medio-por-el-alto-el-fuego-instara-a-lideres-arabes-a-aprovechar-la-ocasion\/","url_meta":{"origin":111733,"position":2},"title":"Trump viaja a Oriente Medio por el alto el fuego, instar\u00e1 a l\u00edderes \u00e1rabes a aprovechar la ocasi\u00f3n","author":"Nelson Feliz","date":"12 de octubre de 2025","format":false,"excerpt":"POR AAMER MADHANI, JOSEPH KRAUSS and DARLENE SUPERVILLE WASHINGTON (AP) \u2014 El presidente de Estados Unidos, Donald Trump, viajaba a Israel y Egipto el domingo para celebrar el alto el fuego y el acuerdo de rehenes negociado por Estados Unidos entre Israel y Ham\u00e1s, y para instar a sus aliados\u2026","rel":"","context":"En \u00abINTERNACIONALES\u00bb","block_context":{"text":"INTERNACIONALES","link":"https:\/\/lasprimeras.com.do\/index.php\/category\/sin-categoria\/internacionales\/"},"img":{"alt_text":"","src":"https:\/\/i0.wp.com\/lasprimeras.com.do\/wp-content\/uploads\/2025\/10\/Donald-Trump-1.jpg?resize=350%2C200&ssl=1","width":350,"height":200,"srcset":"https:\/\/i0.wp.com\/lasprimeras.com.do\/wp-content\/uploads\/2025\/10\/Donald-Trump-1.jpg?resize=350%2C200&ssl=1 1x, https:\/\/i0.wp.com\/lasprimeras.com.do\/wp-content\/uploads\/2025\/10\/Donald-Trump-1.jpg?resize=525%2C300&ssl=1 1.5x, https:\/\/i0.wp.com\/lasprimeras.com.do\/wp-content\/uploads\/2025\/10\/Donald-Trump-1.jpg?resize=700%2C400&ssl=1 2x"},"classes":[]},{"id":78989,"url":"https:\/\/lasprimeras.com.do\/index.php\/2024\/03\/22\/blinken-llega-a-israel-para-conversaciones-onu-se-prepara-para-votar-resolucion-de-alto-el-fuego\/","url_meta":{"origin":111733,"position":3},"title":"Blinken llega a Israel para conversaciones; ONU se prepara para votar resoluci\u00f3n de alto el fuego","author":"BIMARY DE JES\u00daS Matos","date":"22 de marzo de 2024","format":false,"excerpt":"EE.UU.-Estados Unidos apuesta en un doble frente para lograr un alto el fuego en Gaza. Mientras el secretario de Estado Antony Blinken visita Israel para apresurar una negociaci\u00f3n, en la ONU fluye una propuesta de Washington para una tregua inmediata en Gaza. El secretario de Estado de Estados Unidos, Antony\u2026","rel":"","context":"En \u00abSin categor\u00eda\u00bb","block_context":{"text":"Sin categor\u00eda","link":"https:\/\/lasprimeras.com.do\/index.php\/category\/sin-categoria\/"},"img":{"alt_text":"","src":"","width":0,"height":0},"classes":[]},{"id":82048,"url":"https:\/\/lasprimeras.com.do\/index.php\/2024\/04\/28\/el-mediador-clave-qatar-insta-a-israel-y-hamas-a-hacer-mas-para-alcanzar-un-acuerdo-de-alto-el-fuego\/","url_meta":{"origin":111733,"position":4},"title":"El mediador clave Qatar insta a Israel y Ham\u00e1s a hacer m\u00e1s para alcanzar un acuerdo de alto el fuego","author":"Nelson Feliz","date":"28 de abril de 2024","format":false,"excerpt":"POR TIA GOLDENBERG,JON GAMBRELL Y SAMY MAGDY TEL AVIV, Israel (AP) \u2014 Un alto funcionario qatar\u00ed inst\u00f3 a Israel y Hamas a mostrar \u201cm\u00e1s compromiso y m\u00e1s seriedad\u201d en las negociaciones de alto el fuego en entrevistas con medios israel\u00edes, mientras aumenta la presi\u00f3n para llegar a un acuerdo que\u2026","rel":"","context":"En \u00abSin categor\u00eda\u00bb","block_context":{"text":"Sin categor\u00eda","link":"https:\/\/lasprimeras.com.do\/index.php\/category\/sin-categoria\/"},"img":{"alt_text":"Fuego","src":"https:\/\/i0.wp.com\/lasprimeras.com.do\/wp-content\/uploads\/2024\/04\/Fuego.jpg?resize=350%2C200&ssl=1","width":350,"height":200,"srcset":"https:\/\/i0.wp.com\/lasprimeras.com.do\/wp-content\/uploads\/2024\/04\/Fuego.jpg?resize=350%2C200&ssl=1 1x, https:\/\/i0.wp.com\/lasprimeras.com.do\/wp-content\/uploads\/2024\/04\/Fuego.jpg?resize=525%2C300&ssl=1 1.5x, https:\/\/i0.wp.com\/lasprimeras.com.do\/wp-content\/uploads\/2024\/04\/Fuego.jpg?resize=700%2C400&ssl=1 2x"},"classes":[]},{"id":96419,"url":"https:\/\/lasprimeras.com.do\/index.php\/2025\/03\/31\/el-ejercito-israeli-ordena-la-evacuacion-de-la-mayor-parte-de-rafah-en-el-sur-de-gaza\/","url_meta":{"origin":111733,"position":5},"title":"El Ej\u00e9rcito israel\u00ed ordena la evacuaci\u00f3n de la mayor parte de Rafah, en el sur de Gaza","author":"Nelson Feliz","date":"31 de marzo de 2025","format":false,"excerpt":"POR WAFAA SHURAFA DEIR AL BALAH, Franja de Gaza (AP) \u2014 El Ej\u00e9rcito israel\u00ed emiti\u00f3 el lunes amplias \u00f3rdenes de evacuaci\u00f3n que cubren la mayor parte de Rafah, un indicio de que pronto podr\u00eda lanzar otra importante operaci\u00f3n terrestre en la ciudad m\u00e1s al sur de la Franja de Gaza.\u2026","rel":"","context":"En \u00abINTERNACIONALES\u00bb","block_context":{"text":"INTERNACIONALES","link":"https:\/\/lasprimeras.com.do\/index.php\/category\/sin-categoria\/internacionales\/"},"img":{"alt_text":"","src":"https:\/\/i0.wp.com\/lasprimeras.com.do\/wp-content\/uploads\/2025\/03\/El-Ejercito-israeli.jpg?resize=350%2C200&ssl=1","width":350,"height":200,"srcset":"https:\/\/i0.wp.com\/lasprimeras.com.do\/wp-content\/uploads\/2025\/03\/El-Ejercito-israeli.jpg?resize=350%2C200&ssl=1 1x, https:\/\/i0.wp.com\/lasprimeras.com.do\/wp-content\/uploads\/2025\/03\/El-Ejercito-israeli.jpg?resize=525%2C300&ssl=1 1.5x, https:\/\/i0.wp.com\/lasprimeras.com.do\/wp-content\/uploads\/2025\/03\/El-Ejercito-israeli.jpg?resize=700%2C400&ssl=1 2x"},"classes":[]}],"jetpack_sharing_enabled":true,"_links":{"self":[{"href":"https:\/\/lasprimeras.com.do\/index.php\/wp-json\/wp\/v2\/posts\/111733","targetHints":{"allow":["GET"]}}],"collection":[{"href":"https:\/\/lasprimeras.com.do\/index.php\/wp-json\/wp\/v2\/posts"}],"about":[{"href":"https:\/\/lasprimeras.com.do\/index.php\/wp-json\/wp\/v2\/types\/post"}],"author":[{"embeddable":true,"href":"https:\/\/lasprimeras.com.do\/index.php\/wp-json\/wp\/v2\/users\/10"}],"replies":[{"embeddable":true,"href":"https:\/\/lasprimeras.com.do\/index.php\/wp-json\/wp\/v2\/comments?post=111733"}],"version-history":[{"count":1,"href":"https:\/\/lasprimeras.com.do\/index.php\/wp-json\/wp\/v2\/posts\/111733\/revisions"}],"predecessor-version":[{"id":111735,"href":"https:\/\/lasprimeras.com.do\/index.php\/wp-json\/wp\/v2\/posts\/111733\/revisions\/111735"}],"wp:featuredmedia":[{"embeddable":true,"href":"https:\/\/lasprimeras.com.do\/index.php\/wp-json\/wp\/v2\/media\/111734"}],"wp:attachment":[{"href":"https:\/\/lasprimeras.com.do\/index.php\/wp-json\/wp\/v2\/media?parent=111733"}],"wp:term":[{"taxonomy":"category","embeddable":true,"href":"https:\/\/lasprimeras.com.do\/index.php\/wp-json\/wp\/v2\/categories?post=111733"},{"taxonomy":"post_tag","embeddable":true,"href":"https:\/\/lasprimeras.com.do\/index.php\/wp-json\/wp\/v2\/tags?post=111733"}],"curies":[{"name":"wp","href":"https:\/\/api.w.org\/{rel}","templated":true}]}}