{"id":111739,"date":"2025-10-13T08:35:37","date_gmt":"2025-10-13T12:35:37","guid":{"rendered":"https:\/\/lasprimeras.com.do\/?p=111739"},"modified":"2025-10-13T08:35:38","modified_gmt":"2025-10-13T12:35:38","slug":"decenas-de-heridos-dos-en-estado-critico-tras-un-choque-entre-trenes-rapidos-en-eslovaquia","status":"publish","type":"post","link":"https:\/\/lasprimeras.com.do\/index.php\/2025\/10\/13\/decenas-de-heridos-dos-en-estado-critico-tras-un-choque-entre-trenes-rapidos-en-eslovaquia\/","title":{"rendered":"Decenas de heridos, dos en estado cr\u00edtico, tras un choque entre trenes r\u00e1pidos en Eslovaquia"},"content":{"rendered":"\n<p>BRATISLAVA, Eslovaquia (AP) \u2014 Dos trenes r\u00e1pidos colisionaron en el este de Eslovaquia el lunes, hiriendo a decenas de pasajeros, incluidos dos en estado cr\u00edtico, seg\u00fan informaron las autoridades.<\/p>\n\n\n\n<p>El accidente ocurri\u00f3 cerca de la ciudad de Ro\u017e\u0148ava poco despu\u00e9s de las 10 de la ma\u00f1ana, seg\u00fan informaron los Ferrocarriles Eslovacos.<\/p>\n\n\n\n<p>La polic\u00eda eslovaca indic\u00f3 que se estimaba que hab\u00eda unos 80 pasajeros a bordo, pero no ofrecieron m\u00e1s detalles de inmediato.<\/p>\n\n\n\n<p>El Ministro del Interior, Mat\u00fa\u0161 \u0160utaj E\u0161tok, afirm\u00f3 que dos de los heridos estaban en estado cr\u00edtico, mientras que las otras lesiones no eran graves.<\/p>\n\n\n\n<p>Las im\u00e1genes de la colisi\u00f3n mostraban la parte delantera de una locomotora gravemente da\u00f1ada, mientras que el otro tren descarril\u00f3.<\/p>\n\n\n\n<p>Las autoridades han abierto una investigaci\u00f3n sobre la causa del accidente. \u0160utaj E\u0161tok sugiri\u00f3 que podr\u00eda deberse a un error humano.<\/p>\n","protected":false},"excerpt":{"rendered":"<p>BRATISLAVA, Eslovaquia (AP) \u2014 Dos trenes r\u00e1pidos colisionaron en el este de Eslovaquia el lunes, hiriendo a decenas de pasajeros, incluidos dos en estado cr\u00edtico, seg\u00fan informaron las autoridades. El&hellip;<\/p>\n","protected":false},"author":10,"featured_media":111740,"comment_status":"open","ping_status":"open","sticky":false,"template":"","format":"standard","meta":{"content-type":"","jetpack_post_was_ever_published":false,"_jetpack_newsletter_access":"","_jetpack_dont_email_post_to_subs":false,"_jetpack_newsletter_tier_id":0,"_jetpack_memberships_contains_paywalled_content":false,"_jetpack_memberships_contains_paid_content":false,"footnotes":""},"categories":[16289],"tags":[2024,20454,25888,12998,25889],"class_list":["post-111739","post","type-post","status-publish","format-standard","has-post-thumbnail","hentry","category-internacionales","tag-choque","tag-decenas-de-heridos","tag-dos-en-estado-critico","tag-eslovaquia","tag-trenes-rapidos"],"jetpack_featured_media_url":"https:\/\/lasprimeras.com.do\/wp-content\/uploads\/2025\/10\/trenes.jpg","jetpack-related-posts":[{"id":73016,"url":"https:\/\/lasprimeras.com.do\/index.php\/2024\/01\/04\/choque-de-dos-trenes-en-ny-deja-18-heridos-segun-reporte\/","url_meta":{"origin":111739,"position":0},"title":"Choque de dos trenes en NY deja 18 heridos, seg\u00fan reporte","author":"Nelson Feliz","date":"4 de enero de 2024","format":false,"excerpt":"Por el accidente se ha \u201cinterrumpido\u201d el servicio del Metro, que a su vez complic\u00f3 el tr\u00e1nsito en la zona del incidente. Un choque de dos trenes del Metro de Nueva York ha dejado a por lo menos 18 personas heridas, de acuerdo con reportes del medio de comunicaci\u00f3n Telemundo\u2026","rel":"","context":"En \u00abSin categor\u00eda\u00bb","block_context":{"text":"Sin categor\u00eda","link":"https:\/\/lasprimeras.com.do\/index.php\/category\/sin-categoria\/"},"img":{"alt_text":"","src":"https:\/\/i0.wp.com\/lasprimeras.com.do\/wp-content\/uploads\/2024\/01\/tren.jpeg?resize=350%2C200&ssl=1","width":350,"height":200,"srcset":"https:\/\/i0.wp.com\/lasprimeras.com.do\/wp-content\/uploads\/2024\/01\/tren.jpeg?resize=350%2C200&ssl=1 1x, https:\/\/i0.wp.com\/lasprimeras.com.do\/wp-content\/uploads\/2024\/01\/tren.jpeg?resize=525%2C300&ssl=1 1.5x, https:\/\/i0.wp.com\/lasprimeras.com.do\/wp-content\/uploads\/2024\/01\/tren.jpeg?resize=700%2C400&ssl=1 2x"},"classes":[]},{"id":115218,"url":"https:\/\/lasprimeras.com.do\/index.php\/2025\/11\/20\/choque-de-trenes-en-republica-checa-deja-decenas-de-heridos\/","url_meta":{"origin":111739,"position":1},"title":"Choque de trenes en Rep\u00fablica Checa deja decenas de heridos","author":"Nelson Feliz","date":"20 de noviembre de 2025","format":false,"excerpt":"PRAGA (AP) \u2014 Un tren expreso colision\u00f3 el jueves contra otro tren de pasajeros en el sur de Rep\u00fablica Checa y caus\u00f3 docenas de heridos, seg\u00fan las autoridades. El accidente ocurri\u00f3 cerca de la ciudad de Ceske Budejovice alrededor de las 6:20 de la ma\u00f1ana. Un total de 57 personas\u2026","rel":"","context":"En \u00abINTERNACIONALES\u00bb","block_context":{"text":"INTERNACIONALES","link":"https:\/\/lasprimeras.com.do\/index.php\/category\/sin-categoria\/internacionales\/"},"img":{"alt_text":"","src":"https:\/\/i0.wp.com\/lasprimeras.com.do\/wp-content\/uploads\/2025\/11\/Choque-de-trenes-en-Republica-Checa.jpg?resize=350%2C200&ssl=1","width":350,"height":200,"srcset":"https:\/\/i0.wp.com\/lasprimeras.com.do\/wp-content\/uploads\/2025\/11\/Choque-de-trenes-en-Republica-Checa.jpg?resize=350%2C200&ssl=1 1x, https:\/\/i0.wp.com\/lasprimeras.com.do\/wp-content\/uploads\/2025\/11\/Choque-de-trenes-en-Republica-Checa.jpg?resize=525%2C300&ssl=1 1.5x, https:\/\/i0.wp.com\/lasprimeras.com.do\/wp-content\/uploads\/2025\/11\/Choque-de-trenes-en-Republica-Checa.jpg?resize=700%2C400&ssl=1 2x"},"classes":[]},{"id":60589,"url":"https:\/\/lasprimeras.com.do\/index.php\/2023\/09\/16\/una-recien-nacida-entre-pasajeros-que-iban-a-bordo-de-trenes-del-metro-colisionados\/","url_meta":{"origin":111739,"position":2},"title":"Una reci\u00e9n nacida entre pasajeros que iban a bordo de trenes del Metro colisionados","author":"Nelson Feliz","date":"16 de septiembre de 2023","format":false,"excerpt":"La reci\u00e9n nacida se encuentra estable y no presenta ning\u00fan tipo de lesi\u00f3n, mientras que sus padres son atendidos en el Hospital Traumatol\u00f3gico Ney Arias Lora. Una beb\u00e9 de 27 d\u00edas de nacida iba a bordo con sus padres en uno de los trenes que colisionaron la ma\u00f1ana de este\u2026","rel":"","context":"En \u00abNACIONALES\u00bb","block_context":{"text":"NACIONALES","link":"https:\/\/lasprimeras.com.do\/index.php\/category\/nacionales\/"},"img":{"alt_text":"trenes","src":"https:\/\/i0.wp.com\/lasprimeras.com.do\/wp-content\/uploads\/2023\/09\/trenes.jpeg?resize=350%2C200&ssl=1","width":350,"height":200,"srcset":"https:\/\/i0.wp.com\/lasprimeras.com.do\/wp-content\/uploads\/2023\/09\/trenes.jpeg?resize=350%2C200&ssl=1 1x, https:\/\/i0.wp.com\/lasprimeras.com.do\/wp-content\/uploads\/2023\/09\/trenes.jpeg?resize=525%2C300&ssl=1 1.5x, https:\/\/i0.wp.com\/lasprimeras.com.do\/wp-content\/uploads\/2023\/09\/trenes.jpeg?resize=700%2C400&ssl=1 2x"},"classes":[]},{"id":83382,"url":"https:\/\/lasprimeras.com.do\/index.php\/2024\/05\/15\/el-primer-ministro-populista-de-eslovaquia-baleado-en-un-intento-de-asesinato-conmociona-a-europa-antes-de-las-elecciones\/","url_meta":{"origin":111739,"position":3},"title":"El primer ministro populista de Eslovaquia baleado en un intento de asesinato, conmociona a Europa antes de las elecciones","author":"Nelson Feliz","date":"15 de mayo de 2024","format":false,"excerpt":"POR KAREL JANICEK Y BELA SZANDELSZKY BANSKA BYSTRICA, Eslovaquia (AP) \u2014 El primer ministro populista de Eslovaquia, Robert Fico, recibi\u00f3 m\u00faltiples disparos y result\u00f3 gravemente herido el mi\u00e9rcoles, pero su viceprimer ministro dijo que cre\u00eda que Fico sobrevivir\u00eda. El primer ministro estaba saludando a sus seguidores en un evento cuando\u2026","rel":"","context":"En \u00abSin categor\u00eda\u00bb","block_context":{"text":"Sin categor\u00eda","link":"https:\/\/lasprimeras.com.do\/index.php\/category\/sin-categoria\/"},"img":{"alt_text":"","src":"https:\/\/i0.wp.com\/lasprimeras.com.do\/wp-content\/uploads\/2024\/05\/Captura.jpg?resize=350%2C200&ssl=1","width":350,"height":200,"srcset":"https:\/\/i0.wp.com\/lasprimeras.com.do\/wp-content\/uploads\/2024\/05\/Captura.jpg?resize=350%2C200&ssl=1 1x, https:\/\/i0.wp.com\/lasprimeras.com.do\/wp-content\/uploads\/2024\/05\/Captura.jpg?resize=525%2C300&ssl=1 1.5x, https:\/\/i0.wp.com\/lasprimeras.com.do\/wp-content\/uploads\/2024\/05\/Captura.jpg?resize=700%2C400&ssl=1 2x"},"classes":[]},{"id":51819,"url":"https:\/\/lasprimeras.com.do\/index.php\/2023\/06\/04\/suben-a-288-muertos-por-choque-multiple-de-trenes-en-la-india\/","url_meta":{"origin":111739,"position":4},"title":"Suben a 288 muertos por choque m\u00faltiple de trenes en La India","author":"prenxa100","date":"4 de junio de 2023","format":false,"excerpt":"Los servicios de Emergencia ya est\u00e1n centr\u00e1ndose principalmente en las tareas de recuperaci\u00f3n de los entre 50 y 60 cad\u00e1veres, temen fuentes del Ej\u00e9rcito indio en comentarios bajo condici\u00f3n de anonimato al \u2018Hindustan Times\u2019, que todav\u00eda quedan debajo de los restos de los 17 vagones despedazados en las v\u00edas. De\u2026","rel":"","context":"En \u00abSin categor\u00eda\u00bb","block_context":{"text":"Sin categor\u00eda","link":"https:\/\/lasprimeras.com.do\/index.php\/category\/sin-categoria\/"},"img":{"alt_text":"","src":"","width":0,"height":0},"classes":[]},{"id":60585,"url":"https:\/\/lasprimeras.com.do\/index.php\/2023\/09\/16\/pasajeros-del-metro-rompieron-puertas-de-los-vagones-para-poder-salir-luego-del-choque-dice-usuario\/","url_meta":{"origin":111739,"position":5},"title":"Pasajeros del Metro rompieron puertas de los vagones para poder salir luego del choque, dice usuario","author":"Nelson Feliz","date":"16 de septiembre de 2023","format":false,"excerpt":"Como si se tratase de una reacci\u00f3n genuina, de esa manera lo califica, su instinto de padre hizo que protegiera a su hija de todo peligro. La colisi\u00f3n de dos trenes en la l\u00ednea uno del Metro de Santo Domingo, registrada la ma\u00f1ana de este s\u00e1bado, activ\u00f3 las alarmas de\u2026","rel":"","context":"En \u00abNACIONALES\u00bb","block_context":{"text":"NACIONALES","link":"https:\/\/lasprimeras.com.do\/index.php\/category\/nacionales\/"},"img":{"alt_text":"Momentos en que pasajeros salen del Metro de Santo Domingo tras choqueLEONEL MATOS \/ LD","src":"https:\/\/i0.wp.com\/lasprimeras.com.do\/wp-content\/uploads\/2023\/09\/Metro-SD.jpeg?resize=350%2C200&ssl=1","width":350,"height":200,"srcset":"https:\/\/i0.wp.com\/lasprimeras.com.do\/wp-content\/uploads\/2023\/09\/Metro-SD.jpeg?resize=350%2C200&ssl=1 1x, https:\/\/i0.wp.com\/lasprimeras.com.do\/wp-content\/uploads\/2023\/09\/Metro-SD.jpeg?resize=525%2C300&ssl=1 1.5x, https:\/\/i0.wp.com\/lasprimeras.com.do\/wp-content\/uploads\/2023\/09\/Metro-SD.jpeg?resize=700%2C400&ssl=1 2x"},"classes":[]}],"jetpack_sharing_enabled":true,"_links":{"self":[{"href":"https:\/\/lasprimeras.com.do\/index.php\/wp-json\/wp\/v2\/posts\/111739","targetHints":{"allow":["GET"]}}],"collection":[{"href":"https:\/\/lasprimeras.com.do\/index.php\/wp-json\/wp\/v2\/posts"}],"about":[{"href":"https:\/\/lasprimeras.com.do\/index.php\/wp-json\/wp\/v2\/types\/post"}],"author":[{"embeddable":true,"href":"https:\/\/lasprimeras.com.do\/index.php\/wp-json\/wp\/v2\/users\/10"}],"replies":[{"embeddable":true,"href":"https:\/\/lasprimeras.com.do\/index.php\/wp-json\/wp\/v2\/comments?post=111739"}],"version-history":[{"count":1,"href":"https:\/\/lasprimeras.com.do\/index.php\/wp-json\/wp\/v2\/posts\/111739\/revisions"}],"predecessor-version":[{"id":111741,"href":"https:\/\/lasprimeras.com.do\/index.php\/wp-json\/wp\/v2\/posts\/111739\/revisions\/111741"}],"wp:featuredmedia":[{"embeddable":true,"href":"https:\/\/lasprimeras.com.do\/index.php\/wp-json\/wp\/v2\/media\/111740"}],"wp:attachment":[{"href":"https:\/\/lasprimeras.com.do\/index.php\/wp-json\/wp\/v2\/media?parent=111739"}],"wp:term":[{"taxonomy":"category","embeddable":true,"href":"https:\/\/lasprimeras.com.do\/index.php\/wp-json\/wp\/v2\/categories?post=111739"},{"taxonomy":"post_tag","embeddable":true,"href":"https:\/\/lasprimeras.com.do\/index.php\/wp-json\/wp\/v2\/tags?post=111739"}],"curies":[{"name":"wp","href":"https:\/\/api.w.org\/{rel}","templated":true}]}}