{"id":111745,"date":"2025-10-13T08:47:41","date_gmt":"2025-10-13T12:47:41","guid":{"rendered":"https:\/\/lasprimeras.com.do\/?p=111745"},"modified":"2025-10-13T08:47:43","modified_gmt":"2025-10-13T12:47:43","slug":"un-accidente-de-autobus-en-una-region-montanosa-de-sudafrica-deja-al-menos-42-muertos","status":"publish","type":"post","link":"https:\/\/lasprimeras.com.do\/index.php\/2025\/10\/13\/un-accidente-de-autobus-en-una-region-montanosa-de-sudafrica-deja-al-menos-42-muertos\/","title":{"rendered":"Un accidente de autob\u00fas en una regi\u00f3n monta\u00f1osa de Sud\u00e1frica deja al menos 42 muertos"},"content":{"rendered":"\n<p>JOHANNESBURGO, Sud\u00e1frica (AP) \u2014 Al menos 42 personas murieron en un accidente de autob\u00fas en una regi\u00f3n monta\u00f1osa del norte de Sud\u00e1frica, informaron las autoridades el lunes.<\/p>\n\n\n\n<p>El accidente ocurri\u00f3 el domingo en la autopista N1 cerca de la ciudad de Louis Trichardt, a unos 400 kil\u00f3metros al norte de la capital, Pretoria.<\/p>\n\n\n\n<p>Simon Zwane, portavoz de la Corporaci\u00f3n de Gesti\u00f3n del Tr\u00e1fico Vial, dijo al medio de comunicaci\u00f3n sudafricano News24 que las autoridades hab\u00edan confirmado 42 muertes, pero a\u00fan estaban verificando el n\u00famero de fallecidos y heridos.<\/p>\n\n\n\n<p>El autob\u00fas se sali\u00f3 de la carretera en un empinado puerto de monta\u00f1a y se precipit\u00f3 en un terrapl\u00e9n, dijo el gobierno provincial. Im\u00e1genes difundidas por las autoridades mostraban el autob\u00fas azul volcado boca abajo en el terrapl\u00e9n.<\/p>\n\n\n\n<p>El autob\u00fas viajaba desde el Cabo Oriental de Sud\u00e1frica, en el sur del pa\u00eds, dijeron las autoridades.<\/p>\n\n\n\n<p>El gobierno provincial de Limpopo dijo en un comunicado que se cre\u00eda que el autob\u00fas llevaba a ciudadanos de Zimbabue y Malaui que viajaban a sus pa\u00edses de origen.<\/p>\n\n\n\n<p>El gobierno provincial no indic\u00f3 de inmediato cu\u00e1ntas personas resultaron heridas, pero dijo que varios sobrevivientes fueron trasladados a hospitales.<\/p>\n","protected":false},"excerpt":{"rendered":"<p>JOHANNESBURGO, Sud\u00e1frica (AP) \u2014 Al menos 42 personas murieron en un accidente de autob\u00fas en una regi\u00f3n monta\u00f1osa del norte de Sud\u00e1frica, informaron las autoridades el lunes. El accidente ocurri\u00f3&hellip;<\/p>\n","protected":false},"author":10,"featured_media":111746,"comment_status":"open","ping_status":"open","sticky":false,"template":"","format":"standard","meta":{"content-type":"","jetpack_post_was_ever_published":false,"_jetpack_newsletter_access":"","_jetpack_dont_email_post_to_subs":false,"_jetpack_newsletter_tier_id":0,"_jetpack_memberships_contains_paywalled_content":false,"_jetpack_memberships_contains_paid_content":false,"footnotes":""},"categories":[16289],"tags":[25893,2211,2709,25892,13603],"class_list":["post-111745","post","type-post","status-publish","format-standard","has-post-thumbnail","hentry","category-internacionales","tag-42-muertos","tag-accidente","tag-autobus","tag-region-montanosa","tag-sudafrica"],"jetpack_featured_media_url":"https:\/\/lasprimeras.com.do\/wp-content\/uploads\/2025\/10\/accidente-1.jpg","jetpack-related-posts":[{"id":52555,"url":"https:\/\/lasprimeras.com.do\/index.php\/2023\/06\/11\/al-menos-diez-muertos-y-once-heridos-tras-volcar-un-autobus-en-australia\/","url_meta":{"origin":111745,"position":0},"title":"Al menos diez muertos y once heridos tras volcar un autob\u00fas en Australia","author":"prenxa100","date":"11 de junio de 2023","format":false,"excerpt":"Al menos diez personas han muerto y once resultaron heridas al volcar el autob\u00fas en el que viajaban en la localidad de Greta, a unos 180 kil\u00f3metros al norte de la ciudad de S\u00eddney, informaron este lunes fuentes policiales. La Polic\u00eda de la regi\u00f3n de Nueva Gales del Sur explic\u00f3\u2026","rel":"","context":"En \u00abSin categor\u00eda\u00bb","block_context":{"text":"Sin categor\u00eda","link":"https:\/\/lasprimeras.com.do\/index.php\/category\/sin-categoria\/"},"img":{"alt_text":"","src":"","width":0,"height":0},"classes":[]},{"id":56769,"url":"https:\/\/lasprimeras.com.do\/index.php\/2023\/08\/04\/interrogan-dominicano-por-accidente-que-dejo-18-muertos-en-mexico\/","url_meta":{"origin":111745,"position":1},"title":"Interrogan dominicano por accidente que dej\u00f3 18 muertos en M\u00e9xico","author":"Nelson Feliz","date":"4 de agosto de 2023","format":false,"excerpt":"Las se\u00f1ales indican que el conductor perdi\u00f3 el control del veh\u00edculo durante una curva por no respetar el l\u00edmite de velocidad. Un dominicano fue interrogado por la Fiscal\u00eda General del Estado de Nayarit, M\u00e9xico, sobre el accidente de autob\u00fas que 18 muertos y 22 heridos, la mayor\u00eda migrantes. V\u00edctor Adalberto\u2026","rel":"","context":"En \u00abSin categor\u00eda\u00bb","block_context":{"text":"Sin categor\u00eda","link":"https:\/\/lasprimeras.com.do\/index.php\/category\/sin-categoria\/"},"img":{"alt_text":"","src":"https:\/\/i0.wp.com\/lasprimeras.com.do\/wp-content\/uploads\/2023\/08\/accidente-en-mexico.jpg?resize=350%2C200&ssl=1","width":350,"height":200,"srcset":"https:\/\/i0.wp.com\/lasprimeras.com.do\/wp-content\/uploads\/2023\/08\/accidente-en-mexico.jpg?resize=350%2C200&ssl=1 1x, https:\/\/i0.wp.com\/lasprimeras.com.do\/wp-content\/uploads\/2023\/08\/accidente-en-mexico.jpg?resize=525%2C300&ssl=1 1.5x, https:\/\/i0.wp.com\/lasprimeras.com.do\/wp-content\/uploads\/2023\/08\/accidente-en-mexico.jpg?resize=700%2C400&ssl=1 2x"},"classes":[]},{"id":94202,"url":"https:\/\/lasprimeras.com.do\/index.php\/2025\/02\/26\/un-accidente-de-bus-en-el-este-de-tailandia-deja-18-fallecidos\/","url_meta":{"origin":111745,"position":2},"title":"Un accidente de bus en el este de Tailandia deja 18 fallecidos","author":"Nelson Feliz","date":"26 de febrero de 2025","format":false,"excerpt":"BANGKOK (AP) \u2014 Un autob\u00fas alquilado volc\u00f3 causando 18 muertos y 31 heridos en la madrugada del mi\u00e9rcoles en el este de Tailandia, informaron las autoridades. El accidente ocurri\u00f3 en la provincia de Prachinburi durante un trayecto nocturno desde el norte de Tailandia hacia la provincia costera de Rayong para\u2026","rel":"","context":"En \u00abINTERNACIONALES\u00bb","block_context":{"text":"INTERNACIONALES","link":"https:\/\/lasprimeras.com.do\/index.php\/category\/sin-categoria\/internacionales\/"},"img":{"alt_text":"","src":"https:\/\/i0.wp.com\/lasprimeras.com.do\/wp-content\/uploads\/2025\/02\/ACCIDENTE.png?resize=350%2C200&ssl=1","width":350,"height":200,"srcset":"https:\/\/i0.wp.com\/lasprimeras.com.do\/wp-content\/uploads\/2025\/02\/ACCIDENTE.png?resize=350%2C200&ssl=1 1x, https:\/\/i0.wp.com\/lasprimeras.com.do\/wp-content\/uploads\/2025\/02\/ACCIDENTE.png?resize=525%2C300&ssl=1 1.5x, https:\/\/i0.wp.com\/lasprimeras.com.do\/wp-content\/uploads\/2025\/02\/ACCIDENTE.png?resize=700%2C400&ssl=1 2x"},"classes":[]},{"id":98082,"url":"https:\/\/lasprimeras.com.do\/index.php\/2025\/05\/01\/doce-muertos-en-filipinas-tras-choque-de-autobus-de-pasajeros-contra-vehiculos-en-un-peaje\/","url_meta":{"origin":111745,"position":3},"title":"Doce muertos en Filipinas tras choque de autob\u00fas de pasajeros contra veh\u00edculos en un peaje","author":"Nelson Feliz","date":"1 de mayo de 2025","format":false,"excerpt":"MANILA, Filipinas (AP) \u2014 Al menos 12 personas, entre las que hab\u00eda menores, fallecieron el jueves cuando un autob\u00fas de pasajeros que circulaba a gran velocidad choc\u00f3 contra una fila de veh\u00edculos en un peaje de una autopista en el norte de Filipinas, dijo la polic\u00eda. M\u00e1s de dos docenas\u2026","rel":"","context":"En \u00abINTERNACIONALES\u00bb","block_context":{"text":"INTERNACIONALES","link":"https:\/\/lasprimeras.com.do\/index.php\/category\/sin-categoria\/internacionales\/"},"img":{"alt_text":"","src":"https:\/\/i0.wp.com\/lasprimeras.com.do\/wp-content\/uploads\/2025\/05\/Accidente-en-Filipinas.jpg?resize=350%2C200&ssl=1","width":350,"height":200,"srcset":"https:\/\/i0.wp.com\/lasprimeras.com.do\/wp-content\/uploads\/2025\/05\/Accidente-en-Filipinas.jpg?resize=350%2C200&ssl=1 1x, https:\/\/i0.wp.com\/lasprimeras.com.do\/wp-content\/uploads\/2025\/05\/Accidente-en-Filipinas.jpg?resize=525%2C300&ssl=1 1.5x, https:\/\/i0.wp.com\/lasprimeras.com.do\/wp-content\/uploads\/2025\/05\/Accidente-en-Filipinas.jpg?resize=700%2C400&ssl=1 2x, https:\/\/i0.wp.com\/lasprimeras.com.do\/wp-content\/uploads\/2025\/05\/Accidente-en-Filipinas.jpg?resize=1050%2C600&ssl=1 3x"},"classes":[]},{"id":83925,"url":"https:\/\/lasprimeras.com.do\/index.php\/2024\/05\/27\/un-autobus-choca-contra-vehiculos-en-el-sur-de-turquia-dejando-10-muertos-y-39-heridos\/","url_meta":{"origin":111745,"position":4},"title":"Un autob\u00fas choca contra veh\u00edculos en el sur de Turqu\u00eda, dejando 10 muertos y 39 heridos","author":"Nelson Feliz","date":"27 de mayo de 2024","format":false,"excerpt":"ANKARA, Turqu\u00eda (AP) \u2014 Un autob\u00fas de pasajeros se estrell\u00f3 contra veh\u00edculos en una carretera en el sur de Turqu\u00eda, matando al menos a 10 personas y dejando a otras 39 heridas, dijeron las autoridades el lunes. El accidente se produjo en la provincia de Mersin a \u00faltima hora del\u2026","rel":"","context":"En \u00abSin categor\u00eda\u00bb","block_context":{"text":"Sin categor\u00eda","link":"https:\/\/lasprimeras.com.do\/index.php\/category\/sin-categoria\/"},"img":{"alt_text":"","src":"https:\/\/i0.wp.com\/lasprimeras.com.do\/wp-content\/uploads\/2024\/05\/accid.jpg?resize=350%2C200&ssl=1","width":350,"height":200,"srcset":"https:\/\/i0.wp.com\/lasprimeras.com.do\/wp-content\/uploads\/2024\/05\/accid.jpg?resize=350%2C200&ssl=1 1x, https:\/\/i0.wp.com\/lasprimeras.com.do\/wp-content\/uploads\/2024\/05\/accid.jpg?resize=525%2C300&ssl=1 1.5x, https:\/\/i0.wp.com\/lasprimeras.com.do\/wp-content\/uploads\/2024\/05\/accid.jpg?resize=700%2C400&ssl=1 2x"},"classes":[]},{"id":92323,"url":"https:\/\/lasprimeras.com.do\/index.php\/2025\/01\/02\/el-coe-reporta-262-accidentes-y-42-muertos-durante-el-fin-de-ano\/","url_meta":{"origin":111745,"position":5},"title":"El COE reporta 262 accidentes y 42 muertos durante el fin de a\u00f1o","author":"Nelson Feliz","date":"2 de enero de 2025","format":false,"excerpt":"El Centro de Operaciones de Emergencias (COE) inform\u00f3 que durante el Operativo \u201cConciencia por la Vida: Navidad y A\u00f1o Nuevo 2024-2025\u201d fallecieron 42 personas por accidentes de tr\u00e1nsito, de un total de 262 accidentes registrados. El director del COE, General Juan Manuel M\u00e9ndez, indic\u00f3 que de las 42 muertes, 30\u2026","rel":"","context":"En \u00abNACIONALES\u00bb","block_context":{"text":"NACIONALES","link":"https:\/\/lasprimeras.com.do\/index.php\/category\/nacionales\/"},"img":{"alt_text":"","src":"https:\/\/i0.wp.com\/lasprimeras.com.do\/wp-content\/uploads\/2024\/09\/accidente.jpg?resize=350%2C200&ssl=1","width":350,"height":200,"srcset":"https:\/\/i0.wp.com\/lasprimeras.com.do\/wp-content\/uploads\/2024\/09\/accidente.jpg?resize=350%2C200&ssl=1 1x, https:\/\/i0.wp.com\/lasprimeras.com.do\/wp-content\/uploads\/2024\/09\/accidente.jpg?resize=525%2C300&ssl=1 1.5x, https:\/\/i0.wp.com\/lasprimeras.com.do\/wp-content\/uploads\/2024\/09\/accidente.jpg?resize=700%2C400&ssl=1 2x"},"classes":[]}],"jetpack_sharing_enabled":true,"_links":{"self":[{"href":"https:\/\/lasprimeras.com.do\/index.php\/wp-json\/wp\/v2\/posts\/111745","targetHints":{"allow":["GET"]}}],"collection":[{"href":"https:\/\/lasprimeras.com.do\/index.php\/wp-json\/wp\/v2\/posts"}],"about":[{"href":"https:\/\/lasprimeras.com.do\/index.php\/wp-json\/wp\/v2\/types\/post"}],"author":[{"embeddable":true,"href":"https:\/\/lasprimeras.com.do\/index.php\/wp-json\/wp\/v2\/users\/10"}],"replies":[{"embeddable":true,"href":"https:\/\/lasprimeras.com.do\/index.php\/wp-json\/wp\/v2\/comments?post=111745"}],"version-history":[{"count":1,"href":"https:\/\/lasprimeras.com.do\/index.php\/wp-json\/wp\/v2\/posts\/111745\/revisions"}],"predecessor-version":[{"id":111747,"href":"https:\/\/lasprimeras.com.do\/index.php\/wp-json\/wp\/v2\/posts\/111745\/revisions\/111747"}],"wp:featuredmedia":[{"embeddable":true,"href":"https:\/\/lasprimeras.com.do\/index.php\/wp-json\/wp\/v2\/media\/111746"}],"wp:attachment":[{"href":"https:\/\/lasprimeras.com.do\/index.php\/wp-json\/wp\/v2\/media?parent=111745"}],"wp:term":[{"taxonomy":"category","embeddable":true,"href":"https:\/\/lasprimeras.com.do\/index.php\/wp-json\/wp\/v2\/categories?post=111745"},{"taxonomy":"post_tag","embeddable":true,"href":"https:\/\/lasprimeras.com.do\/index.php\/wp-json\/wp\/v2\/tags?post=111745"}],"curies":[{"name":"wp","href":"https:\/\/api.w.org\/{rel}","templated":true}]}}