{"id":111748,"date":"2025-10-13T09:04:36","date_gmt":"2025-10-13T13:04:36","guid":{"rendered":"https:\/\/lasprimeras.com.do\/?p=111748"},"modified":"2025-10-13T09:04:37","modified_gmt":"2025-10-13T13:04:37","slug":"cinco-muertos-en-pakistan-incluido-un-policia-en-choques-entre-autoridades-y-marcha-propalestina","status":"publish","type":"post","link":"https:\/\/lasprimeras.com.do\/index.php\/2025\/10\/13\/cinco-muertos-en-pakistan-incluido-un-policia-en-choques-entre-autoridades-y-marcha-propalestina\/","title":{"rendered":"Cinco muertos en Pakist\u00e1n, incluido un polic\u00eda, en choques entre autoridades y marcha propalestina"},"content":{"rendered":"\n<p>POR BABAR DOGAR<\/p>\n\n\n\n<p>LAHORE, Pakist\u00e1n (AP) \u2014 Cinco personas murieron el lunes en Pakist\u00e1n, incluido un polic\u00eda, en choques entre las autoridades y miles de manifestantes que marchaban en apoyo a los palestinos. Decenas de otros agentes resultaron heridos, seg\u00fan dijeron la polic\u00eda y testigos.<\/p>\n\n\n\n<p>El jefe de la polic\u00eda de Punjab, Usman Anwar, afirm\u00f3 que los manifestantes abrieron fuego contra las autoridades, matando al agente e hiriendo a otros. La polic\u00eda dijo que tres manifestantes y un transe\u00fante tambi\u00e9n murieron en los enfrentamientos antes de que los manifestantes fueran dispersados.<\/p>\n\n\n\n<p>La marcha fue organizada por el partido pol\u00edtico Tehreek-e-Labbaik Pakistan, o TLP, que dijo en un comunicado que cientos de participantes en la manifestaci\u00f3n resultaron heridos y que la cifra de bajas fue alta entre sus seguidores.<\/p>\n\n\n\n<p>Videos publicados por TLP el lunes mostraron varios veh\u00edculos en llamas, incluido un cami\u00f3n que transportaba a funcionarios del partido que lideraban lo que han llamado la \u201clarga marcha\u201d, que comenz\u00f3 en el este de Pakist\u00e1n el viernes con planes de dirigirse desde Lahore hacia la capital, Islamabad.<\/p>\n\n\n\n<p>La marcha ha resultado en violencia entre autoridades y manifestantes. La polic\u00eda arrest\u00f3 a m\u00e1s de 100 personas durante una protesta el s\u00e1bado.<\/p>\n\n\n\n<p>Los \u00faltimos enfrentamientos del lunes comenzaron cuando los manifestantes intentaron retirar contenedores de mercanc\u00edas colocados por la polic\u00eda para bloquear las carreteras.<br>\u00f1Los seguidores se enfrentaron con la polic\u00eda en Lahore y luego acamparon en la cercana ciudad de Muridke antes de reanudar la marcha.<\/p>\n\n\n\n<p>Antes del amanecer del lunes, TLP distribuy\u00f3 un video del jefe del partido, Saad Rizvi, instando a las fuerzas de seguridad a dejar de disparar y diciendo que estaba listo para negociar. Se o\u00edan disparos de fondo mientras Rizvi se dirig\u00eda a los seguidores.<\/p>\n\n\n\n<p>Rizvi fue uno de los heridos el lunes, seg\u00fan TLP. No hab\u00eda informaci\u00f3n sobre su paradero y la polic\u00eda dijo que se estaba llevando a cabo una b\u00fasqueda para localizar y arrestar a los manifestantes y l\u00edderes de la protesta que se escond\u00edan en los barrios cercanos.<\/p>\n\n\n\n<p>Los manifestantes estaban decididos a realizar una manifestaci\u00f3n propalestina frente a la embajada de Estados Unidos en Islamabad y la polic\u00eda fue atacada cuando empez\u00f3 a dispersar a la multitud, seg\u00fan Anwar, quien dijo que a\u00fan estaban evaluando los da\u00f1os.<\/p>\n\n\n\n<p>La embajada de Estados Unidos emiti\u00f3 una alerta de seguridad la semana pasada antes de la marcha, advirtiendo sobre posibles interrupciones y exhortando a los ciudadanos estadounidenses a actuar con precauci\u00f3n.<\/p>\n\n\n\n<p>El TLP, conocido por organizar manifestaciones disruptivas y a veces violentas, ha generado reacciones mixtas en internet. Algunos en Pakist\u00e1n han acusado al gobierno de reaccionar de manera exagerada a la marcha al bloquear carreteras principales incluso antes de que comenzara la protesta.<\/p>\n\n\n\n<p>El viceministro del Interior de Pakist\u00e1n, Talal Chaudhry, dijo durante el fin de semana que no entend\u00eda por qu\u00e9 TLP opt\u00f3 por la violencia en lugar de celebrar la paz en Gaza.<\/p>\n\n\n\n<p>El TLP gan\u00f3 prominencia en las elecciones de Pakist\u00e1n de 2018 al centrar su campa\u00f1a en el \u00fanico tema de defender la ley de blasfemia del pa\u00eds, que prev\u00e9 la pena de muerte para cualquiera que insulte al Islam. Desde entonces, el partido ha organizado manifestaciones violentas, principalmente contra la profanaci\u00f3n en el extranjero del libro sagrado del Islam, el Cor\u00e1n.<\/p>\n\n\n\n<p>El partido ha realizado manifestaciones propalestinas en los \u00faltimos a\u00f1os en Lahore y otras ciudades. Esta marcha pretend\u00eda llegar hasta la embajada de Estados Unidos para expresar apoyo a los palestinos.<\/p>\n","protected":false},"excerpt":{"rendered":"<p>POR BABAR DOGAR LAHORE, Pakist\u00e1n (AP) \u2014 Cinco personas murieron el lunes en Pakist\u00e1n, incluido un polic\u00eda, en choques entre las autoridades y miles de manifestantes que marchaban en apoyo&hellip;<\/p>\n","protected":false},"author":10,"featured_media":111749,"comment_status":"open","ping_status":"open","sticky":false,"template":"","format":"standard","meta":{"content-type":"","jetpack_post_was_ever_published":false,"_jetpack_newsletter_access":"","_jetpack_dont_email_post_to_subs":false,"_jetpack_newsletter_tier_id":0,"_jetpack_memberships_contains_paywalled_content":false,"_jetpack_memberships_contains_paid_content":false,"footnotes":""},"categories":[16289],"tags":[949,17932,25895,25896,25894],"class_list":["post-111748","post","type-post","status-publish","format-standard","has-post-thumbnail","hentry","category-internacionales","tag-autoridades","tag-choques","tag-cinco-muertos-en-pakistan","tag-marcha-propalestina","tag-un-policia"],"jetpack_featured_media_url":"https:\/\/lasprimeras.com.do\/wp-content\/uploads\/2025\/10\/bomba.jpg","jetpack-related-posts":[{"id":61641,"url":"https:\/\/lasprimeras.com.do\/index.php\/2023\/09\/29\/decenas-de-muertos-tras-una-explosion-en-el-suroeste-de-pakistan\/","url_meta":{"origin":111748,"position":0},"title":"Decenas de muertos tras una explosi\u00f3n en el suroeste de Pakist\u00e1n","author":"Nelson Feliz","date":"29 de septiembre de 2023","format":false,"excerpt":"POR ABDUL SATTAR QUETTA, Pakist\u00e1n (AP) \u2014 Una poderosa bomba explot\u00f3 el viernes entre una multitud de personas que celebraban el cumplea\u00f1os del profeta Mahoma en el suroeste de Pakist\u00e1n, matando al menos a 52 personas e hiriendo a casi 70 m\u00e1s, dijeron las autoridades. Fue uno de los ataques\u2026","rel":"","context":"En \u00abSin categor\u00eda\u00bb","block_context":{"text":"Sin categor\u00eda","link":"https:\/\/lasprimeras.com.do\/index.php\/category\/sin-categoria\/"},"img":{"alt_text":"","src":"https:\/\/i0.wp.com\/lasprimeras.com.do\/wp-content\/uploads\/2023\/09\/heridos.jpg?resize=350%2C200&ssl=1","width":350,"height":200,"srcset":"https:\/\/i0.wp.com\/lasprimeras.com.do\/wp-content\/uploads\/2023\/09\/heridos.jpg?resize=350%2C200&ssl=1 1x, https:\/\/i0.wp.com\/lasprimeras.com.do\/wp-content\/uploads\/2023\/09\/heridos.jpg?resize=525%2C300&ssl=1 1.5x, https:\/\/i0.wp.com\/lasprimeras.com.do\/wp-content\/uploads\/2023\/09\/heridos.jpg?resize=700%2C400&ssl=1 2x"},"classes":[]},{"id":94366,"url":"https:\/\/lasprimeras.com.do\/index.php\/2025\/02\/28\/bomba-en-seminario-de-pakistan-mata-un-destacado-clerigo-y-a-cinco-fieles-antes-del-ramadan\/","url_meta":{"origin":111748,"position":1},"title":"Bomba en seminario de Pakist\u00e1n mata un destacado cl\u00e9rigo y a cinco fieles antes del ramad\u00e1n","author":"Nelson Feliz","date":"28 de febrero de 2025","format":false,"excerpt":"POR RIAZ KHAN PESHAWAR, Pakist\u00e1n (AP) \u2014 Un suicida se inmol\u00f3 el viernes tras entrar a la mezquita de un seminario proTalib\u00e1n en el noroeste de Pakist\u00e1n y mat\u00f3 a destacado cl\u00e9rigo y a otros cinco fieles, adem\u00e1s de causar docenas de heridos, en v\u00edsperas del inicio del mes de\u2026","rel":"","context":"En \u00abINTERNACIONALES\u00bb","block_context":{"text":"INTERNACIONALES","link":"https:\/\/lasprimeras.com.do\/index.php\/category\/sin-categoria\/internacionales\/"},"img":{"alt_text":"","src":"https:\/\/i0.wp.com\/lasprimeras.com.do\/wp-content\/uploads\/2025\/02\/Bomba-en-seminario-de-Pakistan.png?resize=350%2C200&ssl=1","width":350,"height":200,"srcset":"https:\/\/i0.wp.com\/lasprimeras.com.do\/wp-content\/uploads\/2025\/02\/Bomba-en-seminario-de-Pakistan.png?resize=350%2C200&ssl=1 1x, https:\/\/i0.wp.com\/lasprimeras.com.do\/wp-content\/uploads\/2025\/02\/Bomba-en-seminario-de-Pakistan.png?resize=525%2C300&ssl=1 1.5x, https:\/\/i0.wp.com\/lasprimeras.com.do\/wp-content\/uploads\/2025\/02\/Bomba-en-seminario-de-Pakistan.png?resize=700%2C400&ssl=1 2x"},"classes":[]},{"id":56905,"url":"https:\/\/lasprimeras.com.do\/index.php\/2023\/08\/07\/pakistan-entierra-a-las-victimas-del-accidente-de-tren-con-30-muertos-y-80-heridos\/","url_meta":{"origin":111748,"position":2},"title":"Pakist\u00e1n entierra a las v\u00edctimas del accidente de tren con 30 muertos y 80 heridos","author":"Nelson Feliz","date":"7 de agosto de 2023","format":false,"excerpt":"Familiares y vecinos se despidieron este lunes de las v\u00edctimas mortales del descarrilamiento de un tren en Pakist\u00e1n, que dej\u00f3 30 fallecidos y 80 heridos, una vez concluidas las operaciones de rescate y mientras las autoridades investigan las causas del accidente. La mayor\u00eda de los fallecidos en el accidente del\u2026","rel":"","context":"En \u00abSin categor\u00eda\u00bb","block_context":{"text":"Sin categor\u00eda","link":"https:\/\/lasprimeras.com.do\/index.php\/category\/sin-categoria\/"},"img":{"alt_text":"","src":"https:\/\/i0.wp.com\/lasprimeras.com.do\/wp-content\/uploads\/2023\/08\/muertos-1.jpg?resize=350%2C200&ssl=1","width":350,"height":200,"srcset":"https:\/\/i0.wp.com\/lasprimeras.com.do\/wp-content\/uploads\/2023\/08\/muertos-1.jpg?resize=350%2C200&ssl=1 1x, https:\/\/i0.wp.com\/lasprimeras.com.do\/wp-content\/uploads\/2023\/08\/muertos-1.jpg?resize=525%2C300&ssl=1 1.5x, https:\/\/i0.wp.com\/lasprimeras.com.do\/wp-content\/uploads\/2023\/08\/muertos-1.jpg?resize=700%2C400&ssl=1 2x"},"classes":[]},{"id":123450,"url":"https:\/\/lasprimeras.com.do\/index.php\/2026\/03\/01\/al-menos-9-muertos-en-pakistan-cuando-manifestantes-intentan-asaltar-el-consulado-de-ee-uu-por-la-muerte-de-jamenei\/","url_meta":{"origin":111748,"position":3},"title":"Al menos 9 muertos en Pakist\u00e1n cuando manifestantes intentan asaltar el consulado de EE.UU. por la muerte de Jamenei","author":"Nelson Feliz","date":"1 de marzo de 2026","format":false,"excerpt":"Por ADIL JAWAD y MUNIR AHMED KARACHI, Pakist\u00e1n (AP) \u2014 Violentos enfrentamientos entre manifestantes y fuerzas de seguridad en la ciudad portuaria de Karachi, en Pakist\u00e1n, dejaron el domingo al menos nueve personas muertas y m\u00e1s de 50 heridas cuando manifestantes proiran\u00edes intentaron asaltar el consulado estadounidense, dijeron las autoridades.\u2026","rel":"","context":"En \u00abINTERNACIONALES\u00bb","block_context":{"text":"INTERNACIONALES","link":"https:\/\/lasprimeras.com.do\/index.php\/category\/sin-categoria\/internacionales\/"},"img":{"alt_text":"","src":"https:\/\/i0.wp.com\/lasprimeras.com.do\/wp-content\/uploads\/2026\/03\/MUERTOS.jpg?resize=350%2C200&ssl=1","width":350,"height":200,"srcset":"https:\/\/i0.wp.com\/lasprimeras.com.do\/wp-content\/uploads\/2026\/03\/MUERTOS.jpg?resize=350%2C200&ssl=1 1x, https:\/\/i0.wp.com\/lasprimeras.com.do\/wp-content\/uploads\/2026\/03\/MUERTOS.jpg?resize=525%2C300&ssl=1 1.5x, https:\/\/i0.wp.com\/lasprimeras.com.do\/wp-content\/uploads\/2026\/03\/MUERTOS.jpg?resize=700%2C400&ssl=1 2x"},"classes":[]},{"id":85044,"url":"https:\/\/lasprimeras.com.do\/index.php\/2024\/06\/21\/pakistan-acusan-a-turba-de-linchar-a-un-hombre-sospechoso-de-profanar-un-coran\/","url_meta":{"origin":111748,"position":4},"title":"Pakist\u00e1n: Acusan a turba de linchar a un hombre sospechoso de profanar un Cor\u00e1n","author":"Nelson Feliz","date":"21 de junio de 2024","format":false,"excerpt":"PESHAWAR, Pakist\u00e1n (AP) \u2014 La polic\u00eda en el noroeste de Pakist\u00e1n registr\u00f3 el viernes un caso en que cientos de personas atacaron a un cuartel policial y mataron a un hombre del que sospechaban de haber profanado un Cor\u00e1n, informaron autoridades. La polic\u00eda sigue tratando de identificar a las personas\u2026","rel":"","context":"En \u00abSin categor\u00eda\u00bb","block_context":{"text":"Sin categor\u00eda","link":"https:\/\/lasprimeras.com.do\/index.php\/category\/sin-categoria\/"},"img":{"alt_text":"","src":"https:\/\/i0.wp.com\/lasprimeras.com.do\/wp-content\/uploads\/2024\/06\/coran.jpg?resize=350%2C200&ssl=1","width":350,"height":200,"srcset":"https:\/\/i0.wp.com\/lasprimeras.com.do\/wp-content\/uploads\/2024\/06\/coran.jpg?resize=350%2C200&ssl=1 1x, https:\/\/i0.wp.com\/lasprimeras.com.do\/wp-content\/uploads\/2024\/06\/coran.jpg?resize=525%2C300&ssl=1 1.5x, https:\/\/i0.wp.com\/lasprimeras.com.do\/wp-content\/uploads\/2024\/06\/coran.jpg?resize=700%2C400&ssl=1 2x"},"classes":[]},{"id":54364,"url":"https:\/\/lasprimeras.com.do\/index.php\/2023\/07\/10\/mas-de-70-muertos-y-133-heridos-desde-el-inicio-de-las-fuertes-lluvias-que-azotan-pakistan\/","url_meta":{"origin":111748,"position":5},"title":"M\u00e1s de 70 muertos y 133 heridos desde el inicio de las fuertes lluvias que azotan Pakist\u00e1n","author":"Nelson Feliz","date":"10 de julio de 2023","format":false,"excerpt":"Al menos 76 personas, incluidos 28 ni\u00f1os, murieron y 133 resultaron heridas por las inundaciones y deslizamientos de tierra provocados por las incesantes lluvias que azotan Islamabad, Pakist\u00e1n desde que comenz\u00f3 la temporada de monz\u00f3n. Nueve personas m\u00e1s murieron y otras ocho resultaron heridas en las \u00faltimas 24 horas en\u2026","rel":"","context":"En \u00abSin categor\u00eda\u00bb","block_context":{"text":"Sin categor\u00eda","link":"https:\/\/lasprimeras.com.do\/index.php\/category\/sin-categoria\/"},"img":{"alt_text":"","src":"https:\/\/i0.wp.com\/lasprimeras.com.do\/wp-content\/uploads\/2023\/07\/lluvias.jpg?resize=350%2C200&ssl=1","width":350,"height":200,"srcset":"https:\/\/i0.wp.com\/lasprimeras.com.do\/wp-content\/uploads\/2023\/07\/lluvias.jpg?resize=350%2C200&ssl=1 1x, https:\/\/i0.wp.com\/lasprimeras.com.do\/wp-content\/uploads\/2023\/07\/lluvias.jpg?resize=525%2C300&ssl=1 1.5x, https:\/\/i0.wp.com\/lasprimeras.com.do\/wp-content\/uploads\/2023\/07\/lluvias.jpg?resize=700%2C400&ssl=1 2x"},"classes":[]}],"jetpack_sharing_enabled":true,"_links":{"self":[{"href":"https:\/\/lasprimeras.com.do\/index.php\/wp-json\/wp\/v2\/posts\/111748","targetHints":{"allow":["GET"]}}],"collection":[{"href":"https:\/\/lasprimeras.com.do\/index.php\/wp-json\/wp\/v2\/posts"}],"about":[{"href":"https:\/\/lasprimeras.com.do\/index.php\/wp-json\/wp\/v2\/types\/post"}],"author":[{"embeddable":true,"href":"https:\/\/lasprimeras.com.do\/index.php\/wp-json\/wp\/v2\/users\/10"}],"replies":[{"embeddable":true,"href":"https:\/\/lasprimeras.com.do\/index.php\/wp-json\/wp\/v2\/comments?post=111748"}],"version-history":[{"count":1,"href":"https:\/\/lasprimeras.com.do\/index.php\/wp-json\/wp\/v2\/posts\/111748\/revisions"}],"predecessor-version":[{"id":111750,"href":"https:\/\/lasprimeras.com.do\/index.php\/wp-json\/wp\/v2\/posts\/111748\/revisions\/111750"}],"wp:featuredmedia":[{"embeddable":true,"href":"https:\/\/lasprimeras.com.do\/index.php\/wp-json\/wp\/v2\/media\/111749"}],"wp:attachment":[{"href":"https:\/\/lasprimeras.com.do\/index.php\/wp-json\/wp\/v2\/media?parent=111748"}],"wp:term":[{"taxonomy":"category","embeddable":true,"href":"https:\/\/lasprimeras.com.do\/index.php\/wp-json\/wp\/v2\/categories?post=111748"},{"taxonomy":"post_tag","embeddable":true,"href":"https:\/\/lasprimeras.com.do\/index.php\/wp-json\/wp\/v2\/tags?post=111748"}],"curies":[{"name":"wp","href":"https:\/\/api.w.org\/{rel}","templated":true}]}}