{"id":111771,"date":"2025-10-13T11:34:50","date_gmt":"2025-10-13T15:34:50","guid":{"rendered":"https:\/\/lasprimeras.com.do\/?p=111771"},"modified":"2025-10-13T11:34:52","modified_gmt":"2025-10-13T15:34:52","slug":"pescadores-de-cabral-denuncian-crimen-ecologico-y-culpan-al-consorcio-azucarero-por-la-desecacion-de-la-laguna-rincon","status":"publish","type":"post","link":"https:\/\/lasprimeras.com.do\/index.php\/2025\/10\/13\/pescadores-de-cabral-denuncian-crimen-ecologico-y-culpan-al-consorcio-azucarero-por-la-desecacion-de-la-laguna-rincon\/","title":{"rendered":"Pescadores de Cabral denuncian crimen ecol\u00f3gico y culpan al Consorcio Azucarero por la desecaci\u00f3n de la Laguna Rinc\u00f3n"},"content":{"rendered":"\n<p><strong>CABRAL, BARAHONA &#8211; <\/strong>La Laguna Rinc\u00f3n, tambi\u00e9n conocida como Lago de Cabral, se encuentra en un estado cr\u00edtico de desecaci\u00f3n, afectando gravemente a los pescadores de la zona, quienes culpan a la empresa Consorcio Azucarero Central (CAC) por lo que califican de &#8220;crimen ecol\u00f3gico&#8221;.<\/p>\n\n\n\n<p><strong>Un para\u00edso que agoniza<\/strong><\/p>\n\n\n\n<p>Considerado el humedal de agua dulce m\u00e1s grande de la Rep\u00fablica Dominicana, el embalse ha reducido dr\u00e1sticamente su nivel de agua debido a la sequ\u00eda que azota la regi\u00f3n. Sin embargo, los pescadores y comunitarios de Cabral sostienen que la situaci\u00f3n se ha agravado por acciones directas del CAC.<\/p>\n\n\n\n<p><strong>Diques que desv\u00edan la vida<\/strong><\/p>\n\n\n\n<p>Seg\u00fan las denuncias, la empresa azucarera ha colocado diques de contenci\u00f3n para desviar el cauce del r\u00edo Yaque del Sur, que es la principal fuente de agua de la laguna. El resultado es un paisaje desolador, con miles de esqueletos de peces esparcidos por lo que antes era un pr\u00f3spero cuerpo de agua.<\/p>\n\n\n\n<p><strong>Un ecosistema al l\u00edmite<\/strong><\/p>\n\n\n\n<p>La sequ\u00eda y la desviaci\u00f3n del r\u00edo Yaque han provocado la muerte de peces y la reducci\u00f3n de la vegetaci\u00f3n acu\u00e1tica. A pesar de ello, algunas plantas como los cambronales todav\u00eda persisten en las zonas con algo de humedad.<\/p>\n\n\n\n<p>Tambi\u00e9n se ha notado un impacto negativo en las aves migratorias y locales que habitan el humedal, afectando gravemente la biodiversidad y el potencial econ\u00f3mico y tur\u00edstico de la zona.<\/p>\n\n\n\n<p><strong>Respuestas y promesas<\/strong><\/p>\n\n\n\n<p>Las denuncias de los pescadores han generado diversas respuestas. El Ministerio de Medio Ambiente confirm\u00f3 que la desecaci\u00f3n es resultado de intervenciones humanas hist\u00f3ricas, responsabilizando directamente al Consorcio Azucarero Central.<\/p>\n\n\n\n<p>Por su parte, el Instituto Dominicano de Recursos Hidr\u00e1ulicos (INDHRI) atribuy\u00f3 la escasez de agua a la falta de lluvias y la evaporaci\u00f3n.<\/p>\n\n\n\n<p><strong>Acciones en marcha<\/strong><\/p>\n\n\n\n<p>La Red Socioambiental Nacional ha denunciado p\u00fablicamente el &#8220;crimen ecol\u00f3gico&#8221; y el &#8220;monopolio h\u00eddrico&#8221; del CAC. A ra\u00edz de la presi\u00f3n, senadores han visitado la zona para escuchar las preocupaciones de los pescadores y realizar un levantamiento sobre la situaci\u00f3n.<\/p>\n\n\n\n<p>Tambi\u00e9n se ha propuesto la creaci\u00f3n de un comit\u00e9 de seguimiento para abordar el problema. Sin embargo, los pescadores han amenazado con tomar medidas m\u00e1s dr\u00e1sticas si no se toman acciones concretas.<\/p>\n\n\n\n<p><strong>Un futuro incierto<\/strong><\/p>\n\n\n\n<p>La desecaci\u00f3n de la Laguna Rinc\u00f3n representa una crisis ambiental y econ\u00f3mica para las miles de familias de Cabral y sus alrededores, cuya subsistencia depende de la pesca y la agricultura. El desenlace de este conflicto definir\u00e1 el futuro de uno de los ecosistemas m\u00e1s importantes de la regi\u00f3n.<\/p>\n","protected":false},"excerpt":{"rendered":"<p>CABRAL, BARAHONA &#8211; La Laguna Rinc\u00f3n, tambi\u00e9n conocida como Lago de Cabral, se encuentra en un estado cr\u00edtico de desecaci\u00f3n, afectando gravemente a los pescadores de la zona, quienes culpan&hellip;<\/p>\n","protected":false},"author":10,"featured_media":111772,"comment_status":"open","ping_status":"open","sticky":false,"template":"","format":"standard","meta":{"content-type":"","jetpack_post_was_ever_published":false,"_jetpack_newsletter_access":"","_jetpack_dont_email_post_to_subs":false,"_jetpack_newsletter_tier_id":0,"_jetpack_memberships_contains_paywalled_content":false,"_jetpack_memberships_contains_paid_content":false,"footnotes":""},"categories":[16560,25],"tags":[25905,24902,25907,25908,25906],"class_list":["post-111771","post","type-post","status-publish","format-standard","has-post-thumbnail","hentry","category-medio-ambiente","category-portada","tag-consorcio-azucarero","tag-crimen-ecologico","tag-desecacion","tag-laguna-rincon","tag-pescadores-de-cabral"],"jetpack_featured_media_url":"https:\/\/lasprimeras.com.do\/wp-content\/uploads\/2025\/10\/La-Laguna-Rincon-1.jpg","jetpack-related-posts":[{"id":110827,"url":"https:\/\/lasprimeras.com.do\/index.php\/2025\/10\/01\/medio-ambiente-responsabiliza-al-consorcio-azucarero-central-por-merma-de-agua-en-laguna-de-cabral\/","url_meta":{"origin":111771,"position":0},"title":"Medio Ambiente responsabiliza al Consorcio Azucarero Central por merma de agua en laguna de Cabral","author":"Nelson Feliz","date":"1 de octubre de 2025","format":false,"excerpt":"El Ministerio de Medio Ambiente y Recursos Naturales inform\u00f3 sobre los resultados de una evaluaci\u00f3n t\u00e9cnica y atribuy\u00f3 la degradaci\u00f3n la laguna de Cabral o Laguna Rinc\u00f3n, en Barahona a varios factores, principalmente al uso exclusivo del canal de Trujillo por parte del Consorcio Azucarero Central (CAC). Explic\u00f3 mediante un\u2026","rel":"","context":"En \u00abMEDIO AMBIENTE\u00bb","block_context":{"text":"MEDIO AMBIENTE","link":"https:\/\/lasprimeras.com.do\/index.php\/category\/medio-ambiente\/"},"img":{"alt_text":"","src":"https:\/\/i0.wp.com\/lasprimeras.com.do\/wp-content\/uploads\/2025\/10\/laguna.jpg?resize=350%2C200&ssl=1","width":350,"height":200,"srcset":"https:\/\/i0.wp.com\/lasprimeras.com.do\/wp-content\/uploads\/2025\/10\/laguna.jpg?resize=350%2C200&ssl=1 1x, https:\/\/i0.wp.com\/lasprimeras.com.do\/wp-content\/uploads\/2025\/10\/laguna.jpg?resize=525%2C300&ssl=1 1.5x, https:\/\/i0.wp.com\/lasprimeras.com.do\/wp-content\/uploads\/2025\/10\/laguna.jpg?resize=700%2C400&ssl=1 2x"},"classes":[]},{"id":109686,"url":"https:\/\/lasprimeras.com.do\/index.php\/2025\/09\/21\/la-red-socioambiental-nacional-denuncia-crimen-ecologico-en-la-laguna-de-rincon\/","url_meta":{"origin":111771,"position":1},"title":"La Red Socioambiental Nacional denuncia crimen ecol\u00f3gico en la Laguna de Rinc\u00f3n","author":"Nelson Feliz","date":"21 de septiembre de 2025","format":false,"excerpt":"La Red Socioambiental Nacional exige acciones urgentes del Estado. La Red Socioambiental Nacional denuncia ante el pa\u00eds y la comunidad internacional el CRIMEN ECOL\u00d3GICO que se comete contra la Laguna de Rinc\u00f3n (o Laguna de Cabral), donde el monopolio h\u00eddrico del Consorcio Azucarero Central (CAC), con la complacencia y negligencia\u2026","rel":"","context":"En \u00abNACIONALES\u00bb","block_context":{"text":"NACIONALES","link":"https:\/\/lasprimeras.com.do\/index.php\/category\/nacionales\/"},"img":{"alt_text":"","src":"https:\/\/i0.wp.com\/lasprimeras.com.do\/wp-content\/uploads\/2025\/09\/laguna-rincon.jpg?resize=350%2C200&ssl=1","width":350,"height":200,"srcset":"https:\/\/i0.wp.com\/lasprimeras.com.do\/wp-content\/uploads\/2025\/09\/laguna-rincon.jpg?resize=350%2C200&ssl=1 1x, https:\/\/i0.wp.com\/lasprimeras.com.do\/wp-content\/uploads\/2025\/09\/laguna-rincon.jpg?resize=525%2C300&ssl=1 1.5x, https:\/\/i0.wp.com\/lasprimeras.com.do\/wp-content\/uploads\/2025\/09\/laguna-rincon.jpg?resize=700%2C400&ssl=1 2x"},"classes":[]},{"id":113517,"url":"https:\/\/lasprimeras.com.do\/index.php\/2025\/11\/03\/aumenta-nivel-de-agua-en-laguna-cabral-tras-lluvia-de-melissa\/","url_meta":{"origin":111771,"position":2},"title":"Aumenta nivel de agua en Laguna Cabral, tras lluvia de Melissa","author":"Nelson Feliz","date":"3 de noviembre de 2025","format":false,"excerpt":"El nivel de agua de la Laguna Cabral aument\u00f3 con los recientes aguaceros provocados por el paso del hurac\u00e1n Melissa por la parte oeste de Rep\u00fablica Dominicana, seg\u00fan informaron residentes de este municipio. Algunos mostraron su alegr\u00eda por el aumento del nivel de agua de la laguna Rinc\u00f3n o de\u2026","rel":"","context":"En \u00abMEDIO AMBIENTE\u00bb","block_context":{"text":"MEDIO AMBIENTE","link":"https:\/\/lasprimeras.com.do\/index.php\/category\/medio-ambiente\/"},"img":{"alt_text":"","src":"https:\/\/i0.wp.com\/lasprimeras.com.do\/wp-content\/uploads\/2025\/11\/Laguna-Cabral-1.jpg?resize=350%2C200&ssl=1","width":350,"height":200,"srcset":"https:\/\/i0.wp.com\/lasprimeras.com.do\/wp-content\/uploads\/2025\/11\/Laguna-Cabral-1.jpg?resize=350%2C200&ssl=1 1x, https:\/\/i0.wp.com\/lasprimeras.com.do\/wp-content\/uploads\/2025\/11\/Laguna-Cabral-1.jpg?resize=525%2C300&ssl=1 1.5x, https:\/\/i0.wp.com\/lasprimeras.com.do\/wp-content\/uploads\/2025\/11\/Laguna-Cabral-1.jpg?resize=700%2C400&ssl=1 2x"},"classes":[]},{"id":110946,"url":"https:\/\/lasprimeras.com.do\/index.php\/2025\/10\/02\/senadores-recorren-laguna-de-cabral-y-escuchan-preocupaciones-de-pescadores-por-reduccion-del-caudal\/","url_meta":{"origin":111771,"position":3},"title":"Senadores recorren laguna de Cabral y escuchan preocupaciones de pescadores por reducci\u00f3n del caudal","author":"Nelson Feliz","date":"2 de octubre de 2025","format":false,"excerpt":"La Comisi\u00f3n de Medio Ambiente y Recursos Naturales del Senado de la Rep\u00fablica se traslad\u00f3 este jueves hasta el municipio de Cabral, provincia Barahona, donde realiz\u00f3 un descenso en la laguna de Rinc\u00f3n o Cabral, como parte del estudio de la resoluci\u00f3n que solicita la intervenci\u00f3n del Poder Ejecutivo, para\u2026","rel":"","context":"En \u00abMEDIO AMBIENTE\u00bb","block_context":{"text":"MEDIO AMBIENTE","link":"https:\/\/lasprimeras.com.do\/index.php\/category\/medio-ambiente\/"},"img":{"alt_text":"","src":"https:\/\/i0.wp.com\/lasprimeras.com.do\/wp-content\/uploads\/2025\/10\/senadores-1.jpg?resize=350%2C200&ssl=1","width":350,"height":200,"srcset":"https:\/\/i0.wp.com\/lasprimeras.com.do\/wp-content\/uploads\/2025\/10\/senadores-1.jpg?resize=350%2C200&ssl=1 1x, https:\/\/i0.wp.com\/lasprimeras.com.do\/wp-content\/uploads\/2025\/10\/senadores-1.jpg?resize=525%2C300&ssl=1 1.5x, https:\/\/i0.wp.com\/lasprimeras.com.do\/wp-content\/uploads\/2025\/10\/senadores-1.jpg?resize=700%2C400&ssl=1 2x"},"classes":[]},{"id":122158,"url":"https:\/\/lasprimeras.com.do\/index.php\/2026\/02\/14\/antonio-marte-destaca-gestion-de-comision-del-senado-en-la-recuperacion-de-la-laguna-rincon-en-barahona\/","url_meta":{"origin":111771,"position":4},"title":"Antonio Marte destaca gesti\u00f3n de Comisi\u00f3n del Senado en la recuperaci\u00f3n de la Laguna Rinc\u00f3n en Barahona","author":"Nelson Feliz","date":"14 de febrero de 2026","format":false,"excerpt":"Por Elvis Castro Hern\u00e1ndez El senador Antonio Marte, dijo que, como resultado de las gestiones realizadas por la Comisi\u00f3n de Medio Ambiente y Recursos Naturales del Senado de la Rep\u00fablica, y las acciones eficientes de organismos del Estado, la Laguna de Rinc\u00f3n ubicada en la provincia Barahona, ha recobrado su\u2026","rel":"","context":"En \u00abNACIONALES\u00bb","block_context":{"text":"NACIONALES","link":"https:\/\/lasprimeras.com.do\/index.php\/category\/nacionales\/"},"img":{"alt_text":"Antonio Marte","src":"https:\/\/i0.wp.com\/lasprimeras.com.do\/wp-content\/uploads\/2026\/02\/Antonio-Marte.jpg?resize=350%2C200&ssl=1","width":350,"height":200,"srcset":"https:\/\/i0.wp.com\/lasprimeras.com.do\/wp-content\/uploads\/2026\/02\/Antonio-Marte.jpg?resize=350%2C200&ssl=1 1x, https:\/\/i0.wp.com\/lasprimeras.com.do\/wp-content\/uploads\/2026\/02\/Antonio-Marte.jpg?resize=525%2C300&ssl=1 1.5x, https:\/\/i0.wp.com\/lasprimeras.com.do\/wp-content\/uploads\/2026\/02\/Antonio-Marte.jpg?resize=700%2C400&ssl=1 2x"},"classes":[]},{"id":116660,"url":"https:\/\/lasprimeras.com.do\/index.php\/2025\/12\/02\/jad-reconoce-como-agroempresa-del-ano-2025-al-consorcio-azucarero-de-empresas-industriales\/","url_meta":{"origin":111771,"position":5},"title":"JAD reconoce como \u201cAgroempresa del A\u00f1o 2025\u201d al Consorcio Azucarero de Empresas Industriales","author":"Nelson Feliz","date":"2 de diciembre de 2025","format":false,"excerpt":"El consejo de directores de la Junta Agroempresarial Dominicana (JAD) reconoci\u00f3 este martes como \u201cAgroempresa del A\u00f1o 2025\u201d al Consorcio Azucarero de Empresas Industriales (CAEI), en un acto encabezado por la vicepresidenta de la Rep\u00fablica, Raquel Pe\u00f1a. La vicemandataria destac\u00f3 la historia del consorcio y su aporte sostenido a la\u2026","rel":"","context":"En \u00abECONOM\u00cdA\u00bb","block_context":{"text":"ECONOM\u00cdA","link":"https:\/\/lasprimeras.com.do\/index.php\/category\/economia\/"},"img":{"alt_text":"","src":"https:\/\/i0.wp.com\/lasprimeras.com.do\/wp-content\/uploads\/2025\/12\/Raquel-Pena.jpeg?resize=350%2C200&ssl=1","width":350,"height":200,"srcset":"https:\/\/i0.wp.com\/lasprimeras.com.do\/wp-content\/uploads\/2025\/12\/Raquel-Pena.jpeg?resize=350%2C200&ssl=1 1x, https:\/\/i0.wp.com\/lasprimeras.com.do\/wp-content\/uploads\/2025\/12\/Raquel-Pena.jpeg?resize=525%2C300&ssl=1 1.5x, https:\/\/i0.wp.com\/lasprimeras.com.do\/wp-content\/uploads\/2025\/12\/Raquel-Pena.jpeg?resize=700%2C400&ssl=1 2x"},"classes":[]}],"jetpack_sharing_enabled":true,"_links":{"self":[{"href":"https:\/\/lasprimeras.com.do\/index.php\/wp-json\/wp\/v2\/posts\/111771","targetHints":{"allow":["GET"]}}],"collection":[{"href":"https:\/\/lasprimeras.com.do\/index.php\/wp-json\/wp\/v2\/posts"}],"about":[{"href":"https:\/\/lasprimeras.com.do\/index.php\/wp-json\/wp\/v2\/types\/post"}],"author":[{"embeddable":true,"href":"https:\/\/lasprimeras.com.do\/index.php\/wp-json\/wp\/v2\/users\/10"}],"replies":[{"embeddable":true,"href":"https:\/\/lasprimeras.com.do\/index.php\/wp-json\/wp\/v2\/comments?post=111771"}],"version-history":[{"count":1,"href":"https:\/\/lasprimeras.com.do\/index.php\/wp-json\/wp\/v2\/posts\/111771\/revisions"}],"predecessor-version":[{"id":111773,"href":"https:\/\/lasprimeras.com.do\/index.php\/wp-json\/wp\/v2\/posts\/111771\/revisions\/111773"}],"wp:featuredmedia":[{"embeddable":true,"href":"https:\/\/lasprimeras.com.do\/index.php\/wp-json\/wp\/v2\/media\/111772"}],"wp:attachment":[{"href":"https:\/\/lasprimeras.com.do\/index.php\/wp-json\/wp\/v2\/media?parent=111771"}],"wp:term":[{"taxonomy":"category","embeddable":true,"href":"https:\/\/lasprimeras.com.do\/index.php\/wp-json\/wp\/v2\/categories?post=111771"},{"taxonomy":"post_tag","embeddable":true,"href":"https:\/\/lasprimeras.com.do\/index.php\/wp-json\/wp\/v2\/tags?post=111771"}],"curies":[{"name":"wp","href":"https:\/\/api.w.org\/{rel}","templated":true}]}}