{"id":111783,"date":"2025-10-13T12:45:12","date_gmt":"2025-10-13T16:45:12","guid":{"rendered":"https:\/\/lasprimeras.com.do\/?p=111783"},"modified":"2025-10-13T12:45:14","modified_gmt":"2025-10-13T16:45:14","slug":"un-avion-se-estrella-en-una-autopista-de-massachusetts-matando-a-dos-personas-y-hiriendo-a-una-en-tierra","status":"publish","type":"post","link":"https:\/\/lasprimeras.com.do\/index.php\/2025\/10\/13\/un-avion-se-estrella-en-una-autopista-de-massachusetts-matando-a-dos-personas-y-hiriendo-a-una-en-tierra\/","title":{"rendered":"Un avi\u00f3n se estrella en una autopista de Massachusetts, matando a dos personas y hiriendo a una en tierra"},"content":{"rendered":"\n<p>DARTMOUTH, Massachusetts, EE.UU. (AP) \u2014 Una avioneta se estrell\u00f3 el lunes por la ma\u00f1ana en una importante autopista en el sureste de Massachusetts en medio de lluvia y fuertes vientos, matando a las dos personas que estaban a bordo y hiriendo a otra persona en tierra, dijeron las autoridades.<\/p>\n\n\n\n<p>En videos grabados por personas en veh\u00edculos que pasaban, se pod\u00eda ver una columna de humo elev\u00e1ndose sobre la Interestatal 195 proveniente de escombros dispersos y en llamas.<br>La carretera estaba cerrada en ambas direcciones cerca del lugar del accidente en Dartmouth, una ciudad a unos 80 kil\u00f3metros (50 millas) al sur de Boston, seg\u00fan inform\u00f3 el Departamento de Transporte estatal.<\/p>\n\n\n\n<p>La Polic\u00eda Estatal de Massachusetts declar\u00f3 que no ten\u00eda constancia de sobrevivientes en el avi\u00f3n, que, seg\u00fan indic\u00f3, podr\u00eda haber intentado aterrizar en el Aeropuerto Regional de New Bedford.<\/p>\n\n\n\n<p>Sin embargo, las autoridades indicaron que no parece que el piloto haya proporcionado al aeropuerto un plan de vuelo ni detalles de los pasajeros.<\/p>\n\n\n\n<p>Un portavoz de la Junta Nacional de Seguridad en el Transporte dijo que estaba investigando el accidente y a\u00f1adi\u00f3 que una Socata TBM-700 hab\u00eda partido del aeropuerto de New Bedford.<\/p>\n\n\n\n<p>Las autoridades dijeron que no se har\u00e1 p\u00fablica ninguna informaci\u00f3n sobre las personas a bordo, a la espera de notificar a sus familiares.<\/p>\n\n\n\n<p>Una persona que estaba en el suelo tambi\u00e9n fue trasladada al hospital, dijo la polic\u00eda estatal.<\/p>\n\n\n\n<p>En el momento del accidente, el Servicio Meteorol\u00f3gico Nacional dijo que un temporal de nordeste hab\u00eda tra\u00eddo lluvia y vientos de entre 30 y 40 mph (48 a 64 kph) al \u00e1rea.<\/p>\n\n\n\n<p>La Administraci\u00f3n Federal de Aviaci\u00f3n, que seg\u00fan la polic\u00eda estatal probablemente se har\u00eda cargo de la investigaci\u00f3n, dijo en un correo electr\u00f3nico que no pod\u00eda responder a las consultas de los medios debido al cierre del gobierno .<\/p>\n","protected":false},"excerpt":{"rendered":"<p>DARTMOUTH, Massachusetts, EE.UU. (AP) \u2014 Una avioneta se estrell\u00f3 el lunes por la ma\u00f1ana en una importante autopista en el sureste de Massachusetts en medio de lluvia y fuertes vientos,&hellip;<\/p>\n","protected":false},"author":10,"featured_media":111784,"comment_status":"open","ping_status":"open","sticky":false,"template":"","format":"standard","meta":{"content-type":"","jetpack_post_was_ever_published":false,"_jetpack_newsletter_access":"","_jetpack_dont_email_post_to_subs":false,"_jetpack_newsletter_tier_id":0,"_jetpack_memberships_contains_paywalled_content":false,"_jetpack_memberships_contains_paid_content":false,"footnotes":""},"categories":[16289],"tags":[6630,3432,25913,14047,25912,7303],"class_list":["post-111783","post","type-post","status-publish","format-standard","has-post-thumbnail","hentry","category-internacionales","tag-autopista","tag-avion","tag-hiriendo-a-una-en-tierra","tag-massachusetts","tag-matando-a-dos-personas","tag-se-estrella"],"jetpack_featured_media_url":"https:\/\/lasprimeras.com.do\/wp-content\/uploads\/2025\/10\/Un-avion-se-estrella-en-una-autopista-de-Massachusetts.jpg","jetpack-related-posts":[{"id":76260,"url":"https:\/\/lasprimeras.com.do\/index.php\/2024\/02\/08\/dos-aviones-de-jetblue-chocan-en-tierra-en-el-aeropuerto-de-boston\/","url_meta":{"origin":111783,"position":0},"title":"Dos aviones de JetBlue chocan en tierra en el aeropuerto de Boston","author":"BIMARY DE JES\u00daS Matos","date":"8 de febrero de 2024","format":false,"excerpt":"Boston.-Dos\u00a0aviones\u00a0de JetBlue hicieron\u00a0contacto\u00a0el jueves por la ma\u00f1ana en el\u00a0Aeropuerto Internacional Logan de Boston, con la punta de un ala tocando la cola de otro avi\u00f3n. Nadie result\u00f3\u00a0herido\u00a0y ambos vuelos fueron\u00a0cancelados, dijo Jennifer Mehigan, de la Autoridad Portuaria de Massachusetts, en un correo electr\u00f3nico. El\u00a0aler\u00f3n\u00a0izquierdo del vuelo 777 de JetBlue\u00a0golpe\u00f3 el\u00a0estabilizador\u00a0horizontal\u2026","rel":"","context":"En \u00abSin categor\u00eda\u00bb","block_context":{"text":"Sin categor\u00eda","link":"https:\/\/lasprimeras.com.do\/index.php\/category\/sin-categoria\/"},"img":{"alt_text":"","src":"https:\/\/i0.wp.com\/lasprimeras.com.do\/wp-content\/uploads\/2024\/02\/shutterstock2253506157-9b2cb374-focus-0-0-375-240.jpg?resize=350%2C200&ssl=1","width":350,"height":200},"classes":[]},{"id":111331,"url":"https:\/\/lasprimeras.com.do\/index.php\/2025\/10\/07\/rescatan-tres-personas-a-bordo-del-helicoptero-medico-accidentado-en-sacramento\/","url_meta":{"origin":111783,"position":1},"title":"Rescatan tres personas a bordo del helic\u00f3ptero m\u00e9dico accidentado en Sacramento","author":"Nelson Feliz","date":"7 de octubre de 2025","format":false,"excerpt":"Automovilistas levantan helic\u00f3ptero m\u00e9dico para rescatar a una mujer despu\u00e9s de un accidente que dej\u00f3 tres heridos en la autopista de Sacramento Por HALLIE GOLDEN Un helic\u00f3ptero m\u00e9dico se estrell\u00f3 en una autopista en Sacramento, hiriendo gravemente a tres personas a bordo, incluida una mujer que qued\u00f3 atrapada debajo y\u2026","rel":"","context":"En \u00abINTERNACIONALES\u00bb","block_context":{"text":"INTERNACIONALES","link":"https:\/\/lasprimeras.com.do\/index.php\/category\/sin-categoria\/internacionales\/"},"img":{"alt_text":"","src":"https:\/\/i0.wp.com\/lasprimeras.com.do\/wp-content\/uploads\/2025\/10\/accidente.jpg?resize=350%2C200&ssl=1","width":350,"height":200,"srcset":"https:\/\/i0.wp.com\/lasprimeras.com.do\/wp-content\/uploads\/2025\/10\/accidente.jpg?resize=350%2C200&ssl=1 1x, https:\/\/i0.wp.com\/lasprimeras.com.do\/wp-content\/uploads\/2025\/10\/accidente.jpg?resize=525%2C300&ssl=1 1.5x, https:\/\/i0.wp.com\/lasprimeras.com.do\/wp-content\/uploads\/2025\/10\/accidente.jpg?resize=700%2C400&ssl=1 2x"},"classes":[]},{"id":85888,"url":"https:\/\/lasprimeras.com.do\/index.php\/2024\/07\/11\/fundacion-en-massachusetts-procura-ayuda-para-dominicanos-en-estado-de-vulnerabilidad\/","url_meta":{"origin":111783,"position":2},"title":"Fundaci\u00f3n en Massachusetts procura ayuda para dominicanos en estado de vulnerabilidad","author":"Nelson Feliz","date":"11 de julio de 2024","format":false,"excerpt":"La vocaci\u00f3n de servicio y ayuda a los m\u00e1s necesitados fue lo que inspir\u00f3 a la joven dominicana radicada en la ciudad de Lawrence, Massachusetts, Estados Unidos, Clara Ariza a crear Healing Light Foundation, Inc. Esta entidad nace con el objetivo, no solo de ayudar a personas que viven en\u2026","rel":"","context":"En \u00abSin categor\u00eda\u00bb","block_context":{"text":"Sin categor\u00eda","link":"https:\/\/lasprimeras.com.do\/index.php\/category\/sin-categoria\/"},"img":{"alt_text":"","src":"https:\/\/i0.wp.com\/lasprimeras.com.do\/wp-content\/uploads\/2024\/07\/Clara-Ariza.jpg?resize=350%2C200&ssl=1","width":350,"height":200,"srcset":"https:\/\/i0.wp.com\/lasprimeras.com.do\/wp-content\/uploads\/2024\/07\/Clara-Ariza.jpg?resize=350%2C200&ssl=1 1x, https:\/\/i0.wp.com\/lasprimeras.com.do\/wp-content\/uploads\/2024\/07\/Clara-Ariza.jpg?resize=525%2C300&ssl=1 1.5x"},"classes":[]},{"id":99934,"url":"https:\/\/lasprimeras.com.do\/index.php\/2025\/05\/29\/avion-de-patrulla-de-la-marina-surcoreana-se-estrella-en-el-sur-del-pais-y-causa-cuatro-muertos\/","url_meta":{"origin":111783,"position":3},"title":"Avi\u00f3n de patrulla de la Marina surcoreana se estrella en el sur del pa\u00eds y causa cuatro muertos","author":"Nelson Feliz","date":"29 de mayo de 2025","format":false,"excerpt":"POR HYUNG-JIN KIM and KIM TONG-HYUNG SE\u00daL, Corea del Sur (AP) \u2014 Un avi\u00f3n de la Marina de Corea del Sur se estrell\u00f3 durante un vuelo de entrenamiento el jueves y sus cuatro tripulantes fallecieron, se\u00f1al\u00f3 el departamento. El avi\u00f3n de patrulla P-3 sali\u00f3 de su base en la ciudad\u2026","rel":"","context":"En \u00abINTERNACIONALES\u00bb","block_context":{"text":"INTERNACIONALES","link":"https:\/\/lasprimeras.com.do\/index.php\/category\/sin-categoria\/internacionales\/"},"img":{"alt_text":"","src":"https:\/\/i0.wp.com\/lasprimeras.com.do\/wp-content\/uploads\/2025\/05\/aVION.jpg?resize=350%2C200&ssl=1","width":350,"height":200,"srcset":"https:\/\/i0.wp.com\/lasprimeras.com.do\/wp-content\/uploads\/2025\/05\/aVION.jpg?resize=350%2C200&ssl=1 1x, https:\/\/i0.wp.com\/lasprimeras.com.do\/wp-content\/uploads\/2025\/05\/aVION.jpg?resize=525%2C300&ssl=1 1.5x, https:\/\/i0.wp.com\/lasprimeras.com.do\/wp-content\/uploads\/2025\/05\/aVION.jpg?resize=700%2C400&ssl=1 2x"},"classes":[]},{"id":70471,"url":"https:\/\/lasprimeras.com.do\/index.php\/2023\/12\/11\/cierran-gallera-en-puerto-plata-donde-mataron-hombre-e-hirieron-otro-a-balazos\/","url_meta":{"origin":111783,"position":4},"title":"Cierran gallera en Puerto Plata donde mataron hombre e hirieron otro a balazos","author":"Nelson Feliz","date":"11 de diciembre de 2023","format":false,"excerpt":"El Ministerio de Interior y Polic\u00eda cerr\u00f3 la gallera en el paraje Cam\u00fa del municipio Villa Montellano, provincia Puerto Plata, donde la noche del pasado viernes un hombre muri\u00f3 y otro result\u00f3 herido a balazos, durante una discusi\u00f3n por una apuesta. La informaci\u00f3n sobre el cierre del Club Gall\u00edstico Cam\u00fa,\u2026","rel":"","context":"En \u00abJUSTICIA\u00bb","block_context":{"text":"JUSTICIA","link":"https:\/\/lasprimeras.com.do\/index.php\/category\/justicia\/"},"img":{"alt_text":"","src":"https:\/\/i0.wp.com\/lasprimeras.com.do\/wp-content\/uploads\/2023\/12\/gallera.jpg?resize=350%2C200&ssl=1","width":350,"height":200,"srcset":"https:\/\/i0.wp.com\/lasprimeras.com.do\/wp-content\/uploads\/2023\/12\/gallera.jpg?resize=350%2C200&ssl=1 1x, https:\/\/i0.wp.com\/lasprimeras.com.do\/wp-content\/uploads\/2023\/12\/gallera.jpg?resize=525%2C300&ssl=1 1.5x, https:\/\/i0.wp.com\/lasprimeras.com.do\/wp-content\/uploads\/2023\/12\/gallera.jpg?resize=700%2C400&ssl=1 2x"},"classes":[]},{"id":112936,"url":"https:\/\/lasprimeras.com.do\/index.php\/2025\/10\/28\/avion-se-estrella-mientras-transportaba-turistas-a-masai-mara-kenia-matando-a-11-personas\/","url_meta":{"origin":111783,"position":5},"title":"Avi\u00f3n se estrella mientras transportaba turistas a Mas\u00e1i Mara, Kenia, matando a 11 personas","author":"Nelson Feliz","date":"28 de octubre de 2025","format":false,"excerpt":"Por EVELYNE MUSAMBI NAIROBI, Kenia (AP) \u2014 Un accidente a\u00e9reo mat\u00f3 a 11 personas, en su mayor\u00eda turistas extranjeros, en la regi\u00f3n costera keniana de Kwale la madrugada del martes mientras se dirig\u00edan a la Reserva Nacional de Maasai Mara bajo una intensa lluvia La aerol\u00ednea, Mombasa Air Safari, dijo\u2026","rel":"","context":"En \u00abINTERNACIONALES\u00bb","block_context":{"text":"INTERNACIONALES","link":"https:\/\/lasprimeras.com.do\/index.php\/category\/sin-categoria\/internacionales\/"},"img":{"alt_text":"","src":"https:\/\/i0.wp.com\/lasprimeras.com.do\/wp-content\/uploads\/2025\/10\/avion-2.jpg?resize=350%2C200&ssl=1","width":350,"height":200,"srcset":"https:\/\/i0.wp.com\/lasprimeras.com.do\/wp-content\/uploads\/2025\/10\/avion-2.jpg?resize=350%2C200&ssl=1 1x, https:\/\/i0.wp.com\/lasprimeras.com.do\/wp-content\/uploads\/2025\/10\/avion-2.jpg?resize=525%2C300&ssl=1 1.5x, https:\/\/i0.wp.com\/lasprimeras.com.do\/wp-content\/uploads\/2025\/10\/avion-2.jpg?resize=700%2C400&ssl=1 2x"},"classes":[]}],"jetpack_sharing_enabled":true,"_links":{"self":[{"href":"https:\/\/lasprimeras.com.do\/index.php\/wp-json\/wp\/v2\/posts\/111783","targetHints":{"allow":["GET"]}}],"collection":[{"href":"https:\/\/lasprimeras.com.do\/index.php\/wp-json\/wp\/v2\/posts"}],"about":[{"href":"https:\/\/lasprimeras.com.do\/index.php\/wp-json\/wp\/v2\/types\/post"}],"author":[{"embeddable":true,"href":"https:\/\/lasprimeras.com.do\/index.php\/wp-json\/wp\/v2\/users\/10"}],"replies":[{"embeddable":true,"href":"https:\/\/lasprimeras.com.do\/index.php\/wp-json\/wp\/v2\/comments?post=111783"}],"version-history":[{"count":1,"href":"https:\/\/lasprimeras.com.do\/index.php\/wp-json\/wp\/v2\/posts\/111783\/revisions"}],"predecessor-version":[{"id":111785,"href":"https:\/\/lasprimeras.com.do\/index.php\/wp-json\/wp\/v2\/posts\/111783\/revisions\/111785"}],"wp:featuredmedia":[{"embeddable":true,"href":"https:\/\/lasprimeras.com.do\/index.php\/wp-json\/wp\/v2\/media\/111784"}],"wp:attachment":[{"href":"https:\/\/lasprimeras.com.do\/index.php\/wp-json\/wp\/v2\/media?parent=111783"}],"wp:term":[{"taxonomy":"category","embeddable":true,"href":"https:\/\/lasprimeras.com.do\/index.php\/wp-json\/wp\/v2\/categories?post=111783"},{"taxonomy":"post_tag","embeddable":true,"href":"https:\/\/lasprimeras.com.do\/index.php\/wp-json\/wp\/v2\/tags?post=111783"}],"curies":[{"name":"wp","href":"https:\/\/api.w.org\/{rel}","templated":true}]}}