{"id":111786,"date":"2025-10-13T12:52:38","date_gmt":"2025-10-13T16:52:38","guid":{"rendered":"https:\/\/lasprimeras.com.do\/?p=111786"},"modified":"2025-10-13T12:52:41","modified_gmt":"2025-10-13T16:52:41","slug":"corte-suprema-aborda-ataque-republicano-a-ley-de-derecho-al-voto-en-caso-sobre-representacion-negra","status":"publish","type":"post","link":"https:\/\/lasprimeras.com.do\/index.php\/2025\/10\/13\/corte-suprema-aborda-ataque-republicano-a-ley-de-derecho-al-voto-en-caso-sobre-representacion-negra\/","title":{"rendered":"Corte Suprema aborda ataque republicano a Ley de Derecho al Voto en caso sobre representaci\u00f3n negra"},"content":{"rendered":"\n<p>POR MARK SHERMAN<\/p>\n\n\n\n<p>WASHINGTON (AP) \u2014 Un ataque republicano a una disposici\u00f3n central de la Ley de Derecho al Voto, dise\u00f1ada para proteger a las minor\u00edas raciales, llega esta semana a la Corte Suprema, m\u00e1s de una d\u00e9cada despu\u00e9s de que los jueces eliminaran otro pilar de la ley de 60 a\u00f1os de antig\u00fcedad.<\/p>\n\n\n\n<p>En los argumentos del mi\u00e9rcoles, los abogados de Luisiana y la administraci\u00f3n Trump intentar\u00e1n persuadir a los jueces para que eliminen el segundo distrito congresional mayoritariamente negro del estado y hagan mucho m\u00e1s dif\u00edcil, si no imposible, tener en cuenta la raza en la redistribuci\u00f3n de distritos.<\/p>\n\n\n\n<p>\u201cLa redistribuci\u00f3n de distritos basada en la raza es fundamentalmente contraria a nuestra Constituci\u00f3n\u201d, escribi\u00f3 la fiscal general de Luisiana, Elizabeth Murrill, en la presentaci\u00f3n del estado ante la Corte Suprema.<\/p>\n\n\n\n<p>Ya se est\u00e1 desarrollando una batalla sobre la redistribuci\u00f3n de distritos congresionales en todo el pa\u00eds despu\u00e9s de que el presidente Donald Trump comenzara a instar a Texas y otros estados controlados por republicanos a redibujar sus l\u00edneas para facilitar que el Partido Republicano mantenga su estrecha mayor\u00eda en la C\u00e1mara de Representantes.<\/p>\n\n\n\n<p>Un fallo a favor de Luisiana podr\u00eda intensificar ese esfuerzo y extenderse a los distritos legislativos estatales y locales.<\/p>\n\n\n\n<p>La corte dominada por conservadores, que hace solo dos a\u00f1os puso fin a la acci\u00f3n afirmativa en las admisiones universitarias, podr\u00eda ser receptiva.<\/p>\n\n\n\n<p>En el centro de la lucha legal est\u00e1 el presidente del tribunal John Roberts, quien ha tenido la ley de derechos civiles en su mira desde su tiempo como joven abogado en el Departamento de Justicia de la era Reagan hasta su trabajo actual.<\/p>\n\n\n\n<p>\u201cEs un negocio s\u00f3rdido, este de dividirnos por raza\u201d, escribi\u00f3 Roberts en una opini\u00f3n disidente en 2006 en su primer caso importante de derechos de voto como presidente del tribunal.<\/p>\n\n\n\n<p>En 2013, Roberts escribi\u00f3 para la mayor\u00eda al desmantelar el requisito de la ley hist\u00f3rica de que los estados y gobiernos locales con un historial de discriminaci\u00f3n, principalmente en el sur, obtengan aprobaci\u00f3n antes de realizar cualquier cambio relacionado con las elecciones.<\/p>\n\n\n\n<p>\u201cNuestro pa\u00eds ha cambiado, y aunque ninguna discriminaci\u00f3n racial en la votaci\u00f3n es aceptable, el Congreso debe asegurarse de que la legislaci\u00f3n que aprueba para remediar ese problema hable de las condiciones actuales\u201d, escribi\u00f3 Roberts.<\/p>\n\n\n\n<p>La disposici\u00f3n impugnada se basa en condiciones actuales<\/p>\n\n\n\n<p>Los desaf\u00edos bajo la disposici\u00f3n conocida como la Secci\u00f3n 2s de la ley de derecho al voto deben poder mostrar que hay una votaci\u00f3n racialmente polarizada y una incapacidad de las poblaciones minoritarias para elegir candidatos de su elecci\u00f3n, entre otros factores.<\/p>\n\n\n\n<p>\u201cLa raza sigue siendo un factor muy presente en los patrones de votaci\u00f3n actuales en el estado de Luisiana. Es cierto en muchos lugares del pa\u00eds\u201d, declar\u00f3 Sarah Brannon, subdirectora del Proyecto de Derechos de Voto de la Uni\u00f3n Americana de Libertades Civiles.<\/p>\n\n\n\n<p>El caso de Luisiana lleg\u00f3 a este punto solo despu\u00e9s de que votantes negros y grupos de derechos civiles demandaran y ganaran fallos de tribunales inferiores que anularon el primer mapa congresional dibujado por la Legislatura controlada por el Partido Republicano del estado despu\u00e9s del censo de 2020. Ese mapa cre\u00f3 solo un distrito mayoritariamente negro entre seis esca\u00f1os en la C\u00e1mara en un estado que es un tercio negro.<\/p>\n\n\n\n<p>Luisiana apel\u00f3 a la Corte Suprema pero finalmente agreg\u00f3 un segundo distrito mayoritariamente negro despu\u00e9s del fallo 5-4 de los jueces en 2023 que encontr\u00f3 una probable violaci\u00f3n de la Ley de Derecho al Voto en un caso similar sobre el mapa congresional de Alabama.<\/p>\n\n\n\n<p>Roberts y el juez Brett Kavanaugh se unieron a sus tres colegas m\u00e1s liberales en el resultado de Alabama. Roberts rechaz\u00f3 lo que describi\u00f3 como \u201cel intento de Alabama de rehacer nuestra jurisprudencia de la Secci\u00f3n 2&#8243;.<\/p>\n\n\n\n<p>Eso podr\u00eda haber resuelto las cosas, pero un grupo de votantes blancos se quej\u00f3 de que la raza, no la pol\u00edtica, era el factor predominante que impulsaba el nuevo mapa de Luisiana. Un tribunal de tres jueces estuvo de acuerdo, lo que llev\u00f3 al caso actual de la corte superior.<\/p>\n","protected":false},"excerpt":{"rendered":"<p>POR MARK SHERMAN WASHINGTON (AP) \u2014 Un ataque republicano a una disposici\u00f3n central de la Ley de Derecho al Voto, dise\u00f1ada para proteger a las minor\u00edas raciales, llega esta semana&hellip;<\/p>\n","protected":false},"author":10,"featured_media":111787,"comment_status":"open","ping_status":"open","sticky":false,"template":"","format":"standard","meta":{"content-type":"","jetpack_post_was_ever_published":false,"_jetpack_newsletter_access":"","_jetpack_dont_email_post_to_subs":false,"_jetpack_newsletter_tier_id":0,"_jetpack_memberships_contains_paywalled_content":false,"_jetpack_memberships_contains_paid_content":false,"footnotes":""},"categories":[16289],"tags":[25914,3207,22813,13850],"class_list":["post-111786","post","type-post","status-publish","format-standard","has-post-thumbnail","hentry","category-internacionales","tag-ataque-republicano","tag-corte-suprema","tag-ley-de-derecho-al-voto","tag-representacion"],"jetpack_featured_media_url":"https:\/\/lasprimeras.com.do\/wp-content\/uploads\/2025\/10\/John-Roberts.jpg","jetpack-related-posts":[{"id":52213,"url":"https:\/\/lasprimeras.com.do\/index.php\/2023\/06\/08\/la-corte-suprema-falla-a-favor-de-los-votantes-negros-en-el-caso-de-redistribucion-de-distritos-de-alabama\/","url_meta":{"origin":111786,"position":0},"title":"La Corte Suprema falla a favor de los votantes negros en el caso de redistribuci\u00f3n de distritos de Alabama","author":"prenxa100","date":"8 de junio de 2023","format":false,"excerpt":"Por MARK SHERMAN WASHINGTON (AP) \u2014 La Corte Suprema emiti\u00f3 un sorprendente fallo de 5-4 a favor de los votantes negros en un caso de redistribuci\u00f3n de distritos en el Congreso, ordenando la creaci\u00f3n de un segundo distrito con una gran poblaci\u00f3n negra. El presidente del Tribunal Supremo John Roberts\u2026","rel":"","context":"En \u00abSin categor\u00eda\u00bb","block_context":{"text":"Sin categor\u00eda","link":"https:\/\/lasprimeras.com.do\/index.php\/category\/sin-categoria\/"},"img":{"alt_text":"","src":"","width":0,"height":0},"classes":[]},{"id":54948,"url":"https:\/\/lasprimeras.com.do\/index.php\/2023\/07\/16\/alabama-se-apresura-a-adoptar-un-nuevo-mapa-del-congreso-en-medio-de-un-desacuerdo\/","url_meta":{"origin":111786,"position":1},"title":"Alabama se apresura a adoptar un nuevo mapa del Congreso en medio de un desacuerdo","author":"Nelson Feliz","date":"16 de julio de 2023","format":false,"excerpt":"POR KIM CHANDLER Los jueces federales que ordenaron a Alabama trazar nuevos l\u00edmites en el Congreso dijeron que el estado deber\u00eda tener un segundo distrito donde los votantes negros sean la mayor\u00eda \u201co algo bastante parecido\u201d y tengan la oportunidad de elegir a un representante de sus elecci\u00f3n. El aspecto\u2026","rel":"","context":"En \u00abSin categor\u00eda\u00bb","block_context":{"text":"Sin categor\u00eda","link":"https:\/\/lasprimeras.com.do\/index.php\/category\/sin-categoria\/"},"img":{"alt_text":"","src":"https:\/\/i0.wp.com\/lasprimeras.com.do\/wp-content\/uploads\/2023\/07\/Chris-Pringle.jpg?resize=350%2C200&ssl=1","width":350,"height":200,"srcset":"https:\/\/i0.wp.com\/lasprimeras.com.do\/wp-content\/uploads\/2023\/07\/Chris-Pringle.jpg?resize=350%2C200&ssl=1 1x, https:\/\/i0.wp.com\/lasprimeras.com.do\/wp-content\/uploads\/2023\/07\/Chris-Pringle.jpg?resize=525%2C300&ssl=1 1.5x, https:\/\/i0.wp.com\/lasprimeras.com.do\/wp-content\/uploads\/2023\/07\/Chris-Pringle.jpg?resize=700%2C400&ssl=1 2x"},"classes":[]},{"id":50688,"url":"https:\/\/lasprimeras.com.do\/index.php\/2023\/05\/23\/juez-federal-extiende-suspension-temporal-de-jueces-designados-en-la-capital-de-mississippi\/","url_meta":{"origin":111786,"position":2},"title":"Juez federal extiende suspensi\u00f3n temporal de jueces designados en la capital de Mississippi","author":"prenxa100","date":"23 de mayo de 2023","format":false,"excerpt":"Por EMILY WAGSTER PETTUS JACKSON, Mississippi, EE.UU. (AP) \u2014 Un juez federal extendi\u00f3 el lunes su orden que impide temporalmente que el presidente del Tribunal Supremo de Mississippi nombre jueces en la ciudad capital de Jackson y el condado donde se encuentra, ambos de mayor\u00eda negra. La nueva orden del\u2026","rel":"","context":"En \u00abSin categor\u00eda\u00bb","block_context":{"text":"Sin categor\u00eda","link":"https:\/\/lasprimeras.com.do\/index.php\/category\/sin-categoria\/"},"img":{"alt_text":"","src":"","width":0,"height":0},"classes":[]},{"id":105717,"url":"https:\/\/lasprimeras.com.do\/index.php\/2025\/08\/06\/las-protecciones-de-la-ley-de-derecho-al-voto-estan-bajo-amenaza-mientras-la-ley-conmemora-su-60o-aniversario\/","url_meta":{"origin":111786,"position":3},"title":"Las protecciones de la Ley de Derecho al Voto est\u00e1n bajo amenaza mientras la ley conmemora su 60\u00ba aniversario","author":"Nelson Feliz","date":"6 de agosto de 2025","format":false,"excerpt":"Por GARY FIELDS y JACK DURA WASHINGTON (AP) \u2014 El mi\u00e9rcoles se cumple el 60mo aniversario del d\u00eda en que el presidente Lyndon Johnson lleg\u00f3 al Capitolio de Estados Unidos y, con Martin Luther King Jr. detr\u00e1s de \u00e9l, firm\u00f3 la Ley de Derecho al Voto. La ley protegi\u00f3 el\u2026","rel":"","context":"En \u00abINTERNACIONALES\u00bb","block_context":{"text":"INTERNACIONALES","link":"https:\/\/lasprimeras.com.do\/index.php\/category\/sin-categoria\/internacionales\/"},"img":{"alt_text":"","src":"https:\/\/i0.wp.com\/lasprimeras.com.do\/wp-content\/uploads\/2025\/08\/voto.jpg?resize=350%2C200&ssl=1","width":350,"height":200,"srcset":"https:\/\/i0.wp.com\/lasprimeras.com.do\/wp-content\/uploads\/2025\/08\/voto.jpg?resize=350%2C200&ssl=1 1x, https:\/\/i0.wp.com\/lasprimeras.com.do\/wp-content\/uploads\/2025\/08\/voto.jpg?resize=525%2C300&ssl=1 1.5x, https:\/\/i0.wp.com\/lasprimeras.com.do\/wp-content\/uploads\/2025\/08\/voto.jpg?resize=700%2C400&ssl=1 2x"},"classes":[]},{"id":96528,"url":"https:\/\/lasprimeras.com.do\/index.php\/2025\/04\/02\/el-triunfo-democrata-en-la-corte-suprema-de-wisconsin-es-tambien-una-gran-derrota-para-elon-musk\/","url_meta":{"origin":111786,"position":4},"title":"El triunfo dem\u00f3crata en la Corte Suprema de Wisconsin es tambi\u00e9n una gran derrota para Elon Musk","author":"Nelson Feliz","date":"2 de abril de 2025","format":false,"excerpt":"POR NICHOLAS RICCARDI and THOMAS BEAUMONT MADISON, Wisconsin, EE.UU. (AP) \u2014 La jueza Susan Crawford mantuvo el martes la estrecha mayor\u00eda progresista en la Corte Suprema de Wisconsin al derrotar al conservador Brad Schimel, pero de alguna manera el verdadero perdedor de la elecci\u00f3n fue el multimillonario Elon Musk. Musk\u2026","rel":"","context":"En \u00abINTERNACIONALES\u00bb","block_context":{"text":"INTERNACIONALES","link":"https:\/\/lasprimeras.com.do\/index.php\/category\/sin-categoria\/internacionales\/"},"img":{"alt_text":"","src":"https:\/\/i0.wp.com\/lasprimeras.com.do\/wp-content\/uploads\/2025\/04\/Elon-Musk-1.jpg?resize=350%2C200&ssl=1","width":350,"height":200,"srcset":"https:\/\/i0.wp.com\/lasprimeras.com.do\/wp-content\/uploads\/2025\/04\/Elon-Musk-1.jpg?resize=350%2C200&ssl=1 1x, https:\/\/i0.wp.com\/lasprimeras.com.do\/wp-content\/uploads\/2025\/04\/Elon-Musk-1.jpg?resize=525%2C300&ssl=1 1.5x, https:\/\/i0.wp.com\/lasprimeras.com.do\/wp-content\/uploads\/2025\/04\/Elon-Musk-1.jpg?resize=700%2C400&ssl=1 2x"},"classes":[]},{"id":76213,"url":"https:\/\/lasprimeras.com.do\/index.php\/2024\/02\/08\/la-corte-suprema-de-colorado-busca-expulsar-a-trump-de-las-elecciones-por-el-ataque-al-capitolio\/","url_meta":{"origin":111786,"position":5},"title":"La Corte Suprema de Colorado busca expulsar a Trump de las elecciones por el ataque al Capitolio","author":"Nelson Feliz","date":"8 de febrero de 2024","format":false,"excerpt":"POR MARK SHERMAN WASHINGTON (AP) \u2014 La Corte Suprema escuchar\u00e1 el jueves la apelaci\u00f3n del expresidente Donald Trump para permanecer en la boleta electoral de 2024 , el caso electoral de mayor trascendencia de los magistrados desde Bush contra Gore en 2000. El tribunal sopesar\u00e1 los argumentos sobre si Trump\u2026","rel":"","context":"En \u00abSin categor\u00eda\u00bb","block_context":{"text":"Sin categor\u00eda","link":"https:\/\/lasprimeras.com.do\/index.php\/category\/sin-categoria\/"},"img":{"alt_text":"colorado","src":"https:\/\/i0.wp.com\/lasprimeras.com.do\/wp-content\/uploads\/2024\/02\/colorado.jpg?resize=350%2C200&ssl=1","width":350,"height":200,"srcset":"https:\/\/i0.wp.com\/lasprimeras.com.do\/wp-content\/uploads\/2024\/02\/colorado.jpg?resize=350%2C200&ssl=1 1x, https:\/\/i0.wp.com\/lasprimeras.com.do\/wp-content\/uploads\/2024\/02\/colorado.jpg?resize=525%2C300&ssl=1 1.5x, https:\/\/i0.wp.com\/lasprimeras.com.do\/wp-content\/uploads\/2024\/02\/colorado.jpg?resize=700%2C400&ssl=1 2x"},"classes":[]}],"jetpack_sharing_enabled":true,"_links":{"self":[{"href":"https:\/\/lasprimeras.com.do\/index.php\/wp-json\/wp\/v2\/posts\/111786","targetHints":{"allow":["GET"]}}],"collection":[{"href":"https:\/\/lasprimeras.com.do\/index.php\/wp-json\/wp\/v2\/posts"}],"about":[{"href":"https:\/\/lasprimeras.com.do\/index.php\/wp-json\/wp\/v2\/types\/post"}],"author":[{"embeddable":true,"href":"https:\/\/lasprimeras.com.do\/index.php\/wp-json\/wp\/v2\/users\/10"}],"replies":[{"embeddable":true,"href":"https:\/\/lasprimeras.com.do\/index.php\/wp-json\/wp\/v2\/comments?post=111786"}],"version-history":[{"count":1,"href":"https:\/\/lasprimeras.com.do\/index.php\/wp-json\/wp\/v2\/posts\/111786\/revisions"}],"predecessor-version":[{"id":111788,"href":"https:\/\/lasprimeras.com.do\/index.php\/wp-json\/wp\/v2\/posts\/111786\/revisions\/111788"}],"wp:featuredmedia":[{"embeddable":true,"href":"https:\/\/lasprimeras.com.do\/index.php\/wp-json\/wp\/v2\/media\/111787"}],"wp:attachment":[{"href":"https:\/\/lasprimeras.com.do\/index.php\/wp-json\/wp\/v2\/media?parent=111786"}],"wp:term":[{"taxonomy":"category","embeddable":true,"href":"https:\/\/lasprimeras.com.do\/index.php\/wp-json\/wp\/v2\/categories?post=111786"},{"taxonomy":"post_tag","embeddable":true,"href":"https:\/\/lasprimeras.com.do\/index.php\/wp-json\/wp\/v2\/tags?post=111786"}],"curies":[{"name":"wp","href":"https:\/\/api.w.org\/{rel}","templated":true}]}}