{"id":111789,"date":"2025-10-13T13:01:24","date_gmt":"2025-10-13T17:01:24","guid":{"rendered":"https:\/\/lasprimeras.com.do\/?p=111789"},"modified":"2025-10-13T13:01:26","modified_gmt":"2025-10-13T17:01:26","slug":"cuba-autoriza-la-salida-a-eeuu-del-disidente-jose-daniel-ferrer","status":"publish","type":"post","link":"https:\/\/lasprimeras.com.do\/index.php\/2025\/10\/13\/cuba-autoriza-la-salida-a-eeuu-del-disidente-jose-daniel-ferrer\/","title":{"rendered":"Cuba autoriza la salida a EEUU del disidente Jos\u00e9 Daniel Ferrer"},"content":{"rendered":"\n<p>POR ANDREA RODR\u00cdGUEZ<\/p>\n\n\n\n<p>LA HABANA (AP) \u2014 El disidente cubano Jos\u00e9 Daniel Ferrer, un firme opositor al gobierno isle\u00f1o, parti\u00f3 el lunes exiliado a Estados Unidos a pedido del gobierno de ese pa\u00eds.<\/p>\n\n\n\n<p>El director general de temas bilaterales de la canciller\u00eda cubana, Alejandro Garc\u00eda, confirm\u00f3 a The Associated Press que la salida se produjo antes del mediod\u00eda desde la ciudad de Santiago de Cuba, en el oriente del pa\u00eds, con destino a Florida.<\/p>\n\n\n\n<p>\u201cEn estos momentos est\u00e1 viajando a los Estados Unidos\u201d, se\u00f1al\u00f3 el directivo de exteriores. \u201cAbandona el pa\u00eds en virtud de una solicitud realizada por el gobierno de los Estados Unidos al gobierno cubano y con el que (Ferrer) estuvo de acuerdo\u201d.<\/p>\n\n\n\n<p>En im\u00e1genes a las que tuvo acceso AP se ve a Ferrer, de 55 a\u00f1os, vestido de camisa celeste y pantal\u00f3n oscuro subiendo a un avi\u00f3n mientras era despedido aparentemente por funcionarios.<\/p>\n\n\n\n<p>El gobierno cubano accedi\u00f3 al pedido de Estados Unidos \u201cconforme a los intercambios que existen en materia de aplicaci\u00f3n y cumplimiento de la ley entre los dos pa\u00edses\u201d, dijo Garc\u00eda.<\/p>\n\n\n\n<p>Ferrer se hizo conocido internacionalmente como parte de los 75 opositores encarcelados y enjuiciados en 2003, aunque una negociaci\u00f3n entre la Iglesia cat\u00f3lica, Espa\u00f1a y el entonces presidente cubano Ra\u00fal Castro logr\u00f3 las liberaciones entre 2010 y 2011.<\/p>\n\n\n\n<p>El opositor se neg\u00f3 entonces a salir de la isla \u2014la condici\u00f3n impuesta entonces para las liberaciones\u2014 y fund\u00f3 a comienzos de la pasada d\u00e9cada la Uni\u00f3n Patri\u00f3tica de Cuba, una organizaci\u00f3n pol\u00edtica sin reconocimiento legal pero desde la cual mantuvo una postura en contra del gobierno isle\u00f1o.<\/p>\n\n\n\n<p>Fue llevado a prisi\u00f3n nuevamente en el marco de una serie de protestas antigubernamentales en julio de 2021, cuando ya pagaba una condena domiciliaria a cuatro a\u00f1os y medio por el delito de lesiones.<\/p>\n\n\n\n<p>El gobierno de Estados Unidos hab\u00eda exigido p\u00fablicamente su liberaci\u00f3n y Amnist\u00eda Internacional lo ten\u00eda incorporado a su lista de media docena de presos de conciencia en la isla.<\/p>\n\n\n\n<p>Fue otra vez liberado en enero pasado como parte de un gesto de Cuba a presos con delitos de todo tipo por el a\u00f1o jubilar de la Iglesia cat\u00f3lica, pero volvi\u00f3 a la c\u00e1rcel en abril cuando las autoridades lo acusaron de no cumplir con las condiciones para la libertad condicional.<\/p>\n\n\n\n<p>A comienzos de octubre familiares de Ferrer hicieron circular una carta escrita por \u00e9l en la que se comunicaba su aceptaci\u00f3n a salir al exilio. Se desconocen las condiciones impuestas para su partida al extranjero.<\/p>\n\n\n\n<p>La funcionaria de la Fiscal\u00eda General de la Rep\u00fablica, Ana Hern\u00e1ndez, dijo a AP que para el caso de Ferrer \u201cse le ha modificado la medica cautelar de prisi\u00f3n provisional\u201d, es decir que se le permiti\u00f3 partir de acuerdo a las leyes y la Constituci\u00f3n, pero no especific\u00f3 el alcance de la medida o c\u00f3mo se hab\u00eda desarrollado la negociaci\u00f3n.<\/p>\n","protected":false},"excerpt":{"rendered":"<p>POR ANDREA RODR\u00cdGUEZ LA HABANA (AP) \u2014 El disidente cubano Jos\u00e9 Daniel Ferrer, un firme opositor al gobierno isle\u00f1o, parti\u00f3 el lunes exiliado a Estados Unidos a pedido del gobierno&hellip;<\/p>\n","protected":false},"author":10,"featured_media":111790,"comment_status":"open","ping_status":"open","sticky":false,"template":"","format":"standard","meta":{"content-type":"","jetpack_post_was_ever_published":false,"_jetpack_newsletter_access":"","_jetpack_dont_email_post_to_subs":false,"_jetpack_newsletter_tier_id":0,"_jetpack_memberships_contains_paywalled_content":false,"_jetpack_memberships_contains_paid_content":false,"footnotes":""},"categories":[16289],"tags":[4528,5053,25916,979,25917,343],"class_list":["post-111789","post","type-post","status-publish","format-standard","has-post-thumbnail","hentry","category-internacionales","tag-autoriza","tag-cuba","tag-disidente","tag-eeuu","tag-jose-daniel-ferrer","tag-salida"],"jetpack_featured_media_url":"https:\/\/lasprimeras.com.do\/wp-content\/uploads\/2025\/10\/CUBA.jpg","jetpack-related-posts":[{"id":58017,"url":"https:\/\/lasprimeras.com.do\/index.php\/2023\/08\/18\/eeuu-reabrira-oficina-en-la-habana-para-tramites-de-reunificacion-familiar\/","url_meta":{"origin":111789,"position":0},"title":"EEUU reabrir\u00e1 oficina en La Habana para tr\u00e1mites de reunificaci\u00f3n familiar","author":"Nelson Feliz","date":"18 de agosto de 2023","format":false,"excerpt":"Eva RODRIGUEZ LORENZO Estados Unidos anunci\u00f3 que reabrir\u00e1 una oficina en La Habana que se encargar\u00e1 de los tr\u00e1mites para la reunificaci\u00f3n familiar y las solicitudes de parientes de refugiados. En un comunicado el Departamento de Seguridad Interior (DHS) inform\u00f3 que la oficina de los Servicios de Ciudadan\u00eda e Inmigraci\u00f3n\u2026","rel":"","context":"En \u00abSin categor\u00eda\u00bb","block_context":{"text":"Sin categor\u00eda","link":"https:\/\/lasprimeras.com.do\/index.php\/category\/sin-categoria\/"},"img":{"alt_text":"estados unidos","src":"https:\/\/i0.wp.com\/lasprimeras.com.do\/wp-content\/uploads\/2023\/08\/estados-unidos.jpg?resize=350%2C200&ssl=1","width":350,"height":200,"srcset":"https:\/\/i0.wp.com\/lasprimeras.com.do\/wp-content\/uploads\/2023\/08\/estados-unidos.jpg?resize=350%2C200&ssl=1 1x, https:\/\/i0.wp.com\/lasprimeras.com.do\/wp-content\/uploads\/2023\/08\/estados-unidos.jpg?resize=525%2C300&ssl=1 1.5x, https:\/\/i0.wp.com\/lasprimeras.com.do\/wp-content\/uploads\/2023\/08\/estados-unidos.jpg?resize=700%2C400&ssl=1 2x"},"classes":[]},{"id":124750,"url":"https:\/\/lasprimeras.com.do\/index.php\/2026\/03\/16\/funcionarios-cubanos-reportan-apagon-en-toda-la-isla-en-medio-de-crisis-energetica-del-pais\/","url_meta":{"origin":111789,"position":1},"title":"Funcionarios cubanos reportan apag\u00f3n en toda la isla en medio de crisis energ\u00e9tica del pa\u00eds","author":"Nelson Feliz","date":"16 de marzo de 2026","format":false,"excerpt":"LA HABANA (AP) \u2014 Funcionarios en Cuba informaron que se produjo un apag\u00f3n el lunes en toda la isla de unos 11 millones de habitantes, a medida que se agravan las crisis energ\u00e9tica y econ\u00f3mica del pa\u00eds. Cuba ha atribuido sus penurias a un bloqueo energ\u00e9tico de Estados Unidos luego\u2026","rel":"","context":"En \u00abINTERNACIONALES\u00bb","block_context":{"text":"INTERNACIONALES","link":"https:\/\/lasprimeras.com.do\/index.php\/category\/sin-categoria\/internacionales\/"},"img":{"alt_text":"Un soldado monta en bicicleta en La Habana","src":"https:\/\/i0.wp.com\/lasprimeras.com.do\/wp-content\/uploads\/2026\/03\/Un-soldado-monta-en-bicicleta-en-La-Habana.jpg?resize=350%2C200&ssl=1","width":350,"height":200,"srcset":"https:\/\/i0.wp.com\/lasprimeras.com.do\/wp-content\/uploads\/2026\/03\/Un-soldado-monta-en-bicicleta-en-La-Habana.jpg?resize=350%2C200&ssl=1 1x, https:\/\/i0.wp.com\/lasprimeras.com.do\/wp-content\/uploads\/2026\/03\/Un-soldado-monta-en-bicicleta-en-La-Habana.jpg?resize=525%2C300&ssl=1 1.5x, https:\/\/i0.wp.com\/lasprimeras.com.do\/wp-content\/uploads\/2026\/03\/Un-soldado-monta-en-bicicleta-en-La-Habana.jpg?resize=700%2C400&ssl=1 2x"},"classes":[]},{"id":125734,"url":"https:\/\/lasprimeras.com.do\/index.php\/2026\/03\/25\/presidenta-de-mexico-dice-que-mantendra-acuerdo-sobre-medicos-cubanos\/","url_meta":{"origin":111789,"position":2},"title":"Presidenta de M\u00e9xico dice que mantendr\u00e1 acuerdo sobre m\u00e9dicos cubanos","author":"Nelson Feliz","date":"25 de marzo de 2026","format":false,"excerpt":"POR MEGAN JANETSKY CIUDAD DE M\u00c9XICO (AP) \u2014 La presidenta Claudia Sheinbaum afirm\u00f3 el mi\u00e9rcoles que M\u00e9xico seguir\u00e1 contando con m\u00e9dicos cubanos que trabajan en el pa\u00eds, en un momento en que otras naciones del continente han dejado de lado sus acuerdos con el gobierno de Cuba ante la creciente\u2026","rel":"","context":"En \u00abINTERNACIONALES\u00bb","block_context":{"text":"INTERNACIONALES","link":"https:\/\/lasprimeras.com.do\/index.php\/category\/sin-categoria\/internacionales\/"},"img":{"alt_text":"Claudia Sheinbaum","src":"https:\/\/i0.wp.com\/lasprimeras.com.do\/wp-content\/uploads\/2026\/03\/Claudia-Sheinbaum-1.jpg?resize=350%2C200&ssl=1","width":350,"height":200,"srcset":"https:\/\/i0.wp.com\/lasprimeras.com.do\/wp-content\/uploads\/2026\/03\/Claudia-Sheinbaum-1.jpg?resize=350%2C200&ssl=1 1x, https:\/\/i0.wp.com\/lasprimeras.com.do\/wp-content\/uploads\/2026\/03\/Claudia-Sheinbaum-1.jpg?resize=525%2C300&ssl=1 1.5x, https:\/\/i0.wp.com\/lasprimeras.com.do\/wp-content\/uploads\/2026\/03\/Claudia-Sheinbaum-1.jpg?resize=700%2C400&ssl=1 2x"},"classes":[]},{"id":123721,"url":"https:\/\/lasprimeras.com.do\/index.php\/2026\/03\/04\/ecuador-declara-persona-non-grata-a-embajador-de-cuba-y-su-mision-les-ordena-abandonar-el-pais\/","url_meta":{"origin":111789,"position":3},"title":"Ecuador declara persona \u201cnon grata\u201d a embajador de Cuba y su misi\u00f3n. Les ordena abandonar el pa\u00eds","author":"Nelson Feliz","date":"4 de marzo de 2026","format":false,"excerpt":"POR GABRIELA MOLINA QUITO (AP) \u2014 Ecuador declar\u00f3 el mi\u00e9rcoles persona \u201cnon grata\u201d al embajador de Cuba, Basilio Antonio Guti\u00e9rrez, y a su personal diplom\u00e1tico y les otorg\u00f3 48 horas para que abandonen el pa\u00eds sudamericano. El Ministerio de Relaciones Exteriores ecuatoriano inform\u00f3 en un comunicado que la medida fue\u2026","rel":"","context":"En \u00abINTERNACIONALES\u00bb","block_context":{"text":"INTERNACIONALES","link":"https:\/\/lasprimeras.com.do\/index.php\/category\/sin-categoria\/internacionales\/"},"img":{"alt_text":"","src":"https:\/\/i0.wp.com\/lasprimeras.com.do\/wp-content\/uploads\/2026\/03\/cuba.jpg?resize=350%2C200&ssl=1","width":350,"height":200,"srcset":"https:\/\/i0.wp.com\/lasprimeras.com.do\/wp-content\/uploads\/2026\/03\/cuba.jpg?resize=350%2C200&ssl=1 1x, https:\/\/i0.wp.com\/lasprimeras.com.do\/wp-content\/uploads\/2026\/03\/cuba.jpg?resize=525%2C300&ssl=1 1.5x, https:\/\/i0.wp.com\/lasprimeras.com.do\/wp-content\/uploads\/2026\/03\/cuba.jpg?resize=700%2C400&ssl=1 2x"},"classes":[]},{"id":112747,"url":"https:\/\/lasprimeras.com.do\/index.php\/2025\/10\/27\/trump-ensanado-contra-cuba\/","url_meta":{"origin":111789,"position":4},"title":"Trump ensa\u00f1ado contra Cuba","author":"Nelson Feliz","date":"27 de octubre de 2025","format":false,"excerpt":"Por Freddy Gonz\u00e1lez Desde su regreso a la casa Blanca en el exc\u00e9ntrico y megal\u00f3mano Donald John Trump, partidario de la Teor\u00eda del destino Manifest, ha enfilado su pol\u00edtica contra sus vecinos a ambos lados de sus fronteras (Canad\u00e1 y M\u00e9xico), y siguiendo la pol\u00edtica de su antigua administraci\u00f3n se\u2026","rel":"","context":"En \u00abOPINI\u00d3N\u00bb","block_context":{"text":"OPINI\u00d3N","link":"https:\/\/lasprimeras.com.do\/index.php\/category\/opinion\/"},"img":{"alt_text":"Freddy Gonz\u00e1lez","src":"https:\/\/i0.wp.com\/lasprimeras.com.do\/wp-content\/uploads\/2025\/10\/Freddy-Gonzalez.jpeg?resize=350%2C200&ssl=1","width":350,"height":200,"srcset":"https:\/\/i0.wp.com\/lasprimeras.com.do\/wp-content\/uploads\/2025\/10\/Freddy-Gonzalez.jpeg?resize=350%2C200&ssl=1 1x, https:\/\/i0.wp.com\/lasprimeras.com.do\/wp-content\/uploads\/2025\/10\/Freddy-Gonzalez.jpeg?resize=525%2C300&ssl=1 1.5x, https:\/\/i0.wp.com\/lasprimeras.com.do\/wp-content\/uploads\/2025\/10\/Freddy-Gonzalez.jpeg?resize=700%2C400&ssl=1 2x, https:\/\/i0.wp.com\/lasprimeras.com.do\/wp-content\/uploads\/2025\/10\/Freddy-Gonzalez.jpeg?resize=1050%2C600&ssl=1 3x"},"classes":[]},{"id":124871,"url":"https:\/\/lasprimeras.com.do\/index.php\/2026\/03\/17\/trump-y-rubio-piden-un-nuevo-gobierno-en-cuba-en-medio-de-una-profunda-crisis-economica-en-la-isla\/","url_meta":{"origin":111789,"position":5},"title":"Trump y Rubio piden un nuevo gobierno en Cuba en medio de una profunda crisis econ\u00f3mica en la isla","author":"Nelson Feliz","date":"17 de marzo de 2026","format":false,"excerpt":"POR MILEXSY DUR\u00c1N LA HABANA (AP) \u2014 El presidente estadounidense Donald Trump prometi\u00f3 el martes acciones inminentes contra el gobierno de Cuba, en momentos en que sus medidas profundizan cada vez m\u00e1s la crisis en la isla. Un d\u00eda despu\u00e9s de que las sanciones de Trump contra Venezuela \u2014incluido un\u2026","rel":"","context":"En \u00abINTERNACIONALES\u00bb","block_context":{"text":"INTERNACIONALES","link":"https:\/\/lasprimeras.com.do\/index.php\/category\/sin-categoria\/internacionales\/"},"img":{"alt_text":"","src":"https:\/\/i0.wp.com\/lasprimeras.com.do\/wp-content\/uploads\/2026\/03\/CUBA-1.jpg?resize=350%2C200&ssl=1","width":350,"height":200,"srcset":"https:\/\/i0.wp.com\/lasprimeras.com.do\/wp-content\/uploads\/2026\/03\/CUBA-1.jpg?resize=350%2C200&ssl=1 1x, https:\/\/i0.wp.com\/lasprimeras.com.do\/wp-content\/uploads\/2026\/03\/CUBA-1.jpg?resize=525%2C300&ssl=1 1.5x, https:\/\/i0.wp.com\/lasprimeras.com.do\/wp-content\/uploads\/2026\/03\/CUBA-1.jpg?resize=700%2C400&ssl=1 2x"},"classes":[]}],"jetpack_sharing_enabled":true,"_links":{"self":[{"href":"https:\/\/lasprimeras.com.do\/index.php\/wp-json\/wp\/v2\/posts\/111789","targetHints":{"allow":["GET"]}}],"collection":[{"href":"https:\/\/lasprimeras.com.do\/index.php\/wp-json\/wp\/v2\/posts"}],"about":[{"href":"https:\/\/lasprimeras.com.do\/index.php\/wp-json\/wp\/v2\/types\/post"}],"author":[{"embeddable":true,"href":"https:\/\/lasprimeras.com.do\/index.php\/wp-json\/wp\/v2\/users\/10"}],"replies":[{"embeddable":true,"href":"https:\/\/lasprimeras.com.do\/index.php\/wp-json\/wp\/v2\/comments?post=111789"}],"version-history":[{"count":1,"href":"https:\/\/lasprimeras.com.do\/index.php\/wp-json\/wp\/v2\/posts\/111789\/revisions"}],"predecessor-version":[{"id":111791,"href":"https:\/\/lasprimeras.com.do\/index.php\/wp-json\/wp\/v2\/posts\/111789\/revisions\/111791"}],"wp:featuredmedia":[{"embeddable":true,"href":"https:\/\/lasprimeras.com.do\/index.php\/wp-json\/wp\/v2\/media\/111790"}],"wp:attachment":[{"href":"https:\/\/lasprimeras.com.do\/index.php\/wp-json\/wp\/v2\/media?parent=111789"}],"wp:term":[{"taxonomy":"category","embeddable":true,"href":"https:\/\/lasprimeras.com.do\/index.php\/wp-json\/wp\/v2\/categories?post=111789"},{"taxonomy":"post_tag","embeddable":true,"href":"https:\/\/lasprimeras.com.do\/index.php\/wp-json\/wp\/v2\/tags?post=111789"}],"curies":[{"name":"wp","href":"https:\/\/api.w.org\/{rel}","templated":true}]}}