{"id":111792,"date":"2025-10-14T07:45:09","date_gmt":"2025-10-14T11:45:09","guid":{"rendered":"https:\/\/lasprimeras.com.do\/?p=111792"},"modified":"2025-10-14T07:45:12","modified_gmt":"2025-10-14T11:45:12","slug":"el-presidente-de-madagascar-disuelve-el-parlamento-desde-su-escondite","status":"publish","type":"post","link":"https:\/\/lasprimeras.com.do\/index.php\/2025\/10\/14\/el-presidente-de-madagascar-disuelve-el-parlamento-desde-su-escondite\/","title":{"rendered":"El presidente de Madagascar disuelve el parlamento desde su escondite"},"content":{"rendered":"\n<p><strong>ANTANANARIVO, Madagascar (AP) \u2014 <\/strong>El presidente de Madagascar, Andry Rajoelina, disolvi\u00f3 el martes la c\u00e1mara baja del parlamento, profundizando la crisis pol\u00edtica en la naci\u00f3n del oc\u00e9ano \u00cdndico despu\u00e9s de que una rebeli\u00f3n militar le hiciera huir del pa\u00eds y esconderse.<\/p>\n\n\n\n<p>Rajoelina emiti\u00f3 un decreto para que la Asamblea Nacional se disolviera de inmediato, seg\u00fan un comunicado publicado en la p\u00e1gina de Facebook de la presidencia de Madagascar.<\/p>\n\n\n\n<p>Se desconoce el paradero de Rajoelina despu\u00e9s de que una unidad militar de \u00e9lite se uniera a las protestas antigubernamentales lideradas por j\u00f3venes durante el fin de semana y pidiera su renuncia en un aparente intento de golpe.<\/p>\n\n\n\n<p>El presidente afirm\u00f3 en un discurso transmitido en redes sociales el lunes por la noche que abandon\u00f3 el pa\u00eds por un \u201clugar seguro\u201d porque tem\u00eda por su vida. No dijo d\u00f3nde estaba.<\/p>\n\n\n\n<p>Su decisi\u00f3n de disolver la Asamblea Nacional se produjo mientras los legisladores se reun\u00edan para discutir posibles procedimientos para destituir a Rajoelina como presidente. Al disolver la Asamblea Nacional, Rajoelina bloque\u00f3 efectivamente cualquier procedimiento de destituci\u00f3n.<\/p>\n\n\n\n<p>Madagascar, que tiene un historial de golpes respaldados por militares, est\u00e1 en medio de su peor crisis pol\u00edtica desde 2009, cuando Rajoelina lleg\u00f3 al poder por primera vez como l\u00edder de un gobierno de transici\u00f3n tras un golpe.<\/p>\n\n\n\n<p>Rajoelina ha enfrentado presiones para que renuncie durante semanas de protestas antigubernamentales lideradas por grupos de la Generaci\u00f3n Z, que han protestado contra los cortes cr\u00f3nicos de agua y electricidad, la pobreza y la supuesta corrupci\u00f3n y malversaci\u00f3n de fondos p\u00fablicos por parte de funcionarios del gobierno y sus familias y asociados.<\/p>\n\n\n\n<p>Los manifestantes han dicho que se inspiraron en otros movimientos liderados por la Generaci\u00f3n Z que derrocaron a l\u00edderes en Nepal y Sri Lanka.<\/p>\n\n\n\n<p>Las protestas comenzaron el mes pasado, pero un punto de inflexi\u00f3n lleg\u00f3 el s\u00e1bado cuando soldados de la unidad militar de \u00e9lite CAPSAT se volvieron contra Rajoelina y se unieron a las protestas pidiendo su renuncia y la de los ministros del gobierno.<\/p>\n\n\n\n<p>La unidad dice que est\u00e1 a cargo de todas las fuerzas armadas de Madagascar, y se han nombrado nuevos jefes de las fuerzas militares y de la gendarmer\u00eda.<\/p>\n\n\n\n<p>Rajoelina dijo que hab\u00eda habido \u201cun intento de tomar el poder ilegalmente y por la fuerza\u201d.<\/p>\n\n\n\n<p>En su discurso desde un lugar secreto el lunes por la noche, Rajoelina pidi\u00f3 di\u00e1logo \u201cpara encontrar una salida a esta situaci\u00f3n\u201d y dijo que se debe respetar la constituci\u00f3n, rechazando las demandas de que renuncie.<\/p>\n\n\n\n<p>Fue elegido presidente por primera vez en 2018 y reelegido en 2023 en una votaci\u00f3n boicoteada por los partidos de oposici\u00f3n.<\/p>\n","protected":false},"excerpt":{"rendered":"<p>ANTANANARIVO, Madagascar (AP) \u2014 El presidente de Madagascar, Andry Rajoelina, disolvi\u00f3 el martes la c\u00e1mara baja del parlamento, profundizando la crisis pol\u00edtica en la naci\u00f3n del oc\u00e9ano \u00cdndico despu\u00e9s de&hellip;<\/p>\n","protected":false},"author":10,"featured_media":111793,"comment_status":"open","ping_status":"open","sticky":false,"template":"","format":"standard","meta":{"content-type":"","jetpack_post_was_ever_published":false,"_jetpack_newsletter_access":"","_jetpack_dont_email_post_to_subs":false,"_jetpack_newsletter_tier_id":0,"_jetpack_memberships_contains_paywalled_content":false,"_jetpack_memberships_contains_paid_content":false,"footnotes":""},"categories":[16289],"tags":[25837,25918,2511,25919,25836,976,935],"class_list":["post-111792","post","type-post","status-publish","format-standard","has-post-thumbnail","hentry","category-internacionales","tag-andry-rajoelina","tag-desconocido","tag-disuelve","tag-escondite","tag-madagascar","tag-parlamento","tag-presidente"],"jetpack_featured_media_url":"https:\/\/lasprimeras.com.do\/wp-content\/uploads\/2025\/10\/Andry-Rajoelina.jpg","jetpack-related-posts":[{"id":111612,"url":"https:\/\/lasprimeras.com.do\/index.php\/2025\/10\/12\/el-presidente-de-madagascar-afirma-que-hay-un-intento-de-golpe-de-estado-en-marcha\/","url_meta":{"origin":111792,"position":0},"title":"El presidente de Madagascar afirma que hay un intento de golpe de Estado en marcha","author":"Nelson Feliz","date":"12 de octubre de 2025","format":false,"excerpt":"ANTANANARIVO, Madagascar (AP) \u2014 Hab\u00eda un intento de golpe de Estado en marcha en la isla del Oc\u00e9ano \u00cdndico de Madagascar, afirm\u00f3 el presidente del pa\u00eds el domingo. Una declaraci\u00f3n de la oficina del presidente Andry Rajoelina expres\u00f3 que \u201cdesea informar a la naci\u00f3n y a la comunidad internacional que\u2026","rel":"","context":"En \u00abINTERNACIONALES\u00bb","block_context":{"text":"INTERNACIONALES","link":"https:\/\/lasprimeras.com.do\/index.php\/category\/sin-categoria\/internacionales\/"},"img":{"alt_text":"","src":"https:\/\/i0.wp.com\/lasprimeras.com.do\/wp-content\/uploads\/2025\/10\/golpe.jpg?resize=350%2C200&ssl=1","width":350,"height":200,"srcset":"https:\/\/i0.wp.com\/lasprimeras.com.do\/wp-content\/uploads\/2025\/10\/golpe.jpg?resize=350%2C200&ssl=1 1x, https:\/\/i0.wp.com\/lasprimeras.com.do\/wp-content\/uploads\/2025\/10\/golpe.jpg?resize=525%2C300&ssl=1 1.5x, https:\/\/i0.wp.com\/lasprimeras.com.do\/wp-content\/uploads\/2025\/10\/golpe.jpg?resize=700%2C400&ssl=1 2x"},"classes":[]},{"id":111969,"url":"https:\/\/lasprimeras.com.do\/index.php\/2025\/10\/16\/manifestantes-de-la-generacion-z-lideran-una-oleada-global-de-descontento-generacional\/","url_meta":{"origin":111792,"position":1},"title":"Manifestantes de la Generaci\u00f3n Z lideran una oleada global de descontento generacional","author":"Nelson Feliz","date":"16 de octubre de 2025","format":false,"excerpt":"POR SHEIKH SAALIQ NUEVA DELHI (AP) \u2014 Desde los Andes hasta el Himalaya, una nueva ola de protestas sacude el mundo impulsada por el descontento generacional contra los gobiernos y la ira entre los j\u00f3venes. Esta semana, el presidente de Madagascar, Andry Rajoelina, fue obligado a dejar el poder y\u2026","rel":"","context":"En \u00abINTERNACIONALES\u00bb","block_context":{"text":"INTERNACIONALES","link":"https:\/\/lasprimeras.com.do\/index.php\/category\/sin-categoria\/internacionales\/"},"img":{"alt_text":"","src":"https:\/\/i0.wp.com\/lasprimeras.com.do\/wp-content\/uploads\/2025\/10\/Generacion-Z.jpg?resize=350%2C200&ssl=1","width":350,"height":200,"srcset":"https:\/\/i0.wp.com\/lasprimeras.com.do\/wp-content\/uploads\/2025\/10\/Generacion-Z.jpg?resize=350%2C200&ssl=1 1x, https:\/\/i0.wp.com\/lasprimeras.com.do\/wp-content\/uploads\/2025\/10\/Generacion-Z.jpg?resize=525%2C300&ssl=1 1.5x, https:\/\/i0.wp.com\/lasprimeras.com.do\/wp-content\/uploads\/2025\/10\/Generacion-Z.jpg?resize=700%2C400&ssl=1 2x"},"classes":[]},{"id":50134,"url":"https:\/\/lasprimeras.com.do\/index.php\/2023\/05\/17\/presidente-de-ecuador-aplica-muerte-cruzada-y-disuelve-parlamento\/","url_meta":{"origin":111792,"position":2},"title":"Presidente de ecuador aplica \u201cmuerte cruzada\u201d y disuelve el Parlamento","author":"prenxa100","date":"17 de mayo de 2023","format":false,"excerpt":"Quito (EFE).-\u00a0El presidente de Ecuador, Guillermo Lasso, decret\u00f3 en medio del juicio pol\u00edtico en su contra la denominada \u201cmuerte cruzada\u201d, que disuelve la Asamblea Nacional (Parlamento), de mayor\u00eda opositora, y convoca elecciones generales anticipadas, de modo que gobernar\u00e1 mediante decretos hasta que asuma su sucesor. En un mensaje a la\u2026","rel":"","context":"En \u00abSin categor\u00eda\u00bb","block_context":{"text":"Sin categor\u00eda","link":"https:\/\/lasprimeras.com.do\/index.php\/category\/sin-categoria\/"},"img":{"alt_text":"","src":"","width":0,"height":0},"classes":[]},{"id":118094,"url":"https:\/\/lasprimeras.com.do\/index.php\/2025\/12\/21\/trump-destituye-a-casi-30-diplomaticos-de-carrera-de-puestos-de-embajadores\/","url_meta":{"origin":111792,"position":3},"title":"Trump destituye a casi 30 diplom\u00e1ticos de carrera de puestos de embajadores","author":"Nelson Feliz","date":"21 de diciembre de 2025","format":false,"excerpt":"POR MATTHEW LEE WASHINGTON (AP) \u2014 El gobierno del presidente Donald Trump retir\u00f3 a casi 30 diplom\u00e1ticos de carrera de puestos de embajadores y otros altos cargos en embajadas estadounidenses, parte de una estrategia para restructurar la posici\u00f3n del pa\u00eds en el extranjero con personal que se considere es partidario\u2026","rel":"","context":"En \u00abINTERNACIONALES\u00bb","block_context":{"text":"INTERNACIONALES","link":"https:\/\/lasprimeras.com.do\/index.php\/category\/sin-categoria\/internacionales\/"},"img":{"alt_text":"El presidente Donald Trump saluda desde su limusina al salir del Trump International Golf Club, el domingo 21 de diciembre de 2025, en West Palm Beach, Florida. (AP Foto\/Alex Brandon)","src":"https:\/\/i0.wp.com\/lasprimeras.com.do\/wp-content\/uploads\/2025\/12\/El-presidente-Donald-Trump-saluda-desde-su-limusina-al-salir-del-Trump-International-Golf-Club.jpg?resize=350%2C200&ssl=1","width":350,"height":200,"srcset":"https:\/\/i0.wp.com\/lasprimeras.com.do\/wp-content\/uploads\/2025\/12\/El-presidente-Donald-Trump-saluda-desde-su-limusina-al-salir-del-Trump-International-Golf-Club.jpg?resize=350%2C200&ssl=1 1x, https:\/\/i0.wp.com\/lasprimeras.com.do\/wp-content\/uploads\/2025\/12\/El-presidente-Donald-Trump-saluda-desde-su-limusina-al-salir-del-Trump-International-Golf-Club.jpg?resize=525%2C300&ssl=1 1.5x, https:\/\/i0.wp.com\/lasprimeras.com.do\/wp-content\/uploads\/2025\/12\/El-presidente-Donald-Trump-saluda-desde-su-limusina-al-salir-del-Trump-International-Golf-Club.jpg?resize=700%2C400&ssl=1 2x"},"classes":[]},{"id":122690,"url":"https:\/\/lasprimeras.com.do\/index.php\/2026\/02\/20\/el-parlamento-de-venezuela-aprueba-una-historica-ley-de-amnistia-que-no-perdona-las-acciones-armadas\/","url_meta":{"origin":111792,"position":4},"title":"El Parlamento de Venezuela aprueba una hist\u00f3rica ley de amnist\u00eda que no perdona las acciones armadas","author":"Nelson Feliz","date":"20 de febrero de 2026","format":false,"excerpt":"Caracas (EFE).- La Asamblea Nacional (AN, Parlamento) de Venezuela aprob\u00f3 este jueves, de manera un\u00e1nime, una hist\u00f3rica ley de amnist\u00eda para presos pol\u00edticos condenados en episodios de crisis pol\u00edtica entre 2002 y 2025 y que excluye a personas que promovieron o participaron en acciones armadas o de fuerza contra los\u2026","rel":"","context":"En \u00abINTERNACIONALES\u00bb","block_context":{"text":"INTERNACIONALES","link":"https:\/\/lasprimeras.com.do\/index.php\/category\/sin-categoria\/internacionales\/"},"img":{"alt_text":"","src":"https:\/\/i0.wp.com\/lasprimeras.com.do\/wp-content\/uploads\/2026\/02\/Presidente_Venezuela_firma.jpeg?resize=350%2C200&ssl=1","width":350,"height":200,"srcset":"https:\/\/i0.wp.com\/lasprimeras.com.do\/wp-content\/uploads\/2026\/02\/Presidente_Venezuela_firma.jpeg?resize=350%2C200&ssl=1 1x, https:\/\/i0.wp.com\/lasprimeras.com.do\/wp-content\/uploads\/2026\/02\/Presidente_Venezuela_firma.jpeg?resize=525%2C300&ssl=1 1.5x, https:\/\/i0.wp.com\/lasprimeras.com.do\/wp-content\/uploads\/2026\/02\/Presidente_Venezuela_firma.jpeg?resize=700%2C400&ssl=1 2x"},"classes":[]},{"id":111186,"url":"https:\/\/lasprimeras.com.do\/index.php\/2025\/10\/03\/presidente-del-senado-encabeza-mesa-de-trabajo-de-cara-al-segundo-encuentro-parlamentos-y-prosperidad\/","url_meta":{"origin":111792,"position":5},"title":"Presidente del Senado encabeza mesa de trabajo de cara al segundo encuentro Parlamentos y Prosperidad","author":"Nelson Feliz","date":"3 de octubre de 2025","format":false,"excerpt":"El presidente del Senado, Ricardo de los Santos, encabez\u00f3 este viernes una mesa de trabajo conformada por miembros del programa interamericano Parlamentos y Prosperidad, en la cual fueron analizados los avances alcanzados sobre las metas establecidas en el primer encuentro que se realiz\u00f3 en febrero del 2025. La reuni\u00f3n se\u2026","rel":"","context":"En \u00abNACIONALES\u00bb","block_context":{"text":"NACIONALES","link":"https:\/\/lasprimeras.com.do\/index.php\/category\/nacionales\/"},"img":{"alt_text":"","src":"https:\/\/i0.wp.com\/lasprimeras.com.do\/wp-content\/uploads\/2025\/10\/Ricardo-de-los-Santos.jpg?resize=350%2C200&ssl=1","width":350,"height":200,"srcset":"https:\/\/i0.wp.com\/lasprimeras.com.do\/wp-content\/uploads\/2025\/10\/Ricardo-de-los-Santos.jpg?resize=350%2C200&ssl=1 1x, https:\/\/i0.wp.com\/lasprimeras.com.do\/wp-content\/uploads\/2025\/10\/Ricardo-de-los-Santos.jpg?resize=525%2C300&ssl=1 1.5x, https:\/\/i0.wp.com\/lasprimeras.com.do\/wp-content\/uploads\/2025\/10\/Ricardo-de-los-Santos.jpg?resize=700%2C400&ssl=1 2x"},"classes":[]}],"jetpack_sharing_enabled":true,"_links":{"self":[{"href":"https:\/\/lasprimeras.com.do\/index.php\/wp-json\/wp\/v2\/posts\/111792","targetHints":{"allow":["GET"]}}],"collection":[{"href":"https:\/\/lasprimeras.com.do\/index.php\/wp-json\/wp\/v2\/posts"}],"about":[{"href":"https:\/\/lasprimeras.com.do\/index.php\/wp-json\/wp\/v2\/types\/post"}],"author":[{"embeddable":true,"href":"https:\/\/lasprimeras.com.do\/index.php\/wp-json\/wp\/v2\/users\/10"}],"replies":[{"embeddable":true,"href":"https:\/\/lasprimeras.com.do\/index.php\/wp-json\/wp\/v2\/comments?post=111792"}],"version-history":[{"count":1,"href":"https:\/\/lasprimeras.com.do\/index.php\/wp-json\/wp\/v2\/posts\/111792\/revisions"}],"predecessor-version":[{"id":111794,"href":"https:\/\/lasprimeras.com.do\/index.php\/wp-json\/wp\/v2\/posts\/111792\/revisions\/111794"}],"wp:featuredmedia":[{"embeddable":true,"href":"https:\/\/lasprimeras.com.do\/index.php\/wp-json\/wp\/v2\/media\/111793"}],"wp:attachment":[{"href":"https:\/\/lasprimeras.com.do\/index.php\/wp-json\/wp\/v2\/media?parent=111792"}],"wp:term":[{"taxonomy":"category","embeddable":true,"href":"https:\/\/lasprimeras.com.do\/index.php\/wp-json\/wp\/v2\/categories?post=111792"},{"taxonomy":"post_tag","embeddable":true,"href":"https:\/\/lasprimeras.com.do\/index.php\/wp-json\/wp\/v2\/tags?post=111792"}],"curies":[{"name":"wp","href":"https:\/\/api.w.org\/{rel}","templated":true}]}}