{"id":111795,"date":"2025-10-14T07:53:00","date_gmt":"2025-10-14T11:53:00","guid":{"rendered":"https:\/\/lasprimeras.com.do\/?p=111795"},"modified":"2025-10-14T07:53:03","modified_gmt":"2025-10-14T11:53:03","slug":"pablo-ross-padece-cancer-de-prostata-con-metastasis-en-ambos-pulmones-solicitan-libertad-condicional","status":"publish","type":"post","link":"https:\/\/lasprimeras.com.do\/index.php\/2025\/10\/14\/pablo-ross-padece-cancer-de-prostata-con-metastasis-en-ambos-pulmones-solicitan-libertad-condicional\/","title":{"rendered":"Pablo Ross padece c\u00e1ncer de pr\u00f3stata con met\u00e1stasis en ambos pulmones, solicitan libertad condicional"},"content":{"rendered":"\n<p><strong>Pablo Ross, condenado por incesto, busca beneficios penitenciarios al cumplir m\u00e1s del 70% de su condena y enfrentar c\u00e1ncer en prisi\u00f3n.<\/strong><\/p>\n\n\n\n<p>El abogado Julio Cury, representante legal del comunicador Pablo Ross, solicit\u00f3 este viernes la libertad condicional de su defendido, quien cumple una condena de diez a\u00f1os por incesto, tras cumplir m\u00e1s de siete a\u00f1os de prisi\u00f3n y enfrentar serios problemas de salud.<\/p>\n\n\n\n<p>Durante la audiencia celebrada en el Tribunal de Ejecuci\u00f3n de la Pena de San Crist\u00f3bal, Cury inform\u00f3 que Ross, de 62 a\u00f1os, padece c\u00e1ncer de pr\u00f3stata con met\u00e1stasis en ambos pulmones.<\/p>\n\n\n\n<p>El abogado destac\u00f3 que, conforme a la Ley 164-80 sobre libertad condicional, estas condiciones m\u00e9dicas y el cumplimiento de m\u00e1s del 70 % de la pena impuesta permiten a su cliente acceder a beneficios penitenciarios.<\/p>\n\n\n\n<p>Ross se encuentra recluido en el Centro de Correcci\u00f3n y Rehabilitaci\u00f3n Najayo-Hombres desde hace siete a\u00f1os y dos meses. La jueza Licelot Casado decidir\u00e1 sobre la petici\u00f3n el pr\u00f3ximo 10 de noviembre, determinando si concede la liberaci\u00f3n condicional bajo ciertas condiciones.<\/p>\n\n\n\n<p>El comunicador fue condenado en 2019 por el Primer Tribunal Colegiado del Distrito Nacional, tras ser hallado culpable de incesto en perjuicio de su hijastra menor de edad.<\/p>\n\n\n\n<p><a href=\"https:\/\/noticiassin.com\/solicitud-de-libertad-condicional-para-pablo-ross-2011992\">https:\/\/noticiassin.com\/solicitud-de-libertad-condicional-para-pablo-ross-2011992<\/a><\/p>\n\n\n\n<p>Fuente Noticias SIN<\/p>\n","protected":false},"excerpt":{"rendered":"<p>Pablo Ross, condenado por incesto, busca beneficios penitenciarios al cumplir m\u00e1s del 70% de su condena y enfrentar c\u00e1ncer en prisi\u00f3n. El abogado Julio Cury, representante legal del comunicador Pablo&hellip;<\/p>\n","protected":false},"author":10,"featured_media":111796,"comment_status":"open","ping_status":"open","sticky":false,"template":"","format":"standard","meta":{"content-type":"","jetpack_post_was_ever_published":false,"_jetpack_newsletter_access":"","_jetpack_dont_email_post_to_subs":false,"_jetpack_newsletter_tier_id":0,"_jetpack_memberships_contains_paywalled_content":false,"_jetpack_memberships_contains_paid_content":false,"footnotes":""},"categories":[289,25],"tags":[18554,10930,25920,25921,2298],"class_list":["post-111795","post","type-post","status-publish","format-standard","has-post-thumbnail","hentry","category-justicia","category-portada","tag-cancer-de-prostata","tag-libertad-condicional","tag-metastasis-en-ambos-pulmones","tag-pablo-ross","tag-solicitan"],"jetpack_featured_media_url":"https:\/\/lasprimeras.com.do\/wp-content\/uploads\/2025\/10\/Pablo-Ross.jpg","jetpack-related-posts":[{"id":54551,"url":"https:\/\/lasprimeras.com.do\/index.php\/2023\/07\/12\/exseguidora-de-charles-manson-queda-en-libertad-condicional-despues-de-53-anos-de-prision\/","url_meta":{"origin":111795,"position":0},"title":"Exseguidora de Charles Manson queda en libertad condicional despu\u00e9s de 53 a\u00f1os de prisi\u00f3n","author":"Nelson Feliz","date":"12 de julio de 2023","format":false,"excerpt":"El gobernador del estado de California, Gavin Newsom, hab\u00eda anunciado que no bloquear\u00eda esta vez la puesta en libertad de Leslie van Houten. Una exseguidora de Charles Manson, Leslie Van Houten, fue liberada de prisi\u00f3n en EE.UU. despu\u00e9s de cumplir 53 a\u00f1os de su condena a cadena perpetua, informa ABC\u2026","rel":"","context":"En \u00abSin categor\u00eda\u00bb","block_context":{"text":"Sin categor\u00eda","link":"https:\/\/lasprimeras.com.do\/index.php\/category\/sin-categoria\/"},"img":{"alt_text":"Leslie Van Houten en un calabozo de Los \u00c1ngeles el 29 de marzo de 1971.","src":"https:\/\/i0.wp.com\/lasprimeras.com.do\/wp-content\/uploads\/2023\/07\/Leslie-Van-Houten.jpg?resize=350%2C200&ssl=1","width":350,"height":200,"srcset":"https:\/\/i0.wp.com\/lasprimeras.com.do\/wp-content\/uploads\/2023\/07\/Leslie-Van-Houten.jpg?resize=350%2C200&ssl=1 1x, https:\/\/i0.wp.com\/lasprimeras.com.do\/wp-content\/uploads\/2023\/07\/Leslie-Van-Houten.jpg?resize=525%2C300&ssl=1 1.5x, https:\/\/i0.wp.com\/lasprimeras.com.do\/wp-content\/uploads\/2023\/07\/Leslie-Van-Houten.jpg?resize=700%2C400&ssl=1 2x, https:\/\/i0.wp.com\/lasprimeras.com.do\/wp-content\/uploads\/2023\/07\/Leslie-Van-Houten.jpg?resize=1050%2C600&ssl=1 3x"},"classes":[]},{"id":64614,"url":"https:\/\/lasprimeras.com.do\/index.php\/2023\/10\/22\/experto-advierte-sobre-el-desafio-del-incremento-de-las-metastasis-cerebrales\/","url_meta":{"origin":111795,"position":1},"title":"Experto advierte sobre el desaf\u00edo del incremento de las met\u00e1stasis cerebrales","author":"Nelson Feliz","date":"22 de octubre de 2023","format":false,"excerpt":"As\u00ed lo destaca el doctor Rupesh Kotecha, onc\u00f3logo radioter\u00e1pico, quien advierte que el crecimiento en la incidencia y el costo del tratamiento de las met\u00e1stasis cerebrales crea un desaf\u00edo. Las met\u00e1stasis cerebrales ocurren cuando el c\u00e1ncer se disemina al cerebro desde otro sitio del cuerpo, siendo los tipos de c\u00e1ncer\u2026","rel":"","context":"En \u00abSin categor\u00eda\u00bb","block_context":{"text":"Sin categor\u00eda","link":"https:\/\/lasprimeras.com.do\/index.php\/category\/sin-categoria\/"},"img":{"alt_text":"Cerebro Humano","src":"https:\/\/i0.wp.com\/lasprimeras.com.do\/wp-content\/uploads\/2023\/10\/Cerebro-Humano.jpeg?resize=350%2C200&ssl=1","width":350,"height":200,"srcset":"https:\/\/i0.wp.com\/lasprimeras.com.do\/wp-content\/uploads\/2023\/10\/Cerebro-Humano.jpeg?resize=350%2C200&ssl=1 1x, https:\/\/i0.wp.com\/lasprimeras.com.do\/wp-content\/uploads\/2023\/10\/Cerebro-Humano.jpeg?resize=525%2C300&ssl=1 1.5x"},"classes":[]},{"id":73049,"url":"https:\/\/lasprimeras.com.do\/index.php\/2024\/01\/05\/oscar-pistorius-queda-en-libertad-condicional-tras-cumplir-casi-nueve-anos-por-el-asesinato-de-su-novia\/","url_meta":{"origin":111795,"position":2},"title":"Oscar Pistorius queda en libertad condicional tras cumplir casi nueve a\u00f1os por el asesinato de su novia","author":"Nelson Feliz","date":"5 de enero de 2024","format":false,"excerpt":"POR GERALD IMRAY, NQOBILE NTSHANGASE Y MOGOMOTSI MAGOME PRETORIA, Sud\u00e1frica (AP) \u2014 El corredor ol\u00edmpico Oscar Pistorius sali\u00f3 de prisi\u00f3n en libertad condicional el viernes por la ma\u00f1ana temprano y se cre\u00eda que estaba en la mansi\u00f3n de su t\u00edo despu\u00e9s de que las autoridades trasladaron en secreto al mundialmente\u2026","rel":"","context":"En \u00abSin categor\u00eda\u00bb","block_context":{"text":"Sin categor\u00eda","link":"https:\/\/lasprimeras.com.do\/index.php\/category\/sin-categoria\/"},"img":{"alt_text":"Oscar Pistorius","src":"https:\/\/i0.wp.com\/lasprimeras.com.do\/wp-content\/uploads\/2024\/01\/Oscar-Pistorius.jpg?resize=350%2C200&ssl=1","width":350,"height":200,"srcset":"https:\/\/i0.wp.com\/lasprimeras.com.do\/wp-content\/uploads\/2024\/01\/Oscar-Pistorius.jpg?resize=350%2C200&ssl=1 1x, https:\/\/i0.wp.com\/lasprimeras.com.do\/wp-content\/uploads\/2024\/01\/Oscar-Pistorius.jpg?resize=525%2C300&ssl=1 1.5x, https:\/\/i0.wp.com\/lasprimeras.com.do\/wp-content\/uploads\/2024\/01\/Oscar-Pistorius.jpg?resize=700%2C400&ssl=1 2x"},"classes":[]},{"id":99183,"url":"https:\/\/lasprimeras.com.do\/index.php\/2025\/05\/19\/expresidente-joe-biden-padece-un-agresivo-cancer-de-prostata\/","url_meta":{"origin":111795,"position":3},"title":"Expresidente Joe Biden padece un agresivo c\u00e1ncer de pr\u00f3stata","author":"Nelson Feliz","date":"19 de mayo de 2025","format":false,"excerpt":"Lo que hay que saber sobre el diagn\u00f3stico de c\u00e1ncer de pr\u00f3stata del expresidente Joe Biden POR JOSH BOAK WASHINGTON (AP) \u2014 El expresidente Joe Biden fue diagnosticado con c\u00e1ncer de pr\u00f3stata, inform\u00f3 su oficina el domingo. Biden, de 82 a\u00f1os, fue examinado por m\u00e9dicos la semana pasada despu\u00e9s que\u2026","rel":"","context":"En \u00abINTERNACIONALES\u00bb","block_context":{"text":"INTERNACIONALES","link":"https:\/\/lasprimeras.com.do\/index.php\/category\/sin-categoria\/internacionales\/"},"img":{"alt_text":"JOE BIDEN","src":"https:\/\/i0.wp.com\/lasprimeras.com.do\/wp-content\/uploads\/2023\/09\/JOE-BIDEN.jpg?resize=350%2C200&ssl=1","width":350,"height":200,"srcset":"https:\/\/i0.wp.com\/lasprimeras.com.do\/wp-content\/uploads\/2023\/09\/JOE-BIDEN.jpg?resize=350%2C200&ssl=1 1x, https:\/\/i0.wp.com\/lasprimeras.com.do\/wp-content\/uploads\/2023\/09\/JOE-BIDEN.jpg?resize=525%2C300&ssl=1 1.5x, https:\/\/i0.wp.com\/lasprimeras.com.do\/wp-content\/uploads\/2023\/09\/JOE-BIDEN.jpg?resize=700%2C400&ssl=1 2x"},"classes":[]},{"id":59127,"url":"https:\/\/lasprimeras.com.do\/index.php\/2023\/08\/31\/el-cancer-de-pulmon-mataria-mas-de-160-000-latinos-en-una-decada\/","url_meta":{"origin":111795,"position":4},"title":"El c\u00e1ncer de pulm\u00f3n matar\u00eda m\u00e1s de 160.000 latinos en una d\u00e9cada","author":"Nelson Feliz","date":"31 de agosto de 2023","format":false,"excerpt":"Por EFE CIUDAD DE M\u00c9XICO.- El c\u00e1ncer de pulm\u00f3n podr\u00eda provocar la muerte de 160.000 latinoamericanos en una d\u00e9cada, advirti\u00f3 este mi\u00e9rcoles Alberto Hegewisch, director m\u00e9dico para Latinoam\u00e9rica de la farmac\u00e9utica AstraZeneca. \u201cEl c\u00e1ncer de pulm\u00f3n representa el 12 % de todas las muertes por c\u00e1ncer en la regi\u00f3n y\u2026","rel":"","context":"En \u00abSin categor\u00eda\u00bb","block_context":{"text":"Sin categor\u00eda","link":"https:\/\/lasprimeras.com.do\/index.php\/category\/sin-categoria\/"},"img":{"alt_text":"c\u00e1ncer de pulm\u00f3n","src":"https:\/\/i0.wp.com\/lasprimeras.com.do\/wp-content\/uploads\/2023\/08\/cancer-de-pulmon.jpg?resize=350%2C200&ssl=1","width":350,"height":200,"srcset":"https:\/\/i0.wp.com\/lasprimeras.com.do\/wp-content\/uploads\/2023\/08\/cancer-de-pulmon.jpg?resize=350%2C200&ssl=1 1x, https:\/\/i0.wp.com\/lasprimeras.com.do\/wp-content\/uploads\/2023\/08\/cancer-de-pulmon.jpg?resize=525%2C300&ssl=1 1.5x, https:\/\/i0.wp.com\/lasprimeras.com.do\/wp-content\/uploads\/2023\/08\/cancer-de-pulmon.jpg?resize=700%2C400&ssl=1 2x"},"classes":[]},{"id":69146,"url":"https:\/\/lasprimeras.com.do\/index.php\/2023\/11\/30\/cancer-de-prostata-entre-las-principales-amenazas-de-la-salud-masculina\/","url_meta":{"origin":111795,"position":5},"title":"C\u00e1ncer de pr\u00f3stata, entre las principales amenazas de la salud masculina","author":"Nelson Feliz","date":"30 de noviembre de 2023","format":false,"excerpt":"Durante el \u00faltimo trimestre del a\u00f1o, en el HOMS estar\u00e1n libre de copago las sonograf\u00edas, densitometr\u00edas, resonancias magn\u00e9ticas de mamas y multiparam\u00e9trica de pr\u00f3stata, as\u00ed como los tratamientos de radioterapia, tanto para hombres como para mujeres. En noviembre se conmemora el Mes de la Salud Masculina, gracias al movimiento internacional\u2026","rel":"","context":"En \u00abPORTADA\u00bb","block_context":{"text":"PORTADA","link":"https:\/\/lasprimeras.com.do\/index.php\/category\/portada\/"},"img":{"alt_text":"Dr. David Samadi ur\u00f3logo onc\u00f3logo del HOMS","src":"https:\/\/i0.wp.com\/lasprimeras.com.do\/wp-content\/uploads\/2023\/11\/Dr.-David-Samadi-urologo-oncologo-del-HOMS.jpg?resize=350%2C200&ssl=1","width":350,"height":200,"srcset":"https:\/\/i0.wp.com\/lasprimeras.com.do\/wp-content\/uploads\/2023\/11\/Dr.-David-Samadi-urologo-oncologo-del-HOMS.jpg?resize=350%2C200&ssl=1 1x, https:\/\/i0.wp.com\/lasprimeras.com.do\/wp-content\/uploads\/2023\/11\/Dr.-David-Samadi-urologo-oncologo-del-HOMS.jpg?resize=525%2C300&ssl=1 1.5x, https:\/\/i0.wp.com\/lasprimeras.com.do\/wp-content\/uploads\/2023\/11\/Dr.-David-Samadi-urologo-oncologo-del-HOMS.jpg?resize=700%2C400&ssl=1 2x"},"classes":[]}],"jetpack_sharing_enabled":true,"_links":{"self":[{"href":"https:\/\/lasprimeras.com.do\/index.php\/wp-json\/wp\/v2\/posts\/111795","targetHints":{"allow":["GET"]}}],"collection":[{"href":"https:\/\/lasprimeras.com.do\/index.php\/wp-json\/wp\/v2\/posts"}],"about":[{"href":"https:\/\/lasprimeras.com.do\/index.php\/wp-json\/wp\/v2\/types\/post"}],"author":[{"embeddable":true,"href":"https:\/\/lasprimeras.com.do\/index.php\/wp-json\/wp\/v2\/users\/10"}],"replies":[{"embeddable":true,"href":"https:\/\/lasprimeras.com.do\/index.php\/wp-json\/wp\/v2\/comments?post=111795"}],"version-history":[{"count":1,"href":"https:\/\/lasprimeras.com.do\/index.php\/wp-json\/wp\/v2\/posts\/111795\/revisions"}],"predecessor-version":[{"id":111797,"href":"https:\/\/lasprimeras.com.do\/index.php\/wp-json\/wp\/v2\/posts\/111795\/revisions\/111797"}],"wp:featuredmedia":[{"embeddable":true,"href":"https:\/\/lasprimeras.com.do\/index.php\/wp-json\/wp\/v2\/media\/111796"}],"wp:attachment":[{"href":"https:\/\/lasprimeras.com.do\/index.php\/wp-json\/wp\/v2\/media?parent=111795"}],"wp:term":[{"taxonomy":"category","embeddable":true,"href":"https:\/\/lasprimeras.com.do\/index.php\/wp-json\/wp\/v2\/categories?post=111795"},{"taxonomy":"post_tag","embeddable":true,"href":"https:\/\/lasprimeras.com.do\/index.php\/wp-json\/wp\/v2\/tags?post=111795"}],"curies":[{"name":"wp","href":"https:\/\/api.w.org\/{rel}","templated":true}]}}