{"id":111816,"date":"2025-10-14T09:03:41","date_gmt":"2025-10-14T13:03:41","guid":{"rendered":"https:\/\/lasprimeras.com.do\/?p=111816"},"modified":"2025-10-14T09:03:43","modified_gmt":"2025-10-14T13:03:43","slug":"pld-acusa-al-gobierno-de-maquillar-cifras-y-relajar-entrega-de-titulos-con-impuestos","status":"publish","type":"post","link":"https:\/\/lasprimeras.com.do\/index.php\/2025\/10\/14\/pld-acusa-al-gobierno-de-maquillar-cifras-y-relajar-entrega-de-titulos-con-impuestos\/","title":{"rendered":"PLD acusa al Gobierno de maquillar cifras y relajar entrega de t\u00edtulos con impuestos"},"content":{"rendered":"\n<p>El miembro del Comit\u00e9 Pol\u00edtico del Partido de la Liberaci\u00f3n Dominicana (PLD), Jos\u00e9 Dant\u00e9s D\u00edaz, ha reiterado su cr\u00edtica al gobierno, acus\u00e1ndolo de presentar cifras econ\u00f3micas &#8220;maquilladas&#8221; que no reflejan la realidad nacional.<\/p>\n\n\n\n<p>Adem\u00e1s, denunci\u00f3 una gesti\u00f3n deficiente en la entrega de t\u00edtulos de propiedad, un proceso que, seg\u00fan \u00e9l, est\u00e1 siendo mal manejado y no exonera a los beneficiarios de pagar el 28 % de impuestos al Estado.<\/p>\n\n\n\n<p>Al participar este martes en el programa A Diario que se transmite de Lunes a Viernes por Sentido 89.3 FM, Dant\u00e9s abog\u00f3 por una pol\u00edtica integral para democratizar el acceso a la tierra.<\/p>\n\n\n\n<p><strong>Cr\u00edticas a la pol\u00edtica econ\u00f3mica<\/strong><\/p>\n\n\n\n<p>En un video publicado recientemente, Dant\u00e9s asegur\u00f3 que el presidente &#8220;vive en una burbuja de cifras maquilladas&#8221;.<\/p>\n\n\n\n<p>Sus declaraciones refuerzan la posici\u00f3n del PLD, que en mayo de 2024 denunci\u00f3 una costosa campa\u00f1a publicitaria del Gobierno para ocultar el descontento popular por el deterioro de la calidad de vida.<\/p>\n\n\n\n<p>En septiembre de 2025, Dant\u00e9s ya hab\u00eda se\u00f1alado que las proyecciones de crecimiento econ\u00f3mico para el a\u00f1o estaban por debajo de las expectativas.<\/p>\n\n\n\n<p><strong>El problema de la titulaci\u00f3n de tierras<\/strong><\/p>\n\n\n\n<p>Respecto al Programa de Titulaci\u00f3n, Dant\u00e9s ha sido enf\u00e1tico en que la entrega de t\u00edtulos no implica una exoneraci\u00f3n total de impuestos.<\/p>\n\n\n\n<p>En marzo de 2022, aclar\u00f3 que los beneficiarios del capital inmobiliario recibido deben pagar el 28 % de impuestos sobre la renta, desmintiendo la idea de un beneficio completo.<br>Adem\u00e1s, ha cuestionado la eficiencia y el alto costo del proceso de titulaci\u00f3n para el Estado.<\/p>\n\n\n\n<p>El pasado marzo de 2025, el PLD tambi\u00e9n expres\u00f3 su rechazo a la eliminaci\u00f3n del Instituto Agrario Dominicano (IAD), una medida que, seg\u00fan el partido, afecta el desarrollo agropecuario.<\/p>\n\n\n\n<p><strong>Llamado a la democratizaci\u00f3n de la tierra<\/strong><\/p>\n\n\n\n<p>En sus declaraciones, el dirigente pol\u00edtico defendi\u00f3 la necesidad de implementar una pol\u00edtica m\u00e1s equitativa para el acceso a la tierra. Tambi\u00e9n ha utilizado sus redes sociales para abogar por la defensa de bienes p\u00fablicos, como el Jard\u00edn Bot\u00e1nico, al que considera &#8220;intocable&#8221;.<\/p>\n\n\n\n<p><strong>Contexto de la disputa<\/strong><\/p>\n\n\n\n<p>Las denuncias de Dant\u00e9s se enmarcan en un prolongado enfrentamiento entre el PLD y el Gobierno actual.<\/p>\n\n\n\n<p>El PLD ha cuestionado en repetidas ocasiones la gesti\u00f3n gubernamental, especialmente en temas como el manejo de la deuda p\u00fablica y la inversi\u00f3n en gastos corrientes. Por su parte, la Presidencia ha defendido sus pol\u00edticas, incluida la promulgaci\u00f3n de la Ley 82-25 en agosto de 2025 para fortalecer el Plan de Titulaci\u00f3n.<\/p>\n\n\n\n<p><strong>Reacciones oficiales<\/strong><\/p>\n\n\n\n<p>Hasta el momento, no se ha emitido una respuesta oficial por parte del Gobierno a las m\u00e1s recientes declaraciones de Jos\u00e9 Dant\u00e9s D\u00edaz.<\/p>\n","protected":false},"excerpt":{"rendered":"<p>El miembro del Comit\u00e9 Pol\u00edtico del Partido de la Liberaci\u00f3n Dominicana (PLD), Jos\u00e9 Dant\u00e9s D\u00edaz, ha reiterado su cr\u00edtica al gobierno, acus\u00e1ndolo de presentar cifras econ\u00f3micas &#8220;maquilladas&#8221; que no reflejan&hellip;<\/p>\n","protected":false},"author":10,"featured_media":87681,"comment_status":"open","ping_status":"open","sticky":false,"template":"","format":"standard","meta":{"content-type":"","jetpack_post_was_ever_published":false,"_jetpack_newsletter_access":"","_jetpack_dont_email_post_to_subs":false,"_jetpack_newsletter_tier_id":0,"_jetpack_memberships_contains_paywalled_content":false,"_jetpack_memberships_contains_paid_content":false,"footnotes":""},"categories":[16559,25],"tags":[171,5941,25935,269,25936],"class_list":["post-111816","post","type-post","status-publish","format-standard","has-post-thumbnail","hentry","category-politica","category-portada","tag-gobierno","tag-jose-dantes","tag-maquillar-cifras","tag-pld","tag-relajar-entrega-de-titulos-con-impuestos"],"jetpack_featured_media_url":"https:\/\/lasprimeras.com.do\/wp-content\/uploads\/2024\/08\/Jose-Dantes.jpg","jetpack-related-posts":[{"id":115791,"url":"https:\/\/lasprimeras.com.do\/index.php\/2025\/11\/25\/jose-dantes-responde-a-paliza-escandalos-y-extradiciones-por-narcotrafico-provienen-de-dirigentes-y-allegados-al-prm\/","url_meta":{"origin":111816,"position":0},"title":"Jos\u00e9 Dant\u00e9s responde a Paliza: Esc\u00e1ndalos y extradiciones por narcotr\u00e1fico provienen de dirigentes y allegados al PRM","author":"Nelson Feliz","date":"25 de noviembre de 2025","format":false,"excerpt":"El miembro del Comit\u00e9 Pol\u00edtico del Partido de la Liberaci\u00f3n Dominicana (PLD), Jos\u00e9 Dant\u00e9s D\u00edaz, record\u00f3 que la docena de casos, esc\u00e1ndalos y extradiciones por el crimen de narcotr\u00e1fico provienen de dirigentes y allegados al PRM, \u201cno del sistema ni de otros partidos\u201d. El secretario de Asuntos Jur\u00eddicos del PLD,\u2026","rel":"","context":"En \u00abPOLITICA\u00bb","block_context":{"text":"POLITICA","link":"https:\/\/lasprimeras.com.do\/index.php\/category\/politica\/"},"img":{"alt_text":"","src":"https:\/\/i0.wp.com\/lasprimeras.com.do\/wp-content\/uploads\/2025\/11\/Jose-Dantes.jpg?resize=350%2C200&ssl=1","width":350,"height":200,"srcset":"https:\/\/i0.wp.com\/lasprimeras.com.do\/wp-content\/uploads\/2025\/11\/Jose-Dantes.jpg?resize=350%2C200&ssl=1 1x, https:\/\/i0.wp.com\/lasprimeras.com.do\/wp-content\/uploads\/2025\/11\/Jose-Dantes.jpg?resize=525%2C300&ssl=1 1.5x, https:\/\/i0.wp.com\/lasprimeras.com.do\/wp-content\/uploads\/2025\/11\/Jose-Dantes.jpg?resize=700%2C400&ssl=1 2x"},"classes":[]},{"id":87783,"url":"https:\/\/lasprimeras.com.do\/index.php\/2024\/08\/16\/jose-dantes-diaz-cifras-del-discurso-presidencial-no-se-corresponden\/","url_meta":{"origin":111816,"position":1},"title":"Jos\u00e9 Dant\u00e9s D\u00edaz: Cifras del discurso presidencial no se corresponden","author":"Nelson Feliz","date":"16 de agosto de 2024","format":false,"excerpt":"El discurso del presidente Luis Abinader describi\u00f3 un panorama muy distante de la realidad. El miembro del Comit\u00e9 Pol\u00edtico del Partido de la Liberaci\u00f3n Dominicana (PLD), Jos\u00e9 Dant\u00e9s D\u00edaz, manifest\u00f3 que el presidente Luis Abinader en el discurso de toma de posesi\u00f3n del presidente describi\u00f3 un panorama muy distante de\u2026","rel":"","context":"En \u00abPORTADA\u00bb","block_context":{"text":"PORTADA","link":"https:\/\/lasprimeras.com.do\/index.php\/category\/portada\/"},"img":{"alt_text":"Jos\u00e9 Dant\u00e9s D\u00edaz","src":"https:\/\/i0.wp.com\/lasprimeras.com.do\/wp-content\/uploads\/2024\/08\/Jose-Dantes-Diaz.jpg?resize=350%2C200&ssl=1","width":350,"height":200,"srcset":"https:\/\/i0.wp.com\/lasprimeras.com.do\/wp-content\/uploads\/2024\/08\/Jose-Dantes-Diaz.jpg?resize=350%2C200&ssl=1 1x, https:\/\/i0.wp.com\/lasprimeras.com.do\/wp-content\/uploads\/2024\/08\/Jose-Dantes-Diaz.jpg?resize=525%2C300&ssl=1 1.5x, https:\/\/i0.wp.com\/lasprimeras.com.do\/wp-content\/uploads\/2024\/08\/Jose-Dantes-Diaz.jpg?resize=700%2C400&ssl=1 2x, https:\/\/i0.wp.com\/lasprimeras.com.do\/wp-content\/uploads\/2024\/08\/Jose-Dantes-Diaz.jpg?resize=1050%2C600&ssl=1 3x"},"classes":[]},{"id":104456,"url":"https:\/\/lasprimeras.com.do\/index.php\/2025\/07\/24\/dantes-pide-sanciones-por-el-uso-de-fondos-publicos-en-promociones-de-aspirantes-del-prm\/","url_meta":{"origin":111816,"position":2},"title":"Dant\u00e9s pide sanciones por el &#8220;uso de fondos p\u00fablicos&#8221; en promociones de aspirantes del PRM","author":"Nelson Feliz","date":"24 de julio de 2025","format":false,"excerpt":"El miembro del Comit\u00e9 Pol\u00edtico del Partido de la Liberaci\u00f3n Dominicana (PLD), Jos\u00e9 Dant\u00e9s D\u00edaz, denunci\u00f3 el uso de fondos p\u00fablicos en la promoci\u00f3n de los aspirantes a la candidatura presidencial del PRM. \u201cLos aspirantes del PRM a la candidatura presidencial, est\u00e1n haciendo campa\u00f1as proselitistas desde los puestos p\u00fablicos, con\u2026","rel":"","context":"En \u00abPOLITICA\u00bb","block_context":{"text":"POLITICA","link":"https:\/\/lasprimeras.com.do\/index.php\/category\/politica\/"},"img":{"alt_text":"","src":"https:\/\/i0.wp.com\/lasprimeras.com.do\/wp-content\/uploads\/2025\/07\/Jose-Dantes-Diaz.jpg?resize=350%2C200&ssl=1","width":350,"height":200,"srcset":"https:\/\/i0.wp.com\/lasprimeras.com.do\/wp-content\/uploads\/2025\/07\/Jose-Dantes-Diaz.jpg?resize=350%2C200&ssl=1 1x, https:\/\/i0.wp.com\/lasprimeras.com.do\/wp-content\/uploads\/2025\/07\/Jose-Dantes-Diaz.jpg?resize=525%2C300&ssl=1 1.5x, https:\/\/i0.wp.com\/lasprimeras.com.do\/wp-content\/uploads\/2025\/07\/Jose-Dantes-Diaz.jpg?resize=700%2C400&ssl=1 2x"},"classes":[]},{"id":116858,"url":"https:\/\/lasprimeras.com.do\/index.php\/2025\/12\/04\/dirigentes-del-pld-abogan-por-reformas-que-no-debiliten-derechos\/","url_meta":{"origin":111816,"position":3},"title":"Dirigentes del PLD abogan por reformas que no debiliten derechos","author":"Nelson Feliz","date":"4 de diciembre de 2025","format":false,"excerpt":"Reformas al CPP aprobadas por la C\u00e1mara de Diputados no solucionan las dificultades procesales reales opinan Francisco Dom\u00ednguez Brito y Jos\u00e9 Dant\u00e9s D\u00edaz. Los dirigentes del Partido de la Liberaci\u00f3n Dominicana (PLD), Jos\u00e9 Dant\u00e9s D\u00edaz y Francisco Dom\u00ednguez Brito cuestionaron la reforma al C\u00f3digo Procesal Penal (CPP) aprobada por la\u2026","rel":"","context":"En \u00abPOLITICA\u00bb","block_context":{"text":"POLITICA","link":"https:\/\/lasprimeras.com.do\/index.php\/category\/politica\/"},"img":{"alt_text":"","src":"https:\/\/i0.wp.com\/lasprimeras.com.do\/wp-content\/uploads\/2025\/12\/Dantes-Brito.jpg?resize=350%2C200&ssl=1","width":350,"height":200,"srcset":"https:\/\/i0.wp.com\/lasprimeras.com.do\/wp-content\/uploads\/2025\/12\/Dantes-Brito.jpg?resize=350%2C200&ssl=1 1x, https:\/\/i0.wp.com\/lasprimeras.com.do\/wp-content\/uploads\/2025\/12\/Dantes-Brito.jpg?resize=525%2C300&ssl=1 1.5x, https:\/\/i0.wp.com\/lasprimeras.com.do\/wp-content\/uploads\/2025\/12\/Dantes-Brito.jpg?resize=700%2C400&ssl=1 2x"},"classes":[]},{"id":89894,"url":"https:\/\/lasprimeras.com.do\/index.php\/2024\/10\/06\/jose-dantes-recibe-apoyo-de-victor-fadul-para-la-secretaria-general-del-pld\/","url_meta":{"origin":111816,"position":4},"title":"Jos\u00e9 Dant\u00e9s recibe apoyo de V\u00edctor Fadul para la Secretar\u00eda General del PLD","author":"Nelson Feliz","date":"6 de octubre de 2024","format":false,"excerpt":"El candidato a la Secretar\u00eda General del Partido de la Liberaci\u00f3n Dominicana (PLD), Jos\u00e9 Dant\u00e9s D\u00edaz, recibi\u00f3 este s\u00e1bado el respaldo de V\u00edctor Fadul Lantigua, excandidato a alcalde de Santiago y miembro del Comit\u00e9 Central del PLD. Durante una reuni\u00f3n que sostuvieron en la residencia de Fadul, \u00e9ste expres\u00f3 que\u2026","rel":"","context":"En \u00abPORTADA\u00bb","block_context":{"text":"PORTADA","link":"https:\/\/lasprimeras.com.do\/index.php\/category\/portada\/"},"img":{"alt_text":"Jos\u00e9 Dant\u00e9s y V\u00edctor Fadul","src":"https:\/\/i0.wp.com\/lasprimeras.com.do\/wp-content\/uploads\/2024\/10\/Jose-Dantes-y-Victor-Fadul.jpg?resize=350%2C200&ssl=1","width":350,"height":200,"srcset":"https:\/\/i0.wp.com\/lasprimeras.com.do\/wp-content\/uploads\/2024\/10\/Jose-Dantes-y-Victor-Fadul.jpg?resize=350%2C200&ssl=1 1x, https:\/\/i0.wp.com\/lasprimeras.com.do\/wp-content\/uploads\/2024\/10\/Jose-Dantes-y-Victor-Fadul.jpg?resize=525%2C300&ssl=1 1.5x, https:\/\/i0.wp.com\/lasprimeras.com.do\/wp-content\/uploads\/2024\/10\/Jose-Dantes-y-Victor-Fadul.jpg?resize=700%2C400&ssl=1 2x"},"classes":[]},{"id":77231,"url":"https:\/\/lasprimeras.com.do\/index.php\/2024\/02\/19\/pld-entregara-segundo-documento-a-oea-con-denuncias-sobre-uso-de-fondos\/","url_meta":{"origin":111816,"position":5},"title":"PLD entregar\u00e1 segundo documento a OEA con denuncias sobre uso de fondos","author":"BIMARY DE JES\u00daS Matos","date":"19 de febrero de 2024","format":false,"excerpt":"Santo Domingo.- El Partido de la Liberaci\u00f3n Dominicana (PLD) entregar\u00e1 este lunes un segundo Informe a la misi\u00f3n de la Organizaci\u00f3n de Estados Americanos (OEA) presente en Rep\u00fablica Dominicana para denunciar la utilizaci\u00f3n de los recursos estatales durante la contienda pol\u00edtica. As\u00ed lo revel\u00f3 este lunes, tan solo un d\u00eda\u2026","rel":"","context":"En \u00abSin categor\u00eda\u00bb","block_context":{"text":"Sin categor\u00eda","link":"https:\/\/lasprimeras.com.do\/index.php\/category\/sin-categoria\/"},"img":{"alt_text":"","src":"https:\/\/i0.wp.com\/lasprimeras.com.do\/wp-content\/uploads\/2024\/02\/6462d0902c08c.r_d.93-164.jpeg?resize=350%2C200&ssl=1","width":350,"height":200,"srcset":"https:\/\/i0.wp.com\/lasprimeras.com.do\/wp-content\/uploads\/2024\/02\/6462d0902c08c.r_d.93-164.jpeg?resize=350%2C200&ssl=1 1x, https:\/\/i0.wp.com\/lasprimeras.com.do\/wp-content\/uploads\/2024\/02\/6462d0902c08c.r_d.93-164.jpeg?resize=525%2C300&ssl=1 1.5x, https:\/\/i0.wp.com\/lasprimeras.com.do\/wp-content\/uploads\/2024\/02\/6462d0902c08c.r_d.93-164.jpeg?resize=700%2C400&ssl=1 2x"},"classes":[]}],"jetpack_sharing_enabled":true,"_links":{"self":[{"href":"https:\/\/lasprimeras.com.do\/index.php\/wp-json\/wp\/v2\/posts\/111816","targetHints":{"allow":["GET"]}}],"collection":[{"href":"https:\/\/lasprimeras.com.do\/index.php\/wp-json\/wp\/v2\/posts"}],"about":[{"href":"https:\/\/lasprimeras.com.do\/index.php\/wp-json\/wp\/v2\/types\/post"}],"author":[{"embeddable":true,"href":"https:\/\/lasprimeras.com.do\/index.php\/wp-json\/wp\/v2\/users\/10"}],"replies":[{"embeddable":true,"href":"https:\/\/lasprimeras.com.do\/index.php\/wp-json\/wp\/v2\/comments?post=111816"}],"version-history":[{"count":1,"href":"https:\/\/lasprimeras.com.do\/index.php\/wp-json\/wp\/v2\/posts\/111816\/revisions"}],"predecessor-version":[{"id":111817,"href":"https:\/\/lasprimeras.com.do\/index.php\/wp-json\/wp\/v2\/posts\/111816\/revisions\/111817"}],"wp:featuredmedia":[{"embeddable":true,"href":"https:\/\/lasprimeras.com.do\/index.php\/wp-json\/wp\/v2\/media\/87681"}],"wp:attachment":[{"href":"https:\/\/lasprimeras.com.do\/index.php\/wp-json\/wp\/v2\/media?parent=111816"}],"wp:term":[{"taxonomy":"category","embeddable":true,"href":"https:\/\/lasprimeras.com.do\/index.php\/wp-json\/wp\/v2\/categories?post=111816"},{"taxonomy":"post_tag","embeddable":true,"href":"https:\/\/lasprimeras.com.do\/index.php\/wp-json\/wp\/v2\/tags?post=111816"}],"curies":[{"name":"wp","href":"https:\/\/api.w.org\/{rel}","templated":true}]}}