{"id":111820,"date":"2025-10-13T09:15:17","date_gmt":"2025-10-13T13:15:17","guid":{"rendered":"https:\/\/lasprimeras.com.do\/?p=111820"},"modified":"2025-10-14T09:19:22","modified_gmt":"2025-10-14T13:19:22","slug":"yvan-lorenzo-camara-de-cuentas-genera-suspicacia-y-desconfianza","status":"publish","type":"post","link":"https:\/\/lasprimeras.com.do\/index.php\/2025\/10\/13\/yvan-lorenzo-camara-de-cuentas-genera-suspicacia-y-desconfianza\/","title":{"rendered":"Yvan Lorenzo: C\u00e1mara de Cuentas genera suspicacia y desconfianza"},"content":{"rendered":"\n<p><strong>El PLD deplora que el rol de control y fiscalizaci\u00f3n de la C\u00e1mara de Cuentas ha sido desplazado por la mala pr\u00e1ctica de filtrar investigaciones sobre funcionarios del gobierno anterior<\/strong><\/p>\n\n\n\n<p>El Partido de la Liberaci\u00f3n Dominicana (PLD) cuestion\u00f3 la inercia de la C\u00e1mara de Cuentas como \u00f3rgano de control y fiscalizaci\u00f3n en la actual gesti\u00f3n de gobierno, se\u00f1alando que se limita a escarbar en el pasado mientras ignora el desorden administrativo del presente.<\/p>\n\n\n\n<p>La organizaci\u00f3n pol\u00edtica, deplor\u00f3 que el rol de control y fiscalizaci\u00f3n de este \u00f3rgano ha sido desplazado por la mala pr\u00e1ctica de filtrar investigaciones sobre funcionarios del gobierno anterior, en franca violaci\u00f3n de los reglamentos de la instituci\u00f3n, con la intenci\u00f3n de instrumentar expedientes penales ante la opini\u00f3n p\u00fablica sin realizar las auditor\u00edas pertinentes.<\/p>\n\n\n\n<p>Yvan Lorenzo, vice presidente del PLD sirvi\u00f3 de vocero del PLD en el encuentro con la representaci\u00f3n de los medios de comunicaci\u00f3n en el que tambi\u00e9n particip\u00f3 Tem\u00edstocles Mont\u00e1s, vicepresidente, los miembros del Comit\u00e9 Pol\u00edtico, Melanio Paredes, Jos\u00e9 Dantes Diaz, Robert De la Cruz, del Comit\u00e9 Central y del \u00e1rea Jur\u00eddica, John Garrido, Yulibelys Wandelpool, Juan Luis Bello y Michael Matos.<\/p>\n\n\n\n<p>Yvan Lorenzo declar\u00f3 que la conducta de la C\u00e1mara de Cuentas, genera suspicacia y desconfianza en la sociedad dominicana respecto a su labor, adem\u00e1s de evidenciar una preocupante subordinaci\u00f3n ante el Poder Ejecutivo.<\/p>\n\n\n\n<p>\u201cResulta inaceptable que no se haya practicado una sola auditor\u00eda correspondiente a la presente gesti\u00f3n de gobierno, de las veintiocho contempladas en el Plan Anual de Auditor\u00eda 2025. A saber: la auditor\u00eda al Seguro Nacional de Salud (SeNaSa), que abarca los a\u00f1os 2023 y 2024, incluyendo una investigaci\u00f3n especial por un monto que supera los 75,550 millones de pesos\u201d, se\u00f1al\u00f3 el ex senador.<\/p>\n\n\n\n<p>Asimismo, cit\u00f3 la auditoria correspondiente al Ministerio de Educaci\u00f3n, desde el 16 de agosto de 2020 hasta el 16 de agosto de 2023, que incluye una investigaci\u00f3n especial a requerimiento de la Procuradur\u00eda General de la Rep\u00fablica; la auditor\u00eda al Servicio Nacional de Salud (SNS); a la Oficina Gubernamental de Tecnolog\u00edas de la Informaci\u00f3n y Comunicaci\u00f3n (OGTIC), bajo la gesti\u00f3n de Bartolom\u00e9 Pujals.<\/p>\n\n\n\n<p>Tambi\u00e9n al Ministerio Administrativo de la Presidencia; al Instituto Nacional de Aguas Potables y Alcantarillados (INAPA); al programa Sup\u00e9rate; y al Comit\u00e9 Ejecutor de Infraestructura de Obras en Zonas Tur\u00edsticas (CEIZTUR), entre otras.<\/p>\n\n\n\n<p>Resalt\u00f3 que en el gobierno PRM, se han registrado m\u00e1s de 200 denuncias de corrupci\u00f3n admitidas por la propia Direcci\u00f3n de \u00c9tica Gubernamental y otros organismos del Estado, as\u00ed como por organizaciones de la sociedad civil y partidos pol\u00edticos. \u201c\u00bfY la C\u00e1mara de Cuentas qu\u00e9 ha hecho? Eso se pregunta el pueblo dominicano\u00bb.<\/p>\n\n\n\n<p>Igualmente cuestion\u00f3 que no se haya continuado subiendo las actas y los videos de las sesiones y que la C\u00e1mara de Cuentas se ha convertido en un espect\u00e1culo medi\u00e1tico, pero no en un verdadero \u00f3rgano de control.<\/p>\n\n\n\n<p>Como de costumbre, la organizaci\u00f3n pol\u00edtica hizo una serie de recomendaciones que van desde presentar al Congreso Nacional el informe anual de auditor\u00eda correspondiente a la gesti\u00f3n en curso hasta dar cumplimiento obligatorio a las recomendaciones de auditor\u00eda y establecer mecanismos de seguimiento.<\/p>\n\n\n\n<p>El documento entregado a los comunicadores y expuesto en la rueda de prensa abre con la siguiente interrogante: \u00bfA qu\u00e9 se debe la inercia del \u00f3rgano de control y fiscalizaci\u00f3n que solo rebusca en el pasado, ignorando el desorden de la presente administraci\u00f3n?<\/p>\n","protected":false},"excerpt":{"rendered":"<p>El PLD deplora que el rol de control y fiscalizaci\u00f3n de la C\u00e1mara de Cuentas ha sido desplazado por la mala pr\u00e1ctica de filtrar investigaciones sobre funcionarios del gobierno anterior&hellip;<\/p>\n","protected":false},"author":10,"featured_media":111821,"comment_status":"open","ping_status":"open","sticky":false,"template":"","format":"standard","meta":{"content-type":"","jetpack_post_was_ever_published":false,"_jetpack_newsletter_access":"","_jetpack_dont_email_post_to_subs":false,"_jetpack_newsletter_tier_id":0,"_jetpack_memberships_contains_paywalled_content":false,"_jetpack_memberships_contains_paid_content":false,"footnotes":""},"categories":[16559,25],"tags":[340,17834,25939,25354],"class_list":["post-111820","post","type-post","status-publish","format-standard","has-post-thumbnail","hentry","category-politica","category-portada","tag-camara-de-cuentas","tag-desconfianza","tag-suspicacia","tag-yvan-lorenzo"],"jetpack_featured_media_url":"https:\/\/lasprimeras.com.do\/wp-content\/uploads\/2025\/10\/Yvan-Lorenzo.jpg","jetpack-related-posts":[{"id":54626,"url":"https:\/\/lasprimeras.com.do\/index.php\/2023\/07\/12\/senador-denuncia-funcionarios-de-este-gobierno-se-reunian-a-escondidas-con-miembros-de-la-cc\/","url_meta":{"origin":111820,"position":0},"title":"Senador denuncia funcionarios de este Gobierno se reun\u00edan a escondidas con miembros de la CC","author":"Nelson Feliz","date":"12 de julio de 2023","format":false,"excerpt":"Yv\u00e1n Lorenzo dijo que lo hac\u00edan por orden del presidente Abinader con intenci\u00f3n de \"sonsacarles\". El vocero de los senadores del Partido de la Liberaci\u00f3n Dominicana (PLD), Yv\u00e1n Lorenzo, denunci\u00f3 este mi\u00e9rcoles que una serie de funcionarios del Poder Ejecutivo y Legislativo se re\u00fanen a escondidas con miembros del Pleno\u2026","rel":"","context":"En \u00abPORTADA\u00bb","block_context":{"text":"PORTADA","link":"https:\/\/lasprimeras.com.do\/index.php\/category\/portada\/"},"img":{"alt_text":"Yv\u00e1n Lorenzo","src":"https:\/\/i0.wp.com\/lasprimeras.com.do\/wp-content\/uploads\/2023\/07\/Yvan-Lorenzo-1.jpg?resize=350%2C200&ssl=1","width":350,"height":200,"srcset":"https:\/\/i0.wp.com\/lasprimeras.com.do\/wp-content\/uploads\/2023\/07\/Yvan-Lorenzo-1.jpg?resize=350%2C200&ssl=1 1x, https:\/\/i0.wp.com\/lasprimeras.com.do\/wp-content\/uploads\/2023\/07\/Yvan-Lorenzo-1.jpg?resize=525%2C300&ssl=1 1.5x, https:\/\/i0.wp.com\/lasprimeras.com.do\/wp-content\/uploads\/2023\/07\/Yvan-Lorenzo-1.jpg?resize=700%2C400&ssl=1 2x"},"classes":[]},{"id":117177,"url":"https:\/\/lasprimeras.com.do\/index.php\/2025\/12\/08\/pld-acusa-al-ministerio-publico-de-favoritismo-en-caso-de-corrupcion\/","url_meta":{"origin":111820,"position":1},"title":"PLD acusa al Ministerio P\u00fablico de favoritismo en caso de corrupci\u00f3n","author":"Nelson Feliz","date":"8 de diciembre de 2025","format":false,"excerpt":"El Partido de la Liberaci\u00f3n Dominicana (PLD) acus\u00f3 al Ministerio P\u00fablico de utilizar pr\u00e1cticas \u201cselectivas pol\u00edticamente orientadas\u201d en los casos de corrupci\u00f3n detectados en la administraci\u00f3n p\u00fablica. El vicepresidente del PLD, Yv\u00e1n Lorenzo, afirm\u00f3 que el tratamiento a los implicados es diferente si se trata de funcionarios del Partido Revolucionario\u2026","rel":"","context":"En \u00abPOLITICA\u00bb","block_context":{"text":"POLITICA","link":"https:\/\/lasprimeras.com.do\/index.php\/category\/politica\/"},"img":{"alt_text":"Yv\u00e1n Lorenzo","src":"https:\/\/i0.wp.com\/lasprimeras.com.do\/wp-content\/uploads\/2025\/04\/Yvan-Lorenzo.jpg?resize=350%2C200&ssl=1","width":350,"height":200,"srcset":"https:\/\/i0.wp.com\/lasprimeras.com.do\/wp-content\/uploads\/2025\/04\/Yvan-Lorenzo.jpg?resize=350%2C200&ssl=1 1x, https:\/\/i0.wp.com\/lasprimeras.com.do\/wp-content\/uploads\/2025\/04\/Yvan-Lorenzo.jpg?resize=525%2C300&ssl=1 1.5x, https:\/\/i0.wp.com\/lasprimeras.com.do\/wp-content\/uploads\/2025\/04\/Yvan-Lorenzo.jpg?resize=700%2C400&ssl=1 2x"},"classes":[]},{"id":113904,"url":"https:\/\/lasprimeras.com.do\/index.php\/2025\/11\/07\/cuestiona-inauguracion-de-hospital-en-sfm\/","url_meta":{"origin":111820,"position":2},"title":"Cuestiona inauguraci\u00f3n de Hospital en SFM","author":"Nelson Feliz","date":"7 de noviembre de 2025","format":false,"excerpt":"Yv\u00e1n Lorenzo califica de acto populista la inauguraci\u00f3n del hospital \u00c1ngel Mar\u00eda Gat\u00f3n en San Francisco de Macor\u00eds, que no est\u00e1 apto para operar Yv\u00e1n Lorenzo, vicepresidente del Partido de la Liberaci\u00f3n Dominicana (PLD), consider\u00f3 como un acto populista la inauguraci\u00f3n del Hospital Regional Dr. \u00c1ngel Mar\u00eda Gat\u00f3n, en San\u2026","rel":"","context":"En \u00abPOLITICA\u00bb","block_context":{"text":"POLITICA","link":"https:\/\/lasprimeras.com.do\/index.php\/category\/politica\/"},"img":{"alt_text":"Yv\u00e1n Lorenzo","src":"https:\/\/i0.wp.com\/lasprimeras.com.do\/wp-content\/uploads\/2025\/04\/Yvan-Lorenzo.jpg?resize=350%2C200&ssl=1","width":350,"height":200,"srcset":"https:\/\/i0.wp.com\/lasprimeras.com.do\/wp-content\/uploads\/2025\/04\/Yvan-Lorenzo.jpg?resize=350%2C200&ssl=1 1x, https:\/\/i0.wp.com\/lasprimeras.com.do\/wp-content\/uploads\/2025\/04\/Yvan-Lorenzo.jpg?resize=525%2C300&ssl=1 1.5x, https:\/\/i0.wp.com\/lasprimeras.com.do\/wp-content\/uploads\/2025\/04\/Yvan-Lorenzo.jpg?resize=700%2C400&ssl=1 2x"},"classes":[]},{"id":85318,"url":"https:\/\/lasprimeras.com.do\/index.php\/2024\/06\/28\/abinader-promulga-nueva-ley-de-camara-de-cuentas\/","url_meta":{"origin":111820,"position":3},"title":"Abinader promulga nueva Ley de C\u00e1mara de Cuentas","author":"Nelson Feliz","date":"28 de junio de 2024","format":false,"excerpt":"\u00a0La ley ahora promulgada hab\u00eda sido observada por el presidente anteriormente, para fortalecer la efectiva funcionalidad del \u00f3rgano.\u00a0El presidente de la Rep\u00fablica Dominicana, Luis Abinader, promulg\u00f3 hoy la Ley 18-24, que a partir de ahora regular\u00e1 el funcionamiento de la C\u00e1mara de Cuentas, el \u00f3rgano superior externo de control fiscal\u2026","rel":"","context":"En \u00abNACIONALES\u00bb","block_context":{"text":"NACIONALES","link":"https:\/\/lasprimeras.com.do\/index.php\/category\/nacionales\/"},"img":{"alt_text":"","src":"https:\/\/i0.wp.com\/lasprimeras.com.do\/wp-content\/uploads\/2024\/02\/FOTO-PRINCIPAL-PALACIO-NACIONAL-e1708074506177-1.jpg?resize=350%2C200&ssl=1","width":350,"height":200,"srcset":"https:\/\/i0.wp.com\/lasprimeras.com.do\/wp-content\/uploads\/2024\/02\/FOTO-PRINCIPAL-PALACIO-NACIONAL-e1708074506177-1.jpg?resize=350%2C200&ssl=1 1x, https:\/\/i0.wp.com\/lasprimeras.com.do\/wp-content\/uploads\/2024\/02\/FOTO-PRINCIPAL-PALACIO-NACIONAL-e1708074506177-1.jpg?resize=525%2C300&ssl=1 1.5x, https:\/\/i0.wp.com\/lasprimeras.com.do\/wp-content\/uploads\/2024\/02\/FOTO-PRINCIPAL-PALACIO-NACIONAL-e1708074506177-1.jpg?resize=700%2C400&ssl=1 2x, https:\/\/i0.wp.com\/lasprimeras.com.do\/wp-content\/uploads\/2024\/02\/FOTO-PRINCIPAL-PALACIO-NACIONAL-e1708074506177-1.jpg?resize=1050%2C600&ssl=1 3x"},"classes":[]},{"id":122660,"url":"https:\/\/lasprimeras.com.do\/index.php\/2026\/02\/20\/senado-imparte-taller-sobre-la-ley-organica-de-fiscalizacion-y-control-del-congreso-nacional-num-84-25\/","url_meta":{"origin":111820,"position":4},"title":"Senado imparte taller sobre la Ley Org\u00e1nica de Fiscalizaci\u00f3n y Control del Congreso Nacional N\u00fam. 84-25","author":"Nelson Feliz","date":"20 de febrero de 2026","format":false,"excerpt":"El Senado de la Rep\u00fablica desarrolla el taller \u201cLey Org\u00e1nica de Fiscalizaci\u00f3n y Control del Congreso Nacional N\u00fam. 84-25, del 8 de agosto de 2025\u201d, una jornada formativa orientada a fortalecer las capacidades del personal que asiste a los legisladores en el ejercicio de las funciones de control y fiscalizaci\u00f3n,\u2026","rel":"","context":"En \u00abNACIONALES\u00bb","block_context":{"text":"NACIONALES","link":"https:\/\/lasprimeras.com.do\/index.php\/category\/nacionales\/"},"img":{"alt_text":"","src":"https:\/\/i0.wp.com\/lasprimeras.com.do\/wp-content\/uploads\/2026\/02\/IMG-20260219-WA0635.jpg?resize=350%2C200&ssl=1","width":350,"height":200,"srcset":"https:\/\/i0.wp.com\/lasprimeras.com.do\/wp-content\/uploads\/2026\/02\/IMG-20260219-WA0635.jpg?resize=350%2C200&ssl=1 1x, https:\/\/i0.wp.com\/lasprimeras.com.do\/wp-content\/uploads\/2026\/02\/IMG-20260219-WA0635.jpg?resize=525%2C300&ssl=1 1.5x, https:\/\/i0.wp.com\/lasprimeras.com.do\/wp-content\/uploads\/2026\/02\/IMG-20260219-WA0635.jpg?resize=700%2C400&ssl=1 2x, https:\/\/i0.wp.com\/lasprimeras.com.do\/wp-content\/uploads\/2026\/02\/IMG-20260219-WA0635.jpg?resize=1050%2C600&ssl=1 3x"},"classes":[]},{"id":115259,"url":"https:\/\/lasprimeras.com.do\/index.php\/2025\/11\/20\/camara-de-cuentas-institucionaliza-la-mesa-de-control-y-amplia-su-composicion-con-nuevas-instituciones\/","url_meta":{"origin":111820,"position":5},"title":"C\u00e1mara de Cuentas institucionaliza la Mesa de Control y ampl\u00eda su composici\u00f3n con nuevas instituciones","author":"Nelson Feliz","date":"20 de noviembre de 2025","format":false,"excerpt":"La C\u00e1mara de Cuentas de la Rep\u00fablica Dominicana (CCRD) fortaleci\u00f3 y relanz\u00f3 el Sistema Nacional de Control y Fiscalizaci\u00f3n mediante la ampliaci\u00f3n del n\u00famero de instituciones que integran la Mesa de Control y Fiscalizaci\u00f3n. Durante el encuentro, la instituci\u00f3n tambi\u00e9n present\u00f3 el reglamento que regir\u00e1 este espacio de coordinaci\u00f3n interorg\u00e1nica,\u2026","rel":"","context":"En \u00abECONOM\u00cdA\u00bb","block_context":{"text":"ECONOM\u00cdA","link":"https:\/\/lasprimeras.com.do\/index.php\/category\/economia\/"},"img":{"alt_text":"","src":"https:\/\/i0.wp.com\/lasprimeras.com.do\/wp-content\/uploads\/2025\/11\/Camara-de-Cuentas-1.jpg?resize=350%2C200&ssl=1","width":350,"height":200,"srcset":"https:\/\/i0.wp.com\/lasprimeras.com.do\/wp-content\/uploads\/2025\/11\/Camara-de-Cuentas-1.jpg?resize=350%2C200&ssl=1 1x, https:\/\/i0.wp.com\/lasprimeras.com.do\/wp-content\/uploads\/2025\/11\/Camara-de-Cuentas-1.jpg?resize=525%2C300&ssl=1 1.5x, https:\/\/i0.wp.com\/lasprimeras.com.do\/wp-content\/uploads\/2025\/11\/Camara-de-Cuentas-1.jpg?resize=700%2C400&ssl=1 2x"},"classes":[]}],"jetpack_sharing_enabled":true,"_links":{"self":[{"href":"https:\/\/lasprimeras.com.do\/index.php\/wp-json\/wp\/v2\/posts\/111820","targetHints":{"allow":["GET"]}}],"collection":[{"href":"https:\/\/lasprimeras.com.do\/index.php\/wp-json\/wp\/v2\/posts"}],"about":[{"href":"https:\/\/lasprimeras.com.do\/index.php\/wp-json\/wp\/v2\/types\/post"}],"author":[{"embeddable":true,"href":"https:\/\/lasprimeras.com.do\/index.php\/wp-json\/wp\/v2\/users\/10"}],"replies":[{"embeddable":true,"href":"https:\/\/lasprimeras.com.do\/index.php\/wp-json\/wp\/v2\/comments?post=111820"}],"version-history":[{"count":1,"href":"https:\/\/lasprimeras.com.do\/index.php\/wp-json\/wp\/v2\/posts\/111820\/revisions"}],"predecessor-version":[{"id":111822,"href":"https:\/\/lasprimeras.com.do\/index.php\/wp-json\/wp\/v2\/posts\/111820\/revisions\/111822"}],"wp:featuredmedia":[{"embeddable":true,"href":"https:\/\/lasprimeras.com.do\/index.php\/wp-json\/wp\/v2\/media\/111821"}],"wp:attachment":[{"href":"https:\/\/lasprimeras.com.do\/index.php\/wp-json\/wp\/v2\/media?parent=111820"}],"wp:term":[{"taxonomy":"category","embeddable":true,"href":"https:\/\/lasprimeras.com.do\/index.php\/wp-json\/wp\/v2\/categories?post=111820"},{"taxonomy":"post_tag","embeddable":true,"href":"https:\/\/lasprimeras.com.do\/index.php\/wp-json\/wp\/v2\/tags?post=111820"}],"curies":[{"name":"wp","href":"https:\/\/api.w.org\/{rel}","templated":true}]}}