{"id":111826,"date":"2025-10-14T09:34:59","date_gmt":"2025-10-14T13:34:59","guid":{"rendered":"https:\/\/lasprimeras.com.do\/?p=111826"},"modified":"2025-10-14T09:35:01","modified_gmt":"2025-10-14T13:35:01","slug":"google-anuncia-una-inversion-de-15-000-millones-de-dolares-en-un-centro-de-ia-en-india","status":"publish","type":"post","link":"https:\/\/lasprimeras.com.do\/index.php\/2025\/10\/14\/google-anuncia-una-inversion-de-15-000-millones-de-dolares-en-un-centro-de-ia-en-india\/","title":{"rendered":"Google anuncia una inversi\u00f3n de 15.000 millones de d\u00f3lares en un centro de IA en India"},"content":{"rendered":"\n<p>POR RAJESH ROY<\/p>\n\n\n\n<p>NUEVA DELHI (AP) \u2014 Google anunci\u00f3 el martes que invertir\u00e1 15.000 millones de d\u00f3lares en India durante los pr\u00f3ximos cinco a\u00f1os para establecer su primer centro de inteligencia artificial en el pa\u00eds.<\/p>\n\n\n\n<p>Ubicado en la ciudad sure\u00f1a de Visakhapatnam, el centro ser\u00e1 uno de los m\u00e1s grandes de Google a nivel mundial. Contar\u00e1 con operaciones de centros de datos a escala de gigavatios, una amplia infraestructura energ\u00e9tica y una red de fibra \u00f3ptica ampliada, dijo la compa\u00f1\u00eda en un comunicado.<\/p>\n\n\n\n<p>La inversi\u00f3n subraya la creciente dependencia de Google en India como una base clave de tecnolog\u00eda y talento en la carrera global por el dominio de la IA. Para India, esto trae infraestructura de alto valor e inversi\u00f3n extranjera a una escala que puede acelerar sus ambiciones de transformaci\u00f3n digital.<\/p>\n\n\n\n<p>Google dijo que su inversi\u00f3n en el centro de IA incluir\u00e1 la construcci\u00f3n de una nueva puerta de enlace submarina internacional que se conectar\u00e1 a los m\u00e1s de 3,2 millones de kil\u00f3metros de cables terrestres y submarinos existentes de la compa\u00f1\u00eda.<\/p>\n\n\n\n<p>\u201cEsta iniciativa crea oportunidades econ\u00f3micas y sociales sustanciales tanto para India como para Estados Unidos, al tiempo que lidera un cambio generacional en la capacidad de la IA\u201d, dec\u00eda el comunicado de la compa\u00f1\u00eda.<\/p>\n\n\n\n<p>El director general de Google, Sundar Pichai, habl\u00f3 con el primer ministro de India, Narendra Modi, sobre los ambiciosos planes de la compa\u00f1\u00eda.<\/p>\n\n\n\n<p>\u201cA trav\u00e9s de este centro, llevaremos nuestra tecnolog\u00eda l\u00edder en la industria a empresas y usuarios en India, acelerando la innovaci\u00f3n en IA y fomentando el crecimiento en todo el pa\u00eds\u201d, dijo Pichai en la plataforma de redes sociales X.<\/p>\n\n\n\n<p>Modi se\u00f1al\u00f3 que la inversi\u00f3n multifac\u00e9tica se alinea con la visi\u00f3n de India de construir un pa\u00eds desarrollado.<\/p>\n\n\n\n<p>\u201cSer\u00e1 una fuerza poderosa en la democratizaci\u00f3n de la tecnolog\u00eda. Tambi\u00e9n garantizar\u00e1 la IA para todos, proporcionando herramientas de vanguardia a nuestros ciudadanos, impulsando nuestra econom\u00eda digital y asegurando el lugar de India como l\u00edder tecnol\u00f3gico global\u201d, afirm\u00f3.<\/p>\n\n\n\n<p>El conglomerado empresarial Adani Group dijo en un comunicado que se hab\u00eda asociado con Google para desarrollar el centro.<\/p>\n","protected":false},"excerpt":{"rendered":"<p>POR RAJESH ROY NUEVA DELHI (AP) \u2014 Google anunci\u00f3 el martes que invertir\u00e1 15.000 millones de d\u00f3lares en India durante los pr\u00f3ximos cinco a\u00f1os para establecer su primer centro de&hellip;<\/p>\n","protected":false},"author":10,"featured_media":73062,"comment_status":"open","ping_status":"open","sticky":false,"template":"","format":"standard","meta":{"content-type":"","jetpack_post_was_ever_published":false,"_jetpack_newsletter_access":"","_jetpack_dont_email_post_to_subs":false,"_jetpack_newsletter_tier_id":0,"_jetpack_memberships_contains_paywalled_content":false,"_jetpack_memberships_contains_paid_content":false,"footnotes":""},"categories":[23746],"tags":[25942,25943,1911,2765],"class_list":["post-111826","post","type-post","status-publish","format-standard","has-post-thumbnail","hentry","category-tecnologia","tag-15-000-millones-de-dolares","tag-centro-de-ia-en-india","tag-google","tag-inversion"],"jetpack_featured_media_url":"https:\/\/lasprimeras.com.do\/wp-content\/uploads\/2024\/01\/GOOGLE.jpg","jetpack-related-posts":[{"id":117240,"url":"https:\/\/lasprimeras.com.do\/index.php\/2025\/12\/09\/microsoft-invierte-17-500-millones-de-dolares-en-india-para-infraestructura-de-ia-y-nube\/","url_meta":{"origin":111826,"position":0},"title":"Microsoft invierte 17.500 millones de d\u00f3lares en India para infraestructura de IA y nube","author":"Nelson Feliz","date":"9 de diciembre de 2025","format":false,"excerpt":"Por Rajesh Roy NUEVA DELHI (AP) \u2014 Microsoft anunci\u00f3 el martes su mayor inversi\u00f3n en Asia, por un total de 17.500 millones de d\u00f3lares, en India durante los pr\u00f3ximos cuatro a\u00f1os para impulsar la infraestructura de inteligencia artificial y de nube del pa\u00eds. El director ejecutivo Satya Nadella revel\u00f3 esto\u2026","rel":"","context":"En \u00abTECNOL\u00d3GIA\u00bb","block_context":{"text":"TECNOL\u00d3GIA","link":"https:\/\/lasprimeras.com.do\/index.php\/category\/tecnologia\/"},"img":{"alt_text":"","src":"https:\/\/i0.wp.com\/lasprimeras.com.do\/wp-content\/uploads\/2025\/12\/Microsoft.jpg?resize=350%2C200&ssl=1","width":350,"height":200,"srcset":"https:\/\/i0.wp.com\/lasprimeras.com.do\/wp-content\/uploads\/2025\/12\/Microsoft.jpg?resize=350%2C200&ssl=1 1x, https:\/\/i0.wp.com\/lasprimeras.com.do\/wp-content\/uploads\/2025\/12\/Microsoft.jpg?resize=525%2C300&ssl=1 1.5x, https:\/\/i0.wp.com\/lasprimeras.com.do\/wp-content\/uploads\/2025\/12\/Microsoft.jpg?resize=700%2C400&ssl=1 2x"},"classes":[]},{"id":112094,"url":"https:\/\/lasprimeras.com.do\/index.php\/2025\/10\/17\/nvidia-se-une-a-blackrock-en-la-compra-de-aligned-data-centers\/","url_meta":{"origin":111826,"position":1},"title":"Nvidia se une a BlackRock en la compra de Aligned Data Centers","author":"Nelson Feliz","date":"17 de octubre de 2025","format":false,"excerpt":"Microsoft y los fondos soberanos de Kuwait y Singapur integran el consorcio, que prev\u00e9 invertir hasta 100.000 millones, la mayor de la historia en los centros de datos, valorada en 40.000 millones de d\u00f3lares. Santiago Mill\u00e1n Madrid - Un grupo de inversores, liderado por BlackRock-Global Infrastructure Partners (GIP), y con\u2026","rel":"","context":"En \u00abTECNOL\u00d3GIA\u00bb","block_context":{"text":"TECNOL\u00d3GIA","link":"https:\/\/lasprimeras.com.do\/index.php\/category\/tecnologia\/"},"img":{"alt_text":"","src":"https:\/\/i0.wp.com\/lasprimeras.com.do\/wp-content\/uploads\/2025\/10\/alianza.jpg?resize=350%2C200&ssl=1","width":350,"height":200,"srcset":"https:\/\/i0.wp.com\/lasprimeras.com.do\/wp-content\/uploads\/2025\/10\/alianza.jpg?resize=350%2C200&ssl=1 1x, https:\/\/i0.wp.com\/lasprimeras.com.do\/wp-content\/uploads\/2025\/10\/alianza.jpg?resize=525%2C300&ssl=1 1.5x, https:\/\/i0.wp.com\/lasprimeras.com.do\/wp-content\/uploads\/2025\/10\/alianza.jpg?resize=700%2C400&ssl=1 2x, https:\/\/i0.wp.com\/lasprimeras.com.do\/wp-content\/uploads\/2025\/10\/alianza.jpg?resize=1050%2C600&ssl=1 3x"},"classes":[]},{"id":109483,"url":"https:\/\/lasprimeras.com.do\/index.php\/2025\/09\/18\/nvidia-invertira-5-000-millones-de-dolares-en-intel-y-trabajara-en-conjunto-en-infraestructura-de-ia-y-pc\/","url_meta":{"origin":111826,"position":2},"title":"Nvidia invertir\u00e1 5.000 millones de d\u00f3lares en Intel y trabajar\u00e1 en conjunto en infraestructura de IA y PC","author":"Nelson Feliz","date":"18 de septiembre de 2025","format":false,"excerpt":"NUEVA YORK (AP) \u2014 Nvidia, el principal fabricante de chips del mundo, anunci\u00f3 el jueves que invertir\u00e1 5.000 millones de d\u00f3lares en Intel y colaborar\u00e1 con la empresa de semiconductores en dificultades. Las dos compa\u00f1\u00edas se unir\u00e1n para trabajar en centros de datos personalizados que forman la columna vertebral de\u2026","rel":"","context":"En \u00abTECNOL\u00d3GIA\u00bb","block_context":{"text":"TECNOL\u00d3GIA","link":"https:\/\/lasprimeras.com.do\/index.php\/category\/tecnologia\/"},"img":{"alt_text":"","src":"https:\/\/i0.wp.com\/lasprimeras.com.do\/wp-content\/uploads\/2025\/09\/Jensen-Huang.jpg?resize=350%2C200&ssl=1","width":350,"height":200,"srcset":"https:\/\/i0.wp.com\/lasprimeras.com.do\/wp-content\/uploads\/2025\/09\/Jensen-Huang.jpg?resize=350%2C200&ssl=1 1x, https:\/\/i0.wp.com\/lasprimeras.com.do\/wp-content\/uploads\/2025\/09\/Jensen-Huang.jpg?resize=525%2C300&ssl=1 1.5x, https:\/\/i0.wp.com\/lasprimeras.com.do\/wp-content\/uploads\/2025\/09\/Jensen-Huang.jpg?resize=700%2C400&ssl=1 2x"},"classes":[]},{"id":119590,"url":"https:\/\/lasprimeras.com.do\/index.php\/2026\/01\/14\/la-fundacion-gates-revela-un-presupuesto-de-9-mil-millones-de-dolares-y-planea-recortar-personal\/","url_meta":{"origin":111826,"position":3},"title":"La Fundaci\u00f3n Gates revela un presupuesto de 9 mil millones de d\u00f3lares y planea recortar personal","author":"Nelson Feliz","date":"14 de enero de 2026","format":false,"excerpt":"Por STEPHANIE BEASLEY de The Chronicle of Philanthropy La Fundaci\u00f3n Gates anunci\u00f3 el mi\u00e9rcoles que invertir\u00e1 una cifra r\u00e9cord de 9 mil millones de d\u00f3lares en 2026, maximizando su inversi\u00f3n en \u00e1reas clave como la salud global. Simult\u00e1neamente, comenzar\u00e1 a reducir su plantilla en hasta 500 puestos en cinco a\u00f1os.\u2026","rel":"","context":"En \u00abECONOM\u00cdA\u00bb","block_context":{"text":"ECONOM\u00cdA","link":"https:\/\/lasprimeras.com.do\/index.php\/category\/economia\/"},"img":{"alt_text":"Fundaci\u00f3n Gates","src":"https:\/\/i0.wp.com\/lasprimeras.com.do\/wp-content\/uploads\/2026\/01\/Fundacion-Gates.jpg?resize=350%2C200&ssl=1","width":350,"height":200,"srcset":"https:\/\/i0.wp.com\/lasprimeras.com.do\/wp-content\/uploads\/2026\/01\/Fundacion-Gates.jpg?resize=350%2C200&ssl=1 1x, https:\/\/i0.wp.com\/lasprimeras.com.do\/wp-content\/uploads\/2026\/01\/Fundacion-Gates.jpg?resize=525%2C300&ssl=1 1.5x, https:\/\/i0.wp.com\/lasprimeras.com.do\/wp-content\/uploads\/2026\/01\/Fundacion-Gates.jpg?resize=700%2C400&ssl=1 2x"},"classes":[]},{"id":119343,"url":"https:\/\/lasprimeras.com.do\/index.php\/2026\/01\/11\/google-se-asocia-con-walmart-y-otros-minoristas-para-compras-con-chatbot-gemini-ai\/","url_meta":{"origin":111826,"position":4},"title":"Google se asocia con Walmart y otros minoristas para compras con chatbot Gemini AI","author":"Nelson Feliz","date":"11 de enero de 2026","format":false,"excerpt":"POR ANNE D\u2019INNOCENZIO NUEVA YORK (AP) \u2014 Google anunci\u00f3 el domingo que est\u00e1 ampliando las funciones de compra en su chatbot de IA al asociarse con Walmart, Shopify, Wayfair y otros grandes minoristas para convertir la aplicaci\u00f3n Gemini en un comerciante virtual adem\u00e1s de un asistente. Una funci\u00f3n de pago\u2026","rel":"","context":"En \u00abTECNOL\u00d3GIA\u00bb","block_context":{"text":"TECNOL\u00d3GIA","link":"https:\/\/lasprimeras.com.do\/index.php\/category\/tecnologia\/"},"img":{"alt_text":"Sundar Pichai, CEO de Alphabet, en un evento en Mountain View, California, el 20 de mayo del 2025","src":"https:\/\/i0.wp.com\/lasprimeras.com.do\/wp-content\/uploads\/2026\/01\/asocia.jpg?resize=350%2C200&ssl=1","width":350,"height":200,"srcset":"https:\/\/i0.wp.com\/lasprimeras.com.do\/wp-content\/uploads\/2026\/01\/asocia.jpg?resize=350%2C200&ssl=1 1x, https:\/\/i0.wp.com\/lasprimeras.com.do\/wp-content\/uploads\/2026\/01\/asocia.jpg?resize=525%2C300&ssl=1 1.5x, https:\/\/i0.wp.com\/lasprimeras.com.do\/wp-content\/uploads\/2026\/01\/asocia.jpg?resize=700%2C400&ssl=1 2x"},"classes":[]},{"id":73058,"url":"https:\/\/lasprimeras.com.do\/index.php\/2024\/01\/05\/la-tecnologia-de-inteligencia-artificial-detras-de-chatgpt-se-construyo-en-iowa-con-mucha-agua\/","url_meta":{"origin":111826,"position":5},"title":"La tecnolog\u00eda de inteligencia artificial detr\u00e1s de ChatGPT se construy\u00f3 en Iowa, con mucha agua","author":"Nelson Feliz","date":"5 de enero de 2024","format":false,"excerpt":"POR MATT O'BRIEN Y HANNAH FINGERHUT DES MOINES, Iowa (AP) \u2014 El costo de crear un producto de inteligencia artificial como ChatGPT puede ser dif\u00edcil de medir. Pero una cosa que OpenAI, respaldada por Microsoft, necesitaba para su tecnolog\u00eda era mucha agua, extra\u00edda de la cuenca de los r\u00edos Raccoon\u2026","rel":"","context":"En \u00abSin categor\u00eda\u00bb","block_context":{"text":"Sin categor\u00eda","link":"https:\/\/lasprimeras.com.do\/index.php\/category\/sin-categoria\/"},"img":{"alt_text":"ChatGPT","src":"https:\/\/i0.wp.com\/lasprimeras.com.do\/wp-content\/uploads\/2024\/01\/ChatGPT.jpg?resize=350%2C200&ssl=1","width":350,"height":200,"srcset":"https:\/\/i0.wp.com\/lasprimeras.com.do\/wp-content\/uploads\/2024\/01\/ChatGPT.jpg?resize=350%2C200&ssl=1 1x, https:\/\/i0.wp.com\/lasprimeras.com.do\/wp-content\/uploads\/2024\/01\/ChatGPT.jpg?resize=525%2C300&ssl=1 1.5x, https:\/\/i0.wp.com\/lasprimeras.com.do\/wp-content\/uploads\/2024\/01\/ChatGPT.jpg?resize=700%2C400&ssl=1 2x"},"classes":[]}],"jetpack_sharing_enabled":true,"_links":{"self":[{"href":"https:\/\/lasprimeras.com.do\/index.php\/wp-json\/wp\/v2\/posts\/111826","targetHints":{"allow":["GET"]}}],"collection":[{"href":"https:\/\/lasprimeras.com.do\/index.php\/wp-json\/wp\/v2\/posts"}],"about":[{"href":"https:\/\/lasprimeras.com.do\/index.php\/wp-json\/wp\/v2\/types\/post"}],"author":[{"embeddable":true,"href":"https:\/\/lasprimeras.com.do\/index.php\/wp-json\/wp\/v2\/users\/10"}],"replies":[{"embeddable":true,"href":"https:\/\/lasprimeras.com.do\/index.php\/wp-json\/wp\/v2\/comments?post=111826"}],"version-history":[{"count":1,"href":"https:\/\/lasprimeras.com.do\/index.php\/wp-json\/wp\/v2\/posts\/111826\/revisions"}],"predecessor-version":[{"id":111827,"href":"https:\/\/lasprimeras.com.do\/index.php\/wp-json\/wp\/v2\/posts\/111826\/revisions\/111827"}],"wp:featuredmedia":[{"embeddable":true,"href":"https:\/\/lasprimeras.com.do\/index.php\/wp-json\/wp\/v2\/media\/73062"}],"wp:attachment":[{"href":"https:\/\/lasprimeras.com.do\/index.php\/wp-json\/wp\/v2\/media?parent=111826"}],"wp:term":[{"taxonomy":"category","embeddable":true,"href":"https:\/\/lasprimeras.com.do\/index.php\/wp-json\/wp\/v2\/categories?post=111826"},{"taxonomy":"post_tag","embeddable":true,"href":"https:\/\/lasprimeras.com.do\/index.php\/wp-json\/wp\/v2\/tags?post=111826"}],"curies":[{"name":"wp","href":"https:\/\/api.w.org\/{rel}","templated":true}]}}