{"id":111831,"date":"2025-10-14T09:56:31","date_gmt":"2025-10-14T13:56:31","guid":{"rendered":"https:\/\/lasprimeras.com.do\/?p=111831"},"modified":"2025-10-14T09:56:33","modified_gmt":"2025-10-14T13:56:33","slug":"instagram-dice-que-esta-protegiendo-a-los-adolescentes-al-limitarlos-a-contenido-pg-13","status":"publish","type":"post","link":"https:\/\/lasprimeras.com.do\/index.php\/2025\/10\/14\/instagram-dice-que-esta-protegiendo-a-los-adolescentes-al-limitarlos-a-contenido-pg-13\/","title":{"rendered":"Instagram dice que est\u00e1 protegiendo a los adolescentes al limitarlos a contenido PG-13"},"content":{"rendered":"\n<p>Por Barbara Ortutay<\/p>\n\n\n\n<p>Los adolescentes en Instagram estar\u00e1n restringidos a ver contenido PG-13 de manera predeterminada y no podr\u00e1n cambiar su configuraci\u00f3n sin el permiso de sus padres, anunci\u00f3 Meta el martes.<\/p>\n\n\n\n<p>Esto significa que los ni\u00f1os que usan cuentas espec\u00edficas para adolescentes ver\u00e1n fotos y videos en Instagram similares a los que ver\u00edan en una pel\u00edcula para mayores de 13 a\u00f1os (sin sexo, drogas ni acrobacias peligrosas, entre otros).<\/p>\n\n\n\n<p>\u201cEsto incluye ocultar o no recomendar publicaciones con lenguaje fuerte, ciertas acciones riesgosas y contenido adicional que podr\u00eda fomentar comportamientos potencialmente da\u00f1inos, como publicaciones que muestran parafernalia de marihuana\u201d, dijo Meta en una publicaci\u00f3n de blog el martes, calificando la actualizaci\u00f3n como la m\u00e1s significativa desde que introdujo las cuentas de adolescentes el a\u00f1o pasado.<\/p>\n\n\n\n<p>Cualquier persona menor de 18 a\u00f1os que se registre en Instagram ser\u00e1 autom\u00e1ticamente incluida en cuentas restrictivas para adolescentes, a menos que un padre o tutor le d\u00e9 permiso para cancelar su suscripci\u00f3n. Estas cuentas son privadas por defecto, tienen restricciones de uso y ya filtran contenido m\u00e1s &#8220;sensible&#8221;, como el que promociona procedimientos cosm\u00e9ticos.<\/p>\n\n\n\n<p>La compa\u00f1\u00eda tambi\u00e9n est\u00e1 agregando una configuraci\u00f3n a\u00fan m\u00e1s estricta que los padres pueden configurar para sus hijos.<\/p>\n\n\n\n<p>Los cambios se producen en un momento en que el gigante de las redes sociales se enfrenta a incesantes cr\u00edticas por los da\u00f1os a los menores.<\/p>\n\n\n\n<p>En su b\u00fasqueda de a\u00f1adir medidas de seguridad para los usuarios m\u00e1s j\u00f3venes, Meta ya ha prometido que no mostrar\u00e1 contenido inapropiado a los adolescentes, como publicaciones sobre autolesiones, trastornos alimentarios o suicidio.<\/p>\n\n\n\n<p>Pero esto no siempre funciona. Un informe reciente , por ejemplo, descubri\u00f3 que las cuentas de adolescentes creadas por investigadores conten\u00edan contenido sexual inapropiado para su edad, incluyendo descripciones sexuales expl\u00edcitas, el uso de caricaturas para describir actos sexuales degradantes y breves exhibiciones de desnudez.<\/p>\n\n\n\n<p>Adem\u00e1s, Instagram tambi\u00e9n recomend\u00f3 una \u201cvariedad de contenido de autolesi\u00f3n, autolesi\u00f3n e imagen corporal\u201d en cuentas de adolescentes que, seg\u00fan el informe, \u201ctendr\u00eda una probabilidad razonable de tener efectos adversos para los j\u00f3venes, incluidos los adolescentes que experimentan mala salud mental o autolesi\u00f3n e ideaci\u00f3n y conductas suicidas\u201d.<\/p>\n\n\n\n<p>Meta afirma que las nuevas restricciones van m\u00e1s all\u00e1 de sus protecciones anteriores. Los adolescentes ya no podr\u00e1n seguir cuentas que compartan regularmente contenido inapropiado para su edad o si su nombre o biograf\u00eda contiene informaci\u00f3n inapropiada para adolescentes, como un enlace a una cuenta de OnlyFans.<\/p>\n\n\n\n<p>Si los adolescentes ya siguen estas cuentas, ya no podr\u00e1n ver ni interactuar con su contenido, enviarles mensajes ni ver sus comentarios en las publicaciones de nadie, seg\u00fan la compa\u00f1\u00eda.<\/p>\n\n\n\n<p>Las cuentas tampoco podr\u00e1n seguir a adolescentes, enviarles mensajes privados ni comentar en sus publicaciones.<\/p>\n\n\n\n<p>Meta dijo que ya bloquea ciertos t\u00e9rminos de b\u00fasqueda relacionados con temas delicados como el suicidio y los trastornos alimentarios, pero la \u00faltima actualizaci\u00f3n ampliar\u00e1 esto a una gama m\u00e1s amplia de t\u00e9rminos, como &#8220;alcohol&#8221; o &#8220;gore&#8221;, incluso si est\u00e1n mal escritos.<\/p>\n\n\n\n<p>La actualizaci\u00f3n PG-13 tambi\u00e9n aplicar\u00e1 chats y experiencias de inteligencia artificial dirigidos a adolescentes, dijo Meta, &#8220;lo que significa que las IA no deber\u00edan dar respuestas inapropiadas para la edad que parecer\u00edan fuera de lugar en una pel\u00edcula PG-13&#8221;.<\/p>\n\n\n\n<p>Para los padres que desean una configuraci\u00f3n a\u00fan m\u00e1s estricta para sus hijos, Meta tambi\u00e9n est\u00e1 lanzando una restricci\u00f3n de &#8220;contenido limitado&#8221; que bloquear\u00e1 m\u00e1s contenido y eliminar\u00e1 la capacidad de los adolescentes de ver, dejar o recibir comentarios en las publicaciones.<\/p>\n","protected":false},"excerpt":{"rendered":"<p>Por Barbara Ortutay Los adolescentes en Instagram estar\u00e1n restringidos a ver contenido PG-13 de manera predeterminada y no podr\u00e1n cambiar su configuraci\u00f3n sin el permiso de sus padres, anunci\u00f3 Meta&hellip;<\/p>\n","protected":false},"author":10,"featured_media":111832,"comment_status":"open","ping_status":"open","sticky":false,"template":"","format":"standard","meta":{"content-type":"","jetpack_post_was_ever_published":false,"_jetpack_newsletter_access":"","_jetpack_dont_email_post_to_subs":false,"_jetpack_newsletter_tier_id":0,"_jetpack_memberships_contains_paywalled_content":false,"_jetpack_memberships_contains_paid_content":false,"footnotes":""},"categories":[23746],"tags":[25947,25946,25945],"class_list":["post-111831","post","type-post","status-publish","format-standard","has-post-thumbnail","hentry","category-tecnologia","tag-contenido-pg-13","tag-instagram-dice-que-esta-protegiendo-a-los-adolescentes","tag-limitarlos"],"jetpack_featured_media_url":"https:\/\/lasprimeras.com.do\/wp-content\/uploads\/2025\/10\/Instagram.jpg","jetpack-related-posts":[{"id":97469,"url":"https:\/\/lasprimeras.com.do\/index.php\/2025\/04\/21\/instagram-usara-ia-para-detectar-cuentas-de-adolescentes-y-mejorar-la-seguridad\/","url_meta":{"origin":111831,"position":0},"title":"Instagram usar\u00e1 IA para detectar cuentas de adolescentes y mejorar la seguridad","author":"Nelson Feliz","date":"21 de abril de 2025","format":false,"excerpt":"POR BARBARA ORTUTAY Instagram est\u00e1 comenzando a probar el uso de inteligencia artificial para determinar si los ni\u00f1os est\u00e1n mintiendo sobre sus edades en la aplicaci\u00f3n, inform\u00f3 el lunes la empresa matriz Meta Platforms. Meta ha estado utilizando IA para determinar las edades de las personas desde hace alg\u00fan tiempo,\u2026","rel":"","context":"En \u00abINTERNACIONALES\u00bb","block_context":{"text":"INTERNACIONALES","link":"https:\/\/lasprimeras.com.do\/index.php\/category\/sin-categoria\/internacionales\/"},"img":{"alt_text":"Instagram usar\u00e1 IA","src":"https:\/\/i0.wp.com\/lasprimeras.com.do\/wp-content\/uploads\/2025\/04\/Instagram-usara-IA.jpg?resize=350%2C200&ssl=1","width":350,"height":200,"srcset":"https:\/\/i0.wp.com\/lasprimeras.com.do\/wp-content\/uploads\/2025\/04\/Instagram-usara-IA.jpg?resize=350%2C200&ssl=1 1x, https:\/\/i0.wp.com\/lasprimeras.com.do\/wp-content\/uploads\/2025\/04\/Instagram-usara-IA.jpg?resize=525%2C300&ssl=1 1.5x, https:\/\/i0.wp.com\/lasprimeras.com.do\/wp-content\/uploads\/2025\/04\/Instagram-usara-IA.jpg?resize=700%2C400&ssl=1 2x"},"classes":[]},{"id":120755,"url":"https:\/\/lasprimeras.com.do\/index.php\/2026\/01\/27\/tiktok-llega-a-acuerdo-para-resolver-demanda-por-acusaciones-de-que-causa-adiccion-en-los-jovenes\/","url_meta":{"origin":111831,"position":1},"title":"TikTok llega a acuerdo para resolver demanda por acusaciones de que causa adicci\u00f3n en los j\u00f3venes","author":"Nelson Feliz","date":"27 de enero de 2026","format":false,"excerpt":"POR KAITLYN HUAMANI and BARBARA ORTUTAY LOS \u00c1NGELES (AP) \u2014 TikTok acord\u00f3 resolver una demanda hist\u00f3rica sobre adicci\u00f3n a las redes sociales justo antes de que comenzara el juicio, confirmaron los abogados del demandante. La plataforma de videos sociales era una de las tres empresas \u2014junto con Instagram de Meta\u2026","rel":"","context":"En \u00abTECNOL\u00d3GIA\u00bb","block_context":{"text":"TECNOL\u00d3GIA","link":"https:\/\/lasprimeras.com.do\/index.php\/category\/tecnologia\/"},"img":{"alt_text":"","src":"https:\/\/i0.wp.com\/lasprimeras.com.do\/wp-content\/uploads\/2026\/01\/TikTok.jpg?resize=350%2C200&ssl=1","width":350,"height":200,"srcset":"https:\/\/i0.wp.com\/lasprimeras.com.do\/wp-content\/uploads\/2026\/01\/TikTok.jpg?resize=350%2C200&ssl=1 1x, https:\/\/i0.wp.com\/lasprimeras.com.do\/wp-content\/uploads\/2026\/01\/TikTok.jpg?resize=525%2C300&ssl=1 1.5x, https:\/\/i0.wp.com\/lasprimeras.com.do\/wp-content\/uploads\/2026\/01\/TikTok.jpg?resize=700%2C400&ssl=1 2x"},"classes":[]},{"id":91578,"url":"https:\/\/lasprimeras.com.do\/index.php\/2024\/11\/27\/profesores-violaban-adolescente-en-aula-e-iglesia-del-plantel-dice-mp\/","url_meta":{"origin":111831,"position":2},"title":"Profesores violaban adolescente en aula e iglesia del plantel, dice MP","author":"Nelson Feliz","date":"27 de noviembre de 2024","format":false,"excerpt":"El Ministerio P\u00fablico de San Pedro de Macor\u00eds, revel\u00f3 que los profesores de la escuela b\u00e1sica La Siria del municipio de Quisqueya, en San Pedro de Macor\u00eds, Fernando Pe\u00f1a Eusebio y su primo Roberto Bello Matos habr\u00edan abusado sexualmente de la adolescente de 13 a\u00f1os en las aulas e iglesia\u2026","rel":"","context":"En \u00abJUSTICIA\u00bb","block_context":{"text":"JUSTICIA","link":"https:\/\/lasprimeras.com.do\/index.php\/category\/justicia\/"},"img":{"alt_text":"Fernando Pe\u00f1a Eusebio","src":"https:\/\/i0.wp.com\/lasprimeras.com.do\/wp-content\/uploads\/2024\/11\/Fernando-Pena-Eusebio.jpg?resize=350%2C200&ssl=1","width":350,"height":200,"srcset":"https:\/\/i0.wp.com\/lasprimeras.com.do\/wp-content\/uploads\/2024\/11\/Fernando-Pena-Eusebio.jpg?resize=350%2C200&ssl=1 1x, https:\/\/i0.wp.com\/lasprimeras.com.do\/wp-content\/uploads\/2024\/11\/Fernando-Pena-Eusebio.jpg?resize=525%2C300&ssl=1 1.5x, https:\/\/i0.wp.com\/lasprimeras.com.do\/wp-content\/uploads\/2024\/11\/Fernando-Pena-Eusebio.jpg?resize=700%2C400&ssl=1 2x"},"classes":[]},{"id":121359,"url":"https:\/\/lasprimeras.com.do\/index.php\/2026\/02\/03\/espana-busca-prohibir-redes-sociales-para-menores-de-16-anos-uniendose-a-otros-paises-de-europa\/","url_meta":{"origin":111831,"position":3},"title":"Espa\u00f1a busca prohibir redes sociales para menores de 16 a\u00f1os, uni\u00e9ndose a otros pa\u00edses de Europa","author":"Nelson Feliz","date":"3 de febrero de 2026","format":false,"excerpt":"POR SUMAN NAISHADHAM MADRID (AP) \u2014 Espa\u00f1a planea prohibir el acceso de ni\u00f1os menores de 16 a\u00f1os a redes sociales, afirm\u00f3 el martes el presidente de gobierno Pedro S\u00e1nchez, en una medida dise\u00f1ada para proteger a los j\u00f3venes de los da\u00f1os del contenido en l\u00ednea. En un discurso en una\u2026","rel":"","context":"En \u00abINTERNACIONALES\u00bb","block_context":{"text":"INTERNACIONALES","link":"https:\/\/lasprimeras.com.do\/index.php\/category\/sin-categoria\/internacionales\/"},"img":{"alt_text":"El presidente de gobierno espa\u00f1ol Pedro S\u00e1nchez en una conferencia en Bruselas el 23 de enero del 2026. (AP foto\/Omar Havana)","src":"https:\/\/i0.wp.com\/lasprimeras.com.do\/wp-content\/uploads\/2026\/02\/Pedro-Sanchez.jpg?resize=350%2C200&ssl=1","width":350,"height":200,"srcset":"https:\/\/i0.wp.com\/lasprimeras.com.do\/wp-content\/uploads\/2026\/02\/Pedro-Sanchez.jpg?resize=350%2C200&ssl=1 1x, https:\/\/i0.wp.com\/lasprimeras.com.do\/wp-content\/uploads\/2026\/02\/Pedro-Sanchez.jpg?resize=525%2C300&ssl=1 1.5x, https:\/\/i0.wp.com\/lasprimeras.com.do\/wp-content\/uploads\/2026\/02\/Pedro-Sanchez.jpg?resize=700%2C400&ssl=1 2x"},"classes":[]},{"id":105720,"url":"https:\/\/lasprimeras.com.do\/index.php\/2025\/08\/06\/un-nuevo-estudio-arroja-luz-sobre-las-alarmantes-interacciones-de-chatgpt-con-los-adolescentes\/","url_meta":{"origin":111831,"position":4},"title":"Un nuevo estudio arroja luz sobre las alarmantes interacciones de ChatGPT con los adolescentes","author":"Nelson Feliz","date":"6 de agosto de 2025","format":false,"excerpt":"Por Matt O'Brien y Barbara Ortutay ChatGPT les dir\u00e1 a ni\u00f1os de 13 a\u00f1os c\u00f3mo emborracharse y drogarse, les instruir\u00e1 sobre c\u00f3mo ocultar trastornos alimentarios e incluso les escribir\u00e1 una desgarradora carta de suicidio a sus padres si se lo piden, seg\u00fan una nueva investigaci\u00f3n de un grupo de vigilancia.\u2026","rel":"","context":"En \u00abINTERNACIONALES\u00bb","block_context":{"text":"INTERNACIONALES","link":"https:\/\/lasprimeras.com.do\/index.php\/category\/sin-categoria\/internacionales\/"},"img":{"alt_text":"","src":"https:\/\/i0.wp.com\/lasprimeras.com.do\/wp-content\/uploads\/2025\/08\/ChatGPT.jpg?resize=350%2C200&ssl=1","width":350,"height":200,"srcset":"https:\/\/i0.wp.com\/lasprimeras.com.do\/wp-content\/uploads\/2025\/08\/ChatGPT.jpg?resize=350%2C200&ssl=1 1x, https:\/\/i0.wp.com\/lasprimeras.com.do\/wp-content\/uploads\/2025\/08\/ChatGPT.jpg?resize=525%2C300&ssl=1 1.5x, https:\/\/i0.wp.com\/lasprimeras.com.do\/wp-content\/uploads\/2025\/08\/ChatGPT.jpg?resize=700%2C400&ssl=1 2x"},"classes":[]},{"id":73474,"url":"https:\/\/lasprimeras.com.do\/index.php\/2024\/01\/11\/conani-revela-adolescente-involucrado-en-altercado-en-agora-mall\/","url_meta":{"origin":111831,"position":5},"title":"Conani revela adolescente involucrado en altercado en \u00c1gora Mall","author":"BIMARY DE JES\u00daS Matos","date":"11 de enero de 2024","format":false,"excerpt":"Santo Domingo.-El Consejo Nacional para la Ni\u00f1ez y la Adolescencia (CONANI) revel\u00f3 que el adolescente hab\u00eda sido intervenido por ellos en 2022 y aclar\u00f3 que no tiene como mandato la detenci\u00f3n de menores de edad ni su sometimiento a la justicia. Indic\u00f3 que las mismas son funciones de la Polic\u00eda\u2026","rel":"","context":"En \u00abNACIONALES\u00bb","block_context":{"text":"NACIONALES","link":"https:\/\/lasprimeras.com.do\/index.php\/category\/nacionales\/"},"img":{"alt_text":"","src":"https:\/\/i0.wp.com\/lasprimeras.com.do\/wp-content\/uploads\/2024\/01\/RD-y-Haiti-reanudan-conversaciones-sobre-diferendo-por-canal-en-rio-DajabonMasacre-5.jpg?resize=350%2C200&ssl=1","width":350,"height":200,"srcset":"https:\/\/i0.wp.com\/lasprimeras.com.do\/wp-content\/uploads\/2024\/01\/RD-y-Haiti-reanudan-conversaciones-sobre-diferendo-por-canal-en-rio-DajabonMasacre-5.jpg?resize=350%2C200&ssl=1 1x, https:\/\/i0.wp.com\/lasprimeras.com.do\/wp-content\/uploads\/2024\/01\/RD-y-Haiti-reanudan-conversaciones-sobre-diferendo-por-canal-en-rio-DajabonMasacre-5.jpg?resize=525%2C300&ssl=1 1.5x, https:\/\/i0.wp.com\/lasprimeras.com.do\/wp-content\/uploads\/2024\/01\/RD-y-Haiti-reanudan-conversaciones-sobre-diferendo-por-canal-en-rio-DajabonMasacre-5.jpg?resize=700%2C400&ssl=1 2x"},"classes":[]}],"jetpack_sharing_enabled":true,"_links":{"self":[{"href":"https:\/\/lasprimeras.com.do\/index.php\/wp-json\/wp\/v2\/posts\/111831","targetHints":{"allow":["GET"]}}],"collection":[{"href":"https:\/\/lasprimeras.com.do\/index.php\/wp-json\/wp\/v2\/posts"}],"about":[{"href":"https:\/\/lasprimeras.com.do\/index.php\/wp-json\/wp\/v2\/types\/post"}],"author":[{"embeddable":true,"href":"https:\/\/lasprimeras.com.do\/index.php\/wp-json\/wp\/v2\/users\/10"}],"replies":[{"embeddable":true,"href":"https:\/\/lasprimeras.com.do\/index.php\/wp-json\/wp\/v2\/comments?post=111831"}],"version-history":[{"count":1,"href":"https:\/\/lasprimeras.com.do\/index.php\/wp-json\/wp\/v2\/posts\/111831\/revisions"}],"predecessor-version":[{"id":111833,"href":"https:\/\/lasprimeras.com.do\/index.php\/wp-json\/wp\/v2\/posts\/111831\/revisions\/111833"}],"wp:featuredmedia":[{"embeddable":true,"href":"https:\/\/lasprimeras.com.do\/index.php\/wp-json\/wp\/v2\/media\/111832"}],"wp:attachment":[{"href":"https:\/\/lasprimeras.com.do\/index.php\/wp-json\/wp\/v2\/media?parent=111831"}],"wp:term":[{"taxonomy":"category","embeddable":true,"href":"https:\/\/lasprimeras.com.do\/index.php\/wp-json\/wp\/v2\/categories?post=111831"},{"taxonomy":"post_tag","embeddable":true,"href":"https:\/\/lasprimeras.com.do\/index.php\/wp-json\/wp\/v2\/tags?post=111831"}],"curies":[{"name":"wp","href":"https:\/\/api.w.org\/{rel}","templated":true}]}}