{"id":111846,"date":"2025-10-14T11:41:47","date_gmt":"2025-10-14T15:41:47","guid":{"rendered":"https:\/\/lasprimeras.com.do\/?p=111846"},"modified":"2025-10-14T11:41:49","modified_gmt":"2025-10-14T15:41:49","slug":"nitrotel-y-cablecomm-renuevan-alianza-para-impulsar-la-conectividad-en-rd","status":"publish","type":"post","link":"https:\/\/lasprimeras.com.do\/index.php\/2025\/10\/14\/nitrotel-y-cablecomm-renuevan-alianza-para-impulsar-la-conectividad-en-rd\/","title":{"rendered":"NitroTel y Cablecomm renuevan alianza para impulsar la conectividad en RD"},"content":{"rendered":"\n<p><strong>Ambas empresas apuestan por modernizar la infraestructura tecnol\u00f3gica del pa\u00eds.<\/strong><\/p>\n\n\n\n<p>Las empresas NitroTel y Cablecomm anunciaron el relanzamiento de su alianza estrat\u00e9gica, con la que buscan fortalecer el desarrollo tecnol\u00f3gico y la transformaci\u00f3n de la conectividad en la Rep\u00fablica Dominicana.<\/p>\n\n\n\n<p>Con este acuerdo, Cablecomm se consolida como distribuidor oficial de toda la l\u00ednea de soluciones de NitroTel en el pa\u00eds. Esto permitir\u00e1 al mercado dominicano acceder directamente a un cat\u00e1logo de m\u00e1s de 5,000 productos certificados bajo los est\u00e1ndares internacionales UL, ANSI\/TIA e ISO, que abarcan desde sistemas de cableado estructurado hasta soluciones completas para centros de datos.<\/p>\n\n\n\n<p>Durante el acto de presentaci\u00f3n, Jos\u00e9 Aybar, director general de Cablecomm, explic\u00f3 que este paso marca una nueva etapa en la relaci\u00f3n entre ambas compa\u00f1\u00edas.<\/p>\n\n\n\n<p>\u201cLa motivaci\u00f3n principal de este relanzamiento es reforzar la alianza estrat\u00e9gica entre NitroTel, una empresa de Estados Unidos, y Cablecomm, como distribuidor local. Se trata de una relaci\u00f3n que tiene muchos a\u00f1os, pero este relanzamiento marca un nuevo cap\u00edtulo\u201d, se\u00f1al\u00f3.<\/p>\n\n\n\n<p>Aybar subray\u00f3 que el acuerdo permitir\u00e1 mayor disponibilidad de productos en el pa\u00eds, acortar\u00e1 los tiempos de entrega y garantizar\u00e1 soporte t\u00e9cnico local para integradores, contratistas e instaladores certificados.<\/p>\n\n\n\n<p>Por su parte, Juan Viera, director general de NitroTel, destac\u00f3 que este evento da inicio a una gira regional que la marca desarrollar\u00e1 junto a sus socios comerciales.<\/p>\n\n\n\n<p>\u201cEste evento representa el inicio de lo que llamamos un road show, una gira que comienza en Rep\u00fablica Dominicana y que se extender\u00e1 hacia otros pa\u00edses de Latinoam\u00e9rica. No solo refuerza nuestra relaci\u00f3n con Cablecomm, sino que abre oportunidades de crecimiento conjunto y expansi\u00f3n regional\u201d, afirm\u00f3.<\/p>\n\n\n\n<p>El encuentro se realiz\u00f3 el jueves 9 de octubre de 2025, en el Sal\u00f3n Trapez del Hotel Embassy Suites by Hilton en Santo Domingo. La actividad incluy\u00f3 un c\u00f3ctel, espacios de networking y sorteos, en un ambiente dise\u00f1ado para estrechar lazos y celebrar esta nueva etapa de cooperaci\u00f3n empresarial.<\/p>\n\n\n\n<p><strong>Un acuerdo con impacto tecnol\u00f3gico<\/strong><\/p>\n\n\n\n<p>La alianza NitroTel\u2013Cablecomm busca fortalecer la infraestructura tecnol\u00f3gica nacional y facilitar la ejecuci\u00f3n de proyectos en los sectores educativo, industrial, gubernamental y de telecomunicaciones. Su prop\u00f3sito es elevar los est\u00e1ndares de conectividad y seguridad de las redes dominicanas, fomentando al mismo tiempo la formaci\u00f3n y certificaci\u00f3n t\u00e9cnica a trav\u00e9s de Certitel \u2013 Nitrotel University, la divisi\u00f3n educativa del grupo.<\/p>\n\n\n\n<p>El portafolio incluye soluciones de fibra \u00f3ptica, cableado estructurado categor\u00eda 6 y 6A, gabinetes y racks de telecomunicaciones, conectividad para redes empresariales y accesorios para centros de datos.<\/p>\n","protected":false},"excerpt":{"rendered":"<p>Ambas empresas apuestan por modernizar la infraestructura tecnol\u00f3gica del pa\u00eds. Las empresas NitroTel y Cablecomm anunciaron el relanzamiento de su alianza estrat\u00e9gica, con la que buscan fortalecer el desarrollo tecnol\u00f3gico&hellip;<\/p>\n","protected":false},"author":10,"featured_media":111847,"comment_status":"open","ping_status":"open","sticky":false,"template":"","format":"standard","meta":{"content-type":"","jetpack_post_was_ever_published":false,"_jetpack_newsletter_access":"","_jetpack_dont_email_post_to_subs":false,"_jetpack_newsletter_tier_id":0,"_jetpack_memberships_contains_paywalled_content":false,"_jetpack_memberships_contains_paid_content":false,"footnotes":""},"categories":[23746],"tags":[50,25954,2570,25953,1226],"class_list":["post-111846","post","type-post","status-publish","format-standard","has-post-thumbnail","hentry","category-tecnologia","tag-alianza","tag-cablecomm","tag-conectividad","tag-nitrotel","tag-republica-dominicana"],"jetpack_featured_media_url":"https:\/\/lasprimeras.com.do\/wp-content\/uploads\/2025\/10\/NitroTel-y-Cablecomm-1.jpg","jetpack-related-posts":[{"id":103424,"url":"https:\/\/lasprimeras.com.do\/index.php\/2025\/07\/15\/mescyt-impulsa-alianza-global-con-huawei-mas-innovacion-para-las-universidades-dominicanas\/","url_meta":{"origin":111846,"position":0},"title":"MESCyT impulsa alianza global con Huawei: m\u00e1s innovaci\u00f3n para las universidades dominicanas","author":"Nelson Feliz","date":"15 de julio de 2025","format":false,"excerpt":"Educaci\u00f3n dominicana se conecta con Huawei y China para transformar el futuro. RD Afianza alianza con Huawei para llevar la educaci\u00f3n superior al futuro digital. Shenzhen, China \u2013. Una delegaci\u00f3n oficial de alto nivel de la Rep\u00fablica Dominicana, encabezada por el ministro de Educaci\u00f3n Superior, Ciencia y Tecnolog\u00eda (MESCyT), doctor\u2026","rel":"","context":"En \u00abNACIONALES\u00bb","block_context":{"text":"NACIONALES","link":"https:\/\/lasprimeras.com.do\/index.php\/category\/nacionales\/"},"img":{"alt_text":"","src":"https:\/\/i0.wp.com\/lasprimeras.com.do\/wp-content\/uploads\/2025\/07\/MESCyT.jpg?resize=350%2C200&ssl=1","width":350,"height":200,"srcset":"https:\/\/i0.wp.com\/lasprimeras.com.do\/wp-content\/uploads\/2025\/07\/MESCyT.jpg?resize=350%2C200&ssl=1 1x, https:\/\/i0.wp.com\/lasprimeras.com.do\/wp-content\/uploads\/2025\/07\/MESCyT.jpg?resize=525%2C300&ssl=1 1.5x, https:\/\/i0.wp.com\/lasprimeras.com.do\/wp-content\/uploads\/2025\/07\/MESCyT.jpg?resize=700%2C400&ssl=1 2x"},"classes":[]},{"id":108850,"url":"https:\/\/lasprimeras.com.do\/index.php\/2025\/09\/11\/consulado-general-de-la-rd-en-barcelona-explora-soluciones-tecnologicas-de-seguridad-junto-a-herta\/","url_meta":{"origin":111846,"position":1},"title":"Consulado General de la RD en Barcelona explora soluciones tecnol\u00f3gicas de seguridad junto a Herta","author":"Nelson Feliz","date":"11 de septiembre de 2025","format":false,"excerpt":"Barcelona.-. El C\u00f3nsul General de la Rep\u00fablica Dominicana en Barcelona, Antonio Jos\u00e9 G\u00f3mez Pe\u00f1a, realiz\u00f3 una visita institucional a las instalaciones de Herta, empresa l\u00edder en el desarrollo de software de seguridad mediante reconocimiento facial de alta precisi\u00f3n. Durante el encuentro, G\u00f3mez Pe\u00f1a sostuvo una reuni\u00f3n con Javier Rodr\u00edguez Saeta,\u2026","rel":"","context":"En \u00abINTERNACIONALES\u00bb","block_context":{"text":"INTERNACIONALES","link":"https:\/\/lasprimeras.com.do\/index.php\/category\/sin-categoria\/internacionales\/"},"img":{"alt_text":"","src":"https:\/\/i0.wp.com\/lasprimeras.com.do\/wp-content\/uploads\/2025\/09\/Consulado-1.jpg?resize=350%2C200&ssl=1","width":350,"height":200,"srcset":"https:\/\/i0.wp.com\/lasprimeras.com.do\/wp-content\/uploads\/2025\/09\/Consulado-1.jpg?resize=350%2C200&ssl=1 1x, https:\/\/i0.wp.com\/lasprimeras.com.do\/wp-content\/uploads\/2025\/09\/Consulado-1.jpg?resize=525%2C300&ssl=1 1.5x, https:\/\/i0.wp.com\/lasprimeras.com.do\/wp-content\/uploads\/2025\/09\/Consulado-1.jpg?resize=700%2C400&ssl=1 2x"},"classes":[]},{"id":101973,"url":"https:\/\/lasprimeras.com.do\/index.php\/2025\/06\/29\/pasaporte-biometrico-se-realiza-bajo-modelo-de-autofinanciamiento-sin-impactar-presupuesto-nacional\/","url_meta":{"origin":111846,"position":2},"title":"Pasaporte biom\u00e9trico se realiza bajo modelo de autofinanciamiento sin impactar presupuesto nacional","author":"Nelson Feliz","date":"29 de junio de 2025","format":false,"excerpt":"La soluci\u00f3n tecnol\u00f3gica ser\u00e1 desplegada por el consorcio EMT, que incluye a las empresas Entrust, Midas Dominicana y Thales. El nuevo pasaporte biom\u00e9trico, que se realiza bajo un modelo de autofinanciamiento por el cobro del servicio de cada libreta sin comprometer recursos del presupuesto nacional, se ejecuta conforme al cronograma\u2026","rel":"","context":"En \u00abECONOM\u00cdA\u00bb","block_context":{"text":"ECONOM\u00cdA","link":"https:\/\/lasprimeras.com.do\/index.php\/category\/economia\/"},"img":{"alt_text":"","src":"https:\/\/i0.wp.com\/lasprimeras.com.do\/wp-content\/uploads\/2025\/06\/MIDAS-Dominicana-Entrust-y-Thales.jpg?resize=350%2C200&ssl=1","width":350,"height":200,"srcset":"https:\/\/i0.wp.com\/lasprimeras.com.do\/wp-content\/uploads\/2025\/06\/MIDAS-Dominicana-Entrust-y-Thales.jpg?resize=350%2C200&ssl=1 1x, https:\/\/i0.wp.com\/lasprimeras.com.do\/wp-content\/uploads\/2025\/06\/MIDAS-Dominicana-Entrust-y-Thales.jpg?resize=525%2C300&ssl=1 1.5x, https:\/\/i0.wp.com\/lasprimeras.com.do\/wp-content\/uploads\/2025\/06\/MIDAS-Dominicana-Entrust-y-Thales.jpg?resize=700%2C400&ssl=1 2x"},"classes":[]},{"id":125103,"url":"https:\/\/lasprimeras.com.do\/index.php\/2026\/03\/19\/banreservas-mio-y-ria-money-transfer-anuncian-alianza-para-fortalecer-remesas-e-inclusion-financiera-en-republica-dominicana\/","url_meta":{"origin":111846,"position":3},"title":"Banreservas, MIO y Ria Money Transfer anuncian alianza para fortalecer remesas e inclusi\u00f3n financiera en Rep\u00fablica Dominicana","author":"Nelson Feliz","date":"19 de marzo de 2026","format":false,"excerpt":"La iniciativa impulsa la digitalizaci\u00f3n de los pagos y ampl\u00eda el acceso a servicios financieros Nueva York.- El Banco de Reservas de la Rep\u00fablica Dominicana, MIO, S.A.S. y Ria Money Transfer anunciaron la firma de una alianza estrat\u00e9gica orientada a fortalecer y modernizar los servicios de env\u00edo y recepci\u00f3n de\u2026","rel":"","context":"En \u00abECONOM\u00cdA\u00bb","block_context":{"text":"ECONOM\u00cdA","link":"https:\/\/lasprimeras.com.do\/index.php\/category\/economia\/"},"img":{"alt_text":"","src":"https:\/\/i0.wp.com\/lasprimeras.com.do\/wp-content\/uploads\/2026\/03\/IMG-20260319-WA0489-scaled.jpg?resize=350%2C200&ssl=1","width":350,"height":200,"srcset":"https:\/\/i0.wp.com\/lasprimeras.com.do\/wp-content\/uploads\/2026\/03\/IMG-20260319-WA0489-scaled.jpg?resize=350%2C200&ssl=1 1x, https:\/\/i0.wp.com\/lasprimeras.com.do\/wp-content\/uploads\/2026\/03\/IMG-20260319-WA0489-scaled.jpg?resize=525%2C300&ssl=1 1.5x, https:\/\/i0.wp.com\/lasprimeras.com.do\/wp-content\/uploads\/2026\/03\/IMG-20260319-WA0489-scaled.jpg?resize=700%2C400&ssl=1 2x, https:\/\/i0.wp.com\/lasprimeras.com.do\/wp-content\/uploads\/2026\/03\/IMG-20260319-WA0489-scaled.jpg?resize=1050%2C600&ssl=1 3x, https:\/\/i0.wp.com\/lasprimeras.com.do\/wp-content\/uploads\/2026\/03\/IMG-20260319-WA0489-scaled.jpg?resize=1400%2C800&ssl=1 4x"},"classes":[]},{"id":127819,"url":"https:\/\/lasprimeras.com.do\/index.php\/2026\/04\/16\/itla-y-zoologico-nacional-exploran-alianza-para-transformar-la-educacion-mediante-tecnologia-e-innovacion\/","url_meta":{"origin":111846,"position":4},"title":"ITLA y Zool\u00f3gico Nacional exploran alianza para transformar la educaci\u00f3n mediante tecnolog\u00eda e innovaci\u00f3n","author":"Nelson Feliz","date":"16 de abril de 2026","format":false,"excerpt":"La propuesta busca transformar espacios p\u00fablicos en entornos de aprendizaje interactivo, donde la tecnolog\u00eda fortalezca la educaci\u00f3n cient\u00edfica y promueva la sostenibilidad. El rector del Instituto Tecnol\u00f3gico de las Am\u00e9ricas, Jimmy Rosario, sostuvo un encuentro con el director general del Parque Zool\u00f3gico Nacional, Nayib Emilio Aid\u00e9 D\u00edaz, con el prop\u00f3sito\u2026","rel":"","context":"En \u00abNACIONALES\u00bb","block_context":{"text":"NACIONALES","link":"https:\/\/lasprimeras.com.do\/index.php\/category\/nacionales\/"},"img":{"alt_text":"","src":"https:\/\/i0.wp.com\/lasprimeras.com.do\/wp-content\/uploads\/2026\/04\/IMG-20260416-WA0305.jpg?resize=350%2C200&ssl=1","width":350,"height":200,"srcset":"https:\/\/i0.wp.com\/lasprimeras.com.do\/wp-content\/uploads\/2026\/04\/IMG-20260416-WA0305.jpg?resize=350%2C200&ssl=1 1x, https:\/\/i0.wp.com\/lasprimeras.com.do\/wp-content\/uploads\/2026\/04\/IMG-20260416-WA0305.jpg?resize=525%2C300&ssl=1 1.5x, https:\/\/i0.wp.com\/lasprimeras.com.do\/wp-content\/uploads\/2026\/04\/IMG-20260416-WA0305.jpg?resize=700%2C400&ssl=1 2x, https:\/\/i0.wp.com\/lasprimeras.com.do\/wp-content\/uploads\/2026\/04\/IMG-20260416-WA0305.jpg?resize=1050%2C600&ssl=1 3x, https:\/\/i0.wp.com\/lasprimeras.com.do\/wp-content\/uploads\/2026\/04\/IMG-20260416-WA0305.jpg?resize=1400%2C800&ssl=1 4x"},"classes":[]},{"id":99455,"url":"https:\/\/lasprimeras.com.do\/index.php\/2025\/05\/21\/aero-ambulancia-y-sim-limites-ofrecera-cobertura-medica-aerea-a-turistas-que-visiten-rd\/","url_meta":{"origin":111846,"position":5},"title":"Aero Ambulancia y Sim Limites ofrecer\u00e1 cobertura m\u00e9dica a\u00e9rea a turistas que visiten RD","author":"Nelson Feliz","date":"21 de mayo de 2025","format":false,"excerpt":"Mediante este convenio, Aero Ambulancia brindar\u00e1 servicio a los turistas, que accedan a la conectividad m\u00f3vil de Sim Limites, lo que se traduce en un plus para la seguridad tur\u00edstica del pa\u00eds. En un hito sin precedentes, para la seguridad tur\u00edstica en Rep\u00fablica Dominicana, Aero Ambulancia, empresa l\u00edder en traslados\u2026","rel":"","context":"En \u00abPORTADA\u00bb","block_context":{"text":"PORTADA","link":"https:\/\/lasprimeras.com.do\/index.php\/category\/portada\/"},"img":{"alt_text":"Aero Ambulancia y Sim Limites","src":"https:\/\/i0.wp.com\/lasprimeras.com.do\/wp-content\/uploads\/2025\/05\/Aero-Ambulancia-y-Sim-Limites.jpg?resize=350%2C200&ssl=1","width":350,"height":200,"srcset":"https:\/\/i0.wp.com\/lasprimeras.com.do\/wp-content\/uploads\/2025\/05\/Aero-Ambulancia-y-Sim-Limites.jpg?resize=350%2C200&ssl=1 1x, https:\/\/i0.wp.com\/lasprimeras.com.do\/wp-content\/uploads\/2025\/05\/Aero-Ambulancia-y-Sim-Limites.jpg?resize=525%2C300&ssl=1 1.5x, https:\/\/i0.wp.com\/lasprimeras.com.do\/wp-content\/uploads\/2025\/05\/Aero-Ambulancia-y-Sim-Limites.jpg?resize=700%2C400&ssl=1 2x"},"classes":[]}],"jetpack_sharing_enabled":true,"_links":{"self":[{"href":"https:\/\/lasprimeras.com.do\/index.php\/wp-json\/wp\/v2\/posts\/111846","targetHints":{"allow":["GET"]}}],"collection":[{"href":"https:\/\/lasprimeras.com.do\/index.php\/wp-json\/wp\/v2\/posts"}],"about":[{"href":"https:\/\/lasprimeras.com.do\/index.php\/wp-json\/wp\/v2\/types\/post"}],"author":[{"embeddable":true,"href":"https:\/\/lasprimeras.com.do\/index.php\/wp-json\/wp\/v2\/users\/10"}],"replies":[{"embeddable":true,"href":"https:\/\/lasprimeras.com.do\/index.php\/wp-json\/wp\/v2\/comments?post=111846"}],"version-history":[{"count":1,"href":"https:\/\/lasprimeras.com.do\/index.php\/wp-json\/wp\/v2\/posts\/111846\/revisions"}],"predecessor-version":[{"id":111848,"href":"https:\/\/lasprimeras.com.do\/index.php\/wp-json\/wp\/v2\/posts\/111846\/revisions\/111848"}],"wp:featuredmedia":[{"embeddable":true,"href":"https:\/\/lasprimeras.com.do\/index.php\/wp-json\/wp\/v2\/media\/111847"}],"wp:attachment":[{"href":"https:\/\/lasprimeras.com.do\/index.php\/wp-json\/wp\/v2\/media?parent=111846"}],"wp:term":[{"taxonomy":"category","embeddable":true,"href":"https:\/\/lasprimeras.com.do\/index.php\/wp-json\/wp\/v2\/categories?post=111846"},{"taxonomy":"post_tag","embeddable":true,"href":"https:\/\/lasprimeras.com.do\/index.php\/wp-json\/wp\/v2\/tags?post=111846"}],"curies":[{"name":"wp","href":"https:\/\/api.w.org\/{rel}","templated":true}]}}