{"id":111849,"date":"2025-10-14T11:57:42","date_gmt":"2025-10-14T15:57:42","guid":{"rendered":"https:\/\/lasprimeras.com.do\/?p=111849"},"modified":"2025-10-14T11:57:44","modified_gmt":"2025-10-14T15:57:44","slug":"gobierno-de-la-rd-acelerara-sus-planes-soberanos-de-inteligencia-artificial-con-el-apoyo-de-nvidia","status":"publish","type":"post","link":"https:\/\/lasprimeras.com.do\/index.php\/2025\/10\/14\/gobierno-de-la-rd-acelerara-sus-planes-soberanos-de-inteligencia-artificial-con-el-apoyo-de-nvidia\/","title":{"rendered":"Gobierno de la RD acelerar\u00e1 sus planes soberanos de inteligencia artificial con el apoyo de NVIDIA"},"content":{"rendered":"\n<p>El Gobierno de la Rep\u00fablica Dominicana, a trav\u00e9s del Ministerio de la Presidencia, y NVIDIA, l\u00edder mundial en computaci\u00f3n acelerada e inteligencia artificial, firmaron hoy un Memorando de Entendimiento (MOU) para colaborar en la implementaci\u00f3n de la Estrategia Nacional de Inteligencia Artificial (ENIA) y fortalecer la visi\u00f3n del pa\u00eds de convertirse en un centro regional de tecnolog\u00eda e inteligencia artificial.<\/p>\n\n\n\n<p>Esta iniciativa tiene como objetivo establecer un marco estrat\u00e9gico enfocado en promover la soberan\u00eda tecnol\u00f3gica y de datos, al tiempo que impulsa la innovaci\u00f3n en sectores prioritarios como la salud, la educaci\u00f3n, el transporte, la seguridad p\u00fablica, las finanzas y el turismo.<\/p>\n\n\n<div class=\"wp-block-image\">\n<figure class=\"alignleft size-full is-resized\"><img decoding=\"async\" width=\"900\" height=\"599\" src=\"https:\/\/lasprimeras.com.do\/wp-content\/uploads\/2025\/10\/NVIDIA-3.jpg\" alt=\"\" class=\"wp-image-111851\" style=\"width:467px;height:auto\" srcset=\"https:\/\/lasprimeras.com.do\/wp-content\/uploads\/2025\/10\/NVIDIA-3.jpg 900w, https:\/\/lasprimeras.com.do\/wp-content\/uploads\/2025\/10\/NVIDIA-3-300x200.jpg 300w, https:\/\/lasprimeras.com.do\/wp-content\/uploads\/2025\/10\/NVIDIA-3-768x511.jpg 768w\" sizes=\"(max-width: 900px) 100vw, 900px\" \/><\/figure>\n<\/div>\n\n\n<p><strong>Prioridades estrat\u00e9gicas<\/strong><\/p>\n\n\n\n<ul class=\"wp-block-list\">\n<li>Avanzar en la soberan\u00eda digital mediante el alojamiento local de datos y modelos de inteligencia artificial, garantizando la protecci\u00f3n e independencia de los activos de informaci\u00f3n nacional.<\/li>\n\n\n\n<li>Fortalecer las capacidades nacionales en infraestructura digital, desarrollo de talento local y aplicaci\u00f3n de soluciones de inteligencia artificial de vanguardia.<\/li>\n\n\n\n<li>Posicionar a la Rep\u00fablica Dominicana como un hub regional de tecnolog\u00eda e inteligencia artificial, impulsando la competitividad y atrayendo inversi\u00f3n regional e internacional.<\/li>\n\n\n\n<li>Mejorar la calidad de vida de los ciudadanos a trav\u00e9s de soluciones basadas en inteligencia artificial que optimicen los servicios de salud, la movilidad urbana, la seguridad p\u00fablica y la experiencia tur\u00edstica.<\/li>\n<\/ul>\n\n\n\n<p>Asimismo, como parte de la iniciativa, se contempla la creaci\u00f3n de un Centro de Excelencia en Inteligencia Artificial de la Rep\u00fablica Dominicana, concebido como un espacio educativo y de divulgaci\u00f3n tecnol\u00f3gica para ciudadanos, estudiantes y turistas.<\/p>\n\n\n\n<p>\u201cLa colaboraci\u00f3n con NVIDIA representa un paso decisivo para consolidar a la Rep\u00fablica Dominicana como un centro regional de tecnolog\u00eda e inteligencia artificial. Al garantizar la soberan\u00eda de nuestros datos y fomentar el desarrollo del talento local, reafirmamos nuestro compromiso con la transformaci\u00f3n digital como un pilar para el futuro de nuestra naci\u00f3n&#8221;, afirm\u00f3 el ministro de la Presidencia, Jos\u00e9 Ignacio Paliza.<\/p>\n","protected":false},"excerpt":{"rendered":"<p>El Gobierno de la Rep\u00fablica Dominicana, a trav\u00e9s del Ministerio de la Presidencia, y NVIDIA, l\u00edder mundial en computaci\u00f3n acelerada e inteligencia artificial, firmaron hoy un Memorando de Entendimiento (MOU)&hellip;<\/p>\n","protected":false},"author":10,"featured_media":111850,"comment_status":"open","ping_status":"open","sticky":false,"template":"","format":"standard","meta":{"content-type":"","jetpack_post_was_ever_published":false,"_jetpack_newsletter_access":"","_jetpack_dont_email_post_to_subs":false,"_jetpack_newsletter_tier_id":0,"_jetpack_memberships_contains_paywalled_content":false,"_jetpack_memberships_contains_paid_content":false,"footnotes":""},"categories":[25,23746],"tags":[171,85,21667,25955,1226],"class_list":["post-111849","post","type-post","status-publish","format-standard","has-post-thumbnail","hentry","category-portada","category-tecnologia","tag-gobierno","tag-inteligencia-artificial","tag-nvidia","tag-planes-soberanos","tag-republica-dominicana"],"jetpack_featured_media_url":"https:\/\/lasprimeras.com.do\/wp-content\/uploads\/2025\/10\/NVIDIA-1.jpg","jetpack-related-posts":[{"id":112082,"url":"https:\/\/lasprimeras.com.do\/index.php\/2025\/10\/17\/experto-felicita-acuerdo-del-gobierno-con-nvidia-e-insta-crear-un-consejo-de-ia\/","url_meta":{"origin":111849,"position":0},"title":"Experto felicita acuerdo del Gobierno con Nvidia e insta crear un consejo de IA","author":"Nelson Feliz","date":"17 de octubre de 2025","format":false,"excerpt":"El economista y experto en Inteligencia Artificial Humanitaria, Alberto Castillo Aroca, calific\u00f3 como muy positiva la firma del acuerdo entre el Gobierno dominicano y la empresa Nvidia, l\u00edder mundial en computaci\u00f3n acelerada e inteligencia artificial, al considerar que representa un paso estrat\u00e9gico hacia el futuro tecnol\u00f3gico del pa\u00eds. Castillo Aroca\u2026","rel":"","context":"En \u00abPORTADA\u00bb","block_context":{"text":"PORTADA","link":"https:\/\/lasprimeras.com.do\/index.php\/category\/portada\/"},"img":{"alt_text":"Alberto Castillo Aroca","src":"https:\/\/i0.wp.com\/lasprimeras.com.do\/wp-content\/uploads\/2025\/10\/Alberto-Castillo-Aroca.jpg?resize=350%2C200&ssl=1","width":350,"height":200,"srcset":"https:\/\/i0.wp.com\/lasprimeras.com.do\/wp-content\/uploads\/2025\/10\/Alberto-Castillo-Aroca.jpg?resize=350%2C200&ssl=1 1x, https:\/\/i0.wp.com\/lasprimeras.com.do\/wp-content\/uploads\/2025\/10\/Alberto-Castillo-Aroca.jpg?resize=525%2C300&ssl=1 1.5x, https:\/\/i0.wp.com\/lasprimeras.com.do\/wp-content\/uploads\/2025\/10\/Alberto-Castillo-Aroca.jpg?resize=700%2C400&ssl=1 2x"},"classes":[]},{"id":126014,"url":"https:\/\/lasprimeras.com.do\/index.php\/2026\/03\/29\/embajada-de-los-eeuu-y-sistema-911-impulsan-cooperacion-tecnologica-en-conferencia-nvidia\/","url_meta":{"origin":111849,"position":1},"title":"Embajada de los EEUU y Sistema 911 impulsan cooperaci\u00f3n tecnol\u00f3gica en conferencia NVIDIA","author":"Nelson Feliz","date":"29 de marzo de 2026","format":false,"excerpt":"Acuerdo entre el Gobierno dominicano y NVIDIA impulsa acceso a mayor capacidad de procesamiento de datos y posiciona al pa\u00eds como referente regional en inteligencia artificial orientada a la gesti\u00f3n de emergencias. Con el respaldo de la Embajada de los Estados Unidos en la Rep\u00fablica Dominicana, el Sistema Nacional de\u2026","rel":"","context":"En \u00abPORTADA\u00bb","block_context":{"text":"PORTADA","link":"https:\/\/lasprimeras.com.do\/index.php\/category\/portada\/"},"img":{"alt_text":"","src":"https:\/\/i0.wp.com\/lasprimeras.com.do\/wp-content\/uploads\/2026\/03\/UNA-1.jpg?resize=350%2C200&ssl=1","width":350,"height":200,"srcset":"https:\/\/i0.wp.com\/lasprimeras.com.do\/wp-content\/uploads\/2026\/03\/UNA-1.jpg?resize=350%2C200&ssl=1 1x, https:\/\/i0.wp.com\/lasprimeras.com.do\/wp-content\/uploads\/2026\/03\/UNA-1.jpg?resize=525%2C300&ssl=1 1.5x, https:\/\/i0.wp.com\/lasprimeras.com.do\/wp-content\/uploads\/2026\/03\/UNA-1.jpg?resize=700%2C400&ssl=1 2x"},"classes":[]},{"id":68932,"url":"https:\/\/lasprimeras.com.do\/index.php\/2023\/11\/29\/el-pais-adaptara-ley-de-salud-para-aprovechar-la-inteligencia-artificial\/","url_meta":{"origin":111849,"position":2},"title":"El pa\u00eds adaptar\u00e1 Ley de Salud para aprovechar la Inteligencia Artificial","author":"BIMARY DE JES\u00daS Matos","date":"29 de noviembre de 2023","format":false,"excerpt":"Santo Domingo.-El primer Foro Nacional Salud e Inteligencia Artificial, una iniciativa del List\u00edn Diario, rindi\u00f3 sus frutos ayer martes con las ponencias de diferentes actores del sector salud local e internacional, quienes formularon un escenario de debate que mostr\u00f3 una perspectiva de lo que implica el coincidir del talento humano\u2026","rel":"","context":"En \u00abPORTADA\u00bb","block_context":{"text":"PORTADA","link":"https:\/\/lasprimeras.com.do\/index.php\/category\/portada\/"},"img":{"alt_text":"","src":"https:\/\/i0.wp.com\/lasprimeras.com.do\/wp-content\/uploads\/2023\/11\/PhotoFrame-3.jpg?resize=350%2C200&ssl=1","width":350,"height":200,"srcset":"https:\/\/i0.wp.com\/lasprimeras.com.do\/wp-content\/uploads\/2023\/11\/PhotoFrame-3.jpg?resize=350%2C200&ssl=1 1x, https:\/\/i0.wp.com\/lasprimeras.com.do\/wp-content\/uploads\/2023\/11\/PhotoFrame-3.jpg?resize=525%2C300&ssl=1 1.5x"},"classes":[]},{"id":111020,"url":"https:\/\/lasprimeras.com.do\/index.php\/2025\/10\/03\/nvidia-y-fujitsu-acuerdan-trabajar-juntos-en-robots-con-ia-y-otras-tecnologias\/","url_meta":{"origin":111849,"position":3},"title":"Nvidia y Fujitsu acuerdan trabajar juntos en robots con IA y otras tecnolog\u00edas","author":"Nelson Feliz","date":"3 de octubre de 2025","format":false,"excerpt":"Por YURI KAGEYAMA TOKIO (AP) \u2014 La compa\u00f1\u00eda estadounidense de tecnolog\u00eda Nvidia y Fujitsu, un fabricante japon\u00e9s de telecomunicaciones y computadoras, acordaron el viernes trabajar juntos en inteligencia artificial para crear robots inteligentes y una variedad de otras innovaciones utilizando los chips de computadora de Nvidia. \u201cLa revoluci\u00f3n industrial de\u2026","rel":"","context":"En \u00abTECNOL\u00d3GIA\u00bb","block_context":{"text":"TECNOL\u00d3GIA","link":"https:\/\/lasprimeras.com.do\/index.php\/category\/tecnologia\/"},"img":{"alt_text":"","src":"https:\/\/i0.wp.com\/lasprimeras.com.do\/wp-content\/uploads\/2025\/10\/Nvidia-y-Fujitsu.jpg?resize=350%2C200&ssl=1","width":350,"height":200,"srcset":"https:\/\/i0.wp.com\/lasprimeras.com.do\/wp-content\/uploads\/2025\/10\/Nvidia-y-Fujitsu.jpg?resize=350%2C200&ssl=1 1x, https:\/\/i0.wp.com\/lasprimeras.com.do\/wp-content\/uploads\/2025\/10\/Nvidia-y-Fujitsu.jpg?resize=525%2C300&ssl=1 1.5x, https:\/\/i0.wp.com\/lasprimeras.com.do\/wp-content\/uploads\/2025\/10\/Nvidia-y-Fujitsu.jpg?resize=700%2C400&ssl=1 2x"},"classes":[]},{"id":109483,"url":"https:\/\/lasprimeras.com.do\/index.php\/2025\/09\/18\/nvidia-invertira-5-000-millones-de-dolares-en-intel-y-trabajara-en-conjunto-en-infraestructura-de-ia-y-pc\/","url_meta":{"origin":111849,"position":4},"title":"Nvidia invertir\u00e1 5.000 millones de d\u00f3lares en Intel y trabajar\u00e1 en conjunto en infraestructura de IA y PC","author":"Nelson Feliz","date":"18 de septiembre de 2025","format":false,"excerpt":"NUEVA YORK (AP) \u2014 Nvidia, el principal fabricante de chips del mundo, anunci\u00f3 el jueves que invertir\u00e1 5.000 millones de d\u00f3lares en Intel y colaborar\u00e1 con la empresa de semiconductores en dificultades. Las dos compa\u00f1\u00edas se unir\u00e1n para trabajar en centros de datos personalizados que forman la columna vertebral de\u2026","rel":"","context":"En \u00abTECNOL\u00d3GIA\u00bb","block_context":{"text":"TECNOL\u00d3GIA","link":"https:\/\/lasprimeras.com.do\/index.php\/category\/tecnologia\/"},"img":{"alt_text":"","src":"https:\/\/i0.wp.com\/lasprimeras.com.do\/wp-content\/uploads\/2025\/09\/Jensen-Huang.jpg?resize=350%2C200&ssl=1","width":350,"height":200,"srcset":"https:\/\/i0.wp.com\/lasprimeras.com.do\/wp-content\/uploads\/2025\/09\/Jensen-Huang.jpg?resize=350%2C200&ssl=1 1x, https:\/\/i0.wp.com\/lasprimeras.com.do\/wp-content\/uploads\/2025\/09\/Jensen-Huang.jpg?resize=525%2C300&ssl=1 1.5x, https:\/\/i0.wp.com\/lasprimeras.com.do\/wp-content\/uploads\/2025\/09\/Jensen-Huang.jpg?resize=700%2C400&ssl=1 2x"},"classes":[]},{"id":56746,"url":"https:\/\/lasprimeras.com.do\/index.php\/2023\/08\/04\/lf-propone-inteligencia-artificial-para-transformar-educacion-rd\/","url_meta":{"origin":111849,"position":5},"title":"LF propone inteligencia artificial para transformar educaci\u00f3n RD","author":"Nelson Feliz","date":"4 de agosto de 2023","format":false,"excerpt":"El precandidato presidencial del partido Fuerza del Pueblo (FP), Leonel Fern\u00e1ndez, propuso introducir Inteligencia Artificial para transformar el sistema de educaci\u00f3n en Rep\u00fablica Dominicana. \u00abEn Rep\u00fablica Dominicana no estamos haciendo un an\u00e1lisis cr\u00edtico sobre nuestra educaci\u00f3n, no se est\u00e1n evaluando las soluciones ni metodolog\u00eda para mejorar, solo estamos midiendo las\u2026","rel":"","context":"En \u00abPORTADA\u00bb","block_context":{"text":"PORTADA","link":"https:\/\/lasprimeras.com.do\/index.php\/category\/portada\/"},"img":{"alt_text":"Leonel Fern\u00e1ndez","src":"https:\/\/i0.wp.com\/lasprimeras.com.do\/wp-content\/uploads\/2023\/08\/Leonel-Fernandez.jpg?resize=350%2C200&ssl=1","width":350,"height":200,"srcset":"https:\/\/i0.wp.com\/lasprimeras.com.do\/wp-content\/uploads\/2023\/08\/Leonel-Fernandez.jpg?resize=350%2C200&ssl=1 1x, https:\/\/i0.wp.com\/lasprimeras.com.do\/wp-content\/uploads\/2023\/08\/Leonel-Fernandez.jpg?resize=525%2C300&ssl=1 1.5x, https:\/\/i0.wp.com\/lasprimeras.com.do\/wp-content\/uploads\/2023\/08\/Leonel-Fernandez.jpg?resize=700%2C400&ssl=1 2x"},"classes":[]}],"jetpack_sharing_enabled":true,"_links":{"self":[{"href":"https:\/\/lasprimeras.com.do\/index.php\/wp-json\/wp\/v2\/posts\/111849","targetHints":{"allow":["GET"]}}],"collection":[{"href":"https:\/\/lasprimeras.com.do\/index.php\/wp-json\/wp\/v2\/posts"}],"about":[{"href":"https:\/\/lasprimeras.com.do\/index.php\/wp-json\/wp\/v2\/types\/post"}],"author":[{"embeddable":true,"href":"https:\/\/lasprimeras.com.do\/index.php\/wp-json\/wp\/v2\/users\/10"}],"replies":[{"embeddable":true,"href":"https:\/\/lasprimeras.com.do\/index.php\/wp-json\/wp\/v2\/comments?post=111849"}],"version-history":[{"count":1,"href":"https:\/\/lasprimeras.com.do\/index.php\/wp-json\/wp\/v2\/posts\/111849\/revisions"}],"predecessor-version":[{"id":111852,"href":"https:\/\/lasprimeras.com.do\/index.php\/wp-json\/wp\/v2\/posts\/111849\/revisions\/111852"}],"wp:featuredmedia":[{"embeddable":true,"href":"https:\/\/lasprimeras.com.do\/index.php\/wp-json\/wp\/v2\/media\/111850"}],"wp:attachment":[{"href":"https:\/\/lasprimeras.com.do\/index.php\/wp-json\/wp\/v2\/media?parent=111849"}],"wp:term":[{"taxonomy":"category","embeddable":true,"href":"https:\/\/lasprimeras.com.do\/index.php\/wp-json\/wp\/v2\/categories?post=111849"},{"taxonomy":"post_tag","embeddable":true,"href":"https:\/\/lasprimeras.com.do\/index.php\/wp-json\/wp\/v2\/tags?post=111849"}],"curies":[{"name":"wp","href":"https:\/\/api.w.org\/{rel}","templated":true}]}}