{"id":111853,"date":"2025-10-13T12:00:15","date_gmt":"2025-10-13T16:00:15","guid":{"rendered":"https:\/\/lasprimeras.com.do\/?p=111853"},"modified":"2025-10-14T12:04:10","modified_gmt":"2025-10-14T16:04:10","slug":"abinader-dice-rd-hara-historia-con-los-xxv-juegos-centroamericanos-y-del-caribe-2026","status":"publish","type":"post","link":"https:\/\/lasprimeras.com.do\/index.php\/2025\/10\/13\/abinader-dice-rd-hara-historia-con-los-xxv-juegos-centroamericanos-y-del-caribe-2026\/","title":{"rendered":"Abinader dice RD har\u00e1 historia con los XXV Juegos Centroamericanos y del Caribe 2026"},"content":{"rendered":"\n<p><strong>Ministro de Deportes, Kelvin Cruz, dice Gobierno invierte m\u00e1s de RD$5 mil millones en infraestructuras deportivas a nivel nacional<\/strong><\/p>\n\n\n\n<p>El presidente Luis Abinader asegur\u00f3 este lunes que la Rep\u00fablica Dominicana har\u00e1 historia con la celebraci\u00f3n de los Juegos Centroamericanos y del Caribe 2026, el evento deportivo m\u00e1s importante de la regi\u00f3n que reunir\u00e1 a m\u00e1s de 6,000 atletas compitiendo por 3,244 medallas, el cuadro m\u00e1s grande en la historia de los Juegos.<\/p>\n\n\n\n<p>Para la preparaci\u00f3n de los atletas dominicanos, el Gobierno realiz\u00f3 un aporte hist\u00f3rico de RD$315 millones a trav\u00e9s del Comit\u00e9 Ol\u00edmpico Dominicano, destinados a fogueos, entrenamientos y pago a entrenadores, tambi\u00e9n se realiz\u00f3 un aumento del 100% a los atletas de alto rendimiento del PARNI.<\/p>\n\n\n\n<p>Al trasladar el encuentro LA Semanal con la Prensa al Pabell\u00f3n de Esgrima del Centro Ol\u00edmpico Juan Pablo Duarte, el mandatario rindi\u00f3 un informe sobre los avances en las remodelaciones de las instalaciones deportivas a ser usadas en las diferentes competencias entre el 24 de julio y el 8 de agosto.<\/p>\n\n\n\n<p>El pa\u00eds acoger\u00e1 40 deportes, 57 disciplinas y 63 modalidades con 483 pruebas deportivas, distribuidas en ocho sedes: 26 en el Distrito Nacional, 23 en Santo Domingo, 2 en Santiago, 2 en Bonao, 1 en Punta Cana, 1 en Cabarete, 1 en Ban\u00ed y 1 en Juan Dolio.<\/p>\n\n\n\n<p>Los Juegos 2026 buscan promover la inclusi\u00f3n, la unidad nacional y la integraci\u00f3n de clubes deportivos, universidades, iglesias, empresas y comunidades.<\/p>\n\n\n\n<p>Instalaciones deportivas<\/p>\n\n\n\n<p>A diciembre de 2025, se espera tener listas cerca del 90% de las instalaciones deportivas que se van a usar durante la competencia, entre ellas el Centro Ol\u00edmpico Juan Pablo Duarte y el Parque del Este.<\/p>\n\n\n\n<p>En el Centro Ol\u00edmpico ya se entreg\u00f3 el pabell\u00f3n de esgrima con una inversi\u00f3n de RD$59,119,534.83, mientras que los pabellones de voleibol I y II avanzan en un 75% y 95% respectivamente. En proceso se encuentran los estadios de b\u00e9isbol 1, 2 y 3, los estadios de softbol A y B, el pabell\u00f3n de combate y el centro acu\u00e1tico.<\/p>\n\n\n\n<p>En tanto que en el Parque del Este se entreg\u00f3 el pabell\u00f3n de tiro con arco con una inversi\u00f3n de RD$45,527,718.01 y se avanza en los pabellones de halterofilia (95%), gimnasia (66%) y tenis de mesa (57.83%). A\u00fan est\u00e1n en proceso el pabell\u00f3n de balonmano y la pista de patinaje.<\/p>\n\n\n\n<p>Villa Centroamericana y del Caribe<\/p>\n\n\n\n<p>La Villa Centroamericana y del Caribe es un proyecto de 150 edificios con 8 apartamentos, ubicada en Villa del Este, pr\u00f3ximo a Ciudad Juan Bosch. Tras los Juegos, estas instalaciones se convertir\u00e1n en viviendas de bajo costo para que miles de familias dominicanas puedan adquirir un techo propio bajo condiciones y facilidades especiales.<\/p>\n\n\n\n<p>Sistemas de salud y transporte durante los juegos<\/p>\n\n\n\n<p>Est\u00e1 gran cita deportiva contar\u00e1 con un sistema de salud y emergencia sin precedentes, con 50 ambulancias terrestres, 6 botes de rescate, ambulancias a\u00e9reas, una moderna policl\u00ednica en la Villa Centroamericana y un centro de referencia en la Ciudad Sanitaria Luis Eduardo Aybar.<\/p>\n\n\n\n<p>Adem\u00e1s, se implementar\u00e1 un sistema de transporte TRAE para garantizar traslados seguros, r\u00e1pidos y eficientes.<\/p>\n\n\n\n<p>Museo Temporal del Centenario<\/p>\n\n\n\n<p>En conmemoraci\u00f3n de los 100 a\u00f1os de los Juegos Centroamericanos y del Caribe, se crear\u00e1 el Museo Temporal del Centenario, que exhibir\u00e1 la historia y evoluci\u00f3n de los juegos desde 1926 hasta la actualidad con memorabilia y objetos hist\u00f3ricos, teniendo como pieza central el Fuego Centroamericano y del Caribe, como s\u00edmbolo de uni\u00f3n y tradici\u00f3n atl\u00e9tica. Estar\u00e1 ubicado en Santo Domingo y abrir\u00e1 al p\u00fablico por un periodo de tres meses.<\/p>\n\n\n\n<p>Mascota oficial<\/p>\n\n\n\n<p>La mascota oficial, Col\u00ed, inspirada en el barrancol\u00ed \u2014ave end\u00e9mica de La Espa\u00f1ola\u2014 simboliza la autenticidad, resiliencia y hospitalidad caribe\u00f1a, as\u00ed como el compromiso con la sostenibilidad y la cultura local.<\/p>\n\n\n\n<p>Con esta organizaci\u00f3n, la Rep\u00fablica Dominicana reafirma su compromiso con el deporte, la juventud y el desarrollo regional, consolid\u00e1ndose como un referente de capacidad, hospitalidad y excelencia en el Caribe.<\/p>\n","protected":false},"excerpt":{"rendered":"<p>Ministro de Deportes, Kelvin Cruz, dice Gobierno invierte m\u00e1s de RD$5 mil millones en infraestructuras deportivas a nivel nacional El presidente Luis Abinader asegur\u00f3 este lunes que la Rep\u00fablica Dominicana&hellip;<\/p>\n","protected":false},"author":10,"featured_media":111854,"comment_status":"open","ping_status":"open","sticky":false,"template":"","format":"standard","meta":{"content-type":"","jetpack_post_was_ever_published":false,"_jetpack_newsletter_access":"","_jetpack_dont_email_post_to_subs":false,"_jetpack_newsletter_tier_id":0,"_jetpack_memberships_contains_paywalled_content":false,"_jetpack_memberships_contains_paid_content":false,"footnotes":""},"categories":[630,25],"tags":[67],"class_list":["post-111853","post","type-post","status-publish","format-standard","has-post-thumbnail","hentry","category-deportes","category-portada","tag-luis-abinader"],"jetpack_featured_media_url":"https:\/\/lasprimeras.com.do\/wp-content\/uploads\/2025\/10\/Luis-Abinader-1-1.jpg","jetpack-related-posts":[{"id":119541,"url":"https:\/\/lasprimeras.com.do\/index.php\/2026\/01\/14\/abinader-presenta-avances-en-la-organizacion-de-los-xxv-juegos-centroamericanos-y-del-caribe\/","url_meta":{"origin":111853,"position":0},"title":"Abinader presenta avances en la organizaci\u00f3n de los XXV Juegos Centroamericanos y del Caribe","author":"Nelson Feliz","date":"14 de enero de 2026","format":false,"excerpt":"_Comit\u00e9 Organizador destaca eficientizaci\u00f3n del gasto durante proceso de organizaci\u00f3n_ El presidente Luis Abinader catalog\u00f3 como extraordinarios los trabajos del Comit\u00e9 Organizador de los Juegos Centroamericanos y del Caribe Santo Domingo 2026 al asegurar que muchos aspectos se encuentran adelantados con relaci\u00f3n al cronograma establecido, as\u00ed como por la eficientizaci\u00f3n\u2026","rel":"","context":"En \u00abDEPORTES\u00bb","block_context":{"text":"DEPORTES","link":"https:\/\/lasprimeras.com.do\/index.php\/category\/deportes\/"},"img":{"alt_text":"","src":"https:\/\/i0.wp.com\/lasprimeras.com.do\/wp-content\/uploads\/2026\/01\/IMG-20260113-WA0981-scaled.jpg?resize=350%2C200&ssl=1","width":350,"height":200,"srcset":"https:\/\/i0.wp.com\/lasprimeras.com.do\/wp-content\/uploads\/2026\/01\/IMG-20260113-WA0981-scaled.jpg?resize=350%2C200&ssl=1 1x, https:\/\/i0.wp.com\/lasprimeras.com.do\/wp-content\/uploads\/2026\/01\/IMG-20260113-WA0981-scaled.jpg?resize=525%2C300&ssl=1 1.5x, https:\/\/i0.wp.com\/lasprimeras.com.do\/wp-content\/uploads\/2026\/01\/IMG-20260113-WA0981-scaled.jpg?resize=700%2C400&ssl=1 2x, https:\/\/i0.wp.com\/lasprimeras.com.do\/wp-content\/uploads\/2026\/01\/IMG-20260113-WA0981-scaled.jpg?resize=1050%2C600&ssl=1 3x, https:\/\/i0.wp.com\/lasprimeras.com.do\/wp-content\/uploads\/2026\/01\/IMG-20260113-WA0981-scaled.jpg?resize=1400%2C800&ssl=1 4x"},"classes":[]},{"id":128275,"url":"https:\/\/lasprimeras.com.do\/index.php\/2026\/04\/21\/presidente-abinader-las-instalaciones-de-los-juegos-centroamericanos-2026-estan-al-90\/","url_meta":{"origin":111853,"position":1},"title":"Presidente Abinader: las instalaciones de los Juegos Centroamericanos 2026 est\u00e1n al 90%","author":"Nelson Feliz","date":"21 de abril de 2026","format":false,"excerpt":"El ministro de Deportes, Kelvin Cruz, calific\u00f3 como extraordinario el apoyo recibido del Gobierno del presidente Abinader, destacando su respaldo constante al deporte y la juventud El presidente Luis Abinader supervis\u00f3 este martes los avances en las instalaciones deportivas del Centro Ol\u00edmpico Juan Pablo Duarte que albergar\u00e1n los XXV Juegos\u2026","rel":"","context":"En \u00abDEPORTES\u00bb","block_context":{"text":"DEPORTES","link":"https:\/\/lasprimeras.com.do\/index.php\/category\/deportes\/"},"img":{"alt_text":"","src":"https:\/\/i0.wp.com\/lasprimeras.com.do\/wp-content\/uploads\/2026\/04\/luiss-1.jpg?resize=350%2C200&ssl=1","width":350,"height":200,"srcset":"https:\/\/i0.wp.com\/lasprimeras.com.do\/wp-content\/uploads\/2026\/04\/luiss-1.jpg?resize=350%2C200&ssl=1 1x, https:\/\/i0.wp.com\/lasprimeras.com.do\/wp-content\/uploads\/2026\/04\/luiss-1.jpg?resize=525%2C300&ssl=1 1.5x, https:\/\/i0.wp.com\/lasprimeras.com.do\/wp-content\/uploads\/2026\/04\/luiss-1.jpg?resize=700%2C400&ssl=1 2x"},"classes":[]},{"id":72072,"url":"https:\/\/lasprimeras.com.do\/index.php\/2023\/12\/26\/el-deporte-dominicano-cierra-un-2023-de-exitos\/","url_meta":{"origin":111853,"position":2},"title":"El deporte dominicano cierra un 2023 de \u00e9xitos","author":"BIMARY DE JES\u00daS Matos","date":"26 de diciembre de 2023","format":false,"excerpt":"Santo Domingo.-El deporte de Rep\u00fablica Dominicana nueva vez puso en alto la bandera nacional durante el 2023, un a\u00f1o en que los atletas dominicanos superaron las dificultades para imponerse en diferentes competencias mundiales y regionales en las que participaron. El 2023 tambi\u00e9n dej\u00f3 al deporte dominicano centenares de instalaciones, construidas\u2026","rel":"","context":"En \u00abSin categor\u00eda\u00bb","block_context":{"text":"Sin categor\u00eda","link":"https:\/\/lasprimeras.com.do\/index.php\/category\/sin-categoria\/"},"img":{"alt_text":"","src":"https:\/\/i0.wp.com\/lasprimeras.com.do\/wp-content\/uploads\/2023\/12\/Noticias-de-energia-89.webp?resize=350%2C200&ssl=1","width":350,"height":200,"srcset":"https:\/\/i0.wp.com\/lasprimeras.com.do\/wp-content\/uploads\/2023\/12\/Noticias-de-energia-89.webp?resize=350%2C200&ssl=1 1x, https:\/\/i0.wp.com\/lasprimeras.com.do\/wp-content\/uploads\/2023\/12\/Noticias-de-energia-89.webp?resize=525%2C300&ssl=1 1.5x"},"classes":[]},{"id":83221,"url":"https:\/\/lasprimeras.com.do\/index.php\/2024\/05\/13\/abinader-en-esta-gestion-de-gobierno-se-entregaron-mas-de-mil-instalaciones-deportivas\/","url_meta":{"origin":111853,"position":3},"title":"Abinader: en esta gesti\u00f3n de gobierno se entregaron m\u00e1s de mil instalaciones deportivas","author":"Nelson Feliz","date":"13 de mayo de 2024","format":false,"excerpt":"Indic\u00f3 tambi\u00e9n que se entregaron RD$ 235 millones al Comit\u00e9 Ol\u00edmpico Dominicano para los Juegos Ol\u00edmpicos de Par\u00eds 2024, incluyendo fondos para la reparaci\u00f3n, clasificaci\u00f3n y participaci\u00f3n de los atletas y se ha retornado la autonom\u00eda financiera a las Federaciones Deportivas Nacionales. El presidente Luis Abinader inform\u00f3 este lunes que\u2026","rel":"","context":"En \u00abPORTADA\u00bb","block_context":{"text":"PORTADA","link":"https:\/\/lasprimeras.com.do\/index.php\/category\/portada\/"},"img":{"alt_text":"Luis Abinader","src":"https:\/\/i0.wp.com\/lasprimeras.com.do\/wp-content\/uploads\/2024\/05\/Luis-Abinader-LS-1.jpg?resize=350%2C200&ssl=1","width":350,"height":200,"srcset":"https:\/\/i0.wp.com\/lasprimeras.com.do\/wp-content\/uploads\/2024\/05\/Luis-Abinader-LS-1.jpg?resize=350%2C200&ssl=1 1x, https:\/\/i0.wp.com\/lasprimeras.com.do\/wp-content\/uploads\/2024\/05\/Luis-Abinader-LS-1.jpg?resize=525%2C300&ssl=1 1.5x, https:\/\/i0.wp.com\/lasprimeras.com.do\/wp-content\/uploads\/2024\/05\/Luis-Abinader-LS-1.jpg?resize=700%2C400&ssl=1 2x"},"classes":[]},{"id":82294,"url":"https:\/\/lasprimeras.com.do\/index.php\/2024\/05\/01\/gobierno-dice-invierte-rd142-millones-en-pistas-de-atletismo\/","url_meta":{"origin":111853,"position":4},"title":"Gobierno dice invierte RD$142 millones en pistas de atletismo","author":"BIMARY DE JES\u00daS Matos","date":"1 de mayo de 2024","format":false,"excerpt":"SANTO DOMINGO.- El Gobierno del presidente Luis Abinader ha dispuesto, a trav\u00e9s del Ministerio de Deportes y Recreaci\u00f3n, da una inversi\u00f3n de 142.74 millones de pesos en la reconstrucci\u00f3n de tres pistas de atletismo y la construcci\u00f3n de una nueva como parte del apoyo que ejecutan las autoridades en favor\u2026","rel":"","context":"En \u00abSin categor\u00eda\u00bb","block_context":{"text":"Sin categor\u00eda","link":"https:\/\/lasprimeras.com.do\/index.php\/category\/sin-categoria\/"},"img":{"alt_text":"","src":"https:\/\/i0.wp.com\/lasprimeras.com.do\/wp-content\/uploads\/2024\/05\/6a0c8a05-4f4b-48f5-a1d9-1ad180753c4a-1.jpg?resize=350%2C200&ssl=1","width":350,"height":200,"srcset":"https:\/\/i0.wp.com\/lasprimeras.com.do\/wp-content\/uploads\/2024\/05\/6a0c8a05-4f4b-48f5-a1d9-1ad180753c4a-1.jpg?resize=350%2C200&ssl=1 1x, https:\/\/i0.wp.com\/lasprimeras.com.do\/wp-content\/uploads\/2024\/05\/6a0c8a05-4f4b-48f5-a1d9-1ad180753c4a-1.jpg?resize=525%2C300&ssl=1 1.5x"},"classes":[]},{"id":101062,"url":"https:\/\/lasprimeras.com.do\/index.php\/2025\/06\/15\/raquel-pena-encabeza-entrega-campo-de-tiro-con-arco-totalmente-remozado\/","url_meta":{"origin":111853,"position":5},"title":"Raquel Pe\u00f1a encabeza entrega Campo de Tiro con Arco totalmente remozado","author":"Nelson Feliz","date":"15 de junio de 2025","format":false,"excerpt":"La entrega forma parte de la preparaci\u00f3n de los espacios de cara a los Juegos Centroamericanos y del Caribe Santo Domingo 2026. La vicepresidenta de la Rep\u00fablica, Raquel Pe\u00f1a, encabez\u00f3 este domingo la entrega del remozado Campo de Tiro con Arco del Parque del Este y adem\u00e1s asisti\u00f3 a la\u2026","rel":"","context":"En \u00abDEPORTES\u00bb","block_context":{"text":"DEPORTES","link":"https:\/\/lasprimeras.com.do\/index.php\/category\/deportes\/"},"img":{"alt_text":"","src":"https:\/\/i0.wp.com\/lasprimeras.com.do\/wp-content\/uploads\/2025\/06\/Raquel-Pena-1-1.jpg?resize=350%2C200&ssl=1","width":350,"height":200,"srcset":"https:\/\/i0.wp.com\/lasprimeras.com.do\/wp-content\/uploads\/2025\/06\/Raquel-Pena-1-1.jpg?resize=350%2C200&ssl=1 1x, https:\/\/i0.wp.com\/lasprimeras.com.do\/wp-content\/uploads\/2025\/06\/Raquel-Pena-1-1.jpg?resize=525%2C300&ssl=1 1.5x, https:\/\/i0.wp.com\/lasprimeras.com.do\/wp-content\/uploads\/2025\/06\/Raquel-Pena-1-1.jpg?resize=700%2C400&ssl=1 2x"},"classes":[]}],"jetpack_sharing_enabled":true,"_links":{"self":[{"href":"https:\/\/lasprimeras.com.do\/index.php\/wp-json\/wp\/v2\/posts\/111853","targetHints":{"allow":["GET"]}}],"collection":[{"href":"https:\/\/lasprimeras.com.do\/index.php\/wp-json\/wp\/v2\/posts"}],"about":[{"href":"https:\/\/lasprimeras.com.do\/index.php\/wp-json\/wp\/v2\/types\/post"}],"author":[{"embeddable":true,"href":"https:\/\/lasprimeras.com.do\/index.php\/wp-json\/wp\/v2\/users\/10"}],"replies":[{"embeddable":true,"href":"https:\/\/lasprimeras.com.do\/index.php\/wp-json\/wp\/v2\/comments?post=111853"}],"version-history":[{"count":1,"href":"https:\/\/lasprimeras.com.do\/index.php\/wp-json\/wp\/v2\/posts\/111853\/revisions"}],"predecessor-version":[{"id":111855,"href":"https:\/\/lasprimeras.com.do\/index.php\/wp-json\/wp\/v2\/posts\/111853\/revisions\/111855"}],"wp:featuredmedia":[{"embeddable":true,"href":"https:\/\/lasprimeras.com.do\/index.php\/wp-json\/wp\/v2\/media\/111854"}],"wp:attachment":[{"href":"https:\/\/lasprimeras.com.do\/index.php\/wp-json\/wp\/v2\/media?parent=111853"}],"wp:term":[{"taxonomy":"category","embeddable":true,"href":"https:\/\/lasprimeras.com.do\/index.php\/wp-json\/wp\/v2\/categories?post=111853"},{"taxonomy":"post_tag","embeddable":true,"href":"https:\/\/lasprimeras.com.do\/index.php\/wp-json\/wp\/v2\/tags?post=111853"}],"curies":[{"name":"wp","href":"https:\/\/api.w.org\/{rel}","templated":true}]}}