{"id":111856,"date":"2025-10-14T12:12:57","date_gmt":"2025-10-14T16:12:57","guid":{"rendered":"https:\/\/lasprimeras.com.do\/?p=111856"},"modified":"2025-10-14T12:12:58","modified_gmt":"2025-10-14T16:12:58","slug":"pld-denuncia-grave-negligencia-en-protecom","status":"publish","type":"post","link":"https:\/\/lasprimeras.com.do\/index.php\/2025\/10\/14\/pld-denuncia-grave-negligencia-en-protecom\/","title":{"rendered":"PLD denuncia grave negligencia en PROTECOM"},"content":{"rendered":"\n<p><strong>M\u00e1s de 43 mil reclamaciones sin respuesta y 70% fuera de plazo delatan ineficiencia y falta de transparencia.<\/strong><\/p>\n\n\n\n<p>El Partido de la Liberaci\u00f3n Dominicana (PLD) denunci\u00f3 el preocupante nivel de ineficiencia y falta de transparencia que exhibe la Direcci\u00f3n de Protecci\u00f3n al Consumidor de Electricidad (PROTECOM), entidad responsable de velar por los derechos de los usuarios del servicio el\u00e9ctrico nacional.<\/p>\n\n\n\n<p>De acuerdo con el informe oficial correspondiente al trimestre julio-septiembre de 2025, PROTECOM acumula m\u00e1s de 43,000 reclamaciones sin respuesta, una cifra r\u00e9cord que pone en evidencia el deterioro institucional del organismo.<\/p>\n\n\n\n<p>\u201cPeor a\u00fan, m\u00e1s del 70% de esos casos se encuentran fuera de los plazos legales establecidos por la Ley General de Electricidad No. 125-01, lo que constituye una clara violaci\u00f3n a los derechos de los consumidores\u201d denunci\u00f3 Martin Matos, titular de la secretaria de Energ\u00eda y Minas del PLD.<\/p>\n\n\n\n<p>Deplor\u00f3 que, a pesar de contar hoy con m\u00e1s personal analista, PROTECOM tenga menor capacidad de respuesta, generando un cuello de botella que afecta directamente a miles de familias dominicanas.<\/p>\n\n\n\n<p>\u201cEsto es un abuso que golpea de frente al pueblo. Si un usuario presenta una reclamaci\u00f3n y PROTECOM se toma m\u00e1s de 30 d\u00edas para responder, todo ese tiempo se le cobra en mora. Es decir, el ciudadano termina pagando m\u00e1s por esperar que por lo que realmente reclama\u201d, manifest\u00f3 un dirigente del sector energ\u00e9tico del PLD.<\/p>\n\n\n\n<p>Seg\u00fan el informe institucional, s\u00f3lo entre julio y septiembre de 2025, PROTECOM recibi\u00f3 27,090 nuevas reclamaciones, mientras que apenas logr\u00f3 emitir 16,989 decisiones, lo que ha provocado que el n\u00famero de casos en tr\u00e1mite siga creciendo mes tras mes, superando las 43 mil reclamaciones acumuladas.<\/p>\n\n\n\n<p>El PLD advierte que esta situaci\u00f3n refleja la falta de supervisi\u00f3n y el descuido del actual gobierno del PRM, que ha permitido el colapso de una de las principales instancias de defensa de los consumidores el\u00e9ctricos.<\/p>\n\n\n\n<p>Finalmente, el Partido de la Liberaci\u00f3n Dominicana, por intermedio de su Secretar\u00eda de Energ\u00eda y Minas, reitera su compromiso de defender los derechos de los usuarios, exigir el cumplimiento de la ley y promover una gesti\u00f3n p\u00fablica eficiente, transparente y verdaderamente orientada al servicio ciudadano.<\/p>\n\n\n\n<p>\u201cEl pueblo dominicano merece instituciones que respondan con eficacia y respeto, no entidades burocr\u00e1ticas que agraven los problemas del usuario\u201d, concluye el comunicado.<\/p>\n","protected":false},"excerpt":{"rendered":"<p>M\u00e1s de 43 mil reclamaciones sin respuesta y 70% fuera de plazo delatan ineficiencia y falta de transparencia. El Partido de la Liberaci\u00f3n Dominicana (PLD) denunci\u00f3 el preocupante nivel de&hellip;<\/p>\n","protected":false},"author":10,"featured_media":111857,"comment_status":"open","ping_status":"open","sticky":false,"template":"","format":"standard","meta":{"content-type":"","jetpack_post_was_ever_published":false,"_jetpack_newsletter_access":"","_jetpack_dont_email_post_to_subs":false,"_jetpack_newsletter_tier_id":0,"_jetpack_memberships_contains_paywalled_content":false,"_jetpack_memberships_contains_paid_content":false,"footnotes":""},"categories":[16559,25],"tags":[14542,25957,269,25956],"class_list":["post-111856","post","type-post","status-publish","format-standard","has-post-thumbnail","hentry","category-politica","category-portada","tag-energia-y-minas","tag-grave-negligencia","tag-pld","tag-protecom"],"jetpack_featured_media_url":"https:\/\/lasprimeras.com.do\/wp-content\/uploads\/2025\/10\/pld-1.jpg","jetpack-related-posts":[{"id":114270,"url":"https:\/\/lasprimeras.com.do\/index.php\/2025\/11\/12\/pld-denuncia-el-caos-energetico-es-por-improvisacion-del-gobierno\/","url_meta":{"origin":111856,"position":0},"title":"PLD denuncia el caos energ\u00e9tico es por improvisaci\u00f3n del Gobierno","author":"Nelson Feliz","date":"12 de noviembre de 2025","format":false,"excerpt":"\u201cOjal\u00e1 que el gobierno comprenda que tiene que ir delante a los problemas y ojal\u00e1 que le d\u00e9 una respuesta al pa\u00eds y le diga qu\u00e9 es lo que est\u00e1 pasando\u201d El Partido de la Liberaci\u00f3n Dominicana (PLD), a trav\u00e9s de sus dirigentes Francisco Javier Garc\u00eda, Charles Mariotti y Mart\u00edn\u2026","rel":"","context":"En \u00abPOLITICA\u00bb","block_context":{"text":"POLITICA","link":"https:\/\/lasprimeras.com.do\/index.php\/category\/politica\/"},"img":{"alt_text":"","src":"https:\/\/i0.wp.com\/lasprimeras.com.do\/wp-content\/uploads\/2025\/11\/Apagon-2.jpg?resize=350%2C200&ssl=1","width":350,"height":200,"srcset":"https:\/\/i0.wp.com\/lasprimeras.com.do\/wp-content\/uploads\/2025\/11\/Apagon-2.jpg?resize=350%2C200&ssl=1 1x, https:\/\/i0.wp.com\/lasprimeras.com.do\/wp-content\/uploads\/2025\/11\/Apagon-2.jpg?resize=525%2C300&ssl=1 1.5x, https:\/\/i0.wp.com\/lasprimeras.com.do\/wp-content\/uploads\/2025\/11\/Apagon-2.jpg?resize=700%2C400&ssl=1 2x"},"classes":[]},{"id":114385,"url":"https:\/\/lasprimeras.com.do\/index.php\/2025\/11\/13\/el-pueblo-merece-respuestas-responsables-sobre-el-apagon-general\/","url_meta":{"origin":111856,"position":1},"title":"El pueblo merece respuestas responsables sobre el apag\u00f3n general","author":"Nelson Feliz","date":"13 de noviembre de 2025","format":false,"excerpt":"Falta de mantenimiento preventivo, incapacidad t\u00e9cnica y ausencia de planificaci\u00f3n, causantes del apag\u00f3n general del pasado martes, explica el PLD. El Partido de la Liberaci\u00f3n Dominicana (PLD) atribuye el apag\u00f3n el\u00e9ctrico general que castig\u00f3 el pa\u00eds el pasado martes a la falta de mantenimiento preventivo, la incapacidad t\u00e9cnica y la\u2026","rel":"","context":"En \u00abPOLITICA\u00bb","block_context":{"text":"POLITICA","link":"https:\/\/lasprimeras.com.do\/index.php\/category\/politica\/"},"img":{"alt_text":"","src":"https:\/\/i0.wp.com\/lasprimeras.com.do\/wp-content\/uploads\/2024\/02\/pld-inscribe-el-95-de-las-candidaturas-antes-del-plazo_2-focus-0-0-375-240-1.jpg?resize=350%2C200&ssl=1","width":350,"height":200},"classes":[]},{"id":112234,"url":"https:\/\/lasprimeras.com.do\/index.php\/2025\/10\/19\/tres-meses-sin-luz-por-ineficiencia-de-edeeste-una-familia-dominicana-vive-un-calvario\/","url_meta":{"origin":111856,"position":2},"title":"Tres meses sin luz por ineficiencia de Edeeste: una familia dominicana vive un calvario","author":"Nelson Feliz","date":"19 de octubre de 2025","format":false,"excerpt":"A pesar de tener las facturas al d\u00eda y realizar m\u00e1s de cien llamadas, la empresa no reconecta el servicio en el Residencial San Isidro Labrador. Nelson Ferreras, residente en el Residencial San Isidro Labrador de Santo Domingo Este, ha decidido hacer p\u00fablica su denuncia contra la Empresa Distribuidora de\u2026","rel":"","context":"En \u00abNACIONALES\u00bb","block_context":{"text":"NACIONALES","link":"https:\/\/lasprimeras.com.do\/index.php\/category\/nacionales\/"},"img":{"alt_text":"","src":"https:\/\/i0.wp.com\/lasprimeras.com.do\/wp-content\/uploads\/2025\/10\/edeeste.jpg?resize=350%2C200&ssl=1","width":350,"height":200,"srcset":"https:\/\/i0.wp.com\/lasprimeras.com.do\/wp-content\/uploads\/2025\/10\/edeeste.jpg?resize=350%2C200&ssl=1 1x, https:\/\/i0.wp.com\/lasprimeras.com.do\/wp-content\/uploads\/2025\/10\/edeeste.jpg?resize=525%2C300&ssl=1 1.5x, https:\/\/i0.wp.com\/lasprimeras.com.do\/wp-content\/uploads\/2025\/10\/edeeste.jpg?resize=700%2C400&ssl=1 2x"},"classes":[]},{"id":109804,"url":"https:\/\/lasprimeras.com.do\/index.php\/2025\/09\/20\/abel-martinez-el-hoyo-corrupto-en-senasa-solo-es-equiparable-al-hoyo-ineficiente-del-sector-electrico\/","url_meta":{"origin":111856,"position":3},"title":"Abel Mart\u00ednez: \u201cEl hoyo corrupto en SENASA\u201d solo es equiparable al hoyo ineficiente del sector el\u00e9ctrico","author":"Nelson Feliz","date":"20 de septiembre de 2025","format":false,"excerpt":"El miembro del Comit\u00e9 Pol\u00edtico del Partido de la Liberaci\u00f3n Dominicana (PLD), Abel Mart\u00ednez, calific\u00f3 como un verdadero abismo de corrupci\u00f3n el esc\u00e1ndalo en SENASA, se\u00f1alando que ese \u201choyo criminal contra el erario\u201d solo puede compararse con el \u201choyo ineficiente y sin fondo\u201d del sector el\u00e9ctrico dominicano. Mart\u00ednez demand\u00f3 que\u2026","rel":"","context":"En \u00abPOLITICA\u00bb","block_context":{"text":"POLITICA","link":"https:\/\/lasprimeras.com.do\/index.php\/category\/politica\/"},"img":{"alt_text":"","src":"https:\/\/i0.wp.com\/lasprimeras.com.do\/wp-content\/uploads\/2025\/09\/Abel-Martinez.jpg?resize=350%2C200&ssl=1","width":350,"height":200,"srcset":"https:\/\/i0.wp.com\/lasprimeras.com.do\/wp-content\/uploads\/2025\/09\/Abel-Martinez.jpg?resize=350%2C200&ssl=1 1x, https:\/\/i0.wp.com\/lasprimeras.com.do\/wp-content\/uploads\/2025\/09\/Abel-Martinez.jpg?resize=525%2C300&ssl=1 1.5x, https:\/\/i0.wp.com\/lasprimeras.com.do\/wp-content\/uploads\/2025\/09\/Abel-Martinez.jpg?resize=700%2C400&ssl=1 2x"},"classes":[]},{"id":106738,"url":"https:\/\/lasprimeras.com.do\/index.php\/2025\/08\/18\/martin-matos-el-cambio-apago-el-paisesta-es-una-expresion-del-fracaso-del-gobierno-del-prm\/","url_meta":{"origin":111856,"position":4},"title":"Martin Matos: El Cambio apag\u00f3 el pa\u00eds,esta es una expresi\u00f3n del fracaso del Gobierno del PRM","author":"Nelson Feliz","date":"18 de agosto de 2025","format":false,"excerpt":"PLD propone medidas urgentes ante crisis el\u00e9ctrica que sufre el pa\u00eds. El Partido de la Liberaci\u00f3n Dominicana (PLD) proclam\u00f3 que, aunque se quiera ocultar con propaganda y mensajes vac\u00edos, la realidad es clara: \u00a1Han vuelto los apagones! Lo que el pueblo dominicano daba como un problema resuelto en el 2020,\u2026","rel":"","context":"En \u00abPOLITICA\u00bb","block_context":{"text":"POLITICA","link":"https:\/\/lasprimeras.com.do\/index.php\/category\/politica\/"},"img":{"alt_text":"","src":"https:\/\/i0.wp.com\/lasprimeras.com.do\/wp-content\/uploads\/2025\/08\/pld.jpg?resize=350%2C200&ssl=1","width":350,"height":200,"srcset":"https:\/\/i0.wp.com\/lasprimeras.com.do\/wp-content\/uploads\/2025\/08\/pld.jpg?resize=350%2C200&ssl=1 1x, https:\/\/i0.wp.com\/lasprimeras.com.do\/wp-content\/uploads\/2025\/08\/pld.jpg?resize=525%2C300&ssl=1 1.5x, https:\/\/i0.wp.com\/lasprimeras.com.do\/wp-content\/uploads\/2025\/08\/pld.jpg?resize=700%2C400&ssl=1 2x"},"classes":[]},{"id":92456,"url":"https:\/\/lasprimeras.com.do\/index.php\/2025\/01\/04\/martin-matos-preve-un-tetrico-el-sector-electrico-en-el-2025\/","url_meta":{"origin":111856,"position":5},"title":"Martin Matos prev\u00e9 un t\u00e9trico el sector el\u00e9ctrico en el 2025","author":"Nelson Feliz","date":"4 de enero de 2025","format":false,"excerpt":"El titular de la Secretar\u00eda de Energ\u00eda y Minas del Partido de la Liberaci\u00f3n Dominicana (PLD), Martin Matos, denunci\u00f3 el alarmante aumento de las p\u00e9rdidas en el sector el\u00e9ctrico que lleva a prever un 2025 t\u00e9trico en esa determinante \u00e1rea de la econom\u00eda. \u201cEl Sector El\u00e9ctrico Dominicano cierra el 2024\u2026","rel":"","context":"En \u00abECONOM\u00cdA\u00bb","block_context":{"text":"ECONOM\u00cdA","link":"https:\/\/lasprimeras.com.do\/index.php\/category\/economia\/"},"img":{"alt_text":"Martin Matos","src":"https:\/\/i0.wp.com\/lasprimeras.com.do\/wp-content\/uploads\/2025\/01\/Martin-Matos.jpg?resize=350%2C200&ssl=1","width":350,"height":200,"srcset":"https:\/\/i0.wp.com\/lasprimeras.com.do\/wp-content\/uploads\/2025\/01\/Martin-Matos.jpg?resize=350%2C200&ssl=1 1x, https:\/\/i0.wp.com\/lasprimeras.com.do\/wp-content\/uploads\/2025\/01\/Martin-Matos.jpg?resize=525%2C300&ssl=1 1.5x, https:\/\/i0.wp.com\/lasprimeras.com.do\/wp-content\/uploads\/2025\/01\/Martin-Matos.jpg?resize=700%2C400&ssl=1 2x"},"classes":[]}],"jetpack_sharing_enabled":true,"_links":{"self":[{"href":"https:\/\/lasprimeras.com.do\/index.php\/wp-json\/wp\/v2\/posts\/111856","targetHints":{"allow":["GET"]}}],"collection":[{"href":"https:\/\/lasprimeras.com.do\/index.php\/wp-json\/wp\/v2\/posts"}],"about":[{"href":"https:\/\/lasprimeras.com.do\/index.php\/wp-json\/wp\/v2\/types\/post"}],"author":[{"embeddable":true,"href":"https:\/\/lasprimeras.com.do\/index.php\/wp-json\/wp\/v2\/users\/10"}],"replies":[{"embeddable":true,"href":"https:\/\/lasprimeras.com.do\/index.php\/wp-json\/wp\/v2\/comments?post=111856"}],"version-history":[{"count":1,"href":"https:\/\/lasprimeras.com.do\/index.php\/wp-json\/wp\/v2\/posts\/111856\/revisions"}],"predecessor-version":[{"id":111858,"href":"https:\/\/lasprimeras.com.do\/index.php\/wp-json\/wp\/v2\/posts\/111856\/revisions\/111858"}],"wp:featuredmedia":[{"embeddable":true,"href":"https:\/\/lasprimeras.com.do\/index.php\/wp-json\/wp\/v2\/media\/111857"}],"wp:attachment":[{"href":"https:\/\/lasprimeras.com.do\/index.php\/wp-json\/wp\/v2\/media?parent=111856"}],"wp:term":[{"taxonomy":"category","embeddable":true,"href":"https:\/\/lasprimeras.com.do\/index.php\/wp-json\/wp\/v2\/categories?post=111856"},{"taxonomy":"post_tag","embeddable":true,"href":"https:\/\/lasprimeras.com.do\/index.php\/wp-json\/wp\/v2\/tags?post=111856"}],"curies":[{"name":"wp","href":"https:\/\/api.w.org\/{rel}","templated":true}]}}