{"id":111870,"date":"2025-10-14T12:59:02","date_gmt":"2025-10-14T16:59:02","guid":{"rendered":"https:\/\/lasprimeras.com.do\/?p=111870"},"modified":"2025-10-14T12:59:03","modified_gmt":"2025-10-14T16:59:03","slug":"con-homenaje-postumo-a-maria-cristina-camilo-adompretur-juramenta-nueva-directiva-en-nueva-york","status":"publish","type":"post","link":"https:\/\/lasprimeras.com.do\/index.php\/2025\/10\/14\/con-homenaje-postumo-a-maria-cristina-camilo-adompretur-juramenta-nueva-directiva-en-nueva-york\/","title":{"rendered":"Con homenaje p\u00f3stumo a Mar\u00eda Cristina Camilo, Adompretur juramenta nueva directiva en Nueva York"},"content":{"rendered":"\n<p>Por Aquiles Rojas<\/p>\n\n\n\n<p>NUEVA YORK. \u2013 La Asociaci\u00f3n Dominicana de Prensa Tur\u00edstica (Adompretur) filial Nueva York celebr\u00f3 este domingo el acto de juramentaci\u00f3n de su directiva correspondiente al per\u00edodo 2025-2027, durante una emotiva ceremonia realizada en los salones de la Direcci\u00f3n Dominicana de Cultura, en el alto Manhattan.<\/p>\n\n\n\n<p>El evento cont\u00f3 con la presencia de la presidenta nacional de Adompretur, Sara Hern\u00e1ndez, quien encabez\u00f3 el acto oficial en el que tambi\u00e9n se rindi\u00f3 un homenaje p\u00f3stumo a la legendaria Mar\u00eda Cristina Camilo, pionera de la radio, la actuaci\u00f3n y la televisi\u00f3n dominicana.<\/p>\n\n\n<div class=\"wp-block-image\">\n<figure class=\"alignleft size-full is-resized\"><img decoding=\"async\" width=\"900\" height=\"675\" src=\"https:\/\/lasprimeras.com.do\/wp-content\/uploads\/2025\/10\/Adompretur-1.jpg\" alt=\"\" class=\"wp-image-111872\" style=\"width:341px;height:auto\" srcset=\"https:\/\/lasprimeras.com.do\/wp-content\/uploads\/2025\/10\/Adompretur-1.jpg 900w, https:\/\/lasprimeras.com.do\/wp-content\/uploads\/2025\/10\/Adompretur-1-300x225.jpg 300w, https:\/\/lasprimeras.com.do\/wp-content\/uploads\/2025\/10\/Adompretur-1-768x576.jpg 768w\" sizes=\"(max-width: 900px) 100vw, 900px\" \/><\/figure>\n<\/div>\n\n\n<p>Once descendientes de tercera y cuarta generaci\u00f3n de la inolvidable \u201cMaita\u201d asistieron al acto, donde se reconoci\u00f3 su legado como una de las figuras m\u00e1s queridas y emblem\u00e1ticas de los medios de comunicaci\u00f3n en la Rep\u00fablica Dominicana.<\/p>\n\n\n\n<p>El periodista C\u00e9sar Romero, reelecto presidente de la filial neoyorquina, anunci\u00f3 un proceso de relanzamiento del gremio profesional, enfocado en la apertura a nuevos miembros y en la promoci\u00f3n de la Rep\u00fablica Dominicana como destino cultural, m\u00e1s all\u00e1 del tradicional turismo de playas.<\/p>\n\n\n\n<p>\u201cHemos tratado de llevar este acto m\u00e1s all\u00e1 de lo protocolar, resaltando a un \u00edcono de la cultura y de la comunicaci\u00f3n dominicana. Coincidentemente, hoy se cumple un mes de su partida f\u00edsica, y qu\u00e9 mejor forma de honrarla que en un evento de la prensa dominicana\u201d, expres\u00f3 Romero durante su discurso.<\/p>\n\n\n<div class=\"wp-block-image\">\n<figure class=\"alignright size-full is-resized\"><img decoding=\"async\" width=\"900\" height=\"675\" src=\"https:\/\/lasprimeras.com.do\/wp-content\/uploads\/2025\/10\/Adompretur-2.jpg\" alt=\"\" class=\"wp-image-111873\" style=\"width:472px;height:auto\" srcset=\"https:\/\/lasprimeras.com.do\/wp-content\/uploads\/2025\/10\/Adompretur-2.jpg 900w, https:\/\/lasprimeras.com.do\/wp-content\/uploads\/2025\/10\/Adompretur-2-300x225.jpg 300w, https:\/\/lasprimeras.com.do\/wp-content\/uploads\/2025\/10\/Adompretur-2-768x576.jpg 768w\" sizes=\"(max-width: 900px) 100vw, 900px\" \/><\/figure>\n<\/div>\n\n\n<p>La nueva directiva estar\u00e1 integrada por Rafael D\u00edaz, Eddy Heredia, F\u00e9lix Grant, Levis Germ\u00e1n, Jos\u00e9 Sandoval, Dar\u00edo Abreu, Rom\u00e1n Polanco y la comunicadora Jenny G\u00f3mez, \u00fanica mujer del equipo, quienes asumieron el compromiso de fortalecer el trabajo de Adompretur en la di\u00e1spora.<\/p>\n\n\n\n<p>El evento reuni\u00f3 a comunicadores, directores y propietarios de medios, adem\u00e1s de l\u00edderes comunitarios y figuras del \u00e1mbito pol\u00edtico y cultural de la ciudad de Nueva York.<\/p>\n\n\n\n<p>Una delegaci\u00f3n especial lleg\u00f3 desde la Rep\u00fablica Dominicana para acompa\u00f1ar la ceremonia, encabezada por Sara Hern\u00e1ndez, presidenta nacional; Millizen Uribe, vicepresidenta nacional; Junior McDougal, secretario general de la filial de Santiago de los Caballeros; Yenny Polanco Lovera, pasada presidenta nacional; y Arsenio Urceta, miembro de Adompretur Santo Domingo.<\/p>\n\n\n\n<p>Tambi\u00e9n asisti\u00f3 Jos\u00e9 Tejada G\u00f3mez (Cheo), exdirector de prensa de Radio Televisi\u00f3n Dominicana (RTVD) y expresidente de la Asociaci\u00f3n de Cronistas de Arte (Acroarte), quien destac\u00f3 la importancia de fortalecer los lazos entre los gremios period\u00edsticos de la di\u00e1spora y el pa\u00eds.<\/p>\n\n\n\n<figure class=\"wp-block-image size-full\"><img decoding=\"async\" width=\"900\" height=\"675\" src=\"https:\/\/lasprimeras.com.do\/wp-content\/uploads\/2025\/10\/Adompretur-4.jpg\" alt=\"\" class=\"wp-image-111874\" srcset=\"https:\/\/lasprimeras.com.do\/wp-content\/uploads\/2025\/10\/Adompretur-4.jpg 900w, https:\/\/lasprimeras.com.do\/wp-content\/uploads\/2025\/10\/Adompretur-4-300x225.jpg 300w, https:\/\/lasprimeras.com.do\/wp-content\/uploads\/2025\/10\/Adompretur-4-768x576.jpg 768w\" sizes=\"(max-width: 900px) 100vw, 900px\" \/><\/figure>\n\n\n\n<p>Representantes de los principales gremios de comunicaci\u00f3n en Nueva York se unieron al acto, entre ellos Mirtha Pi\u00f1a, secretaria general del Colegio Dominicano de Periodistas (CDP); Germ\u00e1n Batista, presidente del C\u00edrculo de Locutores Dominicanos filial NY; Eclaudio Abreu, presidente del C\u00edrculo de Reporteros Gr\u00e1ficos en Estados Unidos; Santiago Matos, presidente de Acroarte filial NY; y la licenciada Miwanny Ruiz, secretaria general de la Asociaci\u00f3n de Cronistas Deportivos (ACD) filial NY.<\/p>\n\n\n\n<p>Durante la ceremonia, los familiares de Mar\u00eda Cristina Camilo agradecieron la distinci\u00f3n, recordando con emoci\u00f3n el amor de \u201cMaita\u201d por el arte, la palabra y su pa\u00eds, valores que \u2013dijeron\u2013 contin\u00faan inspirando a las nuevas generaciones.<\/p>\n\n\n\n<p>El acto concluy\u00f3 con un llamado a la unidad de la prensa tur\u00edstica dominicana dentro y fuera del pa\u00eds, mantienendo el compromiso de Adompretur con la promoci\u00f3n del turismo sostenible, la identidad nacional y el fortalecimiento del periodismo especializado.<\/p>\n","protected":false},"excerpt":{"rendered":"<p>Por Aquiles Rojas NUEVA YORK. \u2013 La Asociaci\u00f3n Dominicana de Prensa Tur\u00edstica (Adompretur) filial Nueva York celebr\u00f3 este domingo el acto de juramentaci\u00f3n de su directiva correspondiente al per\u00edodo 2025-2027,&hellip;<\/p>\n","protected":false},"author":10,"featured_media":111871,"comment_status":"open","ping_status":"open","sticky":false,"template":"","format":"standard","meta":{"content-type":"","jetpack_post_was_ever_published":false,"_jetpack_newsletter_access":"","_jetpack_dont_email_post_to_subs":false,"_jetpack_newsletter_tier_id":0,"_jetpack_memberships_contains_paywalled_content":false,"_jetpack_memberships_contains_paid_content":false,"footnotes":""},"categories":[376],"tags":[3824,25962,932,268,104],"class_list":["post-111870","post","type-post","status-publish","format-standard","has-post-thumbnail","hentry","category-turismo","tag-adompretur","tag-con-homenaje-postumo-a-maria-cristina-camilo","tag-directiva","tag-juramenta","tag-nueva-york"],"jetpack_featured_media_url":"https:\/\/lasprimeras.com.do\/wp-content\/uploads\/2025\/10\/Adompretur.jpg","jetpack-related-posts":[{"id":111436,"url":"https:\/\/lasprimeras.com.do\/index.php\/2025\/10\/08\/juramentan-nueva-directiva-filial-adompretur-en-ny\/","url_meta":{"origin":111870,"position":0},"title":"Juramentan nueva directiva filial Adompretur en NY","author":"Nelson Feliz","date":"8 de octubre de 2025","format":false,"excerpt":"Por Ram\u00f3n Mercedes NUEVA YORK.- Una nueva directiva de la filial de la Asociaci\u00f3n Dominicana de la Prensa Tur\u00edstica (Adompretur) para el per\u00edodo 2025-2027, fue juramentada el pasado fin de semana en esta ciudad por la presidenta nacional, Sarah Hern\u00e1ndez. Fue reelecto como presidente el comunicador C\u00e9sar Romero, adem\u00e1s, Rafael\u2026","rel":"","context":"En \u00abTURISMO\u00bb","block_context":{"text":"TURISMO","link":"https:\/\/lasprimeras.com.do\/index.php\/category\/turismo\/"},"img":{"alt_text":"","src":"https:\/\/i0.wp.com\/lasprimeras.com.do\/wp-content\/uploads\/2025\/10\/Juramentan-nueva-directiva-filial-Adompretur-en-NY.jpg?resize=350%2C200&ssl=1","width":350,"height":200,"srcset":"https:\/\/i0.wp.com\/lasprimeras.com.do\/wp-content\/uploads\/2025\/10\/Juramentan-nueva-directiva-filial-Adompretur-en-NY.jpg?resize=350%2C200&ssl=1 1x, https:\/\/i0.wp.com\/lasprimeras.com.do\/wp-content\/uploads\/2025\/10\/Juramentan-nueva-directiva-filial-Adompretur-en-NY.jpg?resize=525%2C300&ssl=1 1.5x, https:\/\/i0.wp.com\/lasprimeras.com.do\/wp-content\/uploads\/2025\/10\/Juramentan-nueva-directiva-filial-Adompretur-en-NY.jpg?resize=700%2C400&ssl=1 2x"},"classes":[]},{"id":53180,"url":"https:\/\/lasprimeras.com.do\/index.php\/2023\/06\/24\/yenny-polanco-presenta-plancha-integridad-y-compromiso-para-las-elecciones-de-adompretur-2023-2025\/","url_meta":{"origin":111870,"position":1},"title":"Yenny Polanco presenta plancha \u201cIntegridad y Compromiso\u201d para las elecciones de Adompretur 2023-2025","author":"Nelson Feliz","date":"24 de junio de 2023","format":false,"excerpt":"La periodista Yenny Polanco Lovera present\u00f3 los miembros que integran la plancha \u201cIntegridad y compromiso\u201d, que participar\u00e1 en las pr\u00f3ximas elecciones de la Asociaci\u00f3n Dominicana de Prensa Tur\u00edstica (Adompretur), durante un acto realizado en el hotel Crowne Plaza, en Santo Domingo. Las palabras de bienvenida fueron pronunciadas por Jos\u00e9 Mar\u00eda\u2026","rel":"","context":"En \u00abTURISMO\u00bb","block_context":{"text":"TURISMO","link":"https:\/\/lasprimeras.com.do\/index.php\/category\/turismo\/"},"img":{"alt_text":"La periodista Yenny Polanco Lovera present\u00f3 los miembros que integran la plancha \u201cIntegridad y compromiso\u201d","src":"https:\/\/i0.wp.com\/lasprimeras.com.do\/wp-content\/uploads\/2023\/06\/1.-Yenny-Polanco-Lovera-candidata-a-un-segundo-periodo-en-la-presidencia-de-Adompretur.jpg?resize=350%2C200&ssl=1","width":350,"height":200,"srcset":"https:\/\/i0.wp.com\/lasprimeras.com.do\/wp-content\/uploads\/2023\/06\/1.-Yenny-Polanco-Lovera-candidata-a-un-segundo-periodo-en-la-presidencia-de-Adompretur.jpg?resize=350%2C200&ssl=1 1x, https:\/\/i0.wp.com\/lasprimeras.com.do\/wp-content\/uploads\/2023\/06\/1.-Yenny-Polanco-Lovera-candidata-a-un-segundo-periodo-en-la-presidencia-de-Adompretur.jpg?resize=525%2C300&ssl=1 1.5x, https:\/\/i0.wp.com\/lasprimeras.com.do\/wp-content\/uploads\/2023\/06\/1.-Yenny-Polanco-Lovera-candidata-a-un-segundo-periodo-en-la-presidencia-de-Adompretur.jpg?resize=700%2C400&ssl=1 2x"},"classes":[]},{"id":107234,"url":"https:\/\/lasprimeras.com.do\/index.php\/2025\/08\/24\/nueva-directiva-liderada-por-sarah-hernandez-asume-presidencia-de-adompretur\/","url_meta":{"origin":111870,"position":2},"title":"Nueva directiva liderada por Sarah Hern\u00e1ndez asume presidencia de Adompretur","author":"Nelson Feliz","date":"24 de agosto de 2025","format":false,"excerpt":"La periodista y abogada anuncia planes de modernizaci\u00f3n, formaci\u00f3n y que trabajar\u00e1 por creaci\u00f3n de un museo del turismo La Asociaci\u00f3n Dominicana de Prensa Tur\u00edstica (Adompretur) inici\u00f3 una nueva etapa bajo el liderazgo de la periodista y abogada Sarah Hern\u00e1ndez, juramentada este martes como presidenta de la instituci\u00f3n junto a\u2026","rel":"","context":"En \u00abTURISMO\u00bb","block_context":{"text":"TURISMO","link":"https:\/\/lasprimeras.com.do\/index.php\/category\/turismo\/"},"img":{"alt_text":"","src":"https:\/\/i0.wp.com\/lasprimeras.com.do\/wp-content\/uploads\/2025\/08\/Sarah-Hernandez.jpg?resize=350%2C200&ssl=1","width":350,"height":200,"srcset":"https:\/\/i0.wp.com\/lasprimeras.com.do\/wp-content\/uploads\/2025\/08\/Sarah-Hernandez.jpg?resize=350%2C200&ssl=1 1x, https:\/\/i0.wp.com\/lasprimeras.com.do\/wp-content\/uploads\/2025\/08\/Sarah-Hernandez.jpg?resize=525%2C300&ssl=1 1.5x, https:\/\/i0.wp.com\/lasprimeras.com.do\/wp-content\/uploads\/2025\/08\/Sarah-Hernandez.jpg?resize=700%2C400&ssl=1 2x"},"classes":[]},{"id":125532,"url":"https:\/\/lasprimeras.com.do\/index.php\/2026\/03\/24\/adompretur-reconocera-aportes-de-cinco-mujeres-al-desarrollo-del-turismo\/","url_meta":{"origin":111870,"position":3},"title":"Adompretur reconocer\u00e1 aportes de cinco mujeres al desarrollo del turismo","author":"Nelson Feliz","date":"24 de marzo de 2026","format":false,"excerpt":"Su presidenta Sarah Hern\u00e1ndez anuncia que la gala \u201cMujeres del Turismo 2026\u201d se celebrar\u00e1 el martes 24 de marzo en el Hotel Marriott Aloft Piantini. La Asociaci\u00f3n Dominicana de Prensa Tur\u00edstica (Adompretur) anunci\u00f3 oficialmente la gala \u201cMujeres del Turismo 2026\u201d, un reconocimiento que tiene como objetivo destacar el trabajo, la\u2026","rel":"","context":"En \u00abTURISMO\u00bb","block_context":{"text":"TURISMO","link":"https:\/\/lasprimeras.com.do\/index.php\/category\/turismo\/"},"img":{"alt_text":"Adompretur celebrar\u00e1 gala para reconocer aportes de cinco mujeres al desarrollo del turismo","src":"https:\/\/i0.wp.com\/lasprimeras.com.do\/wp-content\/uploads\/2026\/03\/Adompretur-celebrara-gala-para-reconocer-aportes-de-cinco-mujeres-al-desarrollo-del-turismo.png?resize=350%2C200&ssl=1","width":350,"height":200,"srcset":"https:\/\/i0.wp.com\/lasprimeras.com.do\/wp-content\/uploads\/2026\/03\/Adompretur-celebrara-gala-para-reconocer-aportes-de-cinco-mujeres-al-desarrollo-del-turismo.png?resize=350%2C200&ssl=1 1x, https:\/\/i0.wp.com\/lasprimeras.com.do\/wp-content\/uploads\/2026\/03\/Adompretur-celebrara-gala-para-reconocer-aportes-de-cinco-mujeres-al-desarrollo-del-turismo.png?resize=525%2C300&ssl=1 1.5x, https:\/\/i0.wp.com\/lasprimeras.com.do\/wp-content\/uploads\/2026\/03\/Adompretur-celebrara-gala-para-reconocer-aportes-de-cinco-mujeres-al-desarrollo-del-turismo.png?resize=700%2C400&ssl=1 2x"},"classes":[]},{"id":112408,"url":"https:\/\/lasprimeras.com.do\/index.php\/2025\/10\/18\/adompretur-concluye-en-pedernales-y-barahona-la-juramentacion-de-sus-doce-filiales\/","url_meta":{"origin":111870,"position":4},"title":"Adompretur concluye en Pedernales y Barahona la juramentaci\u00f3n de sus doce filiales","author":"Nelson Feliz","date":"18 de octubre de 2025","format":false,"excerpt":"La presidenta Sarah Hern\u00e1ndez reafirma su compromiso de consejo directivo con fortalecer la prensa tur\u00edstica nacional. La Asociaci\u00f3n Dominicana de Prensa Tur\u00edstica (Adompretur) cerr\u00f3 oficialmente el ciclo de juramentaciones el pasado fin de semana de sus doce filiales nacionales con la instalaci\u00f3n de las directivas en Barahona y Pedernales. Los\u2026","rel":"","context":"En \u00abTURISMO\u00bb","block_context":{"text":"TURISMO","link":"https:\/\/lasprimeras.com.do\/index.php\/category\/turismo\/"},"img":{"alt_text":"","src":"https:\/\/i0.wp.com\/lasprimeras.com.do\/wp-content\/uploads\/2025\/10\/Adompretur-3.jpg?resize=350%2C200&ssl=1","width":350,"height":200,"srcset":"https:\/\/i0.wp.com\/lasprimeras.com.do\/wp-content\/uploads\/2025\/10\/Adompretur-3.jpg?resize=350%2C200&ssl=1 1x, https:\/\/i0.wp.com\/lasprimeras.com.do\/wp-content\/uploads\/2025\/10\/Adompretur-3.jpg?resize=525%2C300&ssl=1 1.5x, https:\/\/i0.wp.com\/lasprimeras.com.do\/wp-content\/uploads\/2025\/10\/Adompretur-3.jpg?resize=700%2C400&ssl=1 2x"},"classes":[]},{"id":102459,"url":"https:\/\/lasprimeras.com.do\/index.php\/2025\/07\/05\/innovacion-y-conexion-una-propuesta-fresca-y-estrategica-para-adompretur\/","url_meta":{"origin":111870,"position":5},"title":"&#8220;Innovaci\u00f3n y Conexi\u00f3n&#8221; una propuesta fresca y estrat\u00e9gica para ADOMPRETUR","author":"Nelson Feliz","date":"5 de julio de 2025","format":false,"excerpt":"La plancha de Sarah Hern\u00e1ndez apuesta por una instituci\u00f3n m\u00e1s integrada, con visi\u00f3n moderna y un liderazgo que conecte realidades y transforme el gremio. La periodista y abogada Sarah Hern\u00e1ndez oficializ\u00f3 su candidatura a la presidencia de la Asociaci\u00f3n Dominicana de Prensa Tur\u00edstica (ADOMPRETUR) para el per\u00edodo 2025-2027, con una\u2026","rel":"","context":"En \u00abPORTADA\u00bb","block_context":{"text":"PORTADA","link":"https:\/\/lasprimeras.com.do\/index.php\/category\/portada\/"},"img":{"alt_text":"","src":"https:\/\/i0.wp.com\/lasprimeras.com.do\/wp-content\/uploads\/2025\/07\/ADOMPRETUR.jpg?resize=350%2C200&ssl=1","width":350,"height":200,"srcset":"https:\/\/i0.wp.com\/lasprimeras.com.do\/wp-content\/uploads\/2025\/07\/ADOMPRETUR.jpg?resize=350%2C200&ssl=1 1x, https:\/\/i0.wp.com\/lasprimeras.com.do\/wp-content\/uploads\/2025\/07\/ADOMPRETUR.jpg?resize=525%2C300&ssl=1 1.5x, https:\/\/i0.wp.com\/lasprimeras.com.do\/wp-content\/uploads\/2025\/07\/ADOMPRETUR.jpg?resize=700%2C400&ssl=1 2x"},"classes":[]}],"jetpack_sharing_enabled":true,"_links":{"self":[{"href":"https:\/\/lasprimeras.com.do\/index.php\/wp-json\/wp\/v2\/posts\/111870","targetHints":{"allow":["GET"]}}],"collection":[{"href":"https:\/\/lasprimeras.com.do\/index.php\/wp-json\/wp\/v2\/posts"}],"about":[{"href":"https:\/\/lasprimeras.com.do\/index.php\/wp-json\/wp\/v2\/types\/post"}],"author":[{"embeddable":true,"href":"https:\/\/lasprimeras.com.do\/index.php\/wp-json\/wp\/v2\/users\/10"}],"replies":[{"embeddable":true,"href":"https:\/\/lasprimeras.com.do\/index.php\/wp-json\/wp\/v2\/comments?post=111870"}],"version-history":[{"count":1,"href":"https:\/\/lasprimeras.com.do\/index.php\/wp-json\/wp\/v2\/posts\/111870\/revisions"}],"predecessor-version":[{"id":111875,"href":"https:\/\/lasprimeras.com.do\/index.php\/wp-json\/wp\/v2\/posts\/111870\/revisions\/111875"}],"wp:featuredmedia":[{"embeddable":true,"href":"https:\/\/lasprimeras.com.do\/index.php\/wp-json\/wp\/v2\/media\/111871"}],"wp:attachment":[{"href":"https:\/\/lasprimeras.com.do\/index.php\/wp-json\/wp\/v2\/media?parent=111870"}],"wp:term":[{"taxonomy":"category","embeddable":true,"href":"https:\/\/lasprimeras.com.do\/index.php\/wp-json\/wp\/v2\/categories?post=111870"},{"taxonomy":"post_tag","embeddable":true,"href":"https:\/\/lasprimeras.com.do\/index.php\/wp-json\/wp\/v2\/tags?post=111870"}],"curies":[{"name":"wp","href":"https:\/\/api.w.org\/{rel}","templated":true}]}}