{"id":111876,"date":"2025-10-14T13:08:10","date_gmt":"2025-10-14T17:08:10","guid":{"rendered":"https:\/\/lasprimeras.com.do\/?p=111876"},"modified":"2025-10-14T13:08:12","modified_gmt":"2025-10-14T17:08:12","slug":"anpa-pospone-paro-de-labores-tras-intervencion-del-expresidente-hipolito-mejia","status":"publish","type":"post","link":"https:\/\/lasprimeras.com.do\/index.php\/2025\/10\/14\/anpa-pospone-paro-de-labores-tras-intervencion-del-expresidente-hipolito-mejia\/","title":{"rendered":"ANPA pospone paro de labores tras intervenci\u00f3n del expresidente Hip\u00f3lito Mej\u00eda"},"content":{"rendered":"\n<p class=\"wp-block-paragraph\">La Asociaci\u00f3n Nacional de Profesionales Agropecuarios (ANPA) inform\u00f3 hoy que ten\u00eda previsto anunciar un paro nacional de labores por 48 horas en todo el sector agropecuario, sin embargo, el anuncio ha sido pospuesto luego de que el expresidente de la Rep\u00fablica, ingeniero Hip\u00f3lito Mej\u00eda, aceptara la solicitud de la ANPA de servir como mediador ante el presidente Luis Abinader en busca de una soluci\u00f3n definitiva a las demandas del gremio.<\/p>\n\n\n\n<p class=\"wp-block-paragraph\">El presidente de la ANPA, agr\u00f3nomo V\u00edctor Hugo (Tito) Hern\u00e1ndez, explic\u00f3 que esta decisi\u00f3n se tom\u00f3 en un acto de buena fe y confianza en la gesti\u00f3n del expresidente Mej\u00eda, a quien calific\u00f3 como \u201cun aliado cre\u00edble y confiable del gremio, con una trayectoria de respeto hacia los profesionales agropecuarios\u201d.<\/p>\n\n\n\n<p class=\"wp-block-paragraph\">\u201cConfiamos plenamente en la mediaci\u00f3n del expresidente Hip\u00f3lito Mej\u00eda y en la respuesta positiva que estamos seguros dar\u00e1 el presidente Luis Abinader. Nunca hemos puesto en duda su voluntad ni su disposici\u00f3n para atender nuestras justas demandas\u201d, expres\u00f3 Hern\u00e1ndez.<\/p>\n\n\n\n<p class=\"wp-block-paragraph\">La ANPA reiter\u00f3, no obstante, su rechazo en\u00e9rgico a la represi\u00f3n violenta que se produjo durante el paro pac\u00edfico de 24 horas realizado recientemente frente al Ministerio de Agricultura, donde varios de sus miembros fueron agredidos injustamente mientras ejerc\u00edan su derecho constitucional a la protesta.<\/p>\n\n\n\n<p class=\"wp-block-paragraph\">El gremio reafirm\u00f3 que sus reclamos se mantienen firmes y leg\u00edtimos: pensiones dignas para los profesionales agropecuarios, aumento salarial y reposici\u00f3n de los cancelados, entre otras reivindicaciones pendientes.<\/p>\n\n\n\n<p class=\"wp-block-paragraph\">Finalmente, la ANPA llam\u00f3 a toda su militancia y a los profesionales del sector a mantenerse en pie de lucha, en estado de alerta permanente y a la espera de los resultados de esta mediaci\u00f3n, que podr\u00eda abrir un camino de di\u00e1logo y soluci\u00f3n definitiva a las justas demandas del gremio agropecuario.<\/p>\n","protected":false},"excerpt":{"rendered":"<p>La Asociaci\u00f3n Nacional de Profesionales Agropecuarios (ANPA) inform\u00f3 hoy que ten\u00eda previsto anunciar un paro nacional de labores por 48 horas en todo el sector agropecuario, sin embargo, el anuncio&hellip;<\/p>\n","protected":false},"author":10,"featured_media":111877,"comment_status":"open","ping_status":"open","sticky":false,"template":"","format":"standard","meta":{"content-type":"","_jetpack_newsletter_access":"","_jetpack_dont_email_post_to_subs":false,"_jetpack_newsletter_tier_id":0,"_jetpack_memberships_contains_paywalled_content":false,"_jetpack_feature_clip_id":0,"_jetpack_memberships_contains_paid_content":false,"footnotes":"","jetpack_post_was_ever_published":false},"categories":[35],"tags":[6561,4698,1073,164,25963,6528,9961],"class_list":["post-111876","post","type-post","status-publish","format-standard","has-post-thumbnail","hentry","category-nacionales","tag-anpa","tag-expresidente","tag-hipolito-mejia","tag-intervencion","tag-paro-de-labores","tag-pospone","tag-sector-agropecuario"],"jetpack-related-posts":[{"id":103649,"url":"https:\/\/lasprimeras.com.do\/index.php\/2025\/07\/17\/anpa-dedicara-su-9no-congreso-al-expresidente-hipolito-mejia\/","url_meta":{"origin":111876,"position":0},"title":"ANPA dedicar\u00e1 su 9no Congreso al expresidente Hip\u00f3lito Mej\u00eda","author":"Nelson Feliz","date":"17 de julio de 2025","format":false,"excerpt":"La Asamblea Nacional de Dirigentes de la Asociaci\u00f3n Nacional de Profesionales Agropecuarios, dedicar\u00e1n 9no Congreso Nacional de la ANPA al expresidente Rep\u00fablica Hip\u00f3lito Mej\u00eda, en reconocimiento a su trayectoria como fundador del gremio y exministro de Agricultura. El presidente de la ANPA, Tito Hern\u00e1ndez, expres\u00f3 que la vida acrisolada de\u2026","rel":"","context":"En \u00abNACIONALES\u00bb","block_context":{"text":"NACIONALES","link":"https:\/\/lasprimeras.com.do\/index.php\/category\/nacionales\/"},"img":{"alt_text":"Tito Hern\u00e1ndez","src":"https:\/\/i0.wp.com\/lasprimeras.com.do\/wp-content\/uploads\/2025\/07\/Tito-Hernandez.jpg?resize=350%2C200&ssl=1","width":350,"height":200,"srcset":"https:\/\/i0.wp.com\/lasprimeras.com.do\/wp-content\/uploads\/2025\/07\/Tito-Hernandez.jpg?resize=350%2C200&ssl=1 1x, https:\/\/i0.wp.com\/lasprimeras.com.do\/wp-content\/uploads\/2025\/07\/Tito-Hernandez.jpg?resize=525%2C300&ssl=1 1.5x, https:\/\/i0.wp.com\/lasprimeras.com.do\/wp-content\/uploads\/2025\/07\/Tito-Hernandez.jpg?resize=700%2C400&ssl=1 2x"},"classes":[]},{"id":122902,"url":"https:\/\/lasprimeras.com.do\/index.php\/2026\/02\/23\/hipolito-mejia-apoya-las-demandas-de-los-profesionales-agropecuarios\/","url_meta":{"origin":111876,"position":1},"title":"Hip\u00f3lito Mej\u00eda apoya las demandas de los profesionales agropecuarios","author":"Nelson Feliz","date":"23 de febrero de 2026","format":false,"excerpt":"Mej\u00eda se compromete a transmitirlas al presidente Luis Abinader. El expresidente de la Rep\u00fablica, Hip\u00f3lito Mej\u00eda, expres\u00f3 este lunes su respaldo a las demandas de los profesionales agropecuarios dominicanos y se comprometi\u00f3 a transmitirlas personalmente al presidente de la Rep\u00fablica, Luis Abinader. La afirmaci\u00f3n fue realizada por el Pleno Nacional\u2026","rel":"","context":"En \u00abPOLITICA\u00bb","block_context":{"text":"POLITICA","link":"https:\/\/lasprimeras.com.do\/index.php\/category\/politica\/"},"img":{"alt_text":"Tito Hern\u00e1ndez","src":"https:\/\/i0.wp.com\/lasprimeras.com.do\/wp-content\/uploads\/2026\/02\/Tito-Hernandez.jpg?resize=350%2C200&ssl=1","width":350,"height":200,"srcset":"https:\/\/i0.wp.com\/lasprimeras.com.do\/wp-content\/uploads\/2026\/02\/Tito-Hernandez.jpg?resize=350%2C200&ssl=1 1x, https:\/\/i0.wp.com\/lasprimeras.com.do\/wp-content\/uploads\/2026\/02\/Tito-Hernandez.jpg?resize=525%2C300&ssl=1 1.5x, https:\/\/i0.wp.com\/lasprimeras.com.do\/wp-content\/uploads\/2026\/02\/Tito-Hernandez.jpg?resize=700%2C400&ssl=1 2x"},"classes":[]},{"id":106707,"url":"https:\/\/lasprimeras.com.do\/index.php\/2025\/08\/18\/hipolito-mejia-agradece-la-dedicatoria-del-ix-congreso-nacional-de-la-anpa\/","url_meta":{"origin":111876,"position":2},"title":"Hip\u00f3lito Mej\u00eda agradece la dedicatoria del IX Congreso Nacional de la ANPA","author":"Nelson Feliz","date":"18 de agosto de 2025","format":false,"excerpt":"El expresidente de la Rep\u00fablica Dominicana, agr\u00f3nomo Hip\u00f3lito Mej\u00eda, expres\u00f3 su gratitud a la Asociaci\u00f3n Nacional de Profesionales Agropecuarios (ANPA) por dedicarle el IX Congreso Nacional, el cual se realizar\u00e1 los d\u00edas 23, 24 y 25 de septiembre del presente a\u00f1o. Con una mezcla de nostalgia y orgullo, Mej\u00eda expres\u00f3\u2026","rel":"","context":"En \u00abPOLITICA\u00bb","block_context":{"text":"POLITICA","link":"https:\/\/lasprimeras.com.do\/index.php\/category\/politica\/"},"img":{"alt_text":"","src":"https:\/\/i0.wp.com\/lasprimeras.com.do\/wp-content\/uploads\/2025\/08\/Hipolito-Mejia.jpg?resize=350%2C200&ssl=1","width":350,"height":200,"srcset":"https:\/\/i0.wp.com\/lasprimeras.com.do\/wp-content\/uploads\/2025\/08\/Hipolito-Mejia.jpg?resize=350%2C200&ssl=1 1x, https:\/\/i0.wp.com\/lasprimeras.com.do\/wp-content\/uploads\/2025\/08\/Hipolito-Mejia.jpg?resize=525%2C300&ssl=1 1.5x, https:\/\/i0.wp.com\/lasprimeras.com.do\/wp-content\/uploads\/2025\/08\/Hipolito-Mejia.jpg?resize=700%2C400&ssl=1 2x"},"classes":[]},{"id":110511,"url":"https:\/\/lasprimeras.com.do\/index.php\/2025\/09\/29\/anpa-inaugura-este-martes-su-ix-congreso-nacional-hipolito-mejia\/","url_meta":{"origin":111876,"position":3},"title":"ANPA inaugura este martes su IX Congreso Nacional \u201cHip\u00f3lito Mej\u00eda\u201d","author":"Nelson Feliz","date":"29 de septiembre de 2025","format":false,"excerpt":"La Asociaci\u00f3n Nacional de Profesionales Agropecuarios (ANPA) dejar\u00e1 inaugurado este martes su IX Congreso Nacional \u201cHip\u00f3lito Mej\u00eda\u201d, a celebrarse en el Hotel Coopmarena de Juan Dolio, provincia San Pedro de Macor\u00eds, los d\u00edas 30 de septiembre, 1 y 2 de octubre de 2025. Con el lema \u201cEl agr\u00f3nomo como garante\u2026","rel":"","context":"En \u00abNACIONALES\u00bb","block_context":{"text":"NACIONALES","link":"https:\/\/lasprimeras.com.do\/index.php\/category\/nacionales\/"},"img":{"alt_text":"","src":"https:\/\/i0.wp.com\/lasprimeras.com.do\/wp-content\/uploads\/2025\/09\/Hipolito-Mejia-1.jpg?resize=350%2C200&ssl=1","width":350,"height":200,"srcset":"https:\/\/i0.wp.com\/lasprimeras.com.do\/wp-content\/uploads\/2025\/09\/Hipolito-Mejia-1.jpg?resize=350%2C200&ssl=1 1x, https:\/\/i0.wp.com\/lasprimeras.com.do\/wp-content\/uploads\/2025\/09\/Hipolito-Mejia-1.jpg?resize=525%2C300&ssl=1 1.5x, https:\/\/i0.wp.com\/lasprimeras.com.do\/wp-content\/uploads\/2025\/09\/Hipolito-Mejia-1.jpg?resize=700%2C400&ssl=1 2x"},"classes":[]},{"id":111600,"url":"https:\/\/lasprimeras.com.do\/index.php\/2025\/10\/10\/anpa-realiza-paro-nacional-agropecuario-exito-total-en-todo-el-pais\/","url_meta":{"origin":111876,"position":4},"title":"ANPA realiza Paro Nacional Agropecuario: \u00c9xito Total en Todo el Pa\u00eds","author":"Nelson Feliz","date":"10 de octubre de 2025","format":false,"excerpt":"La Asociaci\u00f3n Nacional de Profesionales Agropecuarios (ANPA) inform\u00f3 que el paro nacional de labores por 24 horas, convocado por el gremio, este viernes en todo el sector agropecuario ha sido calificado como un \u00e9xito total, con una paralizaci\u00f3n casi absoluta de las labores en todas las instituciones vinculadas a la\u2026","rel":"","context":"En \u00abNACIONALES\u00bb","block_context":{"text":"NACIONALES","link":"https:\/\/lasprimeras.com.do\/index.php\/category\/nacionales\/"},"img":{"alt_text":"","src":"https:\/\/i0.wp.com\/lasprimeras.com.do\/wp-content\/uploads\/2025\/10\/anpa.jpg?resize=350%2C200&ssl=1","width":350,"height":200,"srcset":"https:\/\/i0.wp.com\/lasprimeras.com.do\/wp-content\/uploads\/2025\/10\/anpa.jpg?resize=350%2C200&ssl=1 1x, https:\/\/i0.wp.com\/lasprimeras.com.do\/wp-content\/uploads\/2025\/10\/anpa.jpg?resize=525%2C300&ssl=1 1.5x, https:\/\/i0.wp.com\/lasprimeras.com.do\/wp-content\/uploads\/2025\/10\/anpa.jpg?resize=700%2C400&ssl=1 2x"},"classes":[]},{"id":111195,"url":"https:\/\/lasprimeras.com.do\/index.php\/2025\/10\/06\/celebran-eucaristia-y-ofrenda-floral-por-el-dia-del-profesional-agropecuario-y-su-55-aniversario\/","url_meta":{"origin":111876,"position":5},"title":"Celebran Eucarist\u00eda y Ofrenda Floral por el d\u00eda del Profesional Agropecuario y su 55 aniversario","author":"Nelson Feliz","date":"6 de octubre de 2025","format":false,"excerpt":"El presidente de la Asociaci\u00f3n Nacional de Profesionales Agropecuarios (ANPA) Agr\u00f3nomo V\u00edctor Hugo Hern\u00e1ndez, asegur\u00f3 que continuar\u00e1 en pie de lucha hasta lograr las reivindicaciones planteadas en su discurso cuando asumi\u00f3 la presidencia del gremio, a favor de los agr\u00f3nomos. Hugo Hern\u00e1ndez, cito, entre las reivindicaciones, pensiones dignas, aumento salarial,\u2026","rel":"","context":"En \u00abNACIONALES\u00bb","block_context":{"text":"NACIONALES","link":"https:\/\/lasprimeras.com.do\/index.php\/category\/nacionales\/"},"img":{"alt_text":"V\u00edctor Hugo Hern\u00e1ndez","src":"https:\/\/i0.wp.com\/lasprimeras.com.do\/wp-content\/uploads\/2025\/10\/Victor-Hugo-Hernandez.jpg?resize=350%2C200&ssl=1","width":350,"height":200,"srcset":"https:\/\/i0.wp.com\/lasprimeras.com.do\/wp-content\/uploads\/2025\/10\/Victor-Hugo-Hernandez.jpg?resize=350%2C200&ssl=1 1x, https:\/\/i0.wp.com\/lasprimeras.com.do\/wp-content\/uploads\/2025\/10\/Victor-Hugo-Hernandez.jpg?resize=525%2C300&ssl=1 1.5x, https:\/\/i0.wp.com\/lasprimeras.com.do\/wp-content\/uploads\/2025\/10\/Victor-Hugo-Hernandez.jpg?resize=700%2C400&ssl=1 2x"},"classes":[]}],"jetpack_sharing_enabled":true,"jetpack_featured_media_url":"https:\/\/lasprimeras.com.do\/wp-content\/uploads\/2025\/10\/Victor-Hugo-Tito-Hernandez.jpg","_links":{"self":[{"href":"https:\/\/lasprimeras.com.do\/index.php\/wp-json\/wp\/v2\/posts\/111876","targetHints":{"allow":["GET"]}}],"collection":[{"href":"https:\/\/lasprimeras.com.do\/index.php\/wp-json\/wp\/v2\/posts"}],"about":[{"href":"https:\/\/lasprimeras.com.do\/index.php\/wp-json\/wp\/v2\/types\/post"}],"author":[{"embeddable":true,"href":"https:\/\/lasprimeras.com.do\/index.php\/wp-json\/wp\/v2\/users\/10"}],"replies":[{"embeddable":true,"href":"https:\/\/lasprimeras.com.do\/index.php\/wp-json\/wp\/v2\/comments?post=111876"}],"version-history":[{"count":1,"href":"https:\/\/lasprimeras.com.do\/index.php\/wp-json\/wp\/v2\/posts\/111876\/revisions"}],"predecessor-version":[{"id":111878,"href":"https:\/\/lasprimeras.com.do\/index.php\/wp-json\/wp\/v2\/posts\/111876\/revisions\/111878"}],"wp:featuredmedia":[{"embeddable":true,"href":"https:\/\/lasprimeras.com.do\/index.php\/wp-json\/wp\/v2\/media\/111877"}],"wp:attachment":[{"href":"https:\/\/lasprimeras.com.do\/index.php\/wp-json\/wp\/v2\/media?parent=111876"}],"wp:term":[{"taxonomy":"category","embeddable":true,"href":"https:\/\/lasprimeras.com.do\/index.php\/wp-json\/wp\/v2\/categories?post=111876"},{"taxonomy":"post_tag","embeddable":true,"href":"https:\/\/lasprimeras.com.do\/index.php\/wp-json\/wp\/v2\/tags?post=111876"}],"curies":[{"name":"wp","href":"https:\/\/api.w.org\/{rel}","templated":true}]}}