{"id":111882,"date":"2025-10-15T07:25:15","date_gmt":"2025-10-15T11:25:15","guid":{"rendered":"https:\/\/lasprimeras.com.do\/?p=111882"},"modified":"2025-10-15T07:38:47","modified_gmt":"2025-10-15T11:38:47","slug":"unet-llama-al-presidente-abinader-a-adoptar-medidas-compensatorias-a-favor-de-los-transportistas-tras-desmonte-del-subsidio-a-los-combustibles","status":"publish","type":"post","link":"https:\/\/lasprimeras.com.do\/index.php\/2025\/10\/15\/unet-llama-al-presidente-abinader-a-adoptar-medidas-compensatorias-a-favor-de-los-transportistas-tras-desmonte-del-subsidio-a-los-combustibles\/","title":{"rendered":"UNET pide compensaci\u00f3n a transportistas por fin de subsidio"},"content":{"rendered":"\n<p>La Uni\u00f3n Nacional de Empresas del Transporte (UNET) plante\u00f3 este martes que al desmontar el subsidio a los combustibles al transporte p\u00fablico de pasajeros, de carga y de turismo, el Gobierno del presidente Luis Abinader debe tomar acciones compensatorias a favor de dicho sector, ya que los costos operacionales del mismo son insostenibles.<\/p>\n\n\n\n<p>El presidente de la UNET, Reynaldo P\u00e9rez S\u00e1nchez (Moreno), consider\u00f3 que no hay forma de evitar que en el transporte p\u00fablico de pasajeros, sector que \u00e9l representa, no se adopten medidas odiosas y que afecten al usuario si no se adoptan decisiones que sirvan de contrapeso al desmonte del subsidio.<\/p>\n\n\n\n<p>P\u00e9rez S\u00e1nchez cit\u00f3 que en varios pa\u00edses se ha desmontado el subsidio a los combustibles, \u201cpero esas acciones han venido acompa\u00f1adas de otras para evitar que el pueblo cargue pesado\u201d.<\/p>\n\n\n\n<p>\u201cPor ejemplo, el gobierno de Ecuador elimin\u00f3 el subsidio al di\u00e9sel, pero inmediatamente anunci\u00f3 compensaciones para transportistas y otros sectores, buscando un ahorro fiscal para reubicar inversi\u00f3n social y productiva\u201d, expres\u00f3 el presidente de la UNET.<\/p>\n\n\n\n<p>La principal demanda de la UNET es que el Estado complete la tarifa del pasaje, tal como lo hace con el transporte p\u00fablico gestionado por la Oficina Metropolitana de Servicios de Autobuses (OMSA), el Metro de Santo Domingo y el Telef\u00e9rico.<\/p>\n\n\n\n<p>Reynaldo P\u00e9rez S\u00e1nchez (Moreno) dijo esperar que en las pr\u00f3ximas horas el presidente Luis Abinader llame a los transportistas a un encuentro para analizar ydiscutir que medidas compensatorias se adoptar\u00e1n al desmontarse el subsidio a los combustibles.<\/p>\n","protected":false},"excerpt":{"rendered":"<p>La Uni\u00f3n Nacional de Empresas del Transporte (UNET) plante\u00f3 este martes que al desmontar el subsidio a los combustibles al transporte p\u00fablico de pasajeros, de carga y de turismo, el&hellip;<\/p>\n","protected":false},"author":10,"featured_media":111883,"comment_status":"open","ping_status":"open","sticky":false,"template":"","format":"standard","meta":{"content-type":"","jetpack_post_was_ever_published":false,"_jetpack_newsletter_access":"","_jetpack_dont_email_post_to_subs":false,"_jetpack_newsletter_tier_id":0,"_jetpack_memberships_contains_paywalled_content":false,"_jetpack_memberships_contains_paid_content":false,"footnotes":""},"categories":[39,25],"tags":[624,25965,67,25966,4634,3998,7399],"class_list":["post-111882","post","type-post","status-publish","format-standard","has-post-thumbnail","hentry","category-economia","category-portada","tag-combustibles","tag-desmonte","tag-luis-abinader","tag-medidas-compensatorias","tag-subsidio","tag-transportistas","tag-unet"],"jetpack_featured_media_url":"https:\/\/lasprimeras.com.do\/wp-content\/uploads\/2025\/10\/Reynaldo-Perez-Sanchez.jpg","jetpack-related-posts":[{"id":113463,"url":"https:\/\/lasprimeras.com.do\/index.php\/2025\/11\/03\/unet-anuncia-aumento-en-tarifas-de-pasajes-y-fletes-si-no-hay-solucion-a-suspension-combustible-compensado\/","url_meta":{"origin":111882,"position":0},"title":"UNET anuncia aumento en tarifas de pasajes y fletes si no hay soluci\u00f3n a suspensi\u00f3n combustible compensado","author":"Nelson Feliz","date":"3 de noviembre de 2025","format":false,"excerpt":"Entidad llama al presidente Luis Abinader a adoptar una salida urgente y evitar que usuarios sean afectados con indeseadas acciones. La Uni\u00f3n Nacional de Empresas del Transporte (UNET) anunci\u00f3 que si a m\u00e1s tardar el martes 4 de noviembre de 2025 el presidente Luis Abinader no ordena solucionar la situaci\u00f3n\u2026","rel":"","context":"En \u00abECONOM\u00cdA\u00bb","block_context":{"text":"ECONOM\u00cdA","link":"https:\/\/lasprimeras.com.do\/index.php\/category\/economia\/"},"img":{"alt_text":"","src":"https:\/\/i0.wp.com\/lasprimeras.com.do\/wp-content\/uploads\/2025\/11\/unet.jpg?resize=350%2C200&ssl=1","width":350,"height":200,"srcset":"https:\/\/i0.wp.com\/lasprimeras.com.do\/wp-content\/uploads\/2025\/11\/unet.jpg?resize=350%2C200&ssl=1 1x, https:\/\/i0.wp.com\/lasprimeras.com.do\/wp-content\/uploads\/2025\/11\/unet.jpg?resize=525%2C300&ssl=1 1.5x, https:\/\/i0.wp.com\/lasprimeras.com.do\/wp-content\/uploads\/2025\/11\/unet.jpg?resize=700%2C400&ssl=1 2x"},"classes":[]},{"id":125789,"url":"https:\/\/lasprimeras.com.do\/index.php\/2026\/03\/26\/transportistas-anuncian-que-mantendran-tarifas-pese-al-alza-de-combustibles-en-respaldo-a-estabilidad-economica\/","url_meta":{"origin":111882,"position":1},"title":"Transportistas anuncian que mantendr\u00e1n tarifas pese al alza de combustibles en respaldo a estabilidad econ\u00f3mica","author":"Nelson Feliz","date":"26 de marzo de 2026","format":false,"excerpt":"Gremios del transporte urbano, interurbano y tur\u00edstico adoptan la medida para proteger a los sectores m\u00e1s vulnerables y acogen llamado del Gobierno ante el escenario internacional y el incremento del petr\u00f3leo. Organizaciones sindicales del sector transporte anunciaron que mantendr\u00e1n sin variaci\u00f3n los precios de los pasajes, a pesar del incremento\u2026","rel":"","context":"En \u00abECONOM\u00cdA\u00bb","block_context":{"text":"ECONOM\u00cdA","link":"https:\/\/lasprimeras.com.do\/index.php\/category\/economia\/"},"img":{"alt_text":"","src":"https:\/\/i0.wp.com\/lasprimeras.com.do\/wp-content\/uploads\/2026\/03\/IMG-20260326-WA0211.jpg?resize=350%2C200&ssl=1","width":350,"height":200,"srcset":"https:\/\/i0.wp.com\/lasprimeras.com.do\/wp-content\/uploads\/2026\/03\/IMG-20260326-WA0211.jpg?resize=350%2C200&ssl=1 1x, https:\/\/i0.wp.com\/lasprimeras.com.do\/wp-content\/uploads\/2026\/03\/IMG-20260326-WA0211.jpg?resize=525%2C300&ssl=1 1.5x, https:\/\/i0.wp.com\/lasprimeras.com.do\/wp-content\/uploads\/2026\/03\/IMG-20260326-WA0211.jpg?resize=700%2C400&ssl=1 2x, https:\/\/i0.wp.com\/lasprimeras.com.do\/wp-content\/uploads\/2026\/03\/IMG-20260326-WA0211.jpg?resize=1050%2C600&ssl=1 3x, https:\/\/i0.wp.com\/lasprimeras.com.do\/wp-content\/uploads\/2026\/03\/IMG-20260326-WA0211.jpg?resize=1400%2C800&ssl=1 4x"},"classes":[]},{"id":114909,"url":"https:\/\/lasprimeras.com.do\/index.php\/2025\/11\/14\/por-dia-nacional-del-chofer-la-unet-solicita-al-presidente-luis-abinader-redefinir-politica-de-transporte\/","url_meta":{"origin":111882,"position":2},"title":"Por &#8220;D\u00eda Nacional del Chofer&#8221; la UNET solicita al presidente Luis Abinader redefinir pol\u00edtica de transporte","author":"Nelson Feliz","date":"14 de noviembre de 2025","format":false,"excerpt":"La Uni\u00f3n Nacional de Empresas del Transporte (UNET) consider\u00f3 que el \"D\u00eda Nacional del Chofer\", que en Rep\u00fablica Dominicana se celebra cada 15 de noviembre, este a\u00f1o encuentra a este sector \"en nebulosas\" sobre todo por la \u201cindefinici\u00f3n\" que se registra en la pol\u00edtica del Gobierno en esa materia. El\u2026","rel":"","context":"En \u00abNACIONALES\u00bb","block_context":{"text":"NACIONALES","link":"https:\/\/lasprimeras.com.do\/index.php\/category\/nacionales\/"},"img":{"alt_text":"Reynaldo P\u00e9rez S\u00e1nchez","src":"https:\/\/i0.wp.com\/lasprimeras.com.do\/wp-content\/uploads\/2025\/06\/Reynaldo-Perez-Sanchez.jpg?resize=350%2C200&ssl=1","width":350,"height":200,"srcset":"https:\/\/i0.wp.com\/lasprimeras.com.do\/wp-content\/uploads\/2025\/06\/Reynaldo-Perez-Sanchez.jpg?resize=350%2C200&ssl=1 1x, https:\/\/i0.wp.com\/lasprimeras.com.do\/wp-content\/uploads\/2025\/06\/Reynaldo-Perez-Sanchez.jpg?resize=525%2C300&ssl=1 1.5x, https:\/\/i0.wp.com\/lasprimeras.com.do\/wp-content\/uploads\/2025\/06\/Reynaldo-Perez-Sanchez.jpg?resize=700%2C400&ssl=1 2x"},"classes":[]},{"id":81549,"url":"https:\/\/lasprimeras.com.do\/index.php\/2024\/04\/22\/choferes-advierten-marcharan-hacia-el-palacio-nacional\/","url_meta":{"origin":111882,"position":3},"title":"Ch\u00f3feres advierten marchar\u00e1n hacia el Palacio Nacional","author":"BIMARY DE JES\u00daS Matos","date":"22 de abril de 2024","format":false,"excerpt":"Santo Domingo.- Los choferes afiliados al Consorcio de Empresarios del Transporte Moderno (COEMTRAM), advirtieron este lunes frente al Instituto Nacional del Transporte (Intrant) que marchar\u00e1n hasta el Palacio Nacional, en busca de respuestas del Gobierno al subsidio del combustible La medida de los transportistas surge tras una semana de haber\u2026","rel":"","context":"En \u00abPORTADA\u00bb","block_context":{"text":"PORTADA","link":"https:\/\/lasprimeras.com.do\/index.php\/category\/portada\/"},"img":{"alt_text":"","src":"https:\/\/i0.wp.com\/lasprimeras.com.do\/wp-content\/uploads\/2024\/04\/IMG-20240422-WA0031.jpg?resize=350%2C200&ssl=1","width":350,"height":200,"srcset":"https:\/\/i0.wp.com\/lasprimeras.com.do\/wp-content\/uploads\/2024\/04\/IMG-20240422-WA0031.jpg?resize=350%2C200&ssl=1 1x, https:\/\/i0.wp.com\/lasprimeras.com.do\/wp-content\/uploads\/2024\/04\/IMG-20240422-WA0031.jpg?resize=525%2C300&ssl=1 1.5x, https:\/\/i0.wp.com\/lasprimeras.com.do\/wp-content\/uploads\/2024\/04\/IMG-20240422-WA0031.jpg?resize=700%2C400&ssl=1 2x, https:\/\/i0.wp.com\/lasprimeras.com.do\/wp-content\/uploads\/2024\/04\/IMG-20240422-WA0031.jpg?resize=1050%2C600&ssl=1 3x"},"classes":[]},{"id":84662,"url":"https:\/\/lasprimeras.com.do\/index.php\/2024\/06\/12\/transportistas-favorecen-modernizacion-y-masificacion-pero-temen-exclusion\/","url_meta":{"origin":111882,"position":4},"title":"Transportistas favorecen modernizaci\u00f3n y masificaci\u00f3n, pero temen exclusi\u00f3n","author":"Nelson Feliz","date":"12 de junio de 2024","format":false,"excerpt":"Asimismo, la UNET, el COEMTRAIN y decenas de entidades denuncian violaci\u00f3n de perfiles e invasi\u00f3n de rutas. Revelan rechazaron licencia por estar \u201cama\u00f1ada\u201d. Por Martin Restituyo Decenas de empresas, asociaciones, cooperativas, sindicatos y otros estamentos legales que prestan servicio como operadores de rutas de transporte en corredores y rutas alimentadoras\u2026","rel":"","context":"En \u00abNACIONALES\u00bb","block_context":{"text":"NACIONALES","link":"https:\/\/lasprimeras.com.do\/index.php\/category\/nacionales\/"},"img":{"alt_text":"UNET","src":"https:\/\/i0.wp.com\/lasprimeras.com.do\/wp-content\/uploads\/2024\/06\/UNET.jpg?resize=350%2C200&ssl=1","width":350,"height":200,"srcset":"https:\/\/i0.wp.com\/lasprimeras.com.do\/wp-content\/uploads\/2024\/06\/UNET.jpg?resize=350%2C200&ssl=1 1x, https:\/\/i0.wp.com\/lasprimeras.com.do\/wp-content\/uploads\/2024\/06\/UNET.jpg?resize=525%2C300&ssl=1 1.5x, https:\/\/i0.wp.com\/lasprimeras.com.do\/wp-content\/uploads\/2024\/06\/UNET.jpg?resize=700%2C400&ssl=1 2x"},"classes":[]},{"id":89842,"url":"https:\/\/lasprimeras.com.do\/index.php\/2024\/10\/06\/unet-respalda-operativos-de-digesett-e-intrant-y-retencion-de-vehiculos-piratas\/","url_meta":{"origin":111882,"position":5},"title":"UNET respalda operativos de DIGESETT e INTRANT y retenci\u00f3n de &#8220;veh\u00edculos piratas&#8221;","author":"Nelson Feliz","date":"6 de octubre de 2024","format":false,"excerpt":"La Uni\u00f3n Nacional de Empresas del Transporte (UNET) respald\u00f3 los operativos puestos en marcha por la Direcci\u00f3n General de Seguridad de Tr\u00e1nsito y Transporte Terrestre (DIGESETT) y el Instituto Nacional de Transporte Terrestre (INTRANT), cuyos agentes e inspectores han retenidos decenas de \"carros y guag\u00fcitas piratas\" que han invadido rutas\u2026","rel":"","context":"En \u00abNACIONALES\u00bb","block_context":{"text":"NACIONALES","link":"https:\/\/lasprimeras.com.do\/index.php\/category\/nacionales\/"},"img":{"alt_text":"Reynaldo P\u00e9rez S\u00e1nchez","src":"https:\/\/i0.wp.com\/lasprimeras.com.do\/wp-content\/uploads\/2024\/10\/Reynaldo-Perez-Sanchez-1.jpg?resize=350%2C200&ssl=1","width":350,"height":200,"srcset":"https:\/\/i0.wp.com\/lasprimeras.com.do\/wp-content\/uploads\/2024\/10\/Reynaldo-Perez-Sanchez-1.jpg?resize=350%2C200&ssl=1 1x, https:\/\/i0.wp.com\/lasprimeras.com.do\/wp-content\/uploads\/2024\/10\/Reynaldo-Perez-Sanchez-1.jpg?resize=525%2C300&ssl=1 1.5x, https:\/\/i0.wp.com\/lasprimeras.com.do\/wp-content\/uploads\/2024\/10\/Reynaldo-Perez-Sanchez-1.jpg?resize=700%2C400&ssl=1 2x"},"classes":[]}],"jetpack_sharing_enabled":true,"_links":{"self":[{"href":"https:\/\/lasprimeras.com.do\/index.php\/wp-json\/wp\/v2\/posts\/111882","targetHints":{"allow":["GET"]}}],"collection":[{"href":"https:\/\/lasprimeras.com.do\/index.php\/wp-json\/wp\/v2\/posts"}],"about":[{"href":"https:\/\/lasprimeras.com.do\/index.php\/wp-json\/wp\/v2\/types\/post"}],"author":[{"embeddable":true,"href":"https:\/\/lasprimeras.com.do\/index.php\/wp-json\/wp\/v2\/users\/10"}],"replies":[{"embeddable":true,"href":"https:\/\/lasprimeras.com.do\/index.php\/wp-json\/wp\/v2\/comments?post=111882"}],"version-history":[{"count":2,"href":"https:\/\/lasprimeras.com.do\/index.php\/wp-json\/wp\/v2\/posts\/111882\/revisions"}],"predecessor-version":[{"id":111885,"href":"https:\/\/lasprimeras.com.do\/index.php\/wp-json\/wp\/v2\/posts\/111882\/revisions\/111885"}],"wp:featuredmedia":[{"embeddable":true,"href":"https:\/\/lasprimeras.com.do\/index.php\/wp-json\/wp\/v2\/media\/111883"}],"wp:attachment":[{"href":"https:\/\/lasprimeras.com.do\/index.php\/wp-json\/wp\/v2\/media?parent=111882"}],"wp:term":[{"taxonomy":"category","embeddable":true,"href":"https:\/\/lasprimeras.com.do\/index.php\/wp-json\/wp\/v2\/categories?post=111882"},{"taxonomy":"post_tag","embeddable":true,"href":"https:\/\/lasprimeras.com.do\/index.php\/wp-json\/wp\/v2\/tags?post=111882"}],"curies":[{"name":"wp","href":"https:\/\/api.w.org\/{rel}","templated":true}]}}