{"id":111916,"date":"2025-10-15T10:07:54","date_gmt":"2025-10-15T14:07:54","guid":{"rendered":"https:\/\/lasprimeras.com.do\/?p=111916"},"modified":"2025-10-15T10:07:56","modified_gmt":"2025-10-15T14:07:56","slug":"raquel-pena-junto-a-acoprovi-reafirma-el-compromiso-del-gobierno-con-el-sector-construccion","status":"publish","type":"post","link":"https:\/\/lasprimeras.com.do\/index.php\/2025\/10\/15\/raquel-pena-junto-a-acoprovi-reafirma-el-compromiso-del-gobierno-con-el-sector-construccion\/","title":{"rendered":"Raquel Pe\u00f1a junto a ACOPROVI reafirma el compromiso del Gobierno con el sector construcci\u00f3n"},"content":{"rendered":"\n<p><strong>La vicepresidenta destac\u00f3 que la colaboraci\u00f3n p\u00fablico-privada es clave para garantizar viviendas dignas, fortalecer el empleo y dinamizar la econom\u00eda nacional.<\/strong><\/p>\n\n\n\n<p>La vicepresidenta de la Rep\u00fablica, Raquel Pe\u00f1a, encabez\u00f3 este martes la 9na Mesa Nacional de la Vivienda, organizada por la Asociaci\u00f3n Dominicana de Constructores y Promotores de la Vivienda (ACOPROVI), un espacio de di\u00e1logo y propuestas para impulsar pol\u00edticas p\u00fablicas que fortalezcan el desarrollo habitacional y la competitividad del sector construcci\u00f3n.<\/p>\n\n\n\n<p>Bajo el lema \u201cUna vivienda para cada familia dominicana: pol\u00edticas y compromisos de todos\u201d, Pe\u00f1a resalt\u00f3 que esta plataforma se ha consolidado como un punto de encuentro donde el conocimiento t\u00e9cnico se traduce en soluciones concretas que mejoran la vida de miles de familias.<\/p>\n\n\n\n<p>\u201cSu liderazgo, su capacidad de convocatoria y su visi\u00f3n de futuro han hecho posible que la industria de la construcci\u00f3n no solo crezca en cifras, sino que se consolide como uno de los pilares m\u00e1s firmes de nuestra econom\u00eda y del bienestar de nuestra gente. Hoy podemos afirmar que el Gobierno del presidente Luis Abinader ha encontrado en el sector construcci\u00f3n un aliado estrat\u00e9gico\u201d, expres\u00f3 la vicepresidenta.<\/p>\n\n\n\n<p>Pe\u00f1a destac\u00f3 que solo en el segundo trimestre de 2025 el sector construcci\u00f3n aport\u00f3 un 12.7 % del valor agregado al PIB, reflejando su peso en la recuperaci\u00f3n y el crecimiento econ\u00f3mico del pa\u00eds. Agreg\u00f3 que, gracias a espacios como este, la alianza p\u00fablico-privada se fortalece como herramienta clave para dise\u00f1ar pol\u00edticas habitacionales modernas y ampliar el acceso a viviendas seguras.<\/p>\n\n\n\n<p>\u201cComo ha dicho el presidente Luis Abinader, los mejores momentos de la construcci\u00f3n est\u00e1n por venir. Esa es la visi\u00f3n que gu\u00eda al Gobierno: m\u00e1s infraestructura y mejor movilidad urbana, con proyectos centrados en el ciudadano\u201d, afirm\u00f3 Pe\u00f1a.<\/p>\n\n\n\n<p>El ministro de Vivienda y Edificaciones, Carlos Bonilla, inform\u00f3 que en este per\u00edodo el Gobierno ha entregado m\u00e1s de 20 mil nuevas viviendas y ha reparado o reconstruido m\u00e1s de 57 mil hogares. \u201cDetr\u00e1s de estos resultados hay planificaci\u00f3n, coordinaci\u00f3n interinstitucional y el trabajo de cientos de profesionales que creen en el pa\u00eds\u201d, se\u00f1al\u00f3.<\/p>\n\n\n\n<p>La presidenta de ACOPROVI, Annerys Mel\u00e9ndez, explic\u00f3 que la agenda de la 9na Mesa Nacional de la Vivienda se estructur\u00f3 en torno a tres l\u00edneas prioritarias: ampliar el acceso a viviendas dignas, mejorar la protecci\u00f3n social de los trabajadores y fortalecer la sostenibilidad del sector.<\/p>\n\n\n\n<p>Mel\u00e9ndez subray\u00f3 que estas acciones buscan modernizar la industria constructora y promover un modelo que combine desarrollo econ\u00f3mico con inclusi\u00f3n social, mediante propuestas como el Bono Tasa, la Hipoteca Asegurada y la agilizaci\u00f3n de tr\u00e1mites a trav\u00e9s de la Tramitaci\u00f3n Express y la Ventanilla \u00danica de Construcci\u00f3n.<\/p>\n\n\n\n<p>Durante el encuentro se presentaron adem\u00e1s iniciativas para integrar a los m\u00e1s de 400,000 trabajadores del sector al sistema de seguridad social, impulsar el Bachillerato T\u00e9cnico en Construcci\u00f3n y crear incentivos al primer empleo.<\/p>\n\n\n\n<p>Al cierre del evento, Raquel Pe\u00f1a afirm\u00f3 que \u201ccada vivienda entregada representa una familia que avanza y una comunidad que se fortalece. La vivienda no es solo un techo, es la base sobre la que se levanta el desarrollo humano y el futuro de la naci\u00f3n\u201d.<\/p>\n","protected":false},"excerpt":{"rendered":"<p>La vicepresidenta destac\u00f3 que la colaboraci\u00f3n p\u00fablico-privada es clave para garantizar viviendas dignas, fortalecer el empleo y dinamizar la econom\u00eda nacional. La vicepresidenta de la Rep\u00fablica, Raquel Pe\u00f1a, encabez\u00f3 este&hellip;<\/p>\n","protected":false},"author":10,"featured_media":111917,"comment_status":"open","ping_status":"open","sticky":false,"template":"","format":"standard","meta":{"content-type":"","jetpack_post_was_ever_published":false,"_jetpack_newsletter_access":"","_jetpack_dont_email_post_to_subs":false,"_jetpack_newsletter_tier_id":0,"_jetpack_memberships_contains_paywalled_content":false,"_jetpack_memberships_contains_paid_content":false,"footnotes":""},"categories":[39],"tags":[920,171,2873,18779],"class_list":["post-111916","post","type-post","status-publish","format-standard","has-post-thumbnail","hentry","category-economia","tag-acoprovi","tag-gobierno","tag-raquel-pena","tag-sector-construccion"],"jetpack_featured_media_url":"https:\/\/lasprimeras.com.do\/wp-content\/uploads\/2025\/10\/acoprovi.jpg","jetpack-related-posts":[{"id":82881,"url":"https:\/\/lasprimeras.com.do\/index.php\/2024\/05\/08\/abel-a-acoprovi-desde-el-gobierno-seremos-los-principales-aliados-del-sector-construccion-video\/","url_meta":{"origin":111916,"position":0},"title":"Abel a ACOPROVI: \u00abDesde el Gobierno seremos los principales aliados del sector construcci\u00f3n\u00bb | Video","author":"Nelson Feliz","date":"8 de mayo de 2024","format":false,"excerpt":"El candidato presidencial del Partido de la Liberaci\u00f3n Dominicana (PLD), Abel Mart\u00ednez, garantiz\u00f3 a los desarrolladores de viviendas en el pa\u00eds que, desde el Gobierno, ser\u00e1 su principal aliado. Durante un encuentro con directivos de la Asociaci\u00f3n Dominicana de Constructores y Promotores de Viviendas (Acoprovi), Abel Mart\u00ednez present\u00f3 las pol\u00edticas\u2026","rel":"","context":"En \u00abPORTADA\u00bb","block_context":{"text":"PORTADA","link":"https:\/\/lasprimeras.com.do\/index.php\/category\/portada\/"},"img":{"alt_text":"Abel Mart\u00ednez","src":"https:\/\/i0.wp.com\/lasprimeras.com.do\/wp-content\/uploads\/2024\/05\/Abel-Martinez-2.jpeg?resize=350%2C200&ssl=1","width":350,"height":200,"srcset":"https:\/\/i0.wp.com\/lasprimeras.com.do\/wp-content\/uploads\/2024\/05\/Abel-Martinez-2.jpeg?resize=350%2C200&ssl=1 1x, https:\/\/i0.wp.com\/lasprimeras.com.do\/wp-content\/uploads\/2024\/05\/Abel-Martinez-2.jpeg?resize=525%2C300&ssl=1 1.5x, https:\/\/i0.wp.com\/lasprimeras.com.do\/wp-content\/uploads\/2024\/05\/Abel-Martinez-2.jpeg?resize=700%2C400&ssl=1 2x, https:\/\/i0.wp.com\/lasprimeras.com.do\/wp-content\/uploads\/2024\/05\/Abel-Martinez-2.jpeg?resize=1050%2C600&ssl=1 3x, https:\/\/i0.wp.com\/lasprimeras.com.do\/wp-content\/uploads\/2024\/05\/Abel-Martinez-2.jpeg?resize=1400%2C800&ssl=1 4x"},"classes":[]},{"id":63512,"url":"https:\/\/lasprimeras.com.do\/index.php\/2023\/10\/12\/acoprovi-declara-a-luis-abinader-como-un-presidente-viviendista\/","url_meta":{"origin":111916,"position":1},"title":"ACOPROVI declara a Luis Abinader como un presidente viviendista","author":"Nelson Feliz","date":"12 de octubre de 2023","format":false,"excerpt":"La presidenta de la Asociaci\u00f3n Dominicana de Constructores y Promotores de Viviendas (ACOPROVI), Annerys Mel\u00e9ndez, declar\u00f3 a Luis Abinader como un presidente viviendista, por propiciar un crecimiento importante al sector. Dijo que el sector que representa tiene un alto impacto en la econom\u00eda al considerar que m\u00e1s del 80 por\u2026","rel":"","context":"En \u00abECONOM\u00cdA\u00bb","block_context":{"text":"ECONOM\u00cdA","link":"https:\/\/lasprimeras.com.do\/index.php\/category\/economia\/"},"img":{"alt_text":"Annerys Mel\u00e9ndez","src":"https:\/\/i0.wp.com\/lasprimeras.com.do\/wp-content\/uploads\/2023\/10\/Annerys-Melendez.jpg?resize=350%2C200&ssl=1","width":350,"height":200,"srcset":"https:\/\/i0.wp.com\/lasprimeras.com.do\/wp-content\/uploads\/2023\/10\/Annerys-Melendez.jpg?resize=350%2C200&ssl=1 1x, https:\/\/i0.wp.com\/lasprimeras.com.do\/wp-content\/uploads\/2023\/10\/Annerys-Melendez.jpg?resize=525%2C300&ssl=1 1.5x, https:\/\/i0.wp.com\/lasprimeras.com.do\/wp-content\/uploads\/2023\/10\/Annerys-Melendez.jpg?resize=700%2C400&ssl=1 2x"},"classes":[]},{"id":123896,"url":"https:\/\/lasprimeras.com.do\/index.php\/2026\/03\/06\/ministro-henriquez-aborda-mejoras-en-permisos-ambientales-ante-acoprovi\/","url_meta":{"origin":111916,"position":2},"title":"Ministro Henr\u00edquez aborda mejoras en permisos ambientales ante ACOPROVI","author":"Nelson Feliz","date":"6 de marzo de 2026","format":false,"excerpt":"Durante el encuentro se habilit\u00f3 una mesa de consulta para la atenci\u00f3n de casos de proyectos en vivo y se promovi\u00f3 el di\u00e1logo con el sector construcci\u00f3n. El ministro de Medio Ambiente, Pa\u00edno Henr\u00edquez, particip\u00f3 del almuerzo empresarial organizado por la Asociaci\u00f3n Dominicana de Constructores y Promotores de Viviendas (ACOPROVI),\u2026","rel":"","context":"En \u00abNACIONALES\u00bb","block_context":{"text":"NACIONALES","link":"https:\/\/lasprimeras.com.do\/index.php\/category\/nacionales\/"},"img":{"alt_text":"Pa\u00edno Henr\u00edquez","src":"https:\/\/i0.wp.com\/lasprimeras.com.do\/wp-content\/uploads\/2026\/03\/Paino-Henriquez-1.jpg?resize=350%2C200&ssl=1","width":350,"height":200,"srcset":"https:\/\/i0.wp.com\/lasprimeras.com.do\/wp-content\/uploads\/2026\/03\/Paino-Henriquez-1.jpg?resize=350%2C200&ssl=1 1x, https:\/\/i0.wp.com\/lasprimeras.com.do\/wp-content\/uploads\/2026\/03\/Paino-Henriquez-1.jpg?resize=525%2C300&ssl=1 1.5x, https:\/\/i0.wp.com\/lasprimeras.com.do\/wp-content\/uploads\/2026\/03\/Paino-Henriquez-1.jpg?resize=700%2C400&ssl=1 2x"},"classes":[]},{"id":84425,"url":"https:\/\/lasprimeras.com.do\/index.php\/2024\/06\/08\/tejada-denuncia-conflicto-entre-medio-ambiente-y-acoprovi-sobre-retraso-permisos-ambientales\/","url_meta":{"origin":111916,"position":3},"title":"Tejada denuncia conflicto entre Medio Ambiente y Acoprovi sobre retraso permisos ambientales","author":"Nelson Feliz","date":"8 de junio de 2024","format":false,"excerpt":"El ex presidente del Colegio Dominicano de Ingenieros, Arquitectos y Agrimensores (CODIA), Ing. Teodoro Tejada declar\u00f3 como \u201cpreocupante y peligroso\u201d el conflicto que se ha generado entre el Ministerio de Medio Ambiente y la Asociaci\u00f3n Dominicana de Constructores y Promotores de Viviendas (Acoprovi), por el retraso en los permisos ambientales\u2026","rel":"","context":"En \u00abNACIONALES\u00bb","block_context":{"text":"NACIONALES","link":"https:\/\/lasprimeras.com.do\/index.php\/category\/nacionales\/"},"img":{"alt_text":"Teodoro Tejada","src":"https:\/\/i0.wp.com\/lasprimeras.com.do\/wp-content\/uploads\/2024\/06\/Teodoro-Tejada.jpg?resize=350%2C200&ssl=1","width":350,"height":200,"srcset":"https:\/\/i0.wp.com\/lasprimeras.com.do\/wp-content\/uploads\/2024\/06\/Teodoro-Tejada.jpg?resize=350%2C200&ssl=1 1x, https:\/\/i0.wp.com\/lasprimeras.com.do\/wp-content\/uploads\/2024\/06\/Teodoro-Tejada.jpg?resize=525%2C300&ssl=1 1.5x, https:\/\/i0.wp.com\/lasprimeras.com.do\/wp-content\/uploads\/2024\/06\/Teodoro-Tejada.jpg?resize=700%2C400&ssl=1 2x, https:\/\/i0.wp.com\/lasprimeras.com.do\/wp-content\/uploads\/2024\/06\/Teodoro-Tejada.jpg?resize=1050%2C600&ssl=1 3x"},"classes":[]},{"id":63506,"url":"https:\/\/lasprimeras.com.do\/index.php\/2023\/10\/12\/abinader-impulsara-un-amplio-programa-de-mecanizacion-para-reducir-contratacion-de-mano-de-obra-extranjera\/","url_meta":{"origin":111916,"position":4},"title":"Abinader impulsar\u00e1 un amplio programa de mecanizaci\u00f3n para reducir contrataci\u00f3n de mano de obra extranjera","author":"Nelson Feliz","date":"12 de octubre de 2023","format":false,"excerpt":"Presidenta de ACOPROVI define a Abinader con un presidente viviendista por el impulso que ha dado a este sector, en su gesti\u00f3n de Gobierno. El presidente Luis Abinader particip\u00f3 en la octava edici\u00f3n de la Mesa de la Vivienda de la Asociaci\u00f3n Dominicana de Constructores y Promotores de Viviendas (ACOPROVI),\u2026","rel":"","context":"En \u00abECONOM\u00cdA\u00bb","block_context":{"text":"ECONOM\u00cdA","link":"https:\/\/lasprimeras.com.do\/index.php\/category\/economia\/"},"img":{"alt_text":"Luis Abinader","src":"https:\/\/i0.wp.com\/lasprimeras.com.do\/wp-content\/uploads\/2023\/10\/Luis-Abinader-10.jpg?resize=350%2C200&ssl=1","width":350,"height":200,"srcset":"https:\/\/i0.wp.com\/lasprimeras.com.do\/wp-content\/uploads\/2023\/10\/Luis-Abinader-10.jpg?resize=350%2C200&ssl=1 1x, https:\/\/i0.wp.com\/lasprimeras.com.do\/wp-content\/uploads\/2023\/10\/Luis-Abinader-10.jpg?resize=525%2C300&ssl=1 1.5x, https:\/\/i0.wp.com\/lasprimeras.com.do\/wp-content\/uploads\/2023\/10\/Luis-Abinader-10.jpg?resize=700%2C400&ssl=1 2x"},"classes":[]},{"id":85354,"url":"https:\/\/lasprimeras.com.do\/index.php\/2024\/06\/28\/acoprovi-denuncia-que-el-cemento-aumento-un-14-en-lo-que-va-de-ano\/","url_meta":{"origin":111916,"position":5},"title":"ACOPROVI denuncia que el cemento aumento un 14 % en lo que va de a\u00f1o","author":"Nelson Feliz","date":"28 de junio de 2024","format":false,"excerpt":"Advierte el incremento de precio cemento amenaza acceso a viviendas a bajo costo; pide a productores ser cautelosos. La presidenta de la Asociaci\u00f3n Dominicana de Constructores y Promotores de la Vivienda (ACOPROVI), Annerys Mel\u00e9ndez se\u00f1al\u00f3 este jueves que en lo que va de a\u00f1o, el precio del cemento ha aumentado\u2026","rel":"","context":"En \u00abECONOM\u00cdA\u00bb","block_context":{"text":"ECONOM\u00cdA","link":"https:\/\/lasprimeras.com.do\/index.php\/category\/economia\/"},"img":{"alt_text":"Annerys Mel\u00e9ndez","src":"https:\/\/i0.wp.com\/lasprimeras.com.do\/wp-content\/uploads\/2024\/06\/Annerys-Melendez.jpg?resize=350%2C200&ssl=1","width":350,"height":200,"srcset":"https:\/\/i0.wp.com\/lasprimeras.com.do\/wp-content\/uploads\/2024\/06\/Annerys-Melendez.jpg?resize=350%2C200&ssl=1 1x, https:\/\/i0.wp.com\/lasprimeras.com.do\/wp-content\/uploads\/2024\/06\/Annerys-Melendez.jpg?resize=525%2C300&ssl=1 1.5x"},"classes":[]}],"jetpack_sharing_enabled":true,"_links":{"self":[{"href":"https:\/\/lasprimeras.com.do\/index.php\/wp-json\/wp\/v2\/posts\/111916","targetHints":{"allow":["GET"]}}],"collection":[{"href":"https:\/\/lasprimeras.com.do\/index.php\/wp-json\/wp\/v2\/posts"}],"about":[{"href":"https:\/\/lasprimeras.com.do\/index.php\/wp-json\/wp\/v2\/types\/post"}],"author":[{"embeddable":true,"href":"https:\/\/lasprimeras.com.do\/index.php\/wp-json\/wp\/v2\/users\/10"}],"replies":[{"embeddable":true,"href":"https:\/\/lasprimeras.com.do\/index.php\/wp-json\/wp\/v2\/comments?post=111916"}],"version-history":[{"count":1,"href":"https:\/\/lasprimeras.com.do\/index.php\/wp-json\/wp\/v2\/posts\/111916\/revisions"}],"predecessor-version":[{"id":111918,"href":"https:\/\/lasprimeras.com.do\/index.php\/wp-json\/wp\/v2\/posts\/111916\/revisions\/111918"}],"wp:featuredmedia":[{"embeddable":true,"href":"https:\/\/lasprimeras.com.do\/index.php\/wp-json\/wp\/v2\/media\/111917"}],"wp:attachment":[{"href":"https:\/\/lasprimeras.com.do\/index.php\/wp-json\/wp\/v2\/media?parent=111916"}],"wp:term":[{"taxonomy":"category","embeddable":true,"href":"https:\/\/lasprimeras.com.do\/index.php\/wp-json\/wp\/v2\/categories?post=111916"},{"taxonomy":"post_tag","embeddable":true,"href":"https:\/\/lasprimeras.com.do\/index.php\/wp-json\/wp\/v2\/tags?post=111916"}],"curies":[{"name":"wp","href":"https:\/\/api.w.org\/{rel}","templated":true}]}}