{"id":111919,"date":"2025-10-15T10:17:43","date_gmt":"2025-10-15T14:17:43","guid":{"rendered":"https:\/\/lasprimeras.com.do\/?p=111919"},"modified":"2025-10-15T10:17:45","modified_gmt":"2025-10-15T14:17:45","slug":"ministro-magin-diaz-desarrolla-amplia-agenda-de-trabajo-en-las-reuniones-anuales-del-banco-mundial-y-el-fmi","status":"publish","type":"post","link":"https:\/\/lasprimeras.com.do\/index.php\/2025\/10\/15\/ministro-magin-diaz-desarrolla-amplia-agenda-de-trabajo-en-las-reuniones-anuales-del-banco-mundial-y-el-fmi\/","title":{"rendered":"Ministro Mag\u00edn D\u00edaz desarrolla amplia agenda de trabajo en las Reuniones Anuales del Banco Mundial y el FMI"},"content":{"rendered":"\n<p><strong>El encuentro macroecon\u00f3mico se celebra desde el 13 de octubre con la participaci\u00f3n de autoridades monetarias y financieras<\/strong><\/p>\n\n\n\n<p>El ministro de Hacienda y Econom\u00eda, Mag\u00edn D\u00edaz, desarrolla esta semana una amplia agenda de trabajo en las Reuniones Anuales 2025 del Grupo Banco Mundial y el Fondo Monetario Internacional (FMI), que iniciaron este lunes en Washington y se extender\u00e1n hasta el pr\u00f3ximo viernes 17.<\/p>\n\n\n\n<p>Estos encuentros re\u00fanen a ministros de finanzas, gobernadores de bancos centrales, ejecutivos del sector empresarial y representantes de la sociedad civil para debatir acerca de los principales desaf\u00edos econ\u00f3micos globales y regionales, como son la estabilidad financiera, la deuda p\u00fablica, el cambio clim\u00e1tico, la erradicaci\u00f3n de la pobreza, la creaci\u00f3n de empleo y el crecimiento inclusivo, entre otros.<\/p>\n\n\n\n<p>En este contexto, el ministro D\u00edaz ha sostenido encuentros con entidades financieras globales, reuniones bilaterales con hom\u00f3logos de otros pa\u00edses de la regi\u00f3n, as\u00ed como una destacada participaci\u00f3n en el panel: \u00bfC\u00f3mo los pa\u00edses alcanzan el grado de inversi\u00f3n? En este comparti\u00f3 escenario con altos ejecutivos del Banco Interamericano de Desarrollo (BID) y los ministros de finanzas de Costa Rica, Panam\u00e1, Guatemala y M\u00e9xico.<\/p>\n\n\n\n<p>El funcionario tambi\u00e9n sostuvo un intercambio de trabajo con Anabel Gonz\u00e1lez, vicepresidenta de Pa\u00edses e integraci\u00f3n del BID, as\u00ed como con Andr\u00e9 Roncaglia, presidente de la constituyente de pa\u00edses del FMI a la cual pertenece la Rep\u00fablica Dominicana, en acompa\u00f1amiento del gobernador del Banco Central de Rep\u00fablica Dominicana, H\u00e9ctor Valdez Albizu.<\/p>\n\n\n\n<p>Las referidas reuniones son consideradas el foro econ\u00f3mico m\u00e1s relevante del a\u00f1o, al servir como espacio para definir pol\u00edticas, estrategias y medidas que fortalezcan la estabilidad, el crecimiento y desarrollo sostenible en el contexto global caracterizado por la volatilidad de las materias primas, las tensiones geopol\u00edticas y el impacto de las pol\u00edticas tarifarias en Am\u00e9rica Latina y el Caribe.<\/p>\n\n\n\n<p>La agenda de trabajo incluye, adem\u00e1s, la sesi\u00f3n plenaria de las Reuniones Anuales y la reuni\u00f3n del Comit\u00e9 Monetario y Financiero Internacional del FMI. D<\/p>\n\n\n\n<p>e igual forma, se prev\u00e9n reuniones bilaterales con los bancos de inversi\u00f3n, como Bank of America, J.P. Morgan, Barclays y Deutsche Bank, entre otros, y las agencias crediticias Fitch Ratings, Moody\u2019s y S&amp;P Global Ratings.<\/p>\n\n\n\n<p>En estos encuentros, junto al ministro D\u00edaz participa la viceministra de Cr\u00e9dito P\u00fablico del Ministerio de Hacienda y Econom\u00eda, Mar\u00eda Jos\u00e9 Mart\u00ednez.<\/p>\n","protected":false},"excerpt":{"rendered":"<p>El encuentro macroecon\u00f3mico se celebra desde el 13 de octubre con la participaci\u00f3n de autoridades monetarias y financieras El ministro de Hacienda y Econom\u00eda, Mag\u00edn D\u00edaz, desarrolla esta semana una&hellip;<\/p>\n","protected":false},"author":10,"featured_media":111920,"comment_status":"open","ping_status":"open","sticky":false,"template":"","format":"standard","meta":{"content-type":"","jetpack_post_was_ever_published":false,"_jetpack_newsletter_access":"","_jetpack_dont_email_post_to_subs":false,"_jetpack_newsletter_tier_id":0,"_jetpack_memberships_contains_paywalled_content":false,"_jetpack_memberships_contains_paid_content":false,"footnotes":""},"categories":[39,25],"tags":[25978,3376,9239,2336,4217,373,4782],"class_list":["post-111919","post","type-post","status-publish","format-standard","has-post-thumbnail","hentry","category-economia","category-portada","tag-agenda-de-trabajo","tag-amplia-2","tag-anuales","tag-banco-mundial","tag-magin-diaz","tag-ministro","tag-reuniones"],"jetpack_featured_media_url":"https:\/\/lasprimeras.com.do\/wp-content\/uploads\/2025\/10\/Anabel-Gonzalez-vicepresidenta-de-Paises-del-BID-y-Magin-Diaz-ministro-de-Hacienda-y-Economia.jpg","jetpack-related-posts":[{"id":128252,"url":"https:\/\/lasprimeras.com.do\/index.php\/2026\/04\/21\/republica-dominicana-se-reune-con-el-bm-fmi-bid-y-bancos-de-inversion-ante-la-crisis-internacional\/","url_meta":{"origin":111919,"position":0},"title":"Rep\u00fablica Dominicana se re\u00fane con el BM, FMI, BID y bancos de inversi\u00f3n ante la crisis internacional","author":"Nelson Feliz","date":"21 de abril de 2026","format":false,"excerpt":"_Ministro de Hacienda y Econom\u00eda, Mag\u00edn D\u00edaz, particip\u00f3 en las Reuniones de Primavera del Banco Mundial y el FMI, donde sostuvo encuentros con el presidente del BID, Ilan Goldfajn, y la directora gerente del FMI, Kristalina Georgieva, entre otros_ En un escenario marcado por el conflicto en el Medio Oriente\u2026","rel":"","context":"En \u00abECONOM\u00cdA\u00bb","block_context":{"text":"ECONOM\u00cdA","link":"https:\/\/lasprimeras.com.do\/index.php\/category\/economia\/"},"img":{"alt_text":"","src":"https:\/\/i0.wp.com\/lasprimeras.com.do\/wp-content\/uploads\/2026\/04\/IMG-20260421-WA0256.jpg?resize=350%2C200&ssl=1","width":350,"height":200,"srcset":"https:\/\/i0.wp.com\/lasprimeras.com.do\/wp-content\/uploads\/2026\/04\/IMG-20260421-WA0256.jpg?resize=350%2C200&ssl=1 1x, https:\/\/i0.wp.com\/lasprimeras.com.do\/wp-content\/uploads\/2026\/04\/IMG-20260421-WA0256.jpg?resize=525%2C300&ssl=1 1.5x, https:\/\/i0.wp.com\/lasprimeras.com.do\/wp-content\/uploads\/2026\/04\/IMG-20260421-WA0256.jpg?resize=700%2C400&ssl=1 2x, https:\/\/i0.wp.com\/lasprimeras.com.do\/wp-content\/uploads\/2026\/04\/IMG-20260421-WA0256.jpg?resize=1050%2C600&ssl=1 3x, https:\/\/i0.wp.com\/lasprimeras.com.do\/wp-content\/uploads\/2026\/04\/IMG-20260421-WA0256.jpg?resize=1400%2C800&ssl=1 4x"},"classes":[]},{"id":66759,"url":"https:\/\/lasprimeras.com.do\/index.php\/2023\/11\/09\/magin-diaz-la-crisis-de-baninter-fue-del-21-del-pib\/","url_meta":{"origin":111919,"position":1},"title":"Mag\u00edn D\u00edaz: La crisis de BANINTER fue del 21% del PIB","author":"Nelson Feliz","date":"9 de noviembre de 2023","format":false,"excerpt":"El ex director de Impuestos Internos Mag\u00edn D\u00edaz, inform\u00f3 que el costo de la crisis bancar\u00eda del 2003 fue del 21 por ciento del Producto Interno Bruto. D\u00edaz, dijo que para esa fecha, la ca\u00edda del Banco Baninter y otras instituciones financiera es equivalente a 80 mil millones de pesos.\u2026","rel":"","context":"En \u00abECONOM\u00cdA\u00bb","block_context":{"text":"ECONOM\u00cdA","link":"https:\/\/lasprimeras.com.do\/index.php\/category\/economia\/"},"img":{"alt_text":"Mag\u00edn D\u00edaz","src":"https:\/\/i0.wp.com\/lasprimeras.com.do\/wp-content\/uploads\/2023\/07\/Magin-Diaz.jpg?resize=350%2C200&ssl=1","width":350,"height":200},"classes":[]},{"id":105004,"url":"https:\/\/lasprimeras.com.do\/index.php\/2025\/07\/29\/ricardo-fondeur-designacion-de-magin-en-hacienda-es-senal-de-que-viene-reforma-fiscal\/","url_meta":{"origin":111919,"position":2},"title":"Ricardo Fondeur: Designaci\u00f3n de Mag\u00edn en Hacienda es se\u00f1al de que viene reforma fiscal","author":"Nelson Feliz","date":"29 de julio de 2025","format":false,"excerpt":"El empresario cuestiona decisi\u00f3n de autoridades monetarias de mantener altas las tasas. El presidente del Consejo de Desarrollo Estrat\u00e9gico de Santiago, Ricardo Fondeur Victoria, cuestion\u00f3 la decisi\u00f3n de las autoridades monetarias de mantener altas las tasas de inter\u00e9s y no dejar que el d\u00f3lar fluct\u00fae acorde al mercado. \u201cLa econom\u00eda\u2026","rel":"","context":"En \u00abECONOM\u00cdA\u00bb","block_context":{"text":"ECONOM\u00cdA","link":"https:\/\/lasprimeras.com.do\/index.php\/category\/economia\/"},"img":{"alt_text":"","src":"https:\/\/i0.wp.com\/lasprimeras.com.do\/wp-content\/uploads\/2025\/07\/Ricardo-Fondeur-Victoria.jpg?resize=350%2C200&ssl=1","width":350,"height":200,"srcset":"https:\/\/i0.wp.com\/lasprimeras.com.do\/wp-content\/uploads\/2025\/07\/Ricardo-Fondeur-Victoria.jpg?resize=350%2C200&ssl=1 1x, https:\/\/i0.wp.com\/lasprimeras.com.do\/wp-content\/uploads\/2025\/07\/Ricardo-Fondeur-Victoria.jpg?resize=525%2C300&ssl=1 1.5x, https:\/\/i0.wp.com\/lasprimeras.com.do\/wp-content\/uploads\/2025\/07\/Ricardo-Fondeur-Victoria.jpg?resize=700%2C400&ssl=1 2x"},"classes":[]},{"id":105890,"url":"https:\/\/lasprimeras.com.do\/index.php\/2025\/08\/08\/magin-diaz-se-reune-con-lideres-empresariales-para-fortalecer-la-confianza-y-el-crecimiento-economico\/","url_meta":{"origin":111919,"position":3},"title":"Mag\u00edn D\u00edaz se re\u00fane con l\u00edderes empresariales para fortalecer la confianza y el crecimiento econ\u00f3mico","author":"Nelson Feliz","date":"8 de agosto de 2025","format":false,"excerpt":"Valoran la apertura y transparencia del ministro de Hacienda y Econom\u00eda. El ministro de Hacienda y Econom\u00eda, Mag\u00edn D\u00edaz, sostuvo este jueves un encuentro con un grupo de destacados l\u00edderes del empresariado nacional, con el objetivo de promover el di\u00e1logo sobre temas fiscales y financieros del Estado. La reuni\u00f3n, celebrada\u2026","rel":"","context":"En \u00abECONOM\u00cdA\u00bb","block_context":{"text":"ECONOM\u00cdA","link":"https:\/\/lasprimeras.com.do\/index.php\/category\/economia\/"},"img":{"alt_text":"","src":"https:\/\/i0.wp.com\/lasprimeras.com.do\/wp-content\/uploads\/2025\/08\/Ministro-Magin-Diaz-sostiene-dialogo-con-lideres-empresariales.jpg?resize=350%2C200&ssl=1","width":350,"height":200,"srcset":"https:\/\/i0.wp.com\/lasprimeras.com.do\/wp-content\/uploads\/2025\/08\/Ministro-Magin-Diaz-sostiene-dialogo-con-lideres-empresariales.jpg?resize=350%2C200&ssl=1 1x, https:\/\/i0.wp.com\/lasprimeras.com.do\/wp-content\/uploads\/2025\/08\/Ministro-Magin-Diaz-sostiene-dialogo-con-lideres-empresariales.jpg?resize=525%2C300&ssl=1 1.5x, https:\/\/i0.wp.com\/lasprimeras.com.do\/wp-content\/uploads\/2025\/08\/Ministro-Magin-Diaz-sostiene-dialogo-con-lideres-empresariales.jpg?resize=700%2C400&ssl=1 2x"},"classes":[]},{"id":105671,"url":"https:\/\/lasprimeras.com.do\/index.php\/2025\/08\/05\/ministro-magin-diaz-reafirma-apertura-al-dialogo-para-fortalecer-economia-nacional\/","url_meta":{"origin":111919,"position":4},"title":"Ministro Mag\u00edn D\u00edaz reafirma apertura al di\u00e1logo para fortalecer econom\u00eda nacional","author":"Nelson Feliz","date":"5 de agosto de 2025","format":false,"excerpt":"Durante un encuentro con el titular de Hacienda y Econom\u00eda, miembros de la ONEC valoraron su experiencia t\u00e9cnica El ministro de Hacienda y Econom\u00eda, Mag\u00edn D\u00edaz, sostuvo un encuentro con directivos de la Organizaci\u00f3n Nacional de Empresas Comerciales (ONEC), reafirmando su compromiso con una gesti\u00f3n abierta y basada en el\u2026","rel":"","context":"En \u00abECONOM\u00cdA\u00bb","block_context":{"text":"ECONOM\u00cdA","link":"https:\/\/lasprimeras.com.do\/index.php\/category\/economia\/"},"img":{"alt_text":"","src":"https:\/\/i0.wp.com\/lasprimeras.com.do\/wp-content\/uploads\/2025\/08\/magin.jpg?resize=350%2C200&ssl=1","width":350,"height":200,"srcset":"https:\/\/i0.wp.com\/lasprimeras.com.do\/wp-content\/uploads\/2025\/08\/magin.jpg?resize=350%2C200&ssl=1 1x, https:\/\/i0.wp.com\/lasprimeras.com.do\/wp-content\/uploads\/2025\/08\/magin.jpg?resize=525%2C300&ssl=1 1.5x, https:\/\/i0.wp.com\/lasprimeras.com.do\/wp-content\/uploads\/2025\/08\/magin.jpg?resize=700%2C400&ssl=1 2x"},"classes":[]},{"id":103413,"url":"https:\/\/lasprimeras.com.do\/index.php\/2025\/07\/15\/magin-j-diaz-es-designado-ministro-de-hacienda-inicio-su-carrera-en-el-servicio-publico-en-el-gobierno-2000-2004\/","url_meta":{"origin":111919,"position":5},"title":"Mag\u00edn J. D\u00edaz es designado Ministro de Hacienda: inici\u00f3 su carrera en el servicio p\u00fablico en el gobierno 2000-2004","author":"Nelson Feliz","date":"15 de julio de 2025","format":false,"excerpt":"D\u00edaz es un tecn\u00f3crata y acad\u00e9mico con una carrera destacada de m\u00e1s de dos d\u00e9cadas en el Estado dominicano El presidente Luis Abinader design\u00f3 mediante el decreto 386-25 al economista y acad\u00e9mico Mag\u00edn J. D\u00edaz como nuevo Ministro de Hacienda, en sustituci\u00f3n de Jos\u00e9 Manuel (Jochy) Vicente, quien present\u00f3 renuncia\u2026","rel":"","context":"En \u00abECONOM\u00cdA\u00bb","block_context":{"text":"ECONOM\u00cdA","link":"https:\/\/lasprimeras.com.do\/index.php\/category\/economia\/"},"img":{"alt_text":"Mag\u00edn J. D\u00edaz","src":"https:\/\/i0.wp.com\/lasprimeras.com.do\/wp-content\/uploads\/2025\/07\/Magin-J.-Diaz.jpg?resize=350%2C200&ssl=1","width":350,"height":200,"srcset":"https:\/\/i0.wp.com\/lasprimeras.com.do\/wp-content\/uploads\/2025\/07\/Magin-J.-Diaz.jpg?resize=350%2C200&ssl=1 1x, https:\/\/i0.wp.com\/lasprimeras.com.do\/wp-content\/uploads\/2025\/07\/Magin-J.-Diaz.jpg?resize=525%2C300&ssl=1 1.5x, https:\/\/i0.wp.com\/lasprimeras.com.do\/wp-content\/uploads\/2025\/07\/Magin-J.-Diaz.jpg?resize=700%2C400&ssl=1 2x"},"classes":[]}],"jetpack_sharing_enabled":true,"_links":{"self":[{"href":"https:\/\/lasprimeras.com.do\/index.php\/wp-json\/wp\/v2\/posts\/111919","targetHints":{"allow":["GET"]}}],"collection":[{"href":"https:\/\/lasprimeras.com.do\/index.php\/wp-json\/wp\/v2\/posts"}],"about":[{"href":"https:\/\/lasprimeras.com.do\/index.php\/wp-json\/wp\/v2\/types\/post"}],"author":[{"embeddable":true,"href":"https:\/\/lasprimeras.com.do\/index.php\/wp-json\/wp\/v2\/users\/10"}],"replies":[{"embeddable":true,"href":"https:\/\/lasprimeras.com.do\/index.php\/wp-json\/wp\/v2\/comments?post=111919"}],"version-history":[{"count":2,"href":"https:\/\/lasprimeras.com.do\/index.php\/wp-json\/wp\/v2\/posts\/111919\/revisions"}],"predecessor-version":[{"id":111922,"href":"https:\/\/lasprimeras.com.do\/index.php\/wp-json\/wp\/v2\/posts\/111919\/revisions\/111922"}],"wp:featuredmedia":[{"embeddable":true,"href":"https:\/\/lasprimeras.com.do\/index.php\/wp-json\/wp\/v2\/media\/111920"}],"wp:attachment":[{"href":"https:\/\/lasprimeras.com.do\/index.php\/wp-json\/wp\/v2\/media?parent=111919"}],"wp:term":[{"taxonomy":"category","embeddable":true,"href":"https:\/\/lasprimeras.com.do\/index.php\/wp-json\/wp\/v2\/categories?post=111919"},{"taxonomy":"post_tag","embeddable":true,"href":"https:\/\/lasprimeras.com.do\/index.php\/wp-json\/wp\/v2\/tags?post=111919"}],"curies":[{"name":"wp","href":"https:\/\/api.w.org\/{rel}","templated":true}]}}